{"id":1106,"date":"2010-09-13T16:32:01","date_gmt":"2010-09-13T14:32:01","guid":{"rendered":"https:\/\/www.lasociedadgeografica.com\/blog\/?p=1106"},"modified":"2012-01-10T10:19:28","modified_gmt":"2012-01-10T09:19:28","slug":"solidaridad-en-india-mobile-creches","status":"publish","type":"post","link":"https:\/\/www.lasociedadgeografica.com\/blog\/actividades\/solidaridad-en-india-mobile-creches\/","title":{"rendered":"Mobile Creches, humanidad con ingenio"},"content":{"rendered":"\n\n<div class=\"kk-star-ratings kksr-auto kksr-align-left kksr-valign-top\"\n    data-payload='{&quot;align&quot;:&quot;left&quot;,&quot;id&quot;:&quot;1106&quot;,&quot;slug&quot;:&quot;default&quot;,&quot;valign&quot;:&quot;top&quot;,&quot;ignore&quot;:&quot;&quot;,&quot;reference&quot;:&quot;auto&quot;,&quot;class&quot;:&quot;&quot;,&quot;count&quot;:&quot;0&quot;,&quot;legendonly&quot;:&quot;&quot;,&quot;readonly&quot;:&quot;&quot;,&quot;score&quot;:&quot;0&quot;,&quot;starsonly&quot;:&quot;&quot;,&quot;best&quot;:&quot;5&quot;,&quot;gap&quot;:&quot;6&quot;,&quot;greet&quot;:&quot;&quot;,&quot;legend&quot;:&quot;0\\\/5 - (0 votos)&quot;,&quot;size&quot;:&quot;22&quot;,&quot;title&quot;:&quot;Mobile Creches, humanidad con ingenio&quot;,&quot;width&quot;:&quot;0&quot;,&quot;_legend&quot;:&quot;{score}\\\/{best} - ({count} {votes})&quot;,&quot;font_factor&quot;:&quot;1.25&quot;}'>\n            \n<div class=\"kksr-stars\">\n    \n<div class=\"kksr-stars-inactive\">\n            <div class=\"kksr-star\" data-star=\"1\" style=\"padding-right: 6px\">\n            \n\n<div class=\"kksr-icon\" style=\"width: 22px; height: 22px;\"><\/div>\n        <\/div>\n            <div class=\"kksr-star\" data-star=\"2\" style=\"padding-right: 6px\">\n            \n\n<div class=\"kksr-icon\" style=\"width: 22px; height: 22px;\"><\/div>\n        <\/div>\n            <div class=\"kksr-star\" data-star=\"3\" style=\"padding-right: 6px\">\n            \n\n<div class=\"kksr-icon\" style=\"width: 22px; height: 22px;\"><\/div>\n        <\/div>\n            <div class=\"kksr-star\" data-star=\"4\" style=\"padding-right: 6px\">\n            \n\n<div class=\"kksr-icon\" style=\"width: 22px; height: 22px;\"><\/div>\n        <\/div>\n            <div class=\"kksr-star\" data-star=\"5\" style=\"padding-right: 6px\">\n            \n\n<div class=\"kksr-icon\" style=\"width: 22px; height: 22px;\"><\/div>\n        <\/div>\n    <\/div>\n    \n<div class=\"kksr-stars-active\" style=\"width: 0px;\">\n            <div class=\"kksr-star\" style=\"padding-right: 6px\">\n            \n\n<div class=\"kksr-icon\" style=\"width: 22px; height: 22px;\"><\/div>\n        <\/div>\n            <div class=\"kksr-star\" style=\"padding-right: 6px\">\n            \n\n<div class=\"kksr-icon\" style=\"width: 22px; height: 22px;\"><\/div>\n        <\/div>\n            <div class=\"kksr-star\" style=\"padding-right: 6px\">\n            \n\n<div class=\"kksr-icon\" style=\"width: 22px; height: 22px;\"><\/div>\n        <\/div>\n            <div class=\"kksr-star\" style=\"padding-right: 6px\">\n            \n\n<div class=\"kksr-icon\" style=\"width: 22px; height: 22px;\"><\/div>\n        <\/div>\n            <div class=\"kksr-star\" style=\"padding-right: 6px\">\n            \n\n<div class=\"kksr-icon\" style=\"width: 22px; height: 22px;\"><\/div>\n        <\/div>\n    <\/div>\n<\/div>\n                \n\n<div class=\"kksr-legend\" style=\"font-size: 17.6px;\">\n            <span class=\"kksr-muted\"><\/span>\n    <\/div>\n    <\/div>\n<p>De todas las clases desfavorecidas\u00a0 <strong>en India, la pobreza y la exclusi\u00f3n se ceba especialmente con los ni\u00f1os, ni\u00f1as y mujeres que realizan trabajos informales<\/strong>. Con la intenci\u00f3n de paliar esos problemas naci\u00f3 <a href=\"http:\/\/www.mobilecreches.org\/\" target=\"_blank\">Mobile Creches<\/a> hace ya 41 a\u00f1os. La idea era responder a las necesidades de un colectivo peculiar a trav\u00e9s de algo sencillo, que resulta muy ingenioso.<\/p>\n<p><img loading=\"lazy\" decoding=\"async\" class=\"aligncenter size-full wp-image-1137\" title=\"Mobile Creeches\" src=\"\/\/www.lasociedadgeografica.com\/blog\/uploads\/2010\/09\/mc.jpg\" alt=\"Mobile Creeches, foto:  Benji Holzman (Flickr)\" width=\"480\" height=\"319\" srcset=\"https:\/\/www.lasociedadgeografica.com\/blog\/uploads\/2010\/09\/mc.jpg 627w, https:\/\/www.lasociedadgeografica.com\/blog\/uploads\/2010\/09\/mc-300x199.jpg 300w\" sizes=\"auto, (max-width: 480px) 100vw, 480px\" \/><\/p>\n<p>Las madres j\u00f3venes que trabajan en los llamados <em>trabajos<\/em> <em>informales, <\/em>normalmente en la construcci\u00f3n de edificios, no pueden llevar a sus hijos al colegio. <strong>En India, es habitual que los obreros contratados para construir un edificio vivan en propio solar del edificio<\/strong>, ya que normalmente proceden de cualquier otra parte del pa\u00eds, y se instalan unas tiendas que ser\u00e1n su hogar durante\u00a0 el a\u00f1o o los dos a\u00f1os que dure la construcci\u00f3n.<br \/>\nAs\u00ed, un edificio grande requerir\u00e1 de una gran cantidad de mano de obra y en el mismo esqueleto del futuro edificio se formar\u00e1 todo un barrio de familias de peones&#8230; con sus hijos.<br \/>\nPosteriormente, cuando el edificio est\u00e9 terminado, se mudar\u00e1n al siguiente que est\u00e9 disponible para construir\u2026 y as\u00ed pasar\u00e1n los a\u00f1os productivos, migrando con toda la familia tras las distintas obras de construcci\u00f3n para las que les contraten.<\/p>\n<p><a title=\"Mobile Creches - Solidaridad en India\" href=\"http:\/\/www.mobilecreches.org\" target=\"_blank\">Mobile Creches<\/a> quiso <strong>solucionar el casi imposible acceso de estos ni\u00f1os y ni\u00f1as al sistema educativo nacional; y al mismo tiempo sus dificultades nutricionales y sanitarias<\/strong>, debido a la falta de revisiones de salud y la falta de oportunidades y el casi nulo acceso a una dieta equilibrada.<br \/>\nDe esa forma, <strong>en el mismo solar donde se levanta el edificio, Mobile Creches instala una escuela <em>port\u00e1til<\/em>, que durar\u00e1 lo que dura la obra<\/strong>. Donde se muden los obreros, al finalizar la obra, se mudar\u00e1 la escuela. As\u00ed de f\u00e1cil, as\u00ed de pr\u00e1ctico.<br \/>\nEn esa escuela los ni\u00f1os van a clase, reciben tres comidas diarias y la visita de un m\u00e9dico, una vez al mes.<\/p>\n<p>Esta ONG provee de salud y futuro actualmente a 11.000 ni\u00f1os y ni\u00f1as cada a\u00f1o en Delhi, principalmente.<a href=\"https:\/\/www.lasociedadgeografica.com\/\" target=\"_blank\"><\/a><\/p>\n<p><a href=\"https:\/\/www.lasociedadgeografica.com\/\" target=\"_blank\">Sociedad Geogr\u00e1fica de las Indias<\/a> colabora\u00a0 con ellos desde hace un m\u00e1s de un a\u00f1o, apoy\u00e1ndoles econ\u00f3micamente y difundiendo su trabajo entre aquellos colectivos interesados (como grupos de profesores, maestros&#8230;) y viajeros individuales que quieren conocer otra faceta de India: la del futuro que se fabrica entre todos.<\/p>\n<p><span style=\"color: #808080;\"><em>&#8212;<br \/>\n<strong>Sobre el autor:<\/strong> <\/em><\/span><a href=\"https:\/\/www.lasociedadgeografica.com\/blog\/author\/pablo\/\"><span style=\"color: #808080;\"><em><strong><img loading=\"lazy\" decoding=\"async\" class=\"alignleft\" style=\"border: 0pt none; margin-right: 5px;\" title=\"Pablo Pascual\" src=\"https:\/\/www.lasociedadgeografica.com\/blog\/wp-content\/authors\/Pablo-12.jpg\" alt=\"Pablo\" width=\"70\" height=\"92\" \/><\/strong><\/em><\/span><\/a><span style=\"color: #808080;\"><em><a href=\"https:\/\/www.lasociedadgeografica.com\/blog\/author\/pablo\/\">Pablo Pascual<\/a> es Director de Sociedad Geogr\u00e1fica de las Indias. Gran conocedor de India, Pablo se obstin\u00f3 en ofrecer lo que a \u00e9l le gustar\u00eda encontrar en el sector de agencias de viajes tradicionales: especialistas por destino con un solo prop\u00f3sito, la calidad. Para m\u00e1s informaci\u00f3n: [<a href=\"https:\/\/www.lasociedadgeografica.com\/blog\/aboutsgi\/\">Qui\u00e9nes somos<\/a>]<br \/>\n<\/em><\/span><\/p>\n","protected":false},"excerpt":{"rendered":"<p>De todas las clases desfavorecidas en India, la pobreza y la exclusi\u00f3n se ceba especialmente con los ni\u00f1os y las mujeres que realizan trabajos informales. Para paliar esos problemas naci\u00f3 &#8216;Mobile Creches&#8217;. \u00bfQuieres conocerla?<\/p>\n","protected":false},"author":7,"featured_media":0,"comment_status":"open","ping_status":"open","sticky":false,"template":"","format":"standard","meta":{"footnotes":""},"categories":[3,1099,108],"tags":[145,274,273,110,559],"class_list":["post-1106","post","type-post","status-publish","format-standard","hentry","category-actividades","category-destinos","category-solidaridad","tag-delhi","tag-infancia","tag-mobile-creches","tag-ong","tag-pablo-pascual"],"yoast_head":"<!-- This site is optimized with the Yoast SEO plugin v27.4 - https:\/\/yoast.com\/product\/yoast-seo-wordpress\/ -->\n<title>Mobile Creches, humanidad con ingenio<\/title>\n<meta name=\"robots\" content=\"index, follow, max-snippet:-1, max-image-preview:large, max-video-preview:-1\" \/>\n<link rel=\"canonical\" href=\"https:\/\/www.lasociedadgeografica.com\/blog\/actividades\/solidaridad-en-india-mobile-creches\/\" \/>\n<meta property=\"og:locale\" content=\"es_ES\" \/>\n<meta property=\"og:type\" content=\"article\" \/>\n<meta property=\"og:title\" content=\"Mobile Creches, humanidad con ingenio\" \/>\n<meta property=\"og:description\" content=\"De todas las clases desfavorecidas en India, la pobreza y la exclusi\u00f3n se ceba especialmente con los ni\u00f1os y las mujeres que realizan trabajos informales. Para paliar esos problemas naci\u00f3 &#039;Mobile Creches&#039;. \u00bfQuieres conocerla?\" \/>\n<meta property=\"og:url\" content=\"https:\/\/www.lasociedadgeografica.com\/blog\/actividades\/solidaridad-en-india-mobile-creches\/\" \/>\n<meta property=\"og:site_name\" content=\"Blog de viajes a India\" \/>\n<meta property=\"article:published_time\" content=\"2010-09-13T14:32:01+00:00\" \/>\n<meta property=\"article:modified_time\" content=\"2012-01-10T09:19:28+00:00\" \/>\n<meta property=\"og:image\" content=\"\/\/www.lasociedadgeografica.com\/blog\/uploads\/2010\/09\/mc.jpg\" \/>\n<meta name=\"author\" content=\"Pablo Pascual\" \/>\n<meta name=\"twitter:label1\" content=\"Escrito por\" \/>\n\t<meta name=\"twitter:data1\" content=\"Pablo Pascual\" \/>\n\t<meta name=\"twitter:label2\" content=\"Tiempo de lectura\" \/>\n\t<meta name=\"twitter:data2\" content=\"2 minutos\" \/>\n<script type=\"application\/ld+json\" class=\"yoast-schema-graph\">{\"@context\":\"https:\\\/\\\/schema.org\",\"@graph\":[{\"@type\":\"Article\",\"@id\":\"https:\\\/\\\/www.lasociedadgeografica.com\\\/blog\\\/actividades\\\/solidaridad-en-india-mobile-creches\\\/#article\",\"isPartOf\":{\"@id\":\"https:\\\/\\\/www.lasociedadgeografica.com\\\/blog\\\/actividades\\\/solidaridad-en-india-mobile-creches\\\/\"},\"author\":{\"name\":\"Pablo Pascual\",\"@id\":\"https:\\\/\\\/www.lasociedadgeografica.com\\\/blog\\\/#\\\/schema\\\/person\\\/be753b67357545cd3cb2a09b5c6f761c\"},\"headline\":\"Mobile Creches, humanidad con ingenio\",\"datePublished\":\"2010-09-13T14:32:01+00:00\",\"dateModified\":\"2012-01-10T09:19:28+00:00\",\"mainEntityOfPage\":{\"@id\":\"https:\\\/\\\/www.lasociedadgeografica.com\\\/blog\\\/actividades\\\/solidaridad-en-india-mobile-creches\\\/\"},\"wordCount\":474,\"commentCount\":3,\"image\":{\"@id\":\"https:\\\/\\\/www.lasociedadgeografica.com\\\/blog\\\/actividades\\\/solidaridad-en-india-mobile-creches\\\/#primaryimage\"},\"thumbnailUrl\":\"https:\\\/\\\/www.lasociedadgeografica.com\\\/blog\\\/wp-content\\\/authors\\\/Pablo-12.jpg\",\"keywords\":[\"delhi\",\"infancia\",\"mobile creches\",\"ong\",\"Pablo Pascual\"],\"articleSection\":[\"Actividades SGI\",\"Destinos\",\"Solidaridad\"],\"inLanguage\":\"es\",\"potentialAction\":[{\"@type\":\"CommentAction\",\"name\":\"Comment\",\"target\":[\"https:\\\/\\\/www.lasociedadgeografica.com\\\/blog\\\/actividades\\\/solidaridad-en-india-mobile-creches\\\/#respond\"]}]},{\"@type\":\"WebPage\",\"@id\":\"https:\\\/\\\/www.lasociedadgeografica.com\\\/blog\\\/actividades\\\/solidaridad-en-india-mobile-creches\\\/\",\"url\":\"https:\\\/\\\/www.lasociedadgeografica.com\\\/blog\\\/actividades\\\/solidaridad-en-india-mobile-creches\\\/\",\"name\":\"Mobile Creches, humanidad con ingenio\",\"isPartOf\":{\"@id\":\"https:\\\/\\\/www.lasociedadgeografica.com\\\/blog\\\/#website\"},\"primaryImageOfPage\":{\"@id\":\"https:\\\/\\\/www.lasociedadgeografica.com\\\/blog\\\/actividades\\\/solidaridad-en-india-mobile-creches\\\/#primaryimage\"},\"image\":{\"@id\":\"https:\\\/\\\/www.lasociedadgeografica.com\\\/blog\\\/actividades\\\/solidaridad-en-india-mobile-creches\\\/#primaryimage\"},\"thumbnailUrl\":\"https:\\\/\\\/www.lasociedadgeografica.com\\\/blog\\\/wp-content\\\/authors\\\/Pablo-12.jpg\",\"datePublished\":\"2010-09-13T14:32:01+00:00\",\"dateModified\":\"2012-01-10T09:19:28+00:00\",\"author\":{\"@id\":\"https:\\\/\\\/www.lasociedadgeografica.com\\\/blog\\\/#\\\/schema\\\/person\\\/be753b67357545cd3cb2a09b5c6f761c\"},\"breadcrumb\":{\"@id\":\"https:\\\/\\\/www.lasociedadgeografica.com\\\/blog\\\/actividades\\\/solidaridad-en-india-mobile-creches\\\/#breadcrumb\"},\"inLanguage\":\"es\",\"potentialAction\":[{\"@type\":\"ReadAction\",\"target\":[\"https:\\\/\\\/www.lasociedadgeografica.com\\\/blog\\\/actividades\\\/solidaridad-en-india-mobile-creches\\\/\"]}]},{\"@type\":\"ImageObject\",\"inLanguage\":\"es\",\"@id\":\"https:\\\/\\\/www.lasociedadgeografica.com\\\/blog\\\/actividades\\\/solidaridad-en-india-mobile-creches\\\/#primaryimage\",\"url\":\"https:\\\/\\\/www.lasociedadgeografica.com\\\/blog\\\/wp-content\\\/authors\\\/Pablo-12.jpg\",\"contentUrl\":\"https:\\\/\\\/www.lasociedadgeografica.com\\\/blog\\\/wp-content\\\/authors\\\/Pablo-12.jpg\"},{\"@type\":\"BreadcrumbList\",\"@id\":\"https:\\\/\\\/www.lasociedadgeografica.com\\\/blog\\\/actividades\\\/solidaridad-en-india-mobile-creches\\\/#breadcrumb\",\"itemListElement\":[{\"@type\":\"ListItem\",\"position\":1,\"name\":\"Portada\",\"item\":\"https:\\\/\\\/www.lasociedadgeografica.com\\\/blog\\\/\"},{\"@type\":\"ListItem\",\"position\":2,\"name\":\"Mobile Creches, humanidad con ingenio\"}]},{\"@type\":\"WebSite\",\"@id\":\"https:\\\/\\\/www.lasociedadgeografica.com\\\/blog\\\/#website\",\"url\":\"https:\\\/\\\/www.lasociedadgeografica.com\\\/blog\\\/\",\"name\":\"Blog de viajes a India\",\"description\":\"Un lugar para Conocer India, con may\u00fasculas. El Blog de Sociedad Geogr\u00e1fica de las Indias.\",\"potentialAction\":[{\"@type\":\"SearchAction\",\"target\":{\"@type\":\"EntryPoint\",\"urlTemplate\":\"https:\\\/\\\/www.lasociedadgeografica.com\\\/blog\\\/?s={search_term_string}\"},\"query-input\":{\"@type\":\"PropertyValueSpecification\",\"valueRequired\":true,\"valueName\":\"search_term_string\"}}],\"inLanguage\":\"es\"},{\"@type\":\"Person\",\"@id\":\"https:\\\/\\\/www.lasociedadgeografica.com\\\/blog\\\/#\\\/schema\\\/person\\\/be753b67357545cd3cb2a09b5c6f761c\",\"name\":\"Pablo Pascual\",\"image\":{\"@type\":\"ImageObject\",\"inLanguage\":\"es\",\"@id\":\"https:\\\/\\\/secure.gravatar.com\\\/avatar\\\/2ecca6daa354c5a67488ff5753ce287a929de632ec99c6b3591aeca7456e6600?s=96&r=g\",\"url\":\"https:\\\/\\\/secure.gravatar.com\\\/avatar\\\/2ecca6daa354c5a67488ff5753ce287a929de632ec99c6b3591aeca7456e6600?s=96&r=g\",\"contentUrl\":\"https:\\\/\\\/secure.gravatar.com\\\/avatar\\\/2ecca6daa354c5a67488ff5753ce287a929de632ec99c6b3591aeca7456e6600?s=96&r=g\",\"caption\":\"Pablo Pascual\"},\"description\":\"La fe mueve monta\u00f1as\u2026y crea empresas. Tras una intensa experiencia en direcci\u00f3n de empresas, Pablo se obstin\u00f3 en ofrecer lo que a \u00e9l le gustar\u00eda encontrar en el sector de agencias de viajes tradicionales: especialistas por destino con un solo prop\u00f3sito, la calidad. Amante de la vida y los amigos, trabaja convencido de que cada persona, cada cliente, merece lo mejor. Supervisa cada detalle y gestiona el equipo de profesionales que forman Sociedad Geogr\u00e1fica de las Indias, su orgullo.\",\"url\":\"https:\\\/\\\/www.lasociedadgeografica.com\\\/blog\\\/author\\\/pablo\\\/\"}]}<\/script>\n<!-- \/ Yoast SEO plugin. -->","yoast_head_json":{"title":"Mobile Creches, humanidad con ingenio","robots":{"index":"index","follow":"follow","max-snippet":"max-snippet:-1","max-image-preview":"max-image-preview:large","max-video-preview":"max-video-preview:-1"},"canonical":"https:\/\/www.lasociedadgeografica.com\/blog\/actividades\/solidaridad-en-india-mobile-creches\/","og_locale":"es_ES","og_type":"article","og_title":"Mobile Creches, humanidad con ingenio","og_description":"De todas las clases desfavorecidas en India, la pobreza y la exclusi\u00f3n se ceba especialmente con los ni\u00f1os y las mujeres que realizan trabajos informales. Para paliar esos problemas naci\u00f3 'Mobile Creches'. \u00bfQuieres conocerla?","og_url":"https:\/\/www.lasociedadgeografica.com\/blog\/actividades\/solidaridad-en-india-mobile-creches\/","og_site_name":"Blog de viajes a India","article_published_time":"2010-09-13T14:32:01+00:00","article_modified_time":"2012-01-10T09:19:28+00:00","og_image":[{"url":"\/\/www.lasociedadgeografica.com\/blog\/uploads\/2010\/09\/mc.jpg","type":"","width":"","height":""}],"author":"Pablo Pascual","twitter_misc":{"Escrito por":"Pablo Pascual","Tiempo de lectura":"2 minutos"},"schema":{"@context":"https:\/\/schema.org","@graph":[{"@type":"Article","@id":"https:\/\/www.lasociedadgeografica.com\/blog\/actividades\/solidaridad-en-india-mobile-creches\/#article","isPartOf":{"@id":"https:\/\/www.lasociedadgeografica.com\/blog\/actividades\/solidaridad-en-india-mobile-creches\/"},"author":{"name":"Pablo Pascual","@id":"https:\/\/www.lasociedadgeografica.com\/blog\/#\/schema\/person\/be753b67357545cd3cb2a09b5c6f761c"},"headline":"Mobile Creches, humanidad con ingenio","datePublished":"2010-09-13T14:32:01+00:00","dateModified":"2012-01-10T09:19:28+00:00","mainEntityOfPage":{"@id":"https:\/\/www.lasociedadgeografica.com\/blog\/actividades\/solidaridad-en-india-mobile-creches\/"},"wordCount":474,"commentCount":3,"image":{"@id":"https:\/\/www.lasociedadgeografica.com\/blog\/actividades\/solidaridad-en-india-mobile-creches\/#primaryimage"},"thumbnailUrl":"https:\/\/www.lasociedadgeografica.com\/blog\/wp-content\/authors\/Pablo-12.jpg","keywords":["delhi","infancia","mobile creches","ong","Pablo Pascual"],"articleSection":["Actividades SGI","Destinos","Solidaridad"],"inLanguage":"es","potentialAction":[{"@type":"CommentAction","name":"Comment","target":["https:\/\/www.lasociedadgeografica.com\/blog\/actividades\/solidaridad-en-india-mobile-creches\/#respond"]}]},{"@type":"WebPage","@id":"https:\/\/www.lasociedadgeografica.com\/blog\/actividades\/solidaridad-en-india-mobile-creches\/","url":"https:\/\/www.lasociedadgeografica.com\/blog\/actividades\/solidaridad-en-india-mobile-creches\/","name":"Mobile Creches, humanidad con ingenio","isPartOf":{"@id":"https:\/\/www.lasociedadgeografica.com\/blog\/#website"},"primaryImageOfPage":{"@id":"https:\/\/www.lasociedadgeografica.com\/blog\/actividades\/solidaridad-en-india-mobile-creches\/#primaryimage"},"image":{"@id":"https:\/\/www.lasociedadgeografica.com\/blog\/actividades\/solidaridad-en-india-mobile-creches\/#primaryimage"},"thumbnailUrl":"https:\/\/www.lasociedadgeografica.com\/blog\/wp-content\/authors\/Pablo-12.jpg","datePublished":"2010-09-13T14:32:01+00:00","dateModified":"2012-01-10T09:19:28+00:00","author":{"@id":"https:\/\/www.lasociedadgeografica.com\/blog\/#\/schema\/person\/be753b67357545cd3cb2a09b5c6f761c"},"breadcrumb":{"@id":"https:\/\/www.lasociedadgeografica.com\/blog\/actividades\/solidaridad-en-india-mobile-creches\/#breadcrumb"},"inLanguage":"es","potentialAction":[{"@type":"ReadAction","target":["https:\/\/www.lasociedadgeografica.com\/blog\/actividades\/solidaridad-en-india-mobile-creches\/"]}]},{"@type":"ImageObject","inLanguage":"es","@id":"https:\/\/www.lasociedadgeografica.com\/blog\/actividades\/solidaridad-en-india-mobile-creches\/#primaryimage","url":"https:\/\/www.lasociedadgeografica.com\/blog\/wp-content\/authors\/Pablo-12.jpg","contentUrl":"https:\/\/www.lasociedadgeografica.com\/blog\/wp-content\/authors\/Pablo-12.jpg"},{"@type":"BreadcrumbList","@id":"https:\/\/www.lasociedadgeografica.com\/blog\/actividades\/solidaridad-en-india-mobile-creches\/#breadcrumb","itemListElement":[{"@type":"ListItem","position":1,"name":"Portada","item":"https:\/\/www.lasociedadgeografica.com\/blog\/"},{"@type":"ListItem","position":2,"name":"Mobile Creches, humanidad con ingenio"}]},{"@type":"WebSite","@id":"https:\/\/www.lasociedadgeografica.com\/blog\/#website","url":"https:\/\/www.lasociedadgeografica.com\/blog\/","name":"Blog de viajes a India","description":"Un lugar para Conocer India, con may\u00fasculas. El Blog de Sociedad Geogr\u00e1fica de las Indias.","potentialAction":[{"@type":"SearchAction","target":{"@type":"EntryPoint","urlTemplate":"https:\/\/www.lasociedadgeografica.com\/blog\/?s={search_term_string}"},"query-input":{"@type":"PropertyValueSpecification","valueRequired":true,"valueName":"search_term_string"}}],"inLanguage":"es"},{"@type":"Person","@id":"https:\/\/www.lasociedadgeografica.com\/blog\/#\/schema\/person\/be753b67357545cd3cb2a09b5c6f761c","name":"Pablo Pascual","image":{"@type":"ImageObject","inLanguage":"es","@id":"https:\/\/secure.gravatar.com\/avatar\/2ecca6daa354c5a67488ff5753ce287a929de632ec99c6b3591aeca7456e6600?s=96&r=g","url":"https:\/\/secure.gravatar.com\/avatar\/2ecca6daa354c5a67488ff5753ce287a929de632ec99c6b3591aeca7456e6600?s=96&r=g","contentUrl":"https:\/\/secure.gravatar.com\/avatar\/2ecca6daa354c5a67488ff5753ce287a929de632ec99c6b3591aeca7456e6600?s=96&r=g","caption":"Pablo Pascual"},"description":"La fe mueve monta\u00f1as\u2026y crea empresas. Tras una intensa experiencia en direcci\u00f3n de empresas, Pablo se obstin\u00f3 en ofrecer lo que a \u00e9l le gustar\u00eda encontrar en el sector de agencias de viajes tradicionales: especialistas por destino con un solo prop\u00f3sito, la calidad. Amante de la vida y los amigos, trabaja convencido de que cada persona, cada cliente, merece lo mejor. Supervisa cada detalle y gestiona el equipo de profesionales que forman Sociedad Geogr\u00e1fica de las Indias, su orgullo.","url":"https:\/\/www.lasociedadgeografica.com\/blog\/author\/pablo\/"}]}},"_links":{"self":[{"href":"https:\/\/www.lasociedadgeografica.com\/blog\/wp-json\/wp\/v2\/posts\/1106","targetHints":{"allow":["GET"]}}],"collection":[{"href":"https:\/\/www.lasociedadgeografica.com\/blog\/wp-json\/wp\/v2\/posts"}],"about":[{"href":"https:\/\/www.lasociedadgeografica.com\/blog\/wp-json\/wp\/v2\/types\/post"}],"author":[{"embeddable":true,"href":"https:\/\/www.lasociedadgeografica.com\/blog\/wp-json\/wp\/v2\/users\/7"}],"replies":[{"embeddable":true,"href":"https:\/\/www.lasociedadgeografica.com\/blog\/wp-json\/wp\/v2\/comments?post=1106"}],"version-history":[{"count":15,"href":"https:\/\/www.lasociedadgeografica.com\/blog\/wp-json\/wp\/v2\/posts\/1106\/revisions"}],"predecessor-version":[{"id":3765,"href":"https:\/\/www.lasociedadgeografica.com\/blog\/wp-json\/wp\/v2\/posts\/1106\/revisions\/3765"}],"wp:attachment":[{"href":"https:\/\/www.lasociedadgeografica.com\/blog\/wp-json\/wp\/v2\/media?parent=1106"}],"wp:term":[{"taxonomy":"category","embeddable":true,"href":"https:\/\/www.lasociedadgeografica.com\/blog\/wp-json\/wp\/v2\/categories?post=1106"},{"taxonomy":"post_tag","embeddable":true,"href":"https:\/\/www.lasociedadgeografica.com\/blog\/wp-json\/wp\/v2\/tags?post=1106"}],"curies":[{"name":"wp","href":"https:\/\/api.w.org\/{rel}","templated":true}]}}