{"id":11451,"date":"2016-03-28T09:00:13","date_gmt":"2016-03-28T07:00:13","guid":{"rendered":"https:\/\/www.lasociedadgeografica.com\/blog\/?p=11451"},"modified":"2016-03-30T10:29:47","modified_gmt":"2016-03-30T08:29:47","slug":"jon-favreau-el-director-de-la-nueva-el-libro-de-la-selva","status":"publish","type":"post","link":"https:\/\/www.lasociedadgeografica.com\/blog\/cultura\/jon-favreau-el-director-de-la-nueva-el-libro-de-la-selva\/","title":{"rendered":"Jon Favreau, el director de la nueva El Libro de la Selva"},"content":{"rendered":"\n\n<div class=\"kk-star-ratings kksr-auto kksr-align-left kksr-valign-top\"\n    data-payload='{&quot;align&quot;:&quot;left&quot;,&quot;id&quot;:&quot;11451&quot;,&quot;slug&quot;:&quot;default&quot;,&quot;valign&quot;:&quot;top&quot;,&quot;ignore&quot;:&quot;&quot;,&quot;reference&quot;:&quot;auto&quot;,&quot;class&quot;:&quot;&quot;,&quot;count&quot;:&quot;0&quot;,&quot;legendonly&quot;:&quot;&quot;,&quot;readonly&quot;:&quot;&quot;,&quot;score&quot;:&quot;0&quot;,&quot;starsonly&quot;:&quot;&quot;,&quot;best&quot;:&quot;5&quot;,&quot;gap&quot;:&quot;6&quot;,&quot;greet&quot;:&quot;&quot;,&quot;legend&quot;:&quot;0\\\/5 - (0 votos)&quot;,&quot;size&quot;:&quot;22&quot;,&quot;title&quot;:&quot;Jon Favreau, el director de la nueva El Libro de la Selva&quot;,&quot;width&quot;:&quot;0&quot;,&quot;_legend&quot;:&quot;{score}\\\/{best} - ({count} {votes})&quot;,&quot;font_factor&quot;:&quot;1.25&quot;}'>\n            \n<div class=\"kksr-stars\">\n    \n<div class=\"kksr-stars-inactive\">\n            <div class=\"kksr-star\" data-star=\"1\" style=\"padding-right: 6px\">\n            \n\n<div class=\"kksr-icon\" style=\"width: 22px; height: 22px;\"><\/div>\n        <\/div>\n            <div class=\"kksr-star\" data-star=\"2\" style=\"padding-right: 6px\">\n            \n\n<div class=\"kksr-icon\" style=\"width: 22px; height: 22px;\"><\/div>\n        <\/div>\n            <div class=\"kksr-star\" data-star=\"3\" style=\"padding-right: 6px\">\n            \n\n<div class=\"kksr-icon\" style=\"width: 22px; height: 22px;\"><\/div>\n        <\/div>\n            <div class=\"kksr-star\" data-star=\"4\" style=\"padding-right: 6px\">\n            \n\n<div class=\"kksr-icon\" style=\"width: 22px; height: 22px;\"><\/div>\n        <\/div>\n            <div class=\"kksr-star\" data-star=\"5\" style=\"padding-right: 6px\">\n            \n\n<div class=\"kksr-icon\" style=\"width: 22px; height: 22px;\"><\/div>\n        <\/div>\n    <\/div>\n    \n<div class=\"kksr-stars-active\" style=\"width: 0px;\">\n            <div class=\"kksr-star\" style=\"padding-right: 6px\">\n            \n\n<div class=\"kksr-icon\" style=\"width: 22px; height: 22px;\"><\/div>\n        <\/div>\n            <div class=\"kksr-star\" style=\"padding-right: 6px\">\n            \n\n<div class=\"kksr-icon\" style=\"width: 22px; height: 22px;\"><\/div>\n        <\/div>\n            <div class=\"kksr-star\" style=\"padding-right: 6px\">\n            \n\n<div class=\"kksr-icon\" style=\"width: 22px; height: 22px;\"><\/div>\n        <\/div>\n            <div class=\"kksr-star\" style=\"padding-right: 6px\">\n            \n\n<div class=\"kksr-icon\" style=\"width: 22px; height: 22px;\"><\/div>\n        <\/div>\n            <div class=\"kksr-star\" style=\"padding-right: 6px\">\n            \n\n<div class=\"kksr-icon\" style=\"width: 22px; height: 22px;\"><\/div>\n        <\/div>\n    <\/div>\n<\/div>\n                \n\n<div class=\"kksr-legend\" style=\"font-size: 17.6px;\">\n            <span class=\"kksr-muted\"><\/span>\n    <\/div>\n    <\/div>\n<p><i><span class=\"entradilla\">Actor c\u00f3mico y director de cintas Marvel como Iron Man, Jon Favreau, el director de la nueva El Libro de la Selva, se propone llevarnos a esa jungla india hechizada por la magia Disney.<\/span><\/i><\/p>\n<p>Escrito por: Alberto Piernas<\/p>\n<p><div id=\"attachment_11453\" class=\"wp-caption aligncenter\" style=\"width: 728px\"><a href=\"https:\/\/www.lasociedadgeografica.com\/blog\/uploads\/2016\/03\/jon-fravreau-director-de-el-libro-de-la-selva-jon-favreau-wikipedia-commons.jpg\" rel=\"attachment wp-att-11453\"><img loading=\"lazy\" decoding=\"async\" class=\"size-large wp-image-11453\" src=\"https:\/\/www.lasociedadgeografica.com\/blog\/uploads\/2016\/03\/jon-fravreau-director-de-el-libro-de-la-selva-jon-favreau-wikipedia-commons-1024x641.jpg\" alt=\"Jon Fravreau, director de El Libro de la Selva - Jon Favreau - \" width=\"728\" height=\"456\" srcset=\"https:\/\/www.lasociedadgeografica.com\/blog\/uploads\/2016\/03\/jon-fravreau-director-de-el-libro-de-la-selva-jon-favreau-wikipedia-commons-1024x641.jpg 1024w, https:\/\/www.lasociedadgeografica.com\/blog\/uploads\/2016\/03\/jon-fravreau-director-de-el-libro-de-la-selva-jon-favreau-wikipedia-commons-300x188.jpg 300w, https:\/\/www.lasociedadgeografica.com\/blog\/uploads\/2016\/03\/jon-fravreau-director-de-el-libro-de-la-selva-jon-favreau-wikipedia-commons-728x456.jpg 728w, https:\/\/www.lasociedadgeografica.com\/blog\/uploads\/2016\/03\/jon-fravreau-director-de-el-libro-de-la-selva-jon-favreau-wikipedia-commons-363x227.jpg 363w, https:\/\/www.lasociedadgeografica.com\/blog\/uploads\/2016\/03\/jon-fravreau-director-de-el-libro-de-la-selva-jon-favreau-wikipedia-commons-462x289.jpg 462w\" sizes=\"auto, (max-width: 728px) 100vw, 728px\" \/><\/a><p class=\"wp-caption-text\">\u00a9 Wikipedia Commons<\/p><\/div><br \/>\n<a name=\"smore-\"><\/a><br \/>\nEn los 90, el futuro director Jon Favreau destac\u00f3 como actor c\u00f3mico en cintas como Very Bad Things o Swingers, si bien con el tiempo qued\u00f3 demostrado que los suyo era realmente ponerse detr\u00e1s de la c\u00e1mara, a juzgar por su brillante enfoque a grandes<strong> blockbusters del siglo XXI<\/strong> como las dos primeras entregas de la saga de Iron Man protagonizada por Robert Downey Jr.<\/p>\n<h3><strong>Favreau: el ni\u00f1o que creci\u00f3 con El Libro de la Selva<\/strong><\/h3>\n<p>Las cintas de Tony Stark, ligadas a Disney desde que la compa\u00f1\u00eda adquiriese Marvel, fue una de las razones por las que la casa del rat\u00f3n Mickey se fij\u00f3 en Favreau, declarado <strong>admirador de la cinta de dibujos animados de 1967<\/strong>. Esta pasi\u00f3n por la cinta le llev\u00f3 a convertirse en el realizador elegido para la adaptaci\u00f3n.<\/p>\n<p><strong>Jon Favreau, el director de la nueva <a href=\"https:\/\/www.lasociedadgeografica.com\/blog\/cultura\/el-libro-de-la-selva-viajes-a-la-selva-de-mowgli\/\" target=\"_blank\">El Libro de la Selva<\/a><\/strong> ha tratado de captar lo mejor de la pel\u00edcula animada y la obra de Rudyard Kipling adapt\u00e1ndolo a los nuevos tiempos gracias a unos escenarios ex\u00f3ticos realizados por ordenador, un 3D nativo inspirado por la atracci\u00f3n de Favreau hacia la pel\u00edcula Avatar de James Cameron y, especialmente, una acertada elecci\u00f3n de c\u00e1sting.<\/p>\n<div id=\"attachment_11454\" class=\"wp-caption aligncenter\" style=\"width: 728px\"><a href=\"https:\/\/www.lasociedadgeografica.com\/blog\/uploads\/2016\/03\/jon-fravreau-director-de-el-libro-de-la-selva-poster-de-la-pelicula-youtube.jpg\" rel=\"attachment wp-att-11454\"><img loading=\"lazy\" decoding=\"async\" class=\"size-large wp-image-11454\" src=\"https:\/\/www.lasociedadgeografica.com\/blog\/uploads\/2016\/03\/jon-fravreau-director-de-el-libro-de-la-selva-poster-de-la-pelicula-youtube-1024x441.jpg\" alt=\"Jon Fravreau, director de El Libro de la Selva - Po\u0301ster de la peli\u0301cula - \" width=\"728\" height=\"314\" srcset=\"https:\/\/www.lasociedadgeografica.com\/blog\/uploads\/2016\/03\/jon-fravreau-director-de-el-libro-de-la-selva-poster-de-la-pelicula-youtube-1024x441.jpg 1024w, https:\/\/www.lasociedadgeografica.com\/blog\/uploads\/2016\/03\/jon-fravreau-director-de-el-libro-de-la-selva-poster-de-la-pelicula-youtube-300x129.jpg 300w, https:\/\/www.lasociedadgeografica.com\/blog\/uploads\/2016\/03\/jon-fravreau-director-de-el-libro-de-la-selva-poster-de-la-pelicula-youtube-728x313.jpg 728w, https:\/\/www.lasociedadgeografica.com\/blog\/uploads\/2016\/03\/jon-fravreau-director-de-el-libro-de-la-selva-poster-de-la-pelicula-youtube-363x156.jpg 363w, https:\/\/www.lasociedadgeografica.com\/blog\/uploads\/2016\/03\/jon-fravreau-director-de-el-libro-de-la-selva-poster-de-la-pelicula-youtube-462x199.jpg 462w, https:\/\/www.lasociedadgeografica.com\/blog\/uploads\/2016\/03\/jon-fravreau-director-de-el-libro-de-la-selva-poster-de-la-pelicula-youtube.jpg 1182w\" sizes=\"auto, (max-width: 728px) 100vw, 728px\" \/><\/a><p class=\"wp-caption-text\">\u00a9 YouTube<\/p><\/div>\n<h3><strong>Jon Favreau nos hace viajar a una India m\u00e1s m\u00e1gica que nunca<\/strong><\/h3>\n<p>Tras sumarse las voces de <strong>estrellas de Hollywood como <a href=\"https:\/\/www.lasociedadgeografica.com\/blog\/cultura\/ben-kingsley-el-nuevo-bagheera-del-libro-de-la-selva\/\" target=\"_blank\">Ben Kinglsey<\/a>, <a href=\"https:\/\/www.lasociedadgeografica.com\/blog\/cultura\/bill-murray-el-nuevo-baloo-del-libro-de-la-selva\/\" target=\"_blank\">Bill Murray<\/a>, <a href=\"https:\/\/www.lasociedadgeografica.com\/blog\/cultura\/idris-elba-el-nuevo-shere-khan-del-libro-de-la-selva\/\" target=\"_blank\">Idris Elba<\/a> o <a href=\"https:\/\/www.lasociedadgeografica.com\/blog\/cultura\/scarlett-johansson-nueva-kaa-libro-de-la-selva\/\" target=\"_blank\">Scarlett Johansson<\/a> <\/strong>(a quien dirigi\u00f3 en Iron Man 2), Favreau inici\u00f3 un c\u00e1sting a m\u00e1s de<strong> 2 mil ni\u00f1os para interpretar a Mowgli<\/strong>, de entre los cuales eligi\u00f3 al desconocido <strong><a href=\"https:\/\/www.lasociedadgeografica.com\/blog\/cultura\/neel-sethi-el-nuevo-mowgli-del-libro-de-la-selva\/\" target=\"_blank\">Neel Sethi<\/a><\/strong>, encargado de dar vida al famoso ni\u00f1o indio de la pel\u00edcula.<\/p>\n<p>La amplia experiencia de <strong>Jon Favreau, director de la nueva El Libro de la Selva<\/strong>, tanto como realizador, actor y guionista lo convierten en el mejor nombre a la hora de ponerse tras las c\u00e1maras y hacernos viajar a una India m\u00e1s m\u00e1gica que nunca en la adaptaci\u00f3n <em>live-action<\/em> de El Libro de la Selva que apunta a convertirse en uno de los grandes \u00e9xitos de este 2016.<\/p>\n<p class=\"p1\"><span class=\"s1\"><div class=\"SGIcontact\"><form id=\"sf_shortcode_SGInews_0F\" onsubmit=\"event.preventDefault();return false;\" class=\"SGIcontactwidget_form\" style=\"text-align:center\"><p style=\"text-align:center;font-style:italic;font-size:14px;padding-bottom:10px;\" id=\"sf_shortcode_SGInews_0FP\">\u00bfSab\u00edas que dif\u00edcilmente encontraremos el color negro en India? Se considera un color desfavorable.<\/p>\n<p style=\"padding-bottom:10px;color:#333;font-style:italic;font-size:14px;\" id=\"sf_shortcode_SGInews_0FP1\">Ent\u00e9rate Aqu\u00ed<\/p>\n<p style=\"text-align:center;font-style:italic;font-size:14px;padding-bottom:10px;display:none;color:#009900\" id=\"sf_shortcode_SGInews_0FP2\">A continuaci\u00f3n te ofrecemos la suscripci\u00f3n gratuita a un Bolet\u00edn de Noticias repleto de ideas y sugerencias para viajar a India.<br><br>\n                  \u00a1Disfr\u00fatalo!<br>Podr\u00e1s dejar de recibirlo cuando quieras.<\/p>\n<div id=\"sf_shortcode_SGInews_0FD\"><p id=\"sf_shortcode_SGInews_0FP3\" style=\"text-align:left\"><label for=\"nombre\">Tu nombre<\/label><br \/><input type=\"text\" name=\"nombre\" class=\"input\" \/><\/p>\n<p id=\"sf_shortcode_SGInews_0FP4\" style=\"text-align:left\"><label for=\"email\">Tu e-mail<\/label><br \/><input type=\"text\" name=\"email\" class=\"input\" \/><\/p>\n<p id=\"sf_shortcode_SGInews_0FP5\" style=\"text-align:left\"><input type=\"checkbox\" name=\"agree\" style=\"width:auto;margin:0;padding:0\" onchange=\"changeAgree(this)\" value=\"1\" class=\"agreeCheckBox\" \/>&nbsp;&nbsp;Acepto la <a style=\"color: #888;\" href=\"javascript:void(0)\" onclick=\"loadLegalPopup('llPrivacidad');return false;\">Pol\u00edtica de Privacidad<\/a><\/p>\n<input type=\"submit\" name=\"enviar\" value=\"Suscr\u00edbete\" onclick=\"return frmPostNews('sf_shortcode_SGInews_0F');\" \/>\n<\/div><\/form>\n<\/div><\/span><\/p>\n","protected":false},"excerpt":{"rendered":"<p>Actor c\u00f3mico y director de cintas Marvel como Iron Man, Jon Favreau, el director de la nueva El Libro de la Selva, se propone llevarnos a esa jungla india hechizada por la magia Disney. Escrito &hellip;<\/p>\n","protected":false},"author":1,"featured_media":0,"comment_status":"open","ping_status":"open","sticky":false,"template":"","format":"standard","meta":{"footnotes":""},"categories":[4,2492,14,2881],"tags":[5997,1627,3417,5974,1220,5998,5996,5972,3418,5983,5986],"class_list":["post-11451","post","type-post","status-publish","format-standard","hentry","category-cultura","category-moda-y-tendencias","category-sgi","category-viajes-india","tag-directores-de-cine","tag-disney","tag-el-libro-de-la-selva","tag-el-libro-de-la-selva-2016","tag-india","tag-iron-man","tag-jon-favreau","tag-peliculas-infantiles","tag-rudyard-kipling","tag-viajar-a-la-selva","tag-viajes-a-la-selva"],"yoast_head":"<!-- This site is optimized with the Yoast SEO plugin v27.4 - https:\/\/yoast.com\/product\/yoast-seo-wordpress\/ -->\n<title>Jon Favreau, el director de la nueva El Libro de la Selva<\/title>\n<meta name=\"description\" content=\"Jon Favreau, el director de la nueva El Libro de la Selva, se ha propuesto conducirnos de nuevo a la India m\u00e1gica inmortalizada por Disney.\u00a0\" \/>\n<meta name=\"robots\" content=\"index, follow, max-snippet:-1, max-image-preview:large, max-video-preview:-1\" \/>\n<link rel=\"canonical\" href=\"https:\/\/www.lasociedadgeografica.com\/blog\/cultura\/jon-favreau-el-director-de-la-nueva-el-libro-de-la-selva\/\" \/>\n<meta property=\"og:locale\" content=\"es_ES\" \/>\n<meta property=\"og:type\" content=\"article\" \/>\n<meta property=\"og:title\" content=\"Jon Favreau, el director de la nueva El Libro de la Selva\" \/>\n<meta property=\"og:description\" content=\"Jon Favreau, el director de la nueva El Libro de la Selva, se ha propuesto conducirnos de nuevo a la India m\u00e1gica inmortalizada por Disney.\u00a0\" \/>\n<meta property=\"og:url\" content=\"https:\/\/www.lasociedadgeografica.com\/blog\/cultura\/jon-favreau-el-director-de-la-nueva-el-libro-de-la-selva\/\" \/>\n<meta property=\"og:site_name\" content=\"Blog de viajes a India\" \/>\n<meta property=\"article:published_time\" content=\"2016-03-28T07:00:13+00:00\" \/>\n<meta property=\"article:modified_time\" content=\"2016-03-30T08:29:47+00:00\" \/>\n<meta property=\"og:image\" content=\"https:\/\/www.lasociedadgeografica.com\/blog\/uploads\/2016\/03\/jon-fravreau-director-de-el-libro-de-la-selva-jon-favreau-wikipedia-commons-1024x641.jpg\" \/>\n<meta name=\"author\" content=\"SGI\" \/>\n<meta name=\"twitter:label1\" content=\"Escrito por\" \/>\n\t<meta name=\"twitter:data1\" content=\"SGI\" \/>\n\t<meta name=\"twitter:label2\" content=\"Tiempo de lectura\" \/>\n\t<meta name=\"twitter:data2\" content=\"2 minutos\" \/>\n<script type=\"application\/ld+json\" class=\"yoast-schema-graph\">{\"@context\":\"https:\\\/\\\/schema.org\",\"@graph\":[{\"@type\":\"Article\",\"@id\":\"https:\\\/\\\/www.lasociedadgeografica.com\\\/blog\\\/cultura\\\/jon-favreau-el-director-de-la-nueva-el-libro-de-la-selva\\\/#article\",\"isPartOf\":{\"@id\":\"https:\\\/\\\/www.lasociedadgeografica.com\\\/blog\\\/cultura\\\/jon-favreau-el-director-de-la-nueva-el-libro-de-la-selva\\\/\"},\"author\":{\"name\":\"SGI\",\"@id\":\"https:\\\/\\\/www.lasociedadgeografica.com\\\/blog\\\/#\\\/schema\\\/person\\\/4eb706084ebada5acb6f674d895232d2\"},\"headline\":\"Jon Favreau, el director de la nueva El Libro de la Selva\",\"datePublished\":\"2016-03-28T07:00:13+00:00\",\"dateModified\":\"2016-03-30T08:29:47+00:00\",\"mainEntityOfPage\":{\"@id\":\"https:\\\/\\\/www.lasociedadgeografica.com\\\/blog\\\/cultura\\\/jon-favreau-el-director-de-la-nueva-el-libro-de-la-selva\\\/\"},\"wordCount\":426,\"commentCount\":0,\"image\":{\"@id\":\"https:\\\/\\\/www.lasociedadgeografica.com\\\/blog\\\/cultura\\\/jon-favreau-el-director-de-la-nueva-el-libro-de-la-selva\\\/#primaryimage\"},\"thumbnailUrl\":\"https:\\\/\\\/www.lasociedadgeografica.com\\\/blog\\\/uploads\\\/2016\\\/03\\\/jon-fravreau-director-de-el-libro-de-la-selva-jon-favreau-wikipedia-commons-1024x641.jpg\",\"keywords\":[\"Directores de cine\",\"Disney\",\"El Libro de la Selva\",\"El Libro de la Selva 2016\",\"India\",\"Iron Man\",\"Jon Favreau\",\"Pel\u00edculas infantiles\",\"Rudyard Kipling\",\"viajar a la selva\",\"viajes a la selva\"],\"articleSection\":[\"Cultura\",\"Moda y Tendencias\",\"SGI\",\"Viajes India\"],\"inLanguage\":\"es\",\"potentialAction\":[{\"@type\":\"CommentAction\",\"name\":\"Comment\",\"target\":[\"https:\\\/\\\/www.lasociedadgeografica.com\\\/blog\\\/cultura\\\/jon-favreau-el-director-de-la-nueva-el-libro-de-la-selva\\\/#respond\"]}]},{\"@type\":\"WebPage\",\"@id\":\"https:\\\/\\\/www.lasociedadgeografica.com\\\/blog\\\/cultura\\\/jon-favreau-el-director-de-la-nueva-el-libro-de-la-selva\\\/\",\"url\":\"https:\\\/\\\/www.lasociedadgeografica.com\\\/blog\\\/cultura\\\/jon-favreau-el-director-de-la-nueva-el-libro-de-la-selva\\\/\",\"name\":\"Jon Favreau, el director de la nueva El Libro de la Selva\",\"isPartOf\":{\"@id\":\"https:\\\/\\\/www.lasociedadgeografica.com\\\/blog\\\/#website\"},\"primaryImageOfPage\":{\"@id\":\"https:\\\/\\\/www.lasociedadgeografica.com\\\/blog\\\/cultura\\\/jon-favreau-el-director-de-la-nueva-el-libro-de-la-selva\\\/#primaryimage\"},\"image\":{\"@id\":\"https:\\\/\\\/www.lasociedadgeografica.com\\\/blog\\\/cultura\\\/jon-favreau-el-director-de-la-nueva-el-libro-de-la-selva\\\/#primaryimage\"},\"thumbnailUrl\":\"https:\\\/\\\/www.lasociedadgeografica.com\\\/blog\\\/uploads\\\/2016\\\/03\\\/jon-fravreau-director-de-el-libro-de-la-selva-jon-favreau-wikipedia-commons-1024x641.jpg\",\"datePublished\":\"2016-03-28T07:00:13+00:00\",\"dateModified\":\"2016-03-30T08:29:47+00:00\",\"author\":{\"@id\":\"https:\\\/\\\/www.lasociedadgeografica.com\\\/blog\\\/#\\\/schema\\\/person\\\/4eb706084ebada5acb6f674d895232d2\"},\"description\":\"Jon Favreau, el director de la nueva El Libro de la Selva, se ha propuesto conducirnos de nuevo a la India m\u00e1gica inmortalizada por Disney.\u00a0\",\"breadcrumb\":{\"@id\":\"https:\\\/\\\/www.lasociedadgeografica.com\\\/blog\\\/cultura\\\/jon-favreau-el-director-de-la-nueva-el-libro-de-la-selva\\\/#breadcrumb\"},\"inLanguage\":\"es\",\"potentialAction\":[{\"@type\":\"ReadAction\",\"target\":[\"https:\\\/\\\/www.lasociedadgeografica.com\\\/blog\\\/cultura\\\/jon-favreau-el-director-de-la-nueva-el-libro-de-la-selva\\\/\"]}]},{\"@type\":\"ImageObject\",\"inLanguage\":\"es\",\"@id\":\"https:\\\/\\\/www.lasociedadgeografica.com\\\/blog\\\/cultura\\\/jon-favreau-el-director-de-la-nueva-el-libro-de-la-selva\\\/#primaryimage\",\"url\":\"https:\\\/\\\/www.lasociedadgeografica.com\\\/blog\\\/uploads\\\/2016\\\/03\\\/jon-fravreau-director-de-el-libro-de-la-selva-jon-favreau-wikipedia-commons.jpg\",\"contentUrl\":\"https:\\\/\\\/www.lasociedadgeografica.com\\\/blog\\\/uploads\\\/2016\\\/03\\\/jon-fravreau-director-de-el-libro-de-la-selva-jon-favreau-wikipedia-commons.jpg\",\"width\":2918,\"height\":1826,\"caption\":\"\u00a9 Wikipedia Commons\"},{\"@type\":\"BreadcrumbList\",\"@id\":\"https:\\\/\\\/www.lasociedadgeografica.com\\\/blog\\\/cultura\\\/jon-favreau-el-director-de-la-nueva-el-libro-de-la-selva\\\/#breadcrumb\",\"itemListElement\":[{\"@type\":\"ListItem\",\"position\":1,\"name\":\"Portada\",\"item\":\"https:\\\/\\\/www.lasociedadgeografica.com\\\/blog\\\/\"},{\"@type\":\"ListItem\",\"position\":2,\"name\":\"Jon Favreau, el director de la nueva El Libro de la Selva\"}]},{\"@type\":\"WebSite\",\"@id\":\"https:\\\/\\\/www.lasociedadgeografica.com\\\/blog\\\/#website\",\"url\":\"https:\\\/\\\/www.lasociedadgeografica.com\\\/blog\\\/\",\"name\":\"Blog de viajes a India\",\"description\":\"Un lugar para Conocer India, con may\u00fasculas. El Blog de Sociedad Geogr\u00e1fica de las Indias.\",\"potentialAction\":[{\"@type\":\"SearchAction\",\"target\":{\"@type\":\"EntryPoint\",\"urlTemplate\":\"https:\\\/\\\/www.lasociedadgeografica.com\\\/blog\\\/?s={search_term_string}\"},\"query-input\":{\"@type\":\"PropertyValueSpecification\",\"valueRequired\":true,\"valueName\":\"search_term_string\"}}],\"inLanguage\":\"es\"},{\"@type\":\"Person\",\"@id\":\"https:\\\/\\\/www.lasociedadgeografica.com\\\/blog\\\/#\\\/schema\\\/person\\\/4eb706084ebada5acb6f674d895232d2\",\"name\":\"SGI\",\"image\":{\"@type\":\"ImageObject\",\"inLanguage\":\"es\",\"@id\":\"https:\\\/\\\/secure.gravatar.com\\\/avatar\\\/3b6518b4778a72cb0cada5ad3bf7536bf8fd05c7dc636ba9c80f95598fc13469?s=96&r=g\",\"url\":\"https:\\\/\\\/secure.gravatar.com\\\/avatar\\\/3b6518b4778a72cb0cada5ad3bf7536bf8fd05c7dc636ba9c80f95598fc13469?s=96&r=g\",\"contentUrl\":\"https:\\\/\\\/secure.gravatar.com\\\/avatar\\\/3b6518b4778a72cb0cada5ad3bf7536bf8fd05c7dc636ba9c80f95598fc13469?s=96&r=g\",\"caption\":\"SGI\"},\"description\":\"Sociedad Geogr\u00e1fica de las Indias, agencia especializada en viajes exclusivos y a medida a India. https:\\\/\\\/www.lasociedadgeografica.com\",\"sameAs\":[\"https:\\\/\\\/www.lasociedadgeografica.com\"],\"url\":\"https:\\\/\\\/www.lasociedadgeografica.com\\\/blog\\\/author\\\/admin\\\/\"}]}<\/script>\n<!-- \/ Yoast SEO plugin. -->","yoast_head_json":{"title":"Jon Favreau, el director de la nueva El Libro de la Selva","description":"Jon Favreau, el director de la nueva El Libro de la Selva, se ha propuesto conducirnos de nuevo a la India m\u00e1gica inmortalizada por Disney.\u00a0","robots":{"index":"index","follow":"follow","max-snippet":"max-snippet:-1","max-image-preview":"max-image-preview:large","max-video-preview":"max-video-preview:-1"},"canonical":"https:\/\/www.lasociedadgeografica.com\/blog\/cultura\/jon-favreau-el-director-de-la-nueva-el-libro-de-la-selva\/","og_locale":"es_ES","og_type":"article","og_title":"Jon Favreau, el director de la nueva El Libro de la Selva","og_description":"Jon Favreau, el director de la nueva El Libro de la Selva, se ha propuesto conducirnos de nuevo a la India m\u00e1gica inmortalizada por Disney.\u00a0","og_url":"https:\/\/www.lasociedadgeografica.com\/blog\/cultura\/jon-favreau-el-director-de-la-nueva-el-libro-de-la-selva\/","og_site_name":"Blog de viajes a India","article_published_time":"2016-03-28T07:00:13+00:00","article_modified_time":"2016-03-30T08:29:47+00:00","og_image":[{"url":"https:\/\/www.lasociedadgeografica.com\/blog\/uploads\/2016\/03\/jon-fravreau-director-de-el-libro-de-la-selva-jon-favreau-wikipedia-commons-1024x641.jpg","type":"","width":"","height":""}],"author":"SGI","twitter_misc":{"Escrito por":"SGI","Tiempo de lectura":"2 minutos"},"schema":{"@context":"https:\/\/schema.org","@graph":[{"@type":"Article","@id":"https:\/\/www.lasociedadgeografica.com\/blog\/cultura\/jon-favreau-el-director-de-la-nueva-el-libro-de-la-selva\/#article","isPartOf":{"@id":"https:\/\/www.lasociedadgeografica.com\/blog\/cultura\/jon-favreau-el-director-de-la-nueva-el-libro-de-la-selva\/"},"author":{"name":"SGI","@id":"https:\/\/www.lasociedadgeografica.com\/blog\/#\/schema\/person\/4eb706084ebada5acb6f674d895232d2"},"headline":"Jon Favreau, el director de la nueva El Libro de la Selva","datePublished":"2016-03-28T07:00:13+00:00","dateModified":"2016-03-30T08:29:47+00:00","mainEntityOfPage":{"@id":"https:\/\/www.lasociedadgeografica.com\/blog\/cultura\/jon-favreau-el-director-de-la-nueva-el-libro-de-la-selva\/"},"wordCount":426,"commentCount":0,"image":{"@id":"https:\/\/www.lasociedadgeografica.com\/blog\/cultura\/jon-favreau-el-director-de-la-nueva-el-libro-de-la-selva\/#primaryimage"},"thumbnailUrl":"https:\/\/www.lasociedadgeografica.com\/blog\/uploads\/2016\/03\/jon-fravreau-director-de-el-libro-de-la-selva-jon-favreau-wikipedia-commons-1024x641.jpg","keywords":["Directores de cine","Disney","El Libro de la Selva","El Libro de la Selva 2016","India","Iron Man","Jon Favreau","Pel\u00edculas infantiles","Rudyard Kipling","viajar a la selva","viajes a la selva"],"articleSection":["Cultura","Moda y Tendencias","SGI","Viajes India"],"inLanguage":"es","potentialAction":[{"@type":"CommentAction","name":"Comment","target":["https:\/\/www.lasociedadgeografica.com\/blog\/cultura\/jon-favreau-el-director-de-la-nueva-el-libro-de-la-selva\/#respond"]}]},{"@type":"WebPage","@id":"https:\/\/www.lasociedadgeografica.com\/blog\/cultura\/jon-favreau-el-director-de-la-nueva-el-libro-de-la-selva\/","url":"https:\/\/www.lasociedadgeografica.com\/blog\/cultura\/jon-favreau-el-director-de-la-nueva-el-libro-de-la-selva\/","name":"Jon Favreau, el director de la nueva El Libro de la Selva","isPartOf":{"@id":"https:\/\/www.lasociedadgeografica.com\/blog\/#website"},"primaryImageOfPage":{"@id":"https:\/\/www.lasociedadgeografica.com\/blog\/cultura\/jon-favreau-el-director-de-la-nueva-el-libro-de-la-selva\/#primaryimage"},"image":{"@id":"https:\/\/www.lasociedadgeografica.com\/blog\/cultura\/jon-favreau-el-director-de-la-nueva-el-libro-de-la-selva\/#primaryimage"},"thumbnailUrl":"https:\/\/www.lasociedadgeografica.com\/blog\/uploads\/2016\/03\/jon-fravreau-director-de-el-libro-de-la-selva-jon-favreau-wikipedia-commons-1024x641.jpg","datePublished":"2016-03-28T07:00:13+00:00","dateModified":"2016-03-30T08:29:47+00:00","author":{"@id":"https:\/\/www.lasociedadgeografica.com\/blog\/#\/schema\/person\/4eb706084ebada5acb6f674d895232d2"},"description":"Jon Favreau, el director de la nueva El Libro de la Selva, se ha propuesto conducirnos de nuevo a la India m\u00e1gica inmortalizada por Disney.\u00a0","breadcrumb":{"@id":"https:\/\/www.lasociedadgeografica.com\/blog\/cultura\/jon-favreau-el-director-de-la-nueva-el-libro-de-la-selva\/#breadcrumb"},"inLanguage":"es","potentialAction":[{"@type":"ReadAction","target":["https:\/\/www.lasociedadgeografica.com\/blog\/cultura\/jon-favreau-el-director-de-la-nueva-el-libro-de-la-selva\/"]}]},{"@type":"ImageObject","inLanguage":"es","@id":"https:\/\/www.lasociedadgeografica.com\/blog\/cultura\/jon-favreau-el-director-de-la-nueva-el-libro-de-la-selva\/#primaryimage","url":"https:\/\/www.lasociedadgeografica.com\/blog\/uploads\/2016\/03\/jon-fravreau-director-de-el-libro-de-la-selva-jon-favreau-wikipedia-commons.jpg","contentUrl":"https:\/\/www.lasociedadgeografica.com\/blog\/uploads\/2016\/03\/jon-fravreau-director-de-el-libro-de-la-selva-jon-favreau-wikipedia-commons.jpg","width":2918,"height":1826,"caption":"\u00a9 Wikipedia Commons"},{"@type":"BreadcrumbList","@id":"https:\/\/www.lasociedadgeografica.com\/blog\/cultura\/jon-favreau-el-director-de-la-nueva-el-libro-de-la-selva\/#breadcrumb","itemListElement":[{"@type":"ListItem","position":1,"name":"Portada","item":"https:\/\/www.lasociedadgeografica.com\/blog\/"},{"@type":"ListItem","position":2,"name":"Jon Favreau, el director de la nueva El Libro de la Selva"}]},{"@type":"WebSite","@id":"https:\/\/www.lasociedadgeografica.com\/blog\/#website","url":"https:\/\/www.lasociedadgeografica.com\/blog\/","name":"Blog de viajes a India","description":"Un lugar para Conocer India, con may\u00fasculas. El Blog de Sociedad Geogr\u00e1fica de las Indias.","potentialAction":[{"@type":"SearchAction","target":{"@type":"EntryPoint","urlTemplate":"https:\/\/www.lasociedadgeografica.com\/blog\/?s={search_term_string}"},"query-input":{"@type":"PropertyValueSpecification","valueRequired":true,"valueName":"search_term_string"}}],"inLanguage":"es"},{"@type":"Person","@id":"https:\/\/www.lasociedadgeografica.com\/blog\/#\/schema\/person\/4eb706084ebada5acb6f674d895232d2","name":"SGI","image":{"@type":"ImageObject","inLanguage":"es","@id":"https:\/\/secure.gravatar.com\/avatar\/3b6518b4778a72cb0cada5ad3bf7536bf8fd05c7dc636ba9c80f95598fc13469?s=96&r=g","url":"https:\/\/secure.gravatar.com\/avatar\/3b6518b4778a72cb0cada5ad3bf7536bf8fd05c7dc636ba9c80f95598fc13469?s=96&r=g","contentUrl":"https:\/\/secure.gravatar.com\/avatar\/3b6518b4778a72cb0cada5ad3bf7536bf8fd05c7dc636ba9c80f95598fc13469?s=96&r=g","caption":"SGI"},"description":"Sociedad Geogr\u00e1fica de las Indias, agencia especializada en viajes exclusivos y a medida a India. https:\/\/www.lasociedadgeografica.com","sameAs":["https:\/\/www.lasociedadgeografica.com"],"url":"https:\/\/www.lasociedadgeografica.com\/blog\/author\/admin\/"}]}},"_links":{"self":[{"href":"https:\/\/www.lasociedadgeografica.com\/blog\/wp-json\/wp\/v2\/posts\/11451","targetHints":{"allow":["GET"]}}],"collection":[{"href":"https:\/\/www.lasociedadgeografica.com\/blog\/wp-json\/wp\/v2\/posts"}],"about":[{"href":"https:\/\/www.lasociedadgeografica.com\/blog\/wp-json\/wp\/v2\/types\/post"}],"author":[{"embeddable":true,"href":"https:\/\/www.lasociedadgeografica.com\/blog\/wp-json\/wp\/v2\/users\/1"}],"replies":[{"embeddable":true,"href":"https:\/\/www.lasociedadgeografica.com\/blog\/wp-json\/wp\/v2\/comments?post=11451"}],"version-history":[{"count":5,"href":"https:\/\/www.lasociedadgeografica.com\/blog\/wp-json\/wp\/v2\/posts\/11451\/revisions"}],"predecessor-version":[{"id":11527,"href":"https:\/\/www.lasociedadgeografica.com\/blog\/wp-json\/wp\/v2\/posts\/11451\/revisions\/11527"}],"wp:attachment":[{"href":"https:\/\/www.lasociedadgeografica.com\/blog\/wp-json\/wp\/v2\/media?parent=11451"}],"wp:term":[{"taxonomy":"category","embeddable":true,"href":"https:\/\/www.lasociedadgeografica.com\/blog\/wp-json\/wp\/v2\/categories?post=11451"},{"taxonomy":"post_tag","embeddable":true,"href":"https:\/\/www.lasociedadgeografica.com\/blog\/wp-json\/wp\/v2\/tags?post=11451"}],"curies":[{"name":"wp","href":"https:\/\/api.w.org\/{rel}","templated":true}]}}