{"id":12467,"date":"2016-08-03T09:47:24","date_gmt":"2016-08-03T07:47:24","guid":{"rendered":"https:\/\/www.lasociedadgeografica.com\/blog\/?p=12467"},"modified":"2017-06-20T05:02:19","modified_gmt":"2017-06-20T03:02:19","slug":"viajar-a-sri-lanka-en-agosto","status":"publish","type":"post","link":"https:\/\/www.lasociedadgeografica.com\/blog\/sgi\/viajar-a-sri-lanka-en-agosto\/","title":{"rendered":"Viajar a Sri Lanka en agosto"},"content":{"rendered":"\n\n<div class=\"kk-star-ratings kksr-auto kksr-align-left kksr-valign-top\"\n    data-payload='{&quot;align&quot;:&quot;left&quot;,&quot;id&quot;:&quot;12467&quot;,&quot;slug&quot;:&quot;default&quot;,&quot;valign&quot;:&quot;top&quot;,&quot;ignore&quot;:&quot;&quot;,&quot;reference&quot;:&quot;auto&quot;,&quot;class&quot;:&quot;&quot;,&quot;count&quot;:&quot;15&quot;,&quot;legendonly&quot;:&quot;&quot;,&quot;readonly&quot;:&quot;&quot;,&quot;score&quot;:&quot;3.7&quot;,&quot;starsonly&quot;:&quot;&quot;,&quot;best&quot;:&quot;5&quot;,&quot;gap&quot;:&quot;6&quot;,&quot;greet&quot;:&quot;&quot;,&quot;legend&quot;:&quot;3.7\\\/5 - (15 votos)&quot;,&quot;size&quot;:&quot;22&quot;,&quot;title&quot;:&quot;Viajar a Sri Lanka en agosto&quot;,&quot;width&quot;:&quot;100.6&quot;,&quot;_legend&quot;:&quot;{score}\\\/{best} - ({count} {votes})&quot;,&quot;font_factor&quot;:&quot;1.25&quot;}'>\n            \n<div class=\"kksr-stars\">\n    \n<div class=\"kksr-stars-inactive\">\n            <div class=\"kksr-star\" data-star=\"1\" style=\"padding-right: 6px\">\n            \n\n<div class=\"kksr-icon\" style=\"width: 22px; height: 22px;\"><\/div>\n        <\/div>\n            <div class=\"kksr-star\" data-star=\"2\" style=\"padding-right: 6px\">\n            \n\n<div class=\"kksr-icon\" style=\"width: 22px; height: 22px;\"><\/div>\n        <\/div>\n            <div class=\"kksr-star\" data-star=\"3\" style=\"padding-right: 6px\">\n            \n\n<div class=\"kksr-icon\" style=\"width: 22px; height: 22px;\"><\/div>\n        <\/div>\n            <div class=\"kksr-star\" data-star=\"4\" style=\"padding-right: 6px\">\n            \n\n<div class=\"kksr-icon\" style=\"width: 22px; height: 22px;\"><\/div>\n        <\/div>\n            <div class=\"kksr-star\" data-star=\"5\" style=\"padding-right: 6px\">\n            \n\n<div class=\"kksr-icon\" style=\"width: 22px; height: 22px;\"><\/div>\n        <\/div>\n    <\/div>\n    \n<div class=\"kksr-stars-active\" style=\"width: 100.6px;\">\n            <div class=\"kksr-star\" style=\"padding-right: 6px\">\n            \n\n<div class=\"kksr-icon\" style=\"width: 22px; height: 22px;\"><\/div>\n        <\/div>\n            <div class=\"kksr-star\" style=\"padding-right: 6px\">\n            \n\n<div class=\"kksr-icon\" style=\"width: 22px; height: 22px;\"><\/div>\n        <\/div>\n            <div class=\"kksr-star\" style=\"padding-right: 6px\">\n            \n\n<div class=\"kksr-icon\" style=\"width: 22px; height: 22px;\"><\/div>\n        <\/div>\n            <div class=\"kksr-star\" style=\"padding-right: 6px\">\n            \n\n<div class=\"kksr-icon\" style=\"width: 22px; height: 22px;\"><\/div>\n        <\/div>\n            <div class=\"kksr-star\" style=\"padding-right: 6px\">\n            \n\n<div class=\"kksr-icon\" style=\"width: 22px; height: 22px;\"><\/div>\n        <\/div>\n    <\/div>\n<\/div>\n                \n\n<div class=\"kksr-legend\" style=\"font-size: 17.6px;\">\n            3.7\/5 - (15 votos)    <\/div>\n    <\/div>\n<p><i><span class=\"entradilla\">Sol, playa, cultura y naturaleza. Te sugerimos viajar a Sri Lanka en agosto\u00a0si eres de aquellos que tiene intereses diversos y te apetece una aventura asi\u00e1tica. \u00a1La Isla Esmeralda lo tiene todo!<\/span><\/i><\/p>\n<p>Escrito por: Enric Donate<\/p>\n<p><div id=\"attachment_12470\" class=\"wp-caption aligncenter\" style=\"width: 1920px\"><a href=\"\/\/www.lasociedadgeografica.com\/blog\/uploads\/2016\/07\/pescador-tradicional-c-anke-sundermeier.jpg\" target=\"_blank\" rel=\"noopener\"><img loading=\"lazy\" decoding=\"async\" class=\"Viajar a Sri Lanka en agosto wp-image-12470 size-full\" title=\"Viajar a Sri Lanka en agosto\" src=\"\/\/www.lasociedadgeografica.com\/blog\/uploads\/2016\/07\/pescador-tradicional-c-anke-sundermeier.jpg\" alt=\"Viajar a Sri Lanka en agosto\" width=\"1920\" height=\"1271\" srcset=\"https:\/\/www.lasociedadgeografica.com\/blog\/uploads\/2016\/07\/pescador-tradicional-c-anke-sundermeier.jpg 1920w, https:\/\/www.lasociedadgeografica.com\/blog\/uploads\/2016\/07\/pescador-tradicional-c-anke-sundermeier-300x199.jpg 300w, https:\/\/www.lasociedadgeografica.com\/blog\/uploads\/2016\/07\/pescador-tradicional-c-anke-sundermeier-1024x678.jpg 1024w, https:\/\/www.lasociedadgeografica.com\/blog\/uploads\/2016\/07\/pescador-tradicional-c-anke-sundermeier-728x482.jpg 728w, https:\/\/www.lasociedadgeografica.com\/blog\/uploads\/2016\/07\/pescador-tradicional-c-anke-sundermeier-363x240.jpg 363w, https:\/\/www.lasociedadgeografica.com\/blog\/uploads\/2016\/07\/pescador-tradicional-c-anke-sundermeier-462x306.jpg 462w\" sizes=\"auto, (max-width: 1920px) 100vw, 1920px\" \/><\/a><p class=\"wp-caption-text\">\u00a9 Anke Sundermeier<\/p><\/div><br \/>\n<a name=\"smore-\"><\/a><\/p>\n<h3><strong>Viajar a Sri Lanka en agosto: Esala Perahara<\/strong><\/h3>\n<div id=\"attachment_12468\" class=\"wp-caption alignright\" style=\"width: 270px\"><a href=\"\/\/www.lasociedadgeografica.com\/blog\/uploads\/2016\/07\/cosecha-del-te-c-jurgen-scheffler.jpg\" target=\"_blank\" rel=\"noopener\"><img loading=\"lazy\" decoding=\"async\" class=\"Viajar a Sri Lanka en agosto wp-image-12468 \" title=\"Viajar a Sri Lanka en agosto\" src=\"\/\/www.lasociedadgeografica.com\/blog\/uploads\/2016\/07\/cosecha-del-te-c-jurgen-scheffler-300x168.jpg\" alt=\"Viajar a Sri Lanka en agosto - Cosecha del te\" width=\"270\" height=\"151\" srcset=\"https:\/\/www.lasociedadgeografica.com\/blog\/uploads\/2016\/07\/cosecha-del-te-c-jurgen-scheffler-300x168.jpg 300w, https:\/\/www.lasociedadgeografica.com\/blog\/uploads\/2016\/07\/cosecha-del-te-c-jurgen-scheffler-1024x574.jpg 1024w, https:\/\/www.lasociedadgeografica.com\/blog\/uploads\/2016\/07\/cosecha-del-te-c-jurgen-scheffler-728x408.jpg 728w, https:\/\/www.lasociedadgeografica.com\/blog\/uploads\/2016\/07\/cosecha-del-te-c-jurgen-scheffler-363x203.jpg 363w, https:\/\/www.lasociedadgeografica.com\/blog\/uploads\/2016\/07\/cosecha-del-te-c-jurgen-scheffler-462x259.jpg 462w, https:\/\/www.lasociedadgeografica.com\/blog\/uploads\/2016\/07\/cosecha-del-te-c-jurgen-scheffler.jpg 1920w\" sizes=\"auto, (max-width: 270px) 100vw, 270px\" \/><\/a><p class=\"wp-caption-text\">\u00a9 j\u00fcrgen Scheffler<\/p><\/div>\n<p>Viajar a Sri Lanka en agosto tiene premio. El <a href=\"\/\/www.lasociedadgeografica.com\/blog\/mitologia-y-religion\/esala-perahera\/\" target=\"_blank\" rel=\"noopener\">Esala Perahara<\/a> conmemora la llega del diente de Buda y la construcci\u00f3n del gran templo sobre el que gira toda la vida en <a href=\"\/\/www.lasociedadgeografica.com\/blog\/monumentos\/kandy-la-ciudad-mas-bonita-del-mundo\/\" target=\"_blank\" rel=\"noopener\">Kandy<\/a>. M\u00e1s de diez d\u00edas de procesiones recorren la ciudad y se acompa\u00f1an de una vasta selecci\u00f3n de m\u00fasica tradicional, bailes, marchas de antorchas, malabares&#8230;<\/p>\n<p><strong>En un palanqu\u00edn a lomos de un elefante, la reliquia que hasta el siglo XVIII solo pudo ver el rey de la isla se expone a los miles de fieles que peregrinan hasta Kandy.<\/strong><\/p>\n<div id=\"attachment_12471\" class=\"wp-caption alignleft\" style=\"width: 117px\"><a href=\"\/\/www.lasociedadgeografica.com\/blog\/uploads\/2016\/07\/viajar-a-sri-lanka-en-agosto-polonnaruwa-c-mohamed-nuzrath.jpg\" target=\"_blank\" rel=\"noopener\"><img loading=\"lazy\" decoding=\"async\" class=\"Viajar a Sri Lanka en agosto. Polonnaruwa wp-image-12471\" title=\"Viajar a Sri Lanka en agosto. Polonnaruwa\" src=\"\/\/www.lasociedadgeografica.com\/blog\/uploads\/2016\/07\/viajar-a-sri-lanka-en-agosto-polonnaruwa-c-mohamed-nuzrath-200x300.jpg\" alt=\"Viajar a Sri Lanka en agosto. Polonnaruwa\" width=\"117\" height=\"175\" srcset=\"https:\/\/www.lasociedadgeografica.com\/blog\/uploads\/2016\/07\/viajar-a-sri-lanka-en-agosto-polonnaruwa-c-mohamed-nuzrath-200x300.jpg 200w, https:\/\/www.lasociedadgeografica.com\/blog\/uploads\/2016\/07\/viajar-a-sri-lanka-en-agosto-polonnaruwa-c-mohamed-nuzrath-683x1024.jpg 683w, https:\/\/www.lasociedadgeografica.com\/blog\/uploads\/2016\/07\/viajar-a-sri-lanka-en-agosto-polonnaruwa-c-mohamed-nuzrath-728x1092.jpg 728w, https:\/\/www.lasociedadgeografica.com\/blog\/uploads\/2016\/07\/viajar-a-sri-lanka-en-agosto-polonnaruwa-c-mohamed-nuzrath-363x545.jpg 363w, https:\/\/www.lasociedadgeografica.com\/blog\/uploads\/2016\/07\/viajar-a-sri-lanka-en-agosto-polonnaruwa-c-mohamed-nuzrath-462x693.jpg 462w, https:\/\/www.lasociedadgeografica.com\/blog\/uploads\/2016\/07\/viajar-a-sri-lanka-en-agosto-polonnaruwa-c-mohamed-nuzrath.jpg 1280w\" sizes=\"auto, (max-width: 117px) 100vw, 117px\" \/><\/a><p class=\"wp-caption-text\">\u00a9 Mohamed Nuzrath<\/p><\/div>\n<p>Es dif\u00edcil dejar atr\u00e1s la excitaci\u00f3n del festival, pero la isla tiene muchos m\u00e1s secretos que desvelar. En pocos d\u00edas <strong>puedes coronar el m\u00edtico Pico de Ad\u00e1n, la monta\u00f1a sagrada de Sri Lanka<\/strong>, y recorrer las plantaciones del <a href=\"\/\/www.lasociedadgeografica.com\/blog\/naturaleza\/plantaciones-de-te-de-nuwara-eliya\/\" target=\"_blank\" rel=\"noopener\">pa\u00eds del t\u00e9 en Nuwara Eliya<\/a>, donde descubrir\u00e1s uno de <a href=\"https:\/\/www.lasociedadgeografica.com\/blog\/viajes-sri-lanka\/de-compras-por-sri-lanka-canela-de-ceilan-te-y-objetos-artesanales\/\" target=\"_blank\" rel=\"noopener\">los productos m\u00e1s famosos de Sri Lanka<\/a> en un entorno inigualable.<\/p>\n<h3><strong>Viajar a Sri Lanka en agosto: La jungla, las olas y las piedras<\/strong><\/h3>\n<p><a href=\"https:\/\/www.lasociedadgeografica.com\/blog\/viajes-sri-lanka\/mejor-epoca-para-viajar-a-sri-lanka\/\" target=\"_blank\" rel=\"noopener\">La mejor \u00e9poca para viajar a Sri Lanka<\/a> podr\u00eda coincidir con el mes de agosto. Adem\u00e1s de <strong>los espectaculares festivales religiosos te debes escapar a los parques naturales.<\/strong> Es una \u00e9poca excelente para acercarte a los leopardos en Wilpattu y tambi\u00e9n la Reserva de la Biosfera del Bosque de Sinharaja o el <a href=\"\/\/www.lasociedadgeografica.com\/blog\/naturaleza\/safari-en-yala\/\" target=\"_blank\" rel=\"noopener\">Parque Nacional de Yala<\/a> te dan la bienvenida. Sin embargo, ninguno puede compararse con <strong>la experiencia de presenciar \u201cThe Gathering\u201d, la migraci\u00f3n masiva de las manadas de elefantes en el Parque Nacional de Minneriya.<\/strong><\/p>\n<div id=\"attachment_12469\" class=\"wp-caption aligncenter\" style=\"width: 1920px\"><a href=\"\/\/www.lasociedadgeografica.com\/blog\/uploads\/2016\/07\/elefantes-c-mohamed-nuzrath.jpg\" target=\"_blank\" rel=\"noopener\"><img loading=\"lazy\" decoding=\"async\" class=\"Viajar a Sri Lanka en agosto - Elefantes wp-image-12469 size-full\" title=\"Viajar a Sri Lanka en agosto - Elefantes\" src=\"\/\/www.lasociedadgeografica.com\/blog\/uploads\/2016\/07\/elefantes-c-mohamed-nuzrath.jpg\" alt=\"Viajar a Sri Lanka en agosto - Elefantes\" width=\"1920\" height=\"1280\" srcset=\"https:\/\/www.lasociedadgeografica.com\/blog\/uploads\/2016\/07\/elefantes-c-mohamed-nuzrath.jpg 1920w, https:\/\/www.lasociedadgeografica.com\/blog\/uploads\/2016\/07\/elefantes-c-mohamed-nuzrath-300x200.jpg 300w, https:\/\/www.lasociedadgeografica.com\/blog\/uploads\/2016\/07\/elefantes-c-mohamed-nuzrath-1024x683.jpg 1024w, https:\/\/www.lasociedadgeografica.com\/blog\/uploads\/2016\/07\/elefantes-c-mohamed-nuzrath-728x485.jpg 728w, https:\/\/www.lasociedadgeografica.com\/blog\/uploads\/2016\/07\/elefantes-c-mohamed-nuzrath-363x242.jpg 363w, https:\/\/www.lasociedadgeografica.com\/blog\/uploads\/2016\/07\/elefantes-c-mohamed-nuzrath-462x308.jpg 462w\" sizes=\"auto, (max-width: 1920px) 100vw, 1920px\" \/><\/a><p class=\"wp-caption-text\">\u00a9 Mohamed Nuzrath<\/p><\/div>\n<p>La temporada seca devuelve el foco a las playas desde Trincomalee en el este, donde adem\u00e1s puedes <a href=\"\/\/www.lasociedadgeografica.com\/blog\/naturaleza\/que-ver-en-sri-lanka-ballenas\/\" target=\"_blank\" rel=\"noopener\">avistar ballenas<\/a>, hasta los bellos arenales del sur alrededor de la ciudad amurallada de Galle, Weligama, Bentota, Mirissa o Tangalle. Y a\u00fan no hemos pasado por el imprescindible <a href=\"\/\/www.lasociedadgeografica.com\/blog\/monumentos\/triangulo-cultural-sri-lanka\/\" target=\"_blank\" rel=\"noopener\">Tri\u00e1ngulo Cultural de Sri Lanka<\/a> que resume la historia del pa\u00eds y la llegada del budismo en yacimientos como las cuevas de <a href=\"\/\/www.lasociedadgeografica.com\/blog\/mitologia-y-religion\/las-cuevas-de-dambulla-sri-lanka\/\" target=\"_blank\" rel=\"noopener\">Dambulla<\/a>, la antigua ciudad de <a href=\"\/\/www.lasociedadgeografica.com\/blog\/cultura\/anuradhapura\/\" target=\"_blank\" rel=\"noopener\">Anuradhapura<\/a> o los palacios en ruinas y los <a href=\"https:\/\/www.lasociedadgeografica.com\/blog\/monumentos\/que-hacer-en-sri-lanka-roca-de-leon\/\" target=\"_blank\" rel=\"noopener\">frescos de Sigiriya<\/a>. Lo bueno de viajar a Sri Lanka en agosto\u00a0es que no te faltar\u00e1n tentaciones.<\/p>\n<div class=\"SGIcontact\"><form id=\"sf_shortcode_SGIcontact_0F\" action=\"\/contacto\/\" method=\"post\" class=\"SGIcontactwidget_form\"><p style=\"text-align:center;font-style:italic;font-size:14px;padding-bottom:10px\" id=\"sf_shortcode_SGIcontact_0FP\">\u00bfQuieres que te dise\u00f1emos un viaje exclusivo al Subcontinente Indio?<\/p>\n<div style=\"text-align:center\" id=\"sf_shortcode_SGIcontact_0FD\"><input type=\"submit\" value=\"Cont\u00e1ctanos Aqu\u00ed\" \/>\n<\/div><\/form>\n<\/div>\n","protected":false},"excerpt":{"rendered":"<p>Sol, playa, cultura y naturaleza. Te sugerimos viajar a Sri Lanka en agosto\u00a0si eres de aquellos que tiene intereses diversos y te apetece una aventura asi\u00e1tica. \u00a1La Isla Esmeralda lo tiene todo! Escrito por: Enric &hellip;<\/p>\n","protected":false},"author":1,"featured_media":0,"comment_status":"open","ping_status":"open","sticky":false,"template":"","format":"standard","meta":{"footnotes":""},"categories":[14,1221,2885],"tags":[3832,6469,6470,4307,6463,199,3828,6347,5078,6133,3826,3837,6115,6472,6125,6114,3839,6465,6473,6466,5074,6468,6462,2039,4971,6129,6110,6474,6102,1753,4614,2026,6464,6105,3025,6327,6471,3041,6467,5389,6124,2038],"class_list":["post-12467","post","type-post","status-publish","format-standard","hentry","category-sgi","category-sri-lanka","category-viajes-sri-lanka","tag-anuradhapura","tag-avistar-ballenas","tag-avistar-ballenas-en-sri-lanka","tag-bentota","tag-bosque-de-sinharaja","tag-budismo","tag-budismo-en-sri-lanka","tag-ciudades-sagradas-en-sri-lanka","tag-cuando-viajar-a-sri-lanka","tag-cultura-singalesa","tag-dambulla","tag-diente-de-buda","tag-elefantes-en-sri-lanka","tag-elefantes-en-yala","tag-esala-perahara","tag-fortaleza-de-galle","tag-galle","tag-gathering","tag-leopardos-en-wilpattu","tag-llegada-del-budismo-a-sri-lanka","tag-mejor-epoca-para-viajar-a-sri-lanka","tag-migracion-de-elefantes","tag-minneriya","tag-mirissa","tag-nuwara-eliya","tag-pais-del-te","tag-parque-nacional-de-yala","tag-parque-nacional-del-wilpattu","tag-parques-naturales-de-sri-lanka","tag-patrimonio-de-la-humanidad","tag-patrimonio-de-la-unesco","tag-playas-de-sri-lanka","tag-reserva-de-la-biosfera","tag-roca-del-leon","tag-sigiriya","tag-sinharaja","tag-tangalle","tag-templo-del-diente-de-buda","tag-the-gathering","tag-trincomalee","tag-viajar-a-sri-lanka-en-agosto","tag-weligama"],"yoast_head":"<!-- This site is optimized with the Yoast SEO plugin v27.4 - https:\/\/yoast.com\/product\/yoast-seo-wordpress\/ -->\n<title>Viajar a Sri Lanka en agosto<\/title>\n<meta name=\"description\" content=\"Viajar a Sri Lanka en agosto te permite presenciar el \u201cGathering\u201d de los elefantes en Minneriya y la peregrinaci\u00f3n budista Esala Perahara en Kandy.\" \/>\n<meta name=\"robots\" content=\"index, follow, max-snippet:-1, max-image-preview:large, max-video-preview:-1\" \/>\n<link rel=\"canonical\" href=\"https:\/\/www.lasociedadgeografica.com\/blog\/sgi\/viajar-a-sri-lanka-en-agosto\/\" \/>\n<meta property=\"og:locale\" content=\"es_ES\" \/>\n<meta property=\"og:type\" content=\"article\" \/>\n<meta property=\"og:title\" content=\"Viajar a Sri Lanka en agosto\" \/>\n<meta property=\"og:description\" content=\"Viajar a Sri Lanka en agosto te permite presenciar el \u201cGathering\u201d de los elefantes en Minneriya y la peregrinaci\u00f3n budista Esala Perahara en Kandy.\" \/>\n<meta property=\"og:url\" content=\"https:\/\/www.lasociedadgeografica.com\/blog\/sgi\/viajar-a-sri-lanka-en-agosto\/\" \/>\n<meta property=\"og:site_name\" content=\"Blog de viajes a India\" \/>\n<meta property=\"article:published_time\" content=\"2016-08-03T07:47:24+00:00\" \/>\n<meta property=\"article:modified_time\" content=\"2017-06-20T03:02:19+00:00\" \/>\n<meta property=\"og:image\" content=\"\/\/www.lasociedadgeografica.com\/blog\/uploads\/2016\/07\/pescador-tradicional-c-anke-sundermeier.jpg\" \/>\n<meta name=\"author\" content=\"SGI\" \/>\n<meta name=\"twitter:label1\" content=\"Escrito por\" \/>\n\t<meta name=\"twitter:data1\" content=\"SGI\" \/>\n\t<meta name=\"twitter:label2\" content=\"Tiempo de lectura\" \/>\n\t<meta name=\"twitter:data2\" content=\"2 minutos\" \/>\n<script type=\"application\/ld+json\" class=\"yoast-schema-graph\">{\"@context\":\"https:\\\/\\\/schema.org\",\"@graph\":[{\"@type\":\"Article\",\"@id\":\"https:\\\/\\\/www.lasociedadgeografica.com\\\/blog\\\/sgi\\\/viajar-a-sri-lanka-en-agosto\\\/#article\",\"isPartOf\":{\"@id\":\"https:\\\/\\\/www.lasociedadgeografica.com\\\/blog\\\/sgi\\\/viajar-a-sri-lanka-en-agosto\\\/\"},\"author\":{\"name\":\"SGI\",\"@id\":\"https:\\\/\\\/www.lasociedadgeografica.com\\\/blog\\\/#\\\/schema\\\/person\\\/4eb706084ebada5acb6f674d895232d2\"},\"headline\":\"Viajar a Sri Lanka en agosto\",\"datePublished\":\"2016-08-03T07:47:24+00:00\",\"dateModified\":\"2017-06-20T03:02:19+00:00\",\"mainEntityOfPage\":{\"@id\":\"https:\\\/\\\/www.lasociedadgeografica.com\\\/blog\\\/sgi\\\/viajar-a-sri-lanka-en-agosto\\\/\"},\"wordCount\":464,\"commentCount\":0,\"keywords\":[\"Anuradhapura\",\"avistar ballenas\",\"avistar ballenas en Sri Lanka\",\"Bentota\",\"Bosque de Sinharaja\",\"budismo\",\"budismo en Sri Lanka\",\"ciudades sagradas en Sri Lanka\",\"cu\u00e1ndo viajar a Sri Lanka\",\"cultura singalesa\",\"Dambulla\",\"Diente de Buda\",\"elefantes en Sri Lanka\",\"elefantes en Yala\",\"Esala Perahara\",\"fortaleza de Galle\",\"Galle\",\"Gathering\",\"leopardos en Wilpattu\",\"llegada del budismo a Sri Lanka\",\"mejor \u00e9poca para viajar a Sri Lanka\",\"migraci\u00f3n de elefantes\",\"Minneriya\",\"Mirissa\",\"Nuwara Eliya\",\"pa\u00eds del t\u00e9\",\"Parque Nacional de Yala\",\"Parque Nacional del Wilpattu\",\"parques naturales de Sri Lanka\",\"Patrimonio de la Humanidad\",\"Patrimonio de la Unesco\",\"playas de Sri Lanka\",\"Reserva de la Biosfera\",\"Roca del Le\u00f3n\",\"Sigiriya\",\"Sinharaja\",\"Tangalle\",\"Templo del Diente de Buda\",\"The Gathering\",\"Trincomalee\",\"viajar a Sri Lanka en agosto\",\"Weligama\"],\"articleSection\":[\"SGI\",\"Sri Lanka\",\"Viajes Sri Lanka\"],\"inLanguage\":\"es\",\"potentialAction\":[{\"@type\":\"CommentAction\",\"name\":\"Comment\",\"target\":[\"https:\\\/\\\/www.lasociedadgeografica.com\\\/blog\\\/sgi\\\/viajar-a-sri-lanka-en-agosto\\\/#respond\"]}]},{\"@type\":\"WebPage\",\"@id\":\"https:\\\/\\\/www.lasociedadgeografica.com\\\/blog\\\/sgi\\\/viajar-a-sri-lanka-en-agosto\\\/\",\"url\":\"https:\\\/\\\/www.lasociedadgeografica.com\\\/blog\\\/sgi\\\/viajar-a-sri-lanka-en-agosto\\\/\",\"name\":\"Viajar a Sri Lanka en agosto\",\"isPartOf\":{\"@id\":\"https:\\\/\\\/www.lasociedadgeografica.com\\\/blog\\\/#website\"},\"datePublished\":\"2016-08-03T07:47:24+00:00\",\"dateModified\":\"2017-06-20T03:02:19+00:00\",\"author\":{\"@id\":\"https:\\\/\\\/www.lasociedadgeografica.com\\\/blog\\\/#\\\/schema\\\/person\\\/4eb706084ebada5acb6f674d895232d2\"},\"description\":\"Viajar a Sri Lanka en agosto te permite presenciar el \u201cGathering\u201d de los elefantes en Minneriya y la peregrinaci\u00f3n budista Esala Perahara en Kandy.\",\"breadcrumb\":{\"@id\":\"https:\\\/\\\/www.lasociedadgeografica.com\\\/blog\\\/sgi\\\/viajar-a-sri-lanka-en-agosto\\\/#breadcrumb\"},\"inLanguage\":\"es\",\"potentialAction\":[{\"@type\":\"ReadAction\",\"target\":[\"https:\\\/\\\/www.lasociedadgeografica.com\\\/blog\\\/sgi\\\/viajar-a-sri-lanka-en-agosto\\\/\"]}]},{\"@type\":\"BreadcrumbList\",\"@id\":\"https:\\\/\\\/www.lasociedadgeografica.com\\\/blog\\\/sgi\\\/viajar-a-sri-lanka-en-agosto\\\/#breadcrumb\",\"itemListElement\":[{\"@type\":\"ListItem\",\"position\":1,\"name\":\"Portada\",\"item\":\"https:\\\/\\\/www.lasociedadgeografica.com\\\/blog\\\/\"},{\"@type\":\"ListItem\",\"position\":2,\"name\":\"Viajar a Sri Lanka en agosto\"}]},{\"@type\":\"WebSite\",\"@id\":\"https:\\\/\\\/www.lasociedadgeografica.com\\\/blog\\\/#website\",\"url\":\"https:\\\/\\\/www.lasociedadgeografica.com\\\/blog\\\/\",\"name\":\"Blog de viajes a India\",\"description\":\"Un lugar para Conocer India, con may\u00fasculas. El Blog de Sociedad Geogr\u00e1fica de las Indias.\",\"potentialAction\":[{\"@type\":\"SearchAction\",\"target\":{\"@type\":\"EntryPoint\",\"urlTemplate\":\"https:\\\/\\\/www.lasociedadgeografica.com\\\/blog\\\/?s={search_term_string}\"},\"query-input\":{\"@type\":\"PropertyValueSpecification\",\"valueRequired\":true,\"valueName\":\"search_term_string\"}}],\"inLanguage\":\"es\"},{\"@type\":\"Person\",\"@id\":\"https:\\\/\\\/www.lasociedadgeografica.com\\\/blog\\\/#\\\/schema\\\/person\\\/4eb706084ebada5acb6f674d895232d2\",\"name\":\"SGI\",\"image\":{\"@type\":\"ImageObject\",\"inLanguage\":\"es\",\"@id\":\"https:\\\/\\\/secure.gravatar.com\\\/avatar\\\/3b6518b4778a72cb0cada5ad3bf7536bf8fd05c7dc636ba9c80f95598fc13469?s=96&r=g\",\"url\":\"https:\\\/\\\/secure.gravatar.com\\\/avatar\\\/3b6518b4778a72cb0cada5ad3bf7536bf8fd05c7dc636ba9c80f95598fc13469?s=96&r=g\",\"contentUrl\":\"https:\\\/\\\/secure.gravatar.com\\\/avatar\\\/3b6518b4778a72cb0cada5ad3bf7536bf8fd05c7dc636ba9c80f95598fc13469?s=96&r=g\",\"caption\":\"SGI\"},\"description\":\"Sociedad Geogr\u00e1fica de las Indias, agencia especializada en viajes exclusivos y a medida a India. https:\\\/\\\/www.lasociedadgeografica.com\",\"sameAs\":[\"https:\\\/\\\/www.lasociedadgeografica.com\"],\"url\":\"https:\\\/\\\/www.lasociedadgeografica.com\\\/blog\\\/author\\\/admin\\\/\"}]}<\/script>\n<!-- \/ Yoast SEO plugin. -->","yoast_head_json":{"title":"Viajar a Sri Lanka en agosto","description":"Viajar a Sri Lanka en agosto te permite presenciar el \u201cGathering\u201d de los elefantes en Minneriya y la peregrinaci\u00f3n budista Esala Perahara en Kandy.","robots":{"index":"index","follow":"follow","max-snippet":"max-snippet:-1","max-image-preview":"max-image-preview:large","max-video-preview":"max-video-preview:-1"},"canonical":"https:\/\/www.lasociedadgeografica.com\/blog\/sgi\/viajar-a-sri-lanka-en-agosto\/","og_locale":"es_ES","og_type":"article","og_title":"Viajar a Sri Lanka en agosto","og_description":"Viajar a Sri Lanka en agosto te permite presenciar el \u201cGathering\u201d de los elefantes en Minneriya y la peregrinaci\u00f3n budista Esala Perahara en Kandy.","og_url":"https:\/\/www.lasociedadgeografica.com\/blog\/sgi\/viajar-a-sri-lanka-en-agosto\/","og_site_name":"Blog de viajes a India","article_published_time":"2016-08-03T07:47:24+00:00","article_modified_time":"2017-06-20T03:02:19+00:00","og_image":[{"url":"\/\/www.lasociedadgeografica.com\/blog\/uploads\/2016\/07\/pescador-tradicional-c-anke-sundermeier.jpg","type":"","width":"","height":""}],"author":"SGI","twitter_misc":{"Escrito por":"SGI","Tiempo de lectura":"2 minutos"},"schema":{"@context":"https:\/\/schema.org","@graph":[{"@type":"Article","@id":"https:\/\/www.lasociedadgeografica.com\/blog\/sgi\/viajar-a-sri-lanka-en-agosto\/#article","isPartOf":{"@id":"https:\/\/www.lasociedadgeografica.com\/blog\/sgi\/viajar-a-sri-lanka-en-agosto\/"},"author":{"name":"SGI","@id":"https:\/\/www.lasociedadgeografica.com\/blog\/#\/schema\/person\/4eb706084ebada5acb6f674d895232d2"},"headline":"Viajar a Sri Lanka en agosto","datePublished":"2016-08-03T07:47:24+00:00","dateModified":"2017-06-20T03:02:19+00:00","mainEntityOfPage":{"@id":"https:\/\/www.lasociedadgeografica.com\/blog\/sgi\/viajar-a-sri-lanka-en-agosto\/"},"wordCount":464,"commentCount":0,"keywords":["Anuradhapura","avistar ballenas","avistar ballenas en Sri Lanka","Bentota","Bosque de Sinharaja","budismo","budismo en Sri Lanka","ciudades sagradas en Sri Lanka","cu\u00e1ndo viajar a Sri Lanka","cultura singalesa","Dambulla","Diente de Buda","elefantes en Sri Lanka","elefantes en Yala","Esala Perahara","fortaleza de Galle","Galle","Gathering","leopardos en Wilpattu","llegada del budismo a Sri Lanka","mejor \u00e9poca para viajar a Sri Lanka","migraci\u00f3n de elefantes","Minneriya","Mirissa","Nuwara Eliya","pa\u00eds del t\u00e9","Parque Nacional de Yala","Parque Nacional del Wilpattu","parques naturales de Sri Lanka","Patrimonio de la Humanidad","Patrimonio de la Unesco","playas de Sri Lanka","Reserva de la Biosfera","Roca del Le\u00f3n","Sigiriya","Sinharaja","Tangalle","Templo del Diente de Buda","The Gathering","Trincomalee","viajar a Sri Lanka en agosto","Weligama"],"articleSection":["SGI","Sri Lanka","Viajes Sri Lanka"],"inLanguage":"es","potentialAction":[{"@type":"CommentAction","name":"Comment","target":["https:\/\/www.lasociedadgeografica.com\/blog\/sgi\/viajar-a-sri-lanka-en-agosto\/#respond"]}]},{"@type":"WebPage","@id":"https:\/\/www.lasociedadgeografica.com\/blog\/sgi\/viajar-a-sri-lanka-en-agosto\/","url":"https:\/\/www.lasociedadgeografica.com\/blog\/sgi\/viajar-a-sri-lanka-en-agosto\/","name":"Viajar a Sri Lanka en agosto","isPartOf":{"@id":"https:\/\/www.lasociedadgeografica.com\/blog\/#website"},"datePublished":"2016-08-03T07:47:24+00:00","dateModified":"2017-06-20T03:02:19+00:00","author":{"@id":"https:\/\/www.lasociedadgeografica.com\/blog\/#\/schema\/person\/4eb706084ebada5acb6f674d895232d2"},"description":"Viajar a Sri Lanka en agosto te permite presenciar el \u201cGathering\u201d de los elefantes en Minneriya y la peregrinaci\u00f3n budista Esala Perahara en Kandy.","breadcrumb":{"@id":"https:\/\/www.lasociedadgeografica.com\/blog\/sgi\/viajar-a-sri-lanka-en-agosto\/#breadcrumb"},"inLanguage":"es","potentialAction":[{"@type":"ReadAction","target":["https:\/\/www.lasociedadgeografica.com\/blog\/sgi\/viajar-a-sri-lanka-en-agosto\/"]}]},{"@type":"BreadcrumbList","@id":"https:\/\/www.lasociedadgeografica.com\/blog\/sgi\/viajar-a-sri-lanka-en-agosto\/#breadcrumb","itemListElement":[{"@type":"ListItem","position":1,"name":"Portada","item":"https:\/\/www.lasociedadgeografica.com\/blog\/"},{"@type":"ListItem","position":2,"name":"Viajar a Sri Lanka en agosto"}]},{"@type":"WebSite","@id":"https:\/\/www.lasociedadgeografica.com\/blog\/#website","url":"https:\/\/www.lasociedadgeografica.com\/blog\/","name":"Blog de viajes a India","description":"Un lugar para Conocer India, con may\u00fasculas. El Blog de Sociedad Geogr\u00e1fica de las Indias.","potentialAction":[{"@type":"SearchAction","target":{"@type":"EntryPoint","urlTemplate":"https:\/\/www.lasociedadgeografica.com\/blog\/?s={search_term_string}"},"query-input":{"@type":"PropertyValueSpecification","valueRequired":true,"valueName":"search_term_string"}}],"inLanguage":"es"},{"@type":"Person","@id":"https:\/\/www.lasociedadgeografica.com\/blog\/#\/schema\/person\/4eb706084ebada5acb6f674d895232d2","name":"SGI","image":{"@type":"ImageObject","inLanguage":"es","@id":"https:\/\/secure.gravatar.com\/avatar\/3b6518b4778a72cb0cada5ad3bf7536bf8fd05c7dc636ba9c80f95598fc13469?s=96&r=g","url":"https:\/\/secure.gravatar.com\/avatar\/3b6518b4778a72cb0cada5ad3bf7536bf8fd05c7dc636ba9c80f95598fc13469?s=96&r=g","contentUrl":"https:\/\/secure.gravatar.com\/avatar\/3b6518b4778a72cb0cada5ad3bf7536bf8fd05c7dc636ba9c80f95598fc13469?s=96&r=g","caption":"SGI"},"description":"Sociedad Geogr\u00e1fica de las Indias, agencia especializada en viajes exclusivos y a medida a India. https:\/\/www.lasociedadgeografica.com","sameAs":["https:\/\/www.lasociedadgeografica.com"],"url":"https:\/\/www.lasociedadgeografica.com\/blog\/author\/admin\/"}]}},"_links":{"self":[{"href":"https:\/\/www.lasociedadgeografica.com\/blog\/wp-json\/wp\/v2\/posts\/12467","targetHints":{"allow":["GET"]}}],"collection":[{"href":"https:\/\/www.lasociedadgeografica.com\/blog\/wp-json\/wp\/v2\/posts"}],"about":[{"href":"https:\/\/www.lasociedadgeografica.com\/blog\/wp-json\/wp\/v2\/types\/post"}],"author":[{"embeddable":true,"href":"https:\/\/www.lasociedadgeografica.com\/blog\/wp-json\/wp\/v2\/users\/1"}],"replies":[{"embeddable":true,"href":"https:\/\/www.lasociedadgeografica.com\/blog\/wp-json\/wp\/v2\/comments?post=12467"}],"version-history":[{"count":7,"href":"https:\/\/www.lasociedadgeografica.com\/blog\/wp-json\/wp\/v2\/posts\/12467\/revisions"}],"predecessor-version":[{"id":15214,"href":"https:\/\/www.lasociedadgeografica.com\/blog\/wp-json\/wp\/v2\/posts\/12467\/revisions\/15214"}],"wp:attachment":[{"href":"https:\/\/www.lasociedadgeografica.com\/blog\/wp-json\/wp\/v2\/media?parent=12467"}],"wp:term":[{"taxonomy":"category","embeddable":true,"href":"https:\/\/www.lasociedadgeografica.com\/blog\/wp-json\/wp\/v2\/categories?post=12467"},{"taxonomy":"post_tag","embeddable":true,"href":"https:\/\/www.lasociedadgeografica.com\/blog\/wp-json\/wp\/v2\/tags?post=12467"}],"curies":[{"name":"wp","href":"https:\/\/api.w.org\/{rel}","templated":true}]}}