{"id":1486,"date":"2010-10-02T00:31:45","date_gmt":"2010-10-01T22:31:45","guid":{"rendered":"https:\/\/www.lasociedadgeografica.com\/blog\/?p=1486"},"modified":"2017-09-21T13:38:11","modified_gmt":"2017-09-21T11:38:11","slug":"2-de-octubre-aniversario-del-nacimiento-de-gandhi","status":"publish","type":"post","link":"https:\/\/www.lasociedadgeografica.com\/blog\/festividades\/2-de-octubre-aniversario-del-nacimiento-de-gandhi\/","title":{"rendered":"2 de octubre: Aniversario del nacimiento de Gandhi"},"content":{"rendered":"\n\n<div class=\"kk-star-ratings kksr-auto kksr-align-left kksr-valign-top\"\n    data-payload='{&quot;align&quot;:&quot;left&quot;,&quot;id&quot;:&quot;1486&quot;,&quot;slug&quot;:&quot;default&quot;,&quot;valign&quot;:&quot;top&quot;,&quot;ignore&quot;:&quot;&quot;,&quot;reference&quot;:&quot;auto&quot;,&quot;class&quot;:&quot;&quot;,&quot;count&quot;:&quot;59&quot;,&quot;legendonly&quot;:&quot;&quot;,&quot;readonly&quot;:&quot;&quot;,&quot;score&quot;:&quot;4.8&quot;,&quot;starsonly&quot;:&quot;&quot;,&quot;best&quot;:&quot;5&quot;,&quot;gap&quot;:&quot;6&quot;,&quot;greet&quot;:&quot;&quot;,&quot;legend&quot;:&quot;4.8\\\/5 - (59 votos)&quot;,&quot;size&quot;:&quot;22&quot;,&quot;title&quot;:&quot;2 de octubre: Aniversario del nacimiento de Gandhi&quot;,&quot;width&quot;:&quot;131.4&quot;,&quot;_legend&quot;:&quot;{score}\\\/{best} - ({count} {votes})&quot;,&quot;font_factor&quot;:&quot;1.25&quot;}'>\n            \n<div class=\"kksr-stars\">\n    \n<div class=\"kksr-stars-inactive\">\n            <div class=\"kksr-star\" data-star=\"1\" style=\"padding-right: 6px\">\n            \n\n<div class=\"kksr-icon\" style=\"width: 22px; height: 22px;\"><\/div>\n        <\/div>\n            <div class=\"kksr-star\" data-star=\"2\" style=\"padding-right: 6px\">\n            \n\n<div class=\"kksr-icon\" style=\"width: 22px; height: 22px;\"><\/div>\n        <\/div>\n            <div class=\"kksr-star\" data-star=\"3\" style=\"padding-right: 6px\">\n            \n\n<div class=\"kksr-icon\" style=\"width: 22px; height: 22px;\"><\/div>\n        <\/div>\n            <div class=\"kksr-star\" data-star=\"4\" style=\"padding-right: 6px\">\n            \n\n<div class=\"kksr-icon\" style=\"width: 22px; height: 22px;\"><\/div>\n        <\/div>\n            <div class=\"kksr-star\" data-star=\"5\" style=\"padding-right: 6px\">\n            \n\n<div class=\"kksr-icon\" style=\"width: 22px; height: 22px;\"><\/div>\n        <\/div>\n    <\/div>\n    \n<div class=\"kksr-stars-active\" style=\"width: 131.4px;\">\n            <div class=\"kksr-star\" style=\"padding-right: 6px\">\n            \n\n<div class=\"kksr-icon\" style=\"width: 22px; height: 22px;\"><\/div>\n        <\/div>\n            <div class=\"kksr-star\" style=\"padding-right: 6px\">\n            \n\n<div class=\"kksr-icon\" style=\"width: 22px; height: 22px;\"><\/div>\n        <\/div>\n            <div class=\"kksr-star\" style=\"padding-right: 6px\">\n            \n\n<div class=\"kksr-icon\" style=\"width: 22px; height: 22px;\"><\/div>\n        <\/div>\n            <div class=\"kksr-star\" style=\"padding-right: 6px\">\n            \n\n<div class=\"kksr-icon\" style=\"width: 22px; height: 22px;\"><\/div>\n        <\/div>\n            <div class=\"kksr-star\" style=\"padding-right: 6px\">\n            \n\n<div class=\"kksr-icon\" style=\"width: 22px; height: 22px;\"><\/div>\n        <\/div>\n    <\/div>\n<\/div>\n                \n\n<div class=\"kksr-legend\" style=\"font-size: 17.6px;\">\n            4.8\/5 - (59 votos)    <\/div>\n    <\/div>\n<p>Cada 2 de octubre se celebra en India el <strong>Gandhi Jayanti<\/strong>, el aniversario del nacimiento de <a href=\"https:\/\/www.lasociedadgeografica.com\/blog\/sgi\/nacimiento-de-gandhi-mahatma-gandhji-jayanti\/\" target=\"_blank\" rel=\"noopener\">Mohandas Karamchand Gandhi<\/a> (1869).<br \/>\nTodo el pa\u00eds conmemora con gran reverencia a aquel peque\u00f1o gran hombre, hoy considerado \u201cPadre de la naci\u00f3n\u201d (\u201cBapu\u201d) por su relevante papel en la lucha por la Independencia frente al Imperio Brit\u00e1nico y su capacidad de unificar a millones de personas.<br \/>\nHoy s\u00edmbolo de paz y de verdad, <a href=\"https:\/\/www.lasociedadgeografica.com\/blog\/historia-2\/grandes-personajes\/gandhi-la-gran-figura-del-pensamiento-indio\/\" target=\"_blank\" rel=\"noopener\">Gandhi<\/a> destac\u00f3 por su capacidad de movilizaci\u00f3n, su sencillez y su fuerza de voluntad.<\/p>\n<p><div class=\"wp-caption aligncenter\" style=\"width: 470px\"><a href=\"http:\/\/www.flickr.com\/photos\/26742127@N04\/3465431264\/in\/set-72157617185659884\/\"><img loading=\"lazy\" decoding=\"async\" title=\"Memorial de Gandhi en Delhi\" src=\"\/\/farm4.static.flickr.com\/3560\/3465431264_514d6341b1.jpg\" alt=\"Memorial de Gandhi en Delhi. Foto: David Mart\u00edn, 2004\" width=\"470\" height=\"314\" \/><\/a><p class=\"wp-caption-text\">Memorial de Gandhi en Delhi. Foto: David Mart\u00edn, 2004<\/p><\/div><br \/>\n<a name=\"smore-\"><\/a><br \/>\nEn este d\u00eda, el Presidente y Primer Ministro junto con otros eminentes l\u00edderes pol\u00edticos, rinden tributo en el <a href=\"http:\/\/www.indiavideo.org\/delhi\/travel\/rajghat-gandhi-samthi-doc-977.php\" target=\"_blank\" rel=\"noopener\">Rajghat<\/a> (el samadhi o \u201cmemorial\u201d de <a href=\"https:\/\/www.lasociedadgeografica.com\/blog\/sgi\/mausoleo-de-gandhi\/\" target=\"_blank\" rel=\"noopener\">Mahatma Gandhi<\/a>), lugar que durante todo el d\u00eda recibe mayor afluencia de visitantes.<br \/>\nPara mostrar el respeto que Gandhi ten\u00eda por todas las religiones y comunidades, representantes de diferentes religiones toman parte en la reuni\u00f3n. Se leen versos y oraciones de los libros sagrados de todas las religiones y se interpreta su canci\u00f3n favorita, <a href=\"http:\/\/en.wikipedia.org\/wiki\/Raghupati_Raghava_Raja_Ram\" target=\"_blank\" rel=\"noopener\">Raghupati Raghava<\/a>.<\/p>\n<p>Adem\u00e1s de en Delhi, en muchos otros lugares del pa\u00eds se practican reuniones para orar en honor del \u201cMahatma\u201d. Es un d\u00eda de fiesta nacional, por lo que las oficinas y escuelas en todo el pa\u00eds permanecen cerradas.<br \/>\nM\u00e1s all\u00e1 de esto, y respetando la austeridad del propio Gandhi, no es un d\u00eda de grandes festejos o ruidosas celebraciones.<\/p>\n<p>A continuaci\u00f3n algunas im\u00e1genes de la vida de Gandhi, acompa\u00f1adas de la canci\u00f3n \u00abRaghupati Rghava\u00bb:<\/p>\n<p><object width=\"470\" height=\"385\" classid=\"clsid:d27cdb6e-ae6d-11cf-96b8-444553540000\" codebase=\"http:\/\/download.macromedia.com\/pub\/shockwave\/cabs\/flash\/swflash.cab#version=6,0,40,0\"><param name=\"allowFullScreen\" value=\"true\" \/><param name=\"allowscriptaccess\" value=\"always\" \/><param name=\"src\" value=\"http:\/\/www.youtube.com\/v\/klwwVY-NXO0?fs=1&amp;hl=es_ES\" \/><param name=\"allowfullscreen\" value=\"true\" \/><embed type=\"application\/x-shockwave-flash\" width=\"470\" height=\"385\" src=\"\/\/www.youtube.com\/v\/klwwVY-NXO0?fs=1&amp;hl=es_ES\" allowscriptaccess=\"always\" allowfullscreen=\"allowfullscreen\" \/><\/object><\/p>\n<p><span style=\"color: #808080;\"><em>&#8212;<br \/>\n<strong>Sobre el autor:<\/strong> <\/em><\/span><a href=\"https:\/\/www.lasociedadgeografica.com\/blog\/author\/david\/\"><span style=\"color: #808080;\"><em><strong><img loading=\"lazy\" decoding=\"async\" class=\"alignleft\" style=\"border: 0pt none; margin-right: 5px;\" title=\"David Mart\u00edn\" src=\"\/\/www.lasociedadgeografica.com\/blog\/wp-content\/authors\/david-4.jpg\" alt=\"David\" width=\"57\" height=\"71\" \/><\/strong><\/em><\/span><\/a><span style=\"color: #808080;\"><em><a href=\"https:\/\/www.lasociedadgeografica.com\/blog\/author\/david\/\">David Mart\u00edn<\/a> es colaborador de Sociedad Geogr\u00e1fica de las Indias. Fascinado por India, sus gentes y su diversidad, David colabora con Sociedad Geogr\u00e1fica de las Indias desde 2008, haci\u00e9ndolo compatible con su trabajo en organizaciones como Unicef o Amnist\u00eda Internacional. Con nosotros ha dirigido la estrategia de comunicaci\u00f3n y redes sociales hasta 2011 y actualmente colabora aportando una visi\u00f3n humana, transformadora y comprometida, asegurando que un viaje exclusivo y de alta calidad sea compatible con una experiencia enfocada al descubrimiento y el respeto por las personas y las costumbres locales. Para m\u00e1s informaci\u00f3n: [<a href=\"\/\/www.lasociedadgeografica.com\/blog\/aboutsgi\/\">Qui\u00e9nes somos<\/a>]<br \/>\n<\/em><\/span><\/p>\n","protected":false},"excerpt":{"rendered":"<p>Cada 2 de octubre se celebra en India el \u00abGandhi Jayanti\u00bb, el aniversario del nacimiento de Gandhi (1869). <\/p>\n","protected":false},"author":2,"featured_media":0,"comment_status":"open","ping_status":"open","sticky":false,"template":"","format":"standard","meta":{"footnotes":""},"categories":[143,430],"tags":[402,555,169,147,144,315,401,400],"class_list":["post-1486","post","type-post","status-publish","format-standard","hentry","category-festividades","category-historia-2","tag-bapu","tag-david-martin","tag-gandhi","tag-imperio-britanico","tag-independencia","tag-mahatma","tag-raghupati-rghava","tag-rajghat"],"yoast_head":"<!-- This site is optimized with the Yoast SEO plugin v27.4 - https:\/\/yoast.com\/product\/yoast-seo-wordpress\/ -->\n<title>2 de octubre: Aniversario del nacimiento de Gandhi<\/title>\n<meta name=\"robots\" content=\"index, follow, max-snippet:-1, max-image-preview:large, max-video-preview:-1\" \/>\n<link rel=\"canonical\" href=\"https:\/\/www.lasociedadgeografica.com\/blog\/festividades\/2-de-octubre-aniversario-del-nacimiento-de-gandhi\/\" \/>\n<meta property=\"og:locale\" content=\"es_ES\" \/>\n<meta property=\"og:type\" content=\"article\" \/>\n<meta property=\"og:title\" content=\"2 de octubre: Aniversario del nacimiento de Gandhi\" \/>\n<meta property=\"og:description\" content=\"Cada 2 de octubre se celebra en India el &quot;Gandhi Jayanti&quot;, el aniversario del nacimiento de Gandhi (1869).\" \/>\n<meta property=\"og:url\" content=\"https:\/\/www.lasociedadgeografica.com\/blog\/festividades\/2-de-octubre-aniversario-del-nacimiento-de-gandhi\/\" \/>\n<meta property=\"og:site_name\" content=\"Blog de viajes a India\" \/>\n<meta property=\"article:published_time\" content=\"2010-10-01T22:31:45+00:00\" \/>\n<meta property=\"article:modified_time\" content=\"2017-09-21T11:38:11+00:00\" \/>\n<meta property=\"og:image\" content=\"\/\/farm4.static.flickr.com\/3560\/3465431264_514d6341b1.jpg\" \/>\n<meta name=\"author\" content=\"David Mart\u00edn\" \/>\n<meta name=\"twitter:label1\" content=\"Escrito por\" \/>\n\t<meta name=\"twitter:data1\" content=\"David Mart\u00edn\" \/>\n\t<meta name=\"twitter:label2\" content=\"Tiempo de lectura\" \/>\n\t<meta name=\"twitter:data2\" content=\"2 minutos\" \/>\n<script type=\"application\/ld+json\" class=\"yoast-schema-graph\">{\"@context\":\"https:\\\/\\\/schema.org\",\"@graph\":[{\"@type\":\"Article\",\"@id\":\"https:\\\/\\\/www.lasociedadgeografica.com\\\/blog\\\/festividades\\\/2-de-octubre-aniversario-del-nacimiento-de-gandhi\\\/#article\",\"isPartOf\":{\"@id\":\"https:\\\/\\\/www.lasociedadgeografica.com\\\/blog\\\/festividades\\\/2-de-octubre-aniversario-del-nacimiento-de-gandhi\\\/\"},\"author\":{\"name\":\"David Mart\u00edn\",\"@id\":\"https:\\\/\\\/www.lasociedadgeografica.com\\\/blog\\\/#\\\/schema\\\/person\\\/c3fd06f3625d716f030fd9f382a82c53\"},\"headline\":\"2 de octubre: Aniversario del nacimiento de Gandhi\",\"datePublished\":\"2010-10-01T22:31:45+00:00\",\"dateModified\":\"2017-09-21T11:38:11+00:00\",\"mainEntityOfPage\":{\"@id\":\"https:\\\/\\\/www.lasociedadgeografica.com\\\/blog\\\/festividades\\\/2-de-octubre-aniversario-del-nacimiento-de-gandhi\\\/\"},\"wordCount\":387,\"commentCount\":3,\"keywords\":[\"Bapu\",\"David Mart\u00edn\",\"gandhi\",\"imperio brit\u00e1nico\",\"independencia\",\"Mahatma\",\"Raghupati Rghava\",\"rajghat\"],\"articleSection\":[\"Festividades\",\"Historia\"],\"inLanguage\":\"es\",\"potentialAction\":[{\"@type\":\"CommentAction\",\"name\":\"Comment\",\"target\":[\"https:\\\/\\\/www.lasociedadgeografica.com\\\/blog\\\/festividades\\\/2-de-octubre-aniversario-del-nacimiento-de-gandhi\\\/#respond\"]}]},{\"@type\":\"WebPage\",\"@id\":\"https:\\\/\\\/www.lasociedadgeografica.com\\\/blog\\\/festividades\\\/2-de-octubre-aniversario-del-nacimiento-de-gandhi\\\/\",\"url\":\"https:\\\/\\\/www.lasociedadgeografica.com\\\/blog\\\/festividades\\\/2-de-octubre-aniversario-del-nacimiento-de-gandhi\\\/\",\"name\":\"2 de octubre: Aniversario del nacimiento de Gandhi\",\"isPartOf\":{\"@id\":\"https:\\\/\\\/www.lasociedadgeografica.com\\\/blog\\\/#website\"},\"datePublished\":\"2010-10-01T22:31:45+00:00\",\"dateModified\":\"2017-09-21T11:38:11+00:00\",\"author\":{\"@id\":\"https:\\\/\\\/www.lasociedadgeografica.com\\\/blog\\\/#\\\/schema\\\/person\\\/c3fd06f3625d716f030fd9f382a82c53\"},\"breadcrumb\":{\"@id\":\"https:\\\/\\\/www.lasociedadgeografica.com\\\/blog\\\/festividades\\\/2-de-octubre-aniversario-del-nacimiento-de-gandhi\\\/#breadcrumb\"},\"inLanguage\":\"es\",\"potentialAction\":[{\"@type\":\"ReadAction\",\"target\":[\"https:\\\/\\\/www.lasociedadgeografica.com\\\/blog\\\/festividades\\\/2-de-octubre-aniversario-del-nacimiento-de-gandhi\\\/\"]}]},{\"@type\":\"BreadcrumbList\",\"@id\":\"https:\\\/\\\/www.lasociedadgeografica.com\\\/blog\\\/festividades\\\/2-de-octubre-aniversario-del-nacimiento-de-gandhi\\\/#breadcrumb\",\"itemListElement\":[{\"@type\":\"ListItem\",\"position\":1,\"name\":\"Portada\",\"item\":\"https:\\\/\\\/www.lasociedadgeografica.com\\\/blog\\\/\"},{\"@type\":\"ListItem\",\"position\":2,\"name\":\"2 de octubre: Aniversario del nacimiento de Gandhi\"}]},{\"@type\":\"WebSite\",\"@id\":\"https:\\\/\\\/www.lasociedadgeografica.com\\\/blog\\\/#website\",\"url\":\"https:\\\/\\\/www.lasociedadgeografica.com\\\/blog\\\/\",\"name\":\"Blog de viajes a India\",\"description\":\"Un lugar para Conocer India, con may\u00fasculas. El Blog de Sociedad Geogr\u00e1fica de las Indias.\",\"potentialAction\":[{\"@type\":\"SearchAction\",\"target\":{\"@type\":\"EntryPoint\",\"urlTemplate\":\"https:\\\/\\\/www.lasociedadgeografica.com\\\/blog\\\/?s={search_term_string}\"},\"query-input\":{\"@type\":\"PropertyValueSpecification\",\"valueRequired\":true,\"valueName\":\"search_term_string\"}}],\"inLanguage\":\"es\"},{\"@type\":\"Person\",\"@id\":\"https:\\\/\\\/www.lasociedadgeografica.com\\\/blog\\\/#\\\/schema\\\/person\\\/c3fd06f3625d716f030fd9f382a82c53\",\"name\":\"David Mart\u00edn\",\"image\":{\"@type\":\"ImageObject\",\"inLanguage\":\"es\",\"@id\":\"https:\\\/\\\/secure.gravatar.com\\\/avatar\\\/?s=96&r=g\",\"url\":\"https:\\\/\\\/secure.gravatar.com\\\/avatar\\\/?s=96&r=g\",\"contentUrl\":\"https:\\\/\\\/secure.gravatar.com\\\/avatar\\\/?s=96&r=g\",\"caption\":\"David Mart\u00edn\"},\"description\":\"Fascinado por India, sus gentes y su diversidad, David colabora con Sociedad Geogr\u00e1fica de las Indias desde 2008, haci\u00e9ndolo compatible con su trabajo en organizaciones como Unicef o Amnist\u00eda Internacional. Con nosotros ha dirigido la estrategia de comunicaci\u00f3n y redes sociales hasta 2011 y actualmente colabora aportando una visi\u00f3n humana, transformadora y comprometida, asegurando que un viaje exclusivo y de alta calidad sea compatible con una experiencia enfocada al descubrimiento y el respeto por las personas y las costumbres locales\",\"sameAs\":[\"https:\\\/\\\/www.lasociedadgeografica.com\\\/blog\\\/\"],\"url\":\"https:\\\/\\\/www.lasociedadgeografica.com\\\/blog\\\/author\\\/david\\\/\"}]}<\/script>\n<!-- \/ Yoast SEO plugin. -->","yoast_head_json":{"title":"2 de octubre: Aniversario del nacimiento de Gandhi","robots":{"index":"index","follow":"follow","max-snippet":"max-snippet:-1","max-image-preview":"max-image-preview:large","max-video-preview":"max-video-preview:-1"},"canonical":"https:\/\/www.lasociedadgeografica.com\/blog\/festividades\/2-de-octubre-aniversario-del-nacimiento-de-gandhi\/","og_locale":"es_ES","og_type":"article","og_title":"2 de octubre: Aniversario del nacimiento de Gandhi","og_description":"Cada 2 de octubre se celebra en India el \"Gandhi Jayanti\", el aniversario del nacimiento de Gandhi (1869).","og_url":"https:\/\/www.lasociedadgeografica.com\/blog\/festividades\/2-de-octubre-aniversario-del-nacimiento-de-gandhi\/","og_site_name":"Blog de viajes a India","article_published_time":"2010-10-01T22:31:45+00:00","article_modified_time":"2017-09-21T11:38:11+00:00","og_image":[{"url":"\/\/farm4.static.flickr.com\/3560\/3465431264_514d6341b1.jpg","type":"","width":"","height":""}],"author":"David Mart\u00edn","twitter_misc":{"Escrito por":"David Mart\u00edn","Tiempo de lectura":"2 minutos"},"schema":{"@context":"https:\/\/schema.org","@graph":[{"@type":"Article","@id":"https:\/\/www.lasociedadgeografica.com\/blog\/festividades\/2-de-octubre-aniversario-del-nacimiento-de-gandhi\/#article","isPartOf":{"@id":"https:\/\/www.lasociedadgeografica.com\/blog\/festividades\/2-de-octubre-aniversario-del-nacimiento-de-gandhi\/"},"author":{"name":"David Mart\u00edn","@id":"https:\/\/www.lasociedadgeografica.com\/blog\/#\/schema\/person\/c3fd06f3625d716f030fd9f382a82c53"},"headline":"2 de octubre: Aniversario del nacimiento de Gandhi","datePublished":"2010-10-01T22:31:45+00:00","dateModified":"2017-09-21T11:38:11+00:00","mainEntityOfPage":{"@id":"https:\/\/www.lasociedadgeografica.com\/blog\/festividades\/2-de-octubre-aniversario-del-nacimiento-de-gandhi\/"},"wordCount":387,"commentCount":3,"keywords":["Bapu","David Mart\u00edn","gandhi","imperio brit\u00e1nico","independencia","Mahatma","Raghupati Rghava","rajghat"],"articleSection":["Festividades","Historia"],"inLanguage":"es","potentialAction":[{"@type":"CommentAction","name":"Comment","target":["https:\/\/www.lasociedadgeografica.com\/blog\/festividades\/2-de-octubre-aniversario-del-nacimiento-de-gandhi\/#respond"]}]},{"@type":"WebPage","@id":"https:\/\/www.lasociedadgeografica.com\/blog\/festividades\/2-de-octubre-aniversario-del-nacimiento-de-gandhi\/","url":"https:\/\/www.lasociedadgeografica.com\/blog\/festividades\/2-de-octubre-aniversario-del-nacimiento-de-gandhi\/","name":"2 de octubre: Aniversario del nacimiento de Gandhi","isPartOf":{"@id":"https:\/\/www.lasociedadgeografica.com\/blog\/#website"},"datePublished":"2010-10-01T22:31:45+00:00","dateModified":"2017-09-21T11:38:11+00:00","author":{"@id":"https:\/\/www.lasociedadgeografica.com\/blog\/#\/schema\/person\/c3fd06f3625d716f030fd9f382a82c53"},"breadcrumb":{"@id":"https:\/\/www.lasociedadgeografica.com\/blog\/festividades\/2-de-octubre-aniversario-del-nacimiento-de-gandhi\/#breadcrumb"},"inLanguage":"es","potentialAction":[{"@type":"ReadAction","target":["https:\/\/www.lasociedadgeografica.com\/blog\/festividades\/2-de-octubre-aniversario-del-nacimiento-de-gandhi\/"]}]},{"@type":"BreadcrumbList","@id":"https:\/\/www.lasociedadgeografica.com\/blog\/festividades\/2-de-octubre-aniversario-del-nacimiento-de-gandhi\/#breadcrumb","itemListElement":[{"@type":"ListItem","position":1,"name":"Portada","item":"https:\/\/www.lasociedadgeografica.com\/blog\/"},{"@type":"ListItem","position":2,"name":"2 de octubre: Aniversario del nacimiento de Gandhi"}]},{"@type":"WebSite","@id":"https:\/\/www.lasociedadgeografica.com\/blog\/#website","url":"https:\/\/www.lasociedadgeografica.com\/blog\/","name":"Blog de viajes a India","description":"Un lugar para Conocer India, con may\u00fasculas. El Blog de Sociedad Geogr\u00e1fica de las Indias.","potentialAction":[{"@type":"SearchAction","target":{"@type":"EntryPoint","urlTemplate":"https:\/\/www.lasociedadgeografica.com\/blog\/?s={search_term_string}"},"query-input":{"@type":"PropertyValueSpecification","valueRequired":true,"valueName":"search_term_string"}}],"inLanguage":"es"},{"@type":"Person","@id":"https:\/\/www.lasociedadgeografica.com\/blog\/#\/schema\/person\/c3fd06f3625d716f030fd9f382a82c53","name":"David Mart\u00edn","image":{"@type":"ImageObject","inLanguage":"es","@id":"https:\/\/secure.gravatar.com\/avatar\/?s=96&r=g","url":"https:\/\/secure.gravatar.com\/avatar\/?s=96&r=g","contentUrl":"https:\/\/secure.gravatar.com\/avatar\/?s=96&r=g","caption":"David Mart\u00edn"},"description":"Fascinado por India, sus gentes y su diversidad, David colabora con Sociedad Geogr\u00e1fica de las Indias desde 2008, haci\u00e9ndolo compatible con su trabajo en organizaciones como Unicef o Amnist\u00eda Internacional. Con nosotros ha dirigido la estrategia de comunicaci\u00f3n y redes sociales hasta 2011 y actualmente colabora aportando una visi\u00f3n humana, transformadora y comprometida, asegurando que un viaje exclusivo y de alta calidad sea compatible con una experiencia enfocada al descubrimiento y el respeto por las personas y las costumbres locales","sameAs":["https:\/\/www.lasociedadgeografica.com\/blog\/"],"url":"https:\/\/www.lasociedadgeografica.com\/blog\/author\/david\/"}]}},"_links":{"self":[{"href":"https:\/\/www.lasociedadgeografica.com\/blog\/wp-json\/wp\/v2\/posts\/1486","targetHints":{"allow":["GET"]}}],"collection":[{"href":"https:\/\/www.lasociedadgeografica.com\/blog\/wp-json\/wp\/v2\/posts"}],"about":[{"href":"https:\/\/www.lasociedadgeografica.com\/blog\/wp-json\/wp\/v2\/types\/post"}],"author":[{"embeddable":true,"href":"https:\/\/www.lasociedadgeografica.com\/blog\/wp-json\/wp\/v2\/users\/2"}],"replies":[{"embeddable":true,"href":"https:\/\/www.lasociedadgeografica.com\/blog\/wp-json\/wp\/v2\/comments?post=1486"}],"version-history":[{"count":15,"href":"https:\/\/www.lasociedadgeografica.com\/blog\/wp-json\/wp\/v2\/posts\/1486\/revisions"}],"predecessor-version":[{"id":22498,"href":"https:\/\/www.lasociedadgeografica.com\/blog\/wp-json\/wp\/v2\/posts\/1486\/revisions\/22498"}],"wp:attachment":[{"href":"https:\/\/www.lasociedadgeografica.com\/blog\/wp-json\/wp\/v2\/media?parent=1486"}],"wp:term":[{"taxonomy":"category","embeddable":true,"href":"https:\/\/www.lasociedadgeografica.com\/blog\/wp-json\/wp\/v2\/categories?post=1486"},{"taxonomy":"post_tag","embeddable":true,"href":"https:\/\/www.lasociedadgeografica.com\/blog\/wp-json\/wp\/v2\/tags?post=1486"}],"curies":[{"name":"wp","href":"https:\/\/api.w.org\/{rel}","templated":true}]}}