{"id":1613,"date":"2010-10-08T18:17:29","date_gmt":"2010-10-08T16:17:29","guid":{"rendered":"https:\/\/www.lasociedadgeografica.com\/blog\/?p=1613"},"modified":"2018-03-02T10:34:39","modified_gmt":"2018-03-02T09:34:39","slug":"fundacion-vicente-ferrer-sociedad-geografica-de-las-indias","status":"publish","type":"post","link":"https:\/\/www.lasociedadgeografica.com\/blog\/actividades\/fundacion-vicente-ferrer-sociedad-geografica-de-las-indias\/","title":{"rendered":"La Fundaci\u00f3n Vicente Ferrer"},"content":{"rendered":"\n\n<div class=\"kk-star-ratings kksr-auto kksr-align-left kksr-valign-top\"\n    data-payload='{&quot;align&quot;:&quot;left&quot;,&quot;id&quot;:&quot;1613&quot;,&quot;slug&quot;:&quot;default&quot;,&quot;valign&quot;:&quot;top&quot;,&quot;ignore&quot;:&quot;&quot;,&quot;reference&quot;:&quot;auto&quot;,&quot;class&quot;:&quot;&quot;,&quot;count&quot;:&quot;1&quot;,&quot;legendonly&quot;:&quot;&quot;,&quot;readonly&quot;:&quot;&quot;,&quot;score&quot;:&quot;5&quot;,&quot;starsonly&quot;:&quot;&quot;,&quot;best&quot;:&quot;5&quot;,&quot;gap&quot;:&quot;6&quot;,&quot;greet&quot;:&quot;&quot;,&quot;legend&quot;:&quot;5\\\/5 - (1 voto)&quot;,&quot;size&quot;:&quot;22&quot;,&quot;title&quot;:&quot;La Fundaci\u00f3n Vicente Ferrer&quot;,&quot;width&quot;:&quot;137&quot;,&quot;_legend&quot;:&quot;{score}\\\/{best} - ({count} {votes})&quot;,&quot;font_factor&quot;:&quot;1.25&quot;}'>\n            \n<div class=\"kksr-stars\">\n    \n<div class=\"kksr-stars-inactive\">\n            <div class=\"kksr-star\" data-star=\"1\" style=\"padding-right: 6px\">\n            \n\n<div class=\"kksr-icon\" style=\"width: 22px; height: 22px;\"><\/div>\n        <\/div>\n            <div class=\"kksr-star\" data-star=\"2\" style=\"padding-right: 6px\">\n            \n\n<div class=\"kksr-icon\" style=\"width: 22px; height: 22px;\"><\/div>\n        <\/div>\n            <div class=\"kksr-star\" data-star=\"3\" style=\"padding-right: 6px\">\n            \n\n<div class=\"kksr-icon\" style=\"width: 22px; height: 22px;\"><\/div>\n        <\/div>\n            <div class=\"kksr-star\" data-star=\"4\" style=\"padding-right: 6px\">\n            \n\n<div class=\"kksr-icon\" style=\"width: 22px; height: 22px;\"><\/div>\n        <\/div>\n            <div class=\"kksr-star\" data-star=\"5\" style=\"padding-right: 6px\">\n            \n\n<div class=\"kksr-icon\" style=\"width: 22px; height: 22px;\"><\/div>\n        <\/div>\n    <\/div>\n    \n<div class=\"kksr-stars-active\" style=\"width: 137px;\">\n            <div class=\"kksr-star\" style=\"padding-right: 6px\">\n            \n\n<div class=\"kksr-icon\" style=\"width: 22px; height: 22px;\"><\/div>\n        <\/div>\n            <div class=\"kksr-star\" style=\"padding-right: 6px\">\n            \n\n<div class=\"kksr-icon\" style=\"width: 22px; height: 22px;\"><\/div>\n        <\/div>\n            <div class=\"kksr-star\" style=\"padding-right: 6px\">\n            \n\n<div class=\"kksr-icon\" style=\"width: 22px; height: 22px;\"><\/div>\n        <\/div>\n            <div class=\"kksr-star\" style=\"padding-right: 6px\">\n            \n\n<div class=\"kksr-icon\" style=\"width: 22px; height: 22px;\"><\/div>\n        <\/div>\n            <div class=\"kksr-star\" style=\"padding-right: 6px\">\n            \n\n<div class=\"kksr-icon\" style=\"width: 22px; height: 22px;\"><\/div>\n        <\/div>\n    <\/div>\n<\/div>\n                \n\n<div class=\"kksr-legend\" style=\"font-size: 17.6px;\">\n            5\/5 - (1 voto)    <\/div>\n    <\/div>\n<p><em>Son varios los reconocimientos y premios que posee la Fundaci\u00f3n Vicente Ferrer, pero de momento no ha podido sumar el <a href=\"http:\/\/nobelprize.org\/\" target=\"_blank\" rel=\"noopener\">Premio Nobel de la Paz 2010<\/a> al que era candidata, ya que finalmente fue a parar al disidente Liu Xiaobo por su lucha por los derechos humanos en China. <\/em><\/p>\n<p>La <a href=\"http:\/\/www.fundacionvicenteferrer.org\/\" target=\"_blank\" rel=\"noopener\">Fundaci\u00f3n Vicente Ferrer<\/a> es una ONG de desarrollo, de car\u00e1cter apol\u00edtico y aconfesional, comprometida con la mejora de las condiciones de vida y el proceso de transformaci\u00f3n de una de las zonas m\u00e1s pobres y necesitadas de la India.<br \/>\n<strong>Su sede se ubica en <a href=\"http:\/\/maps.google.es\/maps?q=Anantapur+google+maps&amp;oe=utf-8&amp;client=firefox-a&amp;ie=UTF8&amp;hq=&amp;hnear=Anantapur,+Andhra+Pradesh,+India&amp;gl=es&amp;ei=eAavTOaFBMyH4Aa83fXDBg&amp;ved=0CBkQ8gEwAA&amp;t=h&amp;z=12\" target=\"_blank\" rel=\"noopener\">Anantapur (Andhra Pradesh)<\/a>, y dedica sus esfuerzos a algunas de las comunidades m\u00e1s excluidas del planeta, los d\u00e1lits o \u201cintocables\u201d, y otras <a href=\"https:\/\/www.lasociedadgeografica.com\/blog\/curiosidades\/las-castas-en-india\/\" target=\"_blank\" rel=\"noopener\">castas<\/a> desfavorecidas y grupos tribales. <\/strong><\/p>\n<p>La Fundaci\u00f3n destaca por ser un ejemplo de cooperaci\u00f3n firmemente basado en la acci\u00f3n y enfocado en las capacidades de las personas, as\u00ed como de respeto por la cultura y las costumbres locales.<br \/>\nSu actividad tiene siempre un <strong>enfoque integral<\/strong>, multidimensional, centrado en \u00e1reas como la educaci\u00f3n (escolarizaci\u00f3n, construcci\u00f3n de escuelas, programa de becas\u2026), sanidad (infraestructuras, prevenci\u00f3n y h\u00e1bitos saludables\u2026), g\u00e9nero (lucha contra la discriminaci\u00f3n), combatir y prevenir la sequ\u00eda (en una \u00e1rida regi\u00f3n donde el 60% de la poblaci\u00f3n vive de la agricultura), vivienda, trabajo personas con discapacidad o <a href=\"http:\/\/www.camisetasolidaria.es\/fvf\/index.asp\" target=\"_blank\" rel=\"noopener\">comercio justo<\/a>.<\/p>\n<p style=\"text-align: center;\"><a href=\"\/\/www.lasociedadgeografica.com\/blog\/uploads\/2010\/10\/vicente_ferrer.jpg\"><img loading=\"lazy\" decoding=\"async\" class=\"aligncenter size-full wp-image-1619\" title=\"vicente_ferrer\" src=\"\/\/www.lasociedadgeografica.com\/blog\/uploads\/2010\/10\/vicente_ferrer.jpg\" alt=\"Vicente Ferrer\" width=\"480\" height=\"239\" srcset=\"https:\/\/www.lasociedadgeografica.com\/blog\/uploads\/2010\/10\/vicente_ferrer.jpg 480w, https:\/\/www.lasociedadgeografica.com\/blog\/uploads\/2010\/10\/vicente_ferrer-300x149.jpg 300w\" sizes=\"auto, (max-width: 480px) 100vw, 480px\" \/><\/a><br \/>\n<a name=\"smore-\"><\/a>\n<\/p>\n<p style=\"text-align: left;\">Es apasionante leer la historia del Vicente Ferrer cooperante y ex-jesu\u00edta (hay <a href=\"http:\/\/es.wikipedia.org\/wiki\/Fundaci%C3%B3n_Vicente_Ferrer\" target=\"_blank\" rel=\"noopener\">bibliograf\u00eda<\/a> para hacerlo), realmente digna de una novela o una pel\u00edcula.<br \/>\nTras m\u00faltiples e intensas vivencias personales, Ferrer comenz\u00f3 sus actividades de cooperaci\u00f3n en India en 1952, como jesuita en Mumbai. Pero no ser\u00eda hasta el a\u00f1o 1969 cuando se instal\u00f3 definitivamente y se cre\u00f3 la Fundaci\u00f3n. Y no fue hasta 1996 no estableci\u00f3 su red de oficinas en Espa\u00f1a, con sede principal en Barcelona.<\/p>\n<p>Hoy trabajan para la Fundaci\u00f3n casi 2.000 personas, de las cuales el 99% son de Anantapur. Su trabajo llega a m\u00e1s de 2.200 pueblos y aldeas y beneficia a m\u00e1s de dos millones y medio de personas.<br \/>\nLa pr\u00e1ctica totalidad de los recursos de la Fundaci\u00f3n Vicente Ferrer proceden de fondos privados. M\u00e1s all\u00e1 de otras fuentes de colaboraci\u00f3n, en Espa\u00f1a cuenta con m\u00e1s de 150.000 padrinos.<\/p>\n<p>Vicente Ferrer <a href=\"http:\/\/www.elpais.com\/videos\/sociedad\/Vicente\/Ferrer\/sera\/enterrado\/lunes\/India\/elpvidsoc\/20090619elpepusoc_2\/Ves\/\" target=\"_blank\" rel=\"noopener\">falleci\u00f3 en 2009<\/a> a los 89 a\u00f1os, pero con su Fundaci\u00f3n nos dej\u00f3 una obra inmortal. Millones de historias humanas, millones de pasos andados y caminos construidos, un ejemplo de entrega y humildad que constituyen una valios\u00edsima herencia universal.<\/p>\n<p><strong><em>Sociedad Geogr\u00e1fica de las Indias<\/em> visita habitualmente los proyectos e instalaciones de la Fundaci\u00f3n Vicente Ferrer en Anatapur, con aquellos viajeros que lo desean<\/strong>. Para m\u00e1s informaci\u00f3n, <a href=\"\/\/www.lasociedadgeografica.com\/blog\/nuestros-viajes\/\">contacte con nosotros<\/a>.<\/p>\n<p><span style=\"color: #808080;\"><em>&#8212;<br \/>\n<strong>Sobre el autor:<\/strong> <\/em><\/span><a href=\"https:\/\/www.lasociedadgeografica.com\/blog\/author\/david\/\"><span style=\"color: #808080;\"><em><strong><img loading=\"lazy\" decoding=\"async\" class=\"alignleft\" style=\"border: 0pt none; margin-right: 5px;\" title=\"David Mart\u00edn\" src=\"\/\/www.lasociedadgeografica.com\/blog\/wp-content\/authors\/david-4.jpg\" alt=\"David\" width=\"57\" height=\"71\" \/><\/strong><\/em><\/span><\/a><span style=\"color: #808080;\"><em><a href=\"https:\/\/www.lasociedadgeografica.com\/blog\/author\/david\/\">David Mart\u00edn<\/a> es colaborador de Sociedad Geogr\u00e1fica de las Indias. Fascinado por India, sus gentes y su diversidad, David colabora con Sociedad Geogr\u00e1fica de las Indias desde 2008, haci\u00e9ndolo compatible con su trabajo en organizaciones como Unicef o Amnist\u00eda Internacional. Con nosotros ha dirigido la estrategia de comunicaci\u00f3n y redes sociales hasta 2011 y actualmente colabora aportando una visi\u00f3n humana, transformadora y comprometida, asegurando que un viaje exclusivo y de alta calidad sea compatible con una experiencia enfocada al descubrimiento y el respeto por las personas y las costumbres locales. Para m\u00e1s informaci\u00f3n: [<a href=\"\/\/www.lasociedadgeografica.com\/blog\/aboutsgi\/\">Qui\u00e9nes somos<\/a>]<br \/>\n<\/em><\/span><\/p>\n","protected":false},"excerpt":{"rendered":"<p>La Fundaci\u00f3n Vicente Ferrer es una ONG de desarrollo comprometida con la mejora de las condiciones de vida de una de las zonas m\u00e1s pobres y necesitadas de la India. Por el momento, el Premio Nobel tendr\u00e1 que esperar.<\/p>\n","protected":false},"author":2,"featured_media":0,"comment_status":"open","ping_status":"open","sticky":false,"template":"","format":"standard","meta":{"footnotes":""},"categories":[3,1099,108],"tags":[444,424,31,442,445,166,555,440,167,443,110,441],"class_list":["post-1613","post","type-post","status-publish","format-standard","hentry","category-actividades","category-destinos","category-solidaridad","tag-anantapur","tag-andhra-pradesh","tag-castas","tag-china","tag-comercio-justo","tag-dalits","tag-david-martin","tag-fundacion","tag-intocables","tag-nobel","tag-ong","tag-vicente-ferrer"],"yoast_head":"<!-- This site is optimized with the Yoast SEO plugin v27.4 - https:\/\/yoast.com\/product\/yoast-seo-wordpress\/ -->\n<title>La Fundaci\u00f3n Vicente Ferrer<\/title>\n<meta name=\"robots\" content=\"index, follow, max-snippet:-1, max-image-preview:large, max-video-preview:-1\" \/>\n<link rel=\"canonical\" href=\"https:\/\/www.lasociedadgeografica.com\/blog\/actividades\/fundacion-vicente-ferrer-sociedad-geografica-de-las-indias\/\" \/>\n<meta property=\"og:locale\" content=\"es_ES\" \/>\n<meta property=\"og:type\" content=\"article\" \/>\n<meta property=\"og:title\" content=\"La Fundaci\u00f3n Vicente Ferrer\" \/>\n<meta property=\"og:description\" content=\"La Fundaci\u00f3n Vicente Ferrer es una ONG de desarrollo comprometida con la mejora de las condiciones de vida de una de las zonas m\u00e1s pobres y necesitadas de la India. Por el momento, el Premio Nobel tendr\u00e1 que esperar.\" \/>\n<meta property=\"og:url\" content=\"https:\/\/www.lasociedadgeografica.com\/blog\/actividades\/fundacion-vicente-ferrer-sociedad-geografica-de-las-indias\/\" \/>\n<meta property=\"og:site_name\" content=\"Blog de viajes a India\" \/>\n<meta property=\"article:published_time\" content=\"2010-10-08T16:17:29+00:00\" \/>\n<meta property=\"article:modified_time\" content=\"2018-03-02T09:34:39+00:00\" \/>\n<meta property=\"og:image\" content=\"\/\/www.lasociedadgeografica.com\/blog\/uploads\/2010\/10\/vicente_ferrer.jpg\" \/>\n<meta name=\"author\" content=\"David Mart\u00edn\" \/>\n<meta name=\"twitter:label1\" content=\"Escrito por\" \/>\n\t<meta name=\"twitter:data1\" content=\"David Mart\u00edn\" \/>\n\t<meta name=\"twitter:label2\" content=\"Tiempo de lectura\" \/>\n\t<meta name=\"twitter:data2\" content=\"3 minutos\" \/>\n<script type=\"application\/ld+json\" class=\"yoast-schema-graph\">{\"@context\":\"https:\\\/\\\/schema.org\",\"@graph\":[{\"@type\":\"Article\",\"@id\":\"https:\\\/\\\/www.lasociedadgeografica.com\\\/blog\\\/actividades\\\/fundacion-vicente-ferrer-sociedad-geografica-de-las-indias\\\/#article\",\"isPartOf\":{\"@id\":\"https:\\\/\\\/www.lasociedadgeografica.com\\\/blog\\\/actividades\\\/fundacion-vicente-ferrer-sociedad-geografica-de-las-indias\\\/\"},\"author\":{\"name\":\"David Mart\u00edn\",\"@id\":\"https:\\\/\\\/www.lasociedadgeografica.com\\\/blog\\\/#\\\/schema\\\/person\\\/c3fd06f3625d716f030fd9f382a82c53\"},\"headline\":\"La Fundaci\u00f3n Vicente Ferrer\",\"datePublished\":\"2010-10-08T16:17:29+00:00\",\"dateModified\":\"2018-03-02T09:34:39+00:00\",\"mainEntityOfPage\":{\"@id\":\"https:\\\/\\\/www.lasociedadgeografica.com\\\/blog\\\/actividades\\\/fundacion-vicente-ferrer-sociedad-geografica-de-las-indias\\\/\"},\"wordCount\":575,\"commentCount\":5,\"keywords\":[\"anantapur\",\"Andhra Pradesh\",\"castas\",\"china\",\"comercio justo\",\"dalits\",\"David Mart\u00edn\",\"fundaci\u00f3n\",\"intocables\",\"nobel\",\"ong\",\"vicente ferrer\"],\"articleSection\":[\"Actividades SGI\",\"Destinos\",\"Solidaridad\"],\"inLanguage\":\"es\",\"potentialAction\":[{\"@type\":\"CommentAction\",\"name\":\"Comment\",\"target\":[\"https:\\\/\\\/www.lasociedadgeografica.com\\\/blog\\\/actividades\\\/fundacion-vicente-ferrer-sociedad-geografica-de-las-indias\\\/#respond\"]}]},{\"@type\":\"WebPage\",\"@id\":\"https:\\\/\\\/www.lasociedadgeografica.com\\\/blog\\\/actividades\\\/fundacion-vicente-ferrer-sociedad-geografica-de-las-indias\\\/\",\"url\":\"https:\\\/\\\/www.lasociedadgeografica.com\\\/blog\\\/actividades\\\/fundacion-vicente-ferrer-sociedad-geografica-de-las-indias\\\/\",\"name\":\"La Fundaci\u00f3n Vicente Ferrer\",\"isPartOf\":{\"@id\":\"https:\\\/\\\/www.lasociedadgeografica.com\\\/blog\\\/#website\"},\"datePublished\":\"2010-10-08T16:17:29+00:00\",\"dateModified\":\"2018-03-02T09:34:39+00:00\",\"author\":{\"@id\":\"https:\\\/\\\/www.lasociedadgeografica.com\\\/blog\\\/#\\\/schema\\\/person\\\/c3fd06f3625d716f030fd9f382a82c53\"},\"breadcrumb\":{\"@id\":\"https:\\\/\\\/www.lasociedadgeografica.com\\\/blog\\\/actividades\\\/fundacion-vicente-ferrer-sociedad-geografica-de-las-indias\\\/#breadcrumb\"},\"inLanguage\":\"es\",\"potentialAction\":[{\"@type\":\"ReadAction\",\"target\":[\"https:\\\/\\\/www.lasociedadgeografica.com\\\/blog\\\/actividades\\\/fundacion-vicente-ferrer-sociedad-geografica-de-las-indias\\\/\"]}]},{\"@type\":\"BreadcrumbList\",\"@id\":\"https:\\\/\\\/www.lasociedadgeografica.com\\\/blog\\\/actividades\\\/fundacion-vicente-ferrer-sociedad-geografica-de-las-indias\\\/#breadcrumb\",\"itemListElement\":[{\"@type\":\"ListItem\",\"position\":1,\"name\":\"Portada\",\"item\":\"https:\\\/\\\/www.lasociedadgeografica.com\\\/blog\\\/\"},{\"@type\":\"ListItem\",\"position\":2,\"name\":\"La Fundaci\u00f3n Vicente Ferrer\"}]},{\"@type\":\"WebSite\",\"@id\":\"https:\\\/\\\/www.lasociedadgeografica.com\\\/blog\\\/#website\",\"url\":\"https:\\\/\\\/www.lasociedadgeografica.com\\\/blog\\\/\",\"name\":\"Blog de viajes a India\",\"description\":\"Un lugar para Conocer India, con may\u00fasculas. El Blog de Sociedad Geogr\u00e1fica de las Indias.\",\"potentialAction\":[{\"@type\":\"SearchAction\",\"target\":{\"@type\":\"EntryPoint\",\"urlTemplate\":\"https:\\\/\\\/www.lasociedadgeografica.com\\\/blog\\\/?s={search_term_string}\"},\"query-input\":{\"@type\":\"PropertyValueSpecification\",\"valueRequired\":true,\"valueName\":\"search_term_string\"}}],\"inLanguage\":\"es\"},{\"@type\":\"Person\",\"@id\":\"https:\\\/\\\/www.lasociedadgeografica.com\\\/blog\\\/#\\\/schema\\\/person\\\/c3fd06f3625d716f030fd9f382a82c53\",\"name\":\"David Mart\u00edn\",\"image\":{\"@type\":\"ImageObject\",\"inLanguage\":\"es\",\"@id\":\"https:\\\/\\\/secure.gravatar.com\\\/avatar\\\/?s=96&r=g\",\"url\":\"https:\\\/\\\/secure.gravatar.com\\\/avatar\\\/?s=96&r=g\",\"contentUrl\":\"https:\\\/\\\/secure.gravatar.com\\\/avatar\\\/?s=96&r=g\",\"caption\":\"David Mart\u00edn\"},\"description\":\"Fascinado por India, sus gentes y su diversidad, David colabora con Sociedad Geogr\u00e1fica de las Indias desde 2008, haci\u00e9ndolo compatible con su trabajo en organizaciones como Unicef o Amnist\u00eda Internacional. Con nosotros ha dirigido la estrategia de comunicaci\u00f3n y redes sociales hasta 2011 y actualmente colabora aportando una visi\u00f3n humana, transformadora y comprometida, asegurando que un viaje exclusivo y de alta calidad sea compatible con una experiencia enfocada al descubrimiento y el respeto por las personas y las costumbres locales\",\"sameAs\":[\"https:\\\/\\\/www.lasociedadgeografica.com\\\/blog\\\/\"],\"url\":\"https:\\\/\\\/www.lasociedadgeografica.com\\\/blog\\\/author\\\/david\\\/\"}]}<\/script>\n<!-- \/ Yoast SEO plugin. -->","yoast_head_json":{"title":"La Fundaci\u00f3n Vicente Ferrer","robots":{"index":"index","follow":"follow","max-snippet":"max-snippet:-1","max-image-preview":"max-image-preview:large","max-video-preview":"max-video-preview:-1"},"canonical":"https:\/\/www.lasociedadgeografica.com\/blog\/actividades\/fundacion-vicente-ferrer-sociedad-geografica-de-las-indias\/","og_locale":"es_ES","og_type":"article","og_title":"La Fundaci\u00f3n Vicente Ferrer","og_description":"La Fundaci\u00f3n Vicente Ferrer es una ONG de desarrollo comprometida con la mejora de las condiciones de vida de una de las zonas m\u00e1s pobres y necesitadas de la India. Por el momento, el Premio Nobel tendr\u00e1 que esperar.","og_url":"https:\/\/www.lasociedadgeografica.com\/blog\/actividades\/fundacion-vicente-ferrer-sociedad-geografica-de-las-indias\/","og_site_name":"Blog de viajes a India","article_published_time":"2010-10-08T16:17:29+00:00","article_modified_time":"2018-03-02T09:34:39+00:00","og_image":[{"url":"\/\/www.lasociedadgeografica.com\/blog\/uploads\/2010\/10\/vicente_ferrer.jpg","type":"","width":"","height":""}],"author":"David Mart\u00edn","twitter_misc":{"Escrito por":"David Mart\u00edn","Tiempo de lectura":"3 minutos"},"schema":{"@context":"https:\/\/schema.org","@graph":[{"@type":"Article","@id":"https:\/\/www.lasociedadgeografica.com\/blog\/actividades\/fundacion-vicente-ferrer-sociedad-geografica-de-las-indias\/#article","isPartOf":{"@id":"https:\/\/www.lasociedadgeografica.com\/blog\/actividades\/fundacion-vicente-ferrer-sociedad-geografica-de-las-indias\/"},"author":{"name":"David Mart\u00edn","@id":"https:\/\/www.lasociedadgeografica.com\/blog\/#\/schema\/person\/c3fd06f3625d716f030fd9f382a82c53"},"headline":"La Fundaci\u00f3n Vicente Ferrer","datePublished":"2010-10-08T16:17:29+00:00","dateModified":"2018-03-02T09:34:39+00:00","mainEntityOfPage":{"@id":"https:\/\/www.lasociedadgeografica.com\/blog\/actividades\/fundacion-vicente-ferrer-sociedad-geografica-de-las-indias\/"},"wordCount":575,"commentCount":5,"keywords":["anantapur","Andhra Pradesh","castas","china","comercio justo","dalits","David Mart\u00edn","fundaci\u00f3n","intocables","nobel","ong","vicente ferrer"],"articleSection":["Actividades SGI","Destinos","Solidaridad"],"inLanguage":"es","potentialAction":[{"@type":"CommentAction","name":"Comment","target":["https:\/\/www.lasociedadgeografica.com\/blog\/actividades\/fundacion-vicente-ferrer-sociedad-geografica-de-las-indias\/#respond"]}]},{"@type":"WebPage","@id":"https:\/\/www.lasociedadgeografica.com\/blog\/actividades\/fundacion-vicente-ferrer-sociedad-geografica-de-las-indias\/","url":"https:\/\/www.lasociedadgeografica.com\/blog\/actividades\/fundacion-vicente-ferrer-sociedad-geografica-de-las-indias\/","name":"La Fundaci\u00f3n Vicente Ferrer","isPartOf":{"@id":"https:\/\/www.lasociedadgeografica.com\/blog\/#website"},"datePublished":"2010-10-08T16:17:29+00:00","dateModified":"2018-03-02T09:34:39+00:00","author":{"@id":"https:\/\/www.lasociedadgeografica.com\/blog\/#\/schema\/person\/c3fd06f3625d716f030fd9f382a82c53"},"breadcrumb":{"@id":"https:\/\/www.lasociedadgeografica.com\/blog\/actividades\/fundacion-vicente-ferrer-sociedad-geografica-de-las-indias\/#breadcrumb"},"inLanguage":"es","potentialAction":[{"@type":"ReadAction","target":["https:\/\/www.lasociedadgeografica.com\/blog\/actividades\/fundacion-vicente-ferrer-sociedad-geografica-de-las-indias\/"]}]},{"@type":"BreadcrumbList","@id":"https:\/\/www.lasociedadgeografica.com\/blog\/actividades\/fundacion-vicente-ferrer-sociedad-geografica-de-las-indias\/#breadcrumb","itemListElement":[{"@type":"ListItem","position":1,"name":"Portada","item":"https:\/\/www.lasociedadgeografica.com\/blog\/"},{"@type":"ListItem","position":2,"name":"La Fundaci\u00f3n Vicente Ferrer"}]},{"@type":"WebSite","@id":"https:\/\/www.lasociedadgeografica.com\/blog\/#website","url":"https:\/\/www.lasociedadgeografica.com\/blog\/","name":"Blog de viajes a India","description":"Un lugar para Conocer India, con may\u00fasculas. El Blog de Sociedad Geogr\u00e1fica de las Indias.","potentialAction":[{"@type":"SearchAction","target":{"@type":"EntryPoint","urlTemplate":"https:\/\/www.lasociedadgeografica.com\/blog\/?s={search_term_string}"},"query-input":{"@type":"PropertyValueSpecification","valueRequired":true,"valueName":"search_term_string"}}],"inLanguage":"es"},{"@type":"Person","@id":"https:\/\/www.lasociedadgeografica.com\/blog\/#\/schema\/person\/c3fd06f3625d716f030fd9f382a82c53","name":"David Mart\u00edn","image":{"@type":"ImageObject","inLanguage":"es","@id":"https:\/\/secure.gravatar.com\/avatar\/?s=96&r=g","url":"https:\/\/secure.gravatar.com\/avatar\/?s=96&r=g","contentUrl":"https:\/\/secure.gravatar.com\/avatar\/?s=96&r=g","caption":"David Mart\u00edn"},"description":"Fascinado por India, sus gentes y su diversidad, David colabora con Sociedad Geogr\u00e1fica de las Indias desde 2008, haci\u00e9ndolo compatible con su trabajo en organizaciones como Unicef o Amnist\u00eda Internacional. Con nosotros ha dirigido la estrategia de comunicaci\u00f3n y redes sociales hasta 2011 y actualmente colabora aportando una visi\u00f3n humana, transformadora y comprometida, asegurando que un viaje exclusivo y de alta calidad sea compatible con una experiencia enfocada al descubrimiento y el respeto por las personas y las costumbres locales","sameAs":["https:\/\/www.lasociedadgeografica.com\/blog\/"],"url":"https:\/\/www.lasociedadgeografica.com\/blog\/author\/david\/"}]}},"_links":{"self":[{"href":"https:\/\/www.lasociedadgeografica.com\/blog\/wp-json\/wp\/v2\/posts\/1613","targetHints":{"allow":["GET"]}}],"collection":[{"href":"https:\/\/www.lasociedadgeografica.com\/blog\/wp-json\/wp\/v2\/posts"}],"about":[{"href":"https:\/\/www.lasociedadgeografica.com\/blog\/wp-json\/wp\/v2\/types\/post"}],"author":[{"embeddable":true,"href":"https:\/\/www.lasociedadgeografica.com\/blog\/wp-json\/wp\/v2\/users\/2"}],"replies":[{"embeddable":true,"href":"https:\/\/www.lasociedadgeografica.com\/blog\/wp-json\/wp\/v2\/comments?post=1613"}],"version-history":[{"count":20,"href":"https:\/\/www.lasociedadgeografica.com\/blog\/wp-json\/wp\/v2\/posts\/1613\/revisions"}],"predecessor-version":[{"id":16920,"href":"https:\/\/www.lasociedadgeografica.com\/blog\/wp-json\/wp\/v2\/posts\/1613\/revisions\/16920"}],"wp:attachment":[{"href":"https:\/\/www.lasociedadgeografica.com\/blog\/wp-json\/wp\/v2\/media?parent=1613"}],"wp:term":[{"taxonomy":"category","embeddable":true,"href":"https:\/\/www.lasociedadgeografica.com\/blog\/wp-json\/wp\/v2\/categories?post=1613"},{"taxonomy":"post_tag","embeddable":true,"href":"https:\/\/www.lasociedadgeografica.com\/blog\/wp-json\/wp\/v2\/tags?post=1613"}],"curies":[{"name":"wp","href":"https:\/\/api.w.org\/{rel}","templated":true}]}}