{"id":1870,"date":"2010-12-20T16:30:41","date_gmt":"2010-12-20T15:30:41","guid":{"rendered":"https:\/\/www.lasociedadgeografica.com\/blog\/?p=1870"},"modified":"2012-02-29T20:48:19","modified_gmt":"2012-02-29T19:48:19","slug":"madre-teresa-de-calcuta","status":"publish","type":"post","link":"https:\/\/www.lasociedadgeografica.com\/blog\/historia-2\/grandes-personajes\/madre-teresa-de-calcuta\/","title":{"rendered":"Madre Teresa de Calcuta"},"content":{"rendered":"\n\n<div class=\"kk-star-ratings kksr-auto kksr-align-left kksr-valign-top\"\n    data-payload='{&quot;align&quot;:&quot;left&quot;,&quot;id&quot;:&quot;1870&quot;,&quot;slug&quot;:&quot;default&quot;,&quot;valign&quot;:&quot;top&quot;,&quot;ignore&quot;:&quot;&quot;,&quot;reference&quot;:&quot;auto&quot;,&quot;class&quot;:&quot;&quot;,&quot;count&quot;:&quot;40&quot;,&quot;legendonly&quot;:&quot;&quot;,&quot;readonly&quot;:&quot;&quot;,&quot;score&quot;:&quot;4.5&quot;,&quot;starsonly&quot;:&quot;&quot;,&quot;best&quot;:&quot;5&quot;,&quot;gap&quot;:&quot;6&quot;,&quot;greet&quot;:&quot;&quot;,&quot;legend&quot;:&quot;4.5\\\/5 - (40 votos)&quot;,&quot;size&quot;:&quot;22&quot;,&quot;title&quot;:&quot;Madre Teresa de Calcuta&quot;,&quot;width&quot;:&quot;123&quot;,&quot;_legend&quot;:&quot;{score}\\\/{best} - ({count} {votes})&quot;,&quot;font_factor&quot;:&quot;1.25&quot;}'>\n            \n<div class=\"kksr-stars\">\n    \n<div class=\"kksr-stars-inactive\">\n            <div class=\"kksr-star\" data-star=\"1\" style=\"padding-right: 6px\">\n            \n\n<div class=\"kksr-icon\" style=\"width: 22px; height: 22px;\"><\/div>\n        <\/div>\n            <div class=\"kksr-star\" data-star=\"2\" style=\"padding-right: 6px\">\n            \n\n<div class=\"kksr-icon\" style=\"width: 22px; height: 22px;\"><\/div>\n        <\/div>\n            <div class=\"kksr-star\" data-star=\"3\" style=\"padding-right: 6px\">\n            \n\n<div class=\"kksr-icon\" style=\"width: 22px; height: 22px;\"><\/div>\n        <\/div>\n            <div class=\"kksr-star\" data-star=\"4\" style=\"padding-right: 6px\">\n            \n\n<div class=\"kksr-icon\" style=\"width: 22px; height: 22px;\"><\/div>\n        <\/div>\n            <div class=\"kksr-star\" data-star=\"5\" style=\"padding-right: 6px\">\n            \n\n<div class=\"kksr-icon\" style=\"width: 22px; height: 22px;\"><\/div>\n        <\/div>\n    <\/div>\n    \n<div class=\"kksr-stars-active\" style=\"width: 123px;\">\n            <div class=\"kksr-star\" style=\"padding-right: 6px\">\n            \n\n<div class=\"kksr-icon\" style=\"width: 22px; height: 22px;\"><\/div>\n        <\/div>\n            <div class=\"kksr-star\" style=\"padding-right: 6px\">\n            \n\n<div class=\"kksr-icon\" style=\"width: 22px; height: 22px;\"><\/div>\n        <\/div>\n            <div class=\"kksr-star\" style=\"padding-right: 6px\">\n            \n\n<div class=\"kksr-icon\" style=\"width: 22px; height: 22px;\"><\/div>\n        <\/div>\n            <div class=\"kksr-star\" style=\"padding-right: 6px\">\n            \n\n<div class=\"kksr-icon\" style=\"width: 22px; height: 22px;\"><\/div>\n        <\/div>\n            <div class=\"kksr-star\" style=\"padding-right: 6px\">\n            \n\n<div class=\"kksr-icon\" style=\"width: 22px; height: 22px;\"><\/div>\n        <\/div>\n    <\/div>\n<\/div>\n                \n\n<div class=\"kksr-legend\" style=\"font-size: 17.6px;\">\n            4.5\/5 - (40 votos)    <\/div>\n    <\/div>\n<p>Agnes Gonxha Bojaxhiu naci\u00f3 en 1910 en Skopje, hoy capital de Macedonia. En aquella \u00e9poca era una peque\u00f1a ciudad albanesa bajo dominio turco.<br \/>\nAunque las fronteras geogr\u00e1ficas poco importaron siempre para esta diminuta gran mujer, conocida en casi todo el mundo y que decidi\u00f3 nacionalizarse india.<\/p>\n<p>La profunda religiosidad de su familia le transmiti\u00f3 una decidida vocaci\u00f3n misionera, de hecho ingres\u00f3 en la Congregaci\u00f3n de las Hijas de Mar\u00eda con s\u00f3lo 12 a\u00f1os. A los 18 a\u00f1os parti\u00f3 a Irlanda, donde aprendi\u00f3 ingl\u00e9s, fue ordenada y recibi\u00f3 el nombre de \u201cHermana Mar\u00eda Teresa\u201d. Poco despu\u00e9s part\u00eda para India, lugar donde quer\u00eda realizar su servicio.<\/p>\n<p>Fue en la Calcuta brit\u00e1nica, en 1929, donde empez\u00f3 a ejercer su labor como maestra en la escuela femenina St.Mary\u2019s High School, de la que llegar\u00eda a ser directora en 1944. All\u00ed se la recuerda por su capacidad de trabajo y sacrificio, por su buen humor y su talento como organizadora.<\/p>\n<p>Son a\u00f1os dif\u00edciles para India y para Bengala en particular, afectada por la hambruna del a\u00f1o 1943 y la violencia creciente entre hind\u00faes y musulmanes en agosto de 1946, <a href=\"https:\/\/www.lasociedadgeografica.com\/blog\/historia-2\/grandes-personajes\/gandhi-la-gran-figura-del-pensamiento-indio\/\" target=\"_blank\">previa<\/a> a la <a href=\"https:\/\/www.lasociedadgeografica.com\/blog\/festividades\/15-agosto-dia-de-la-independencia-india-sociedad-geografica-de-las-indias\/\" target=\"_blank\">independencia<\/a>.<\/p>\n<p>En 1947, tras su retiro anual en Darjeeling, adquiri\u00f3 la determinaci\u00f3n de dejar su situaci\u00f3n actual y dedicar su vida al servicio por los excluidos, \u201clos no deseados, los no amados, aquellos de los que nadie se ocupa\u201d<\/p>\n<p><em>&lt;&lt; La experiencia que me hizo decidirme a trabajar dedicada a los m\u00e1s pobres, fue un 10 de Septiembre del 1947, cuando caminando por las calles de Calcuta tropec\u00e9 con el cuerpo de una mujer moribunda, la levant\u00e9, camin\u00e9 hasta un hospital cercano y ped\u00ed una cama para ella; la mujer muri\u00f3 en esa cama, la primera, la \u00fanica y la \u00faltima cama que tuvo en su vida. Esta imagen me segu\u00eda y me preguntaba porque Dios permit\u00eda eso, en el silencio de la noche encontr\u00e9 la respuesta, Dios me dijo: \u00abclaro que he hecho algo para solucionar esto, te he hecho a ti\u00bb. &gt;&gt;<br \/>\n<\/em><\/p>\n<p><a href=\"\/\/www.lasociedadgeografica.com\/blog\/uploads\/2010\/11\/489px-MotherTeresa_090.jpg\"><img loading=\"lazy\" decoding=\"async\" class=\"aligncenter size-full wp-image-1871\" title=\"489px-MotherTeresa_090\" src=\"\/\/www.lasociedadgeografica.com\/blog\/uploads\/2010\/11\/489px-MotherTeresa_090.jpg\" alt=\"Madre Teresa de Calcuta\" width=\"460\" height=\"564\" srcset=\"https:\/\/www.lasociedadgeografica.com\/blog\/uploads\/2010\/11\/489px-MotherTeresa_090.jpg 460w, https:\/\/www.lasociedadgeografica.com\/blog\/uploads\/2010\/11\/489px-MotherTeresa_090-245x300.jpg 245w\" sizes=\"auto, (max-width: 460px) 100vw, 460px\" \/><\/a><br \/>\n<a name=\"smore-\"><\/a><br \/>\nEn 1948 cambi\u00f3 su vestimenta por el caracter\u00edstico <a href=\"https:\/\/www.lasociedadgeografica.com\/blog\/cultura\/sari-el-vestido-con-mas-de-5-000-anos-de-antiguedad\/\" target=\"_blank\">sari<\/a> blanco con borde azul y abandon\u00f3 su convento para vivir entre los m\u00e1s pobres. Viaj\u00f3 a Patna donde colabor\u00f3 con las Hermanas M\u00e9dicas Misioneras, tratando enfermos y heridos, recorriendo los barrios m\u00e1s empobrecidos, conociendo familias y personas olvidadas.<br \/>\nY ya en 1950 fund\u00f3 la Congregaci\u00f3n de las Misioneras de la Caridad, con el voto de dedicaci\u00f3n a los \u201cm\u00e1s pobres de entre los pobres\u201d y con el apoyo de distintas hermanas que se le hab\u00edan unido en la tarea.<br \/>\nDiez a\u00f1os despu\u00e9s iban extendiendo su trabajo por otras regiones de India y en 1965, animada por el Papa Pablo VI, abri\u00f3 una casa en Venezuela, luego en Tanzania y otros pa\u00edses.<\/p>\n<p>En 1970 recibi\u00f3 el Premio Nobel de la Paz, y para entonces ya contaba con gran apoyo medi\u00e1tico y social.<\/p>\n<p>Falleci\u00f3 el 5 de septiembre de 1997, tras unos a\u00f1os muy fr\u00e1gil de salud. Ten\u00eda 87 a\u00f1os. El gobierno de India le concedi\u00f3 un funeral de estado en su honor. Por entonces su congregaci\u00f3n, aquella que hab\u00eda iniciado su labor humildemente en un barrio de Calcuta, ten\u00eda casi 4.000 miembros y se hab\u00eda extendido a m\u00e1s de 120 pa\u00edses.<\/p>\n<p>Su tumba y parte de su obra se puede visitar hoy en la Casa Madre de las Misioneras de la Caridad, en Calcuta.<\/p>\n<p>&gt; M\u00e1s informaci\u00f3n: <a href=\"http:\/\/www.motherteresa.org\/\" target=\"_blank\">http:\/\/www.motherteresa.org\/<\/a><\/p>\n<p>Foto: <a href=\"http:\/\/es.wikipedia.org\/wiki\/Teresa_de_Calcuta\" target=\"_blank\">Wikipedia<\/a>.<\/p>\n<p><span style=\"color: #808080;\"><em>&#8212;<br \/>\n<strong>Sobre el autor:<\/strong> <\/em><\/span><a href=\"https:\/\/www.lasociedadgeografica.com\/blog\/author\/david\/\"><span style=\"color: #808080;\"><em><strong><img loading=\"lazy\" decoding=\"async\" class=\"alignleft\" style=\"border: 0pt none; margin-right: 5px;\" title=\"David Mart\u00edn\" src=\"https:\/\/www.lasociedadgeografica.com\/blog\/wp-content\/authors\/david-4.jpg\" alt=\"David\" width=\"57\" height=\"71\" \/><\/strong><\/em><\/span><\/a><span style=\"color: #808080;\"><em><a href=\"https:\/\/www.lasociedadgeografica.com\/blog\/author\/david\/\">David Mart\u00edn<\/a> es colaborador de Sociedad Geogr\u00e1fica de las Indias. Fascinado por India, sus gentes y su diversidad, David colabora con Sociedad Geogr\u00e1fica de las Indias desde 2008, haci\u00e9ndolo compatible con su trabajo en organizaciones como Unicef o Amnist\u00eda Internacional. Con nosotros ha dirigido la estrategia de comunicaci\u00f3n y redes sociales hasta 2011 y actualmente colabora aportando una visi\u00f3n humana, transformadora y comprometida, asegurando que un viaje exclusivo y de alta calidad sea compatible con una experiencia enfocada al descubrimiento y el respeto por las personas y las costumbres locales. Para m\u00e1s informaci\u00f3n: [<a href=\"https:\/\/www.lasociedadgeografica.com\/blog\/aboutsgi\/\">Qui\u00e9nes somos<\/a>]<br \/>\n<\/em><\/span><\/p>\n","protected":false},"excerpt":{"rendered":"<p>Nos aproximamos a la vida y obra de esta peque\u00f1a gran mujer, Premio Nobel de la Paz y conocida en todo el mundo por su labor en favor de los m\u00e1s indefensos.<\/p>\n","protected":false},"author":2,"featured_media":0,"comment_status":"open","ping_status":"open","sticky":false,"template":"","format":"standard","meta":{"footnotes":""},"categories":[308],"tags":[541,540,542,555,144,544,539,443,543,326],"class_list":["post-1870","post","type-post","status-publish","format-standard","hentry","category-grandes-personajes","tag-bengala","tag-calcuta","tag-darjeeling","tag-david-martin","tag-independencia","tag-madre-teresa","tag-madre-teresa-de-calcuta","tag-nobel","tag-patna","tag-paz"],"yoast_head":"<!-- This site is optimized with the Yoast SEO plugin v27.4 - https:\/\/yoast.com\/product\/yoast-seo-wordpress\/ -->\n<title>Madre Teresa de Calcuta<\/title>\n<meta name=\"robots\" content=\"index, follow, max-snippet:-1, max-image-preview:large, max-video-preview:-1\" \/>\n<link rel=\"canonical\" href=\"https:\/\/www.lasociedadgeografica.com\/blog\/historia-2\/grandes-personajes\/madre-teresa-de-calcuta\/\" \/>\n<meta property=\"og:locale\" content=\"es_ES\" \/>\n<meta property=\"og:type\" content=\"article\" \/>\n<meta property=\"og:title\" content=\"Madre Teresa de Calcuta\" \/>\n<meta property=\"og:description\" content=\"Nos aproximamos a la vida y obra de esta peque\u00f1a gran mujer, Premio Nobel de la Paz y conocida en todo el mundo por su labor en favor de los m\u00e1s indefensos.\" \/>\n<meta property=\"og:url\" content=\"https:\/\/www.lasociedadgeografica.com\/blog\/historia-2\/grandes-personajes\/madre-teresa-de-calcuta\/\" \/>\n<meta property=\"og:site_name\" content=\"Blog de viajes a India\" \/>\n<meta property=\"article:published_time\" content=\"2010-12-20T15:30:41+00:00\" \/>\n<meta property=\"article:modified_time\" content=\"2012-02-29T19:48:19+00:00\" \/>\n<meta property=\"og:image\" content=\"\/\/www.lasociedadgeografica.com\/blog\/uploads\/2010\/11\/489px-MotherTeresa_090.jpg\" \/>\n<meta name=\"author\" content=\"David Mart\u00edn\" \/>\n<meta name=\"twitter:label1\" content=\"Escrito por\" \/>\n\t<meta name=\"twitter:data1\" content=\"David Mart\u00edn\" \/>\n\t<meta name=\"twitter:label2\" content=\"Tiempo de lectura\" \/>\n\t<meta name=\"twitter:data2\" content=\"4 minutos\" \/>\n<script type=\"application\/ld+json\" class=\"yoast-schema-graph\">{\"@context\":\"https:\\\/\\\/schema.org\",\"@graph\":[{\"@type\":\"Article\",\"@id\":\"https:\\\/\\\/www.lasociedadgeografica.com\\\/blog\\\/historia-2\\\/grandes-personajes\\\/madre-teresa-de-calcuta\\\/#article\",\"isPartOf\":{\"@id\":\"https:\\\/\\\/www.lasociedadgeografica.com\\\/blog\\\/historia-2\\\/grandes-personajes\\\/madre-teresa-de-calcuta\\\/\"},\"author\":{\"name\":\"David Mart\u00edn\",\"@id\":\"https:\\\/\\\/www.lasociedadgeografica.com\\\/blog\\\/#\\\/schema\\\/person\\\/c3fd06f3625d716f030fd9f382a82c53\"},\"headline\":\"Madre Teresa de Calcuta\",\"datePublished\":\"2010-12-20T15:30:41+00:00\",\"dateModified\":\"2012-02-29T19:48:19+00:00\",\"mainEntityOfPage\":{\"@id\":\"https:\\\/\\\/www.lasociedadgeografica.com\\\/blog\\\/historia-2\\\/grandes-personajes\\\/madre-teresa-de-calcuta\\\/\"},\"wordCount\":706,\"commentCount\":2,\"image\":{\"@id\":\"https:\\\/\\\/www.lasociedadgeografica.com\\\/blog\\\/historia-2\\\/grandes-personajes\\\/madre-teresa-de-calcuta\\\/#primaryimage\"},\"thumbnailUrl\":\"https:\\\/\\\/www.lasociedadgeografica.com\\\/blog\\\/wp-content\\\/authors\\\/david-4.jpg\",\"keywords\":[\"bengala\",\"calcuta\",\"darjeeling\",\"David Mart\u00edn\",\"independencia\",\"madre teresa\",\"madre teresa de calcuta\",\"nobel\",\"patna\",\"paz\"],\"articleSection\":[\"Grandes personajes\"],\"inLanguage\":\"es\",\"potentialAction\":[{\"@type\":\"CommentAction\",\"name\":\"Comment\",\"target\":[\"https:\\\/\\\/www.lasociedadgeografica.com\\\/blog\\\/historia-2\\\/grandes-personajes\\\/madre-teresa-de-calcuta\\\/#respond\"]}]},{\"@type\":\"WebPage\",\"@id\":\"https:\\\/\\\/www.lasociedadgeografica.com\\\/blog\\\/historia-2\\\/grandes-personajes\\\/madre-teresa-de-calcuta\\\/\",\"url\":\"https:\\\/\\\/www.lasociedadgeografica.com\\\/blog\\\/historia-2\\\/grandes-personajes\\\/madre-teresa-de-calcuta\\\/\",\"name\":\"Madre Teresa de Calcuta\",\"isPartOf\":{\"@id\":\"https:\\\/\\\/www.lasociedadgeografica.com\\\/blog\\\/#website\"},\"primaryImageOfPage\":{\"@id\":\"https:\\\/\\\/www.lasociedadgeografica.com\\\/blog\\\/historia-2\\\/grandes-personajes\\\/madre-teresa-de-calcuta\\\/#primaryimage\"},\"image\":{\"@id\":\"https:\\\/\\\/www.lasociedadgeografica.com\\\/blog\\\/historia-2\\\/grandes-personajes\\\/madre-teresa-de-calcuta\\\/#primaryimage\"},\"thumbnailUrl\":\"https:\\\/\\\/www.lasociedadgeografica.com\\\/blog\\\/wp-content\\\/authors\\\/david-4.jpg\",\"datePublished\":\"2010-12-20T15:30:41+00:00\",\"dateModified\":\"2012-02-29T19:48:19+00:00\",\"author\":{\"@id\":\"https:\\\/\\\/www.lasociedadgeografica.com\\\/blog\\\/#\\\/schema\\\/person\\\/c3fd06f3625d716f030fd9f382a82c53\"},\"breadcrumb\":{\"@id\":\"https:\\\/\\\/www.lasociedadgeografica.com\\\/blog\\\/historia-2\\\/grandes-personajes\\\/madre-teresa-de-calcuta\\\/#breadcrumb\"},\"inLanguage\":\"es\",\"potentialAction\":[{\"@type\":\"ReadAction\",\"target\":[\"https:\\\/\\\/www.lasociedadgeografica.com\\\/blog\\\/historia-2\\\/grandes-personajes\\\/madre-teresa-de-calcuta\\\/\"]}]},{\"@type\":\"ImageObject\",\"inLanguage\":\"es\",\"@id\":\"https:\\\/\\\/www.lasociedadgeografica.com\\\/blog\\\/historia-2\\\/grandes-personajes\\\/madre-teresa-de-calcuta\\\/#primaryimage\",\"url\":\"https:\\\/\\\/www.lasociedadgeografica.com\\\/blog\\\/wp-content\\\/authors\\\/david-4.jpg\",\"contentUrl\":\"https:\\\/\\\/www.lasociedadgeografica.com\\\/blog\\\/wp-content\\\/authors\\\/david-4.jpg\"},{\"@type\":\"BreadcrumbList\",\"@id\":\"https:\\\/\\\/www.lasociedadgeografica.com\\\/blog\\\/historia-2\\\/grandes-personajes\\\/madre-teresa-de-calcuta\\\/#breadcrumb\",\"itemListElement\":[{\"@type\":\"ListItem\",\"position\":1,\"name\":\"Portada\",\"item\":\"https:\\\/\\\/www.lasociedadgeografica.com\\\/blog\\\/\"},{\"@type\":\"ListItem\",\"position\":2,\"name\":\"Madre Teresa de Calcuta\"}]},{\"@type\":\"WebSite\",\"@id\":\"https:\\\/\\\/www.lasociedadgeografica.com\\\/blog\\\/#website\",\"url\":\"https:\\\/\\\/www.lasociedadgeografica.com\\\/blog\\\/\",\"name\":\"Blog de viajes a India\",\"description\":\"Un lugar para Conocer India, con may\u00fasculas. El Blog de Sociedad Geogr\u00e1fica de las Indias.\",\"potentialAction\":[{\"@type\":\"SearchAction\",\"target\":{\"@type\":\"EntryPoint\",\"urlTemplate\":\"https:\\\/\\\/www.lasociedadgeografica.com\\\/blog\\\/?s={search_term_string}\"},\"query-input\":{\"@type\":\"PropertyValueSpecification\",\"valueRequired\":true,\"valueName\":\"search_term_string\"}}],\"inLanguage\":\"es\"},{\"@type\":\"Person\",\"@id\":\"https:\\\/\\\/www.lasociedadgeografica.com\\\/blog\\\/#\\\/schema\\\/person\\\/c3fd06f3625d716f030fd9f382a82c53\",\"name\":\"David Mart\u00edn\",\"image\":{\"@type\":\"ImageObject\",\"inLanguage\":\"es\",\"@id\":\"https:\\\/\\\/secure.gravatar.com\\\/avatar\\\/?s=96&r=g\",\"url\":\"https:\\\/\\\/secure.gravatar.com\\\/avatar\\\/?s=96&r=g\",\"contentUrl\":\"https:\\\/\\\/secure.gravatar.com\\\/avatar\\\/?s=96&r=g\",\"caption\":\"David Mart\u00edn\"},\"description\":\"Fascinado por India, sus gentes y su diversidad, David colabora con Sociedad Geogr\u00e1fica de las Indias desde 2008, haci\u00e9ndolo compatible con su trabajo en organizaciones como Unicef o Amnist\u00eda Internacional. Con nosotros ha dirigido la estrategia de comunicaci\u00f3n y redes sociales hasta 2011 y actualmente colabora aportando una visi\u00f3n humana, transformadora y comprometida, asegurando que un viaje exclusivo y de alta calidad sea compatible con una experiencia enfocada al descubrimiento y el respeto por las personas y las costumbres locales\",\"sameAs\":[\"https:\\\/\\\/www.lasociedadgeografica.com\\\/blog\\\/\"],\"url\":\"https:\\\/\\\/www.lasociedadgeografica.com\\\/blog\\\/author\\\/david\\\/\"}]}<\/script>\n<!-- \/ Yoast SEO plugin. -->","yoast_head_json":{"title":"Madre Teresa de Calcuta","robots":{"index":"index","follow":"follow","max-snippet":"max-snippet:-1","max-image-preview":"max-image-preview:large","max-video-preview":"max-video-preview:-1"},"canonical":"https:\/\/www.lasociedadgeografica.com\/blog\/historia-2\/grandes-personajes\/madre-teresa-de-calcuta\/","og_locale":"es_ES","og_type":"article","og_title":"Madre Teresa de Calcuta","og_description":"Nos aproximamos a la vida y obra de esta peque\u00f1a gran mujer, Premio Nobel de la Paz y conocida en todo el mundo por su labor en favor de los m\u00e1s indefensos.","og_url":"https:\/\/www.lasociedadgeografica.com\/blog\/historia-2\/grandes-personajes\/madre-teresa-de-calcuta\/","og_site_name":"Blog de viajes a India","article_published_time":"2010-12-20T15:30:41+00:00","article_modified_time":"2012-02-29T19:48:19+00:00","og_image":[{"url":"\/\/www.lasociedadgeografica.com\/blog\/uploads\/2010\/11\/489px-MotherTeresa_090.jpg","type":"","width":"","height":""}],"author":"David Mart\u00edn","twitter_misc":{"Escrito por":"David Mart\u00edn","Tiempo de lectura":"4 minutos"},"schema":{"@context":"https:\/\/schema.org","@graph":[{"@type":"Article","@id":"https:\/\/www.lasociedadgeografica.com\/blog\/historia-2\/grandes-personajes\/madre-teresa-de-calcuta\/#article","isPartOf":{"@id":"https:\/\/www.lasociedadgeografica.com\/blog\/historia-2\/grandes-personajes\/madre-teresa-de-calcuta\/"},"author":{"name":"David Mart\u00edn","@id":"https:\/\/www.lasociedadgeografica.com\/blog\/#\/schema\/person\/c3fd06f3625d716f030fd9f382a82c53"},"headline":"Madre Teresa de Calcuta","datePublished":"2010-12-20T15:30:41+00:00","dateModified":"2012-02-29T19:48:19+00:00","mainEntityOfPage":{"@id":"https:\/\/www.lasociedadgeografica.com\/blog\/historia-2\/grandes-personajes\/madre-teresa-de-calcuta\/"},"wordCount":706,"commentCount":2,"image":{"@id":"https:\/\/www.lasociedadgeografica.com\/blog\/historia-2\/grandes-personajes\/madre-teresa-de-calcuta\/#primaryimage"},"thumbnailUrl":"https:\/\/www.lasociedadgeografica.com\/blog\/wp-content\/authors\/david-4.jpg","keywords":["bengala","calcuta","darjeeling","David Mart\u00edn","independencia","madre teresa","madre teresa de calcuta","nobel","patna","paz"],"articleSection":["Grandes personajes"],"inLanguage":"es","potentialAction":[{"@type":"CommentAction","name":"Comment","target":["https:\/\/www.lasociedadgeografica.com\/blog\/historia-2\/grandes-personajes\/madre-teresa-de-calcuta\/#respond"]}]},{"@type":"WebPage","@id":"https:\/\/www.lasociedadgeografica.com\/blog\/historia-2\/grandes-personajes\/madre-teresa-de-calcuta\/","url":"https:\/\/www.lasociedadgeografica.com\/blog\/historia-2\/grandes-personajes\/madre-teresa-de-calcuta\/","name":"Madre Teresa de Calcuta","isPartOf":{"@id":"https:\/\/www.lasociedadgeografica.com\/blog\/#website"},"primaryImageOfPage":{"@id":"https:\/\/www.lasociedadgeografica.com\/blog\/historia-2\/grandes-personajes\/madre-teresa-de-calcuta\/#primaryimage"},"image":{"@id":"https:\/\/www.lasociedadgeografica.com\/blog\/historia-2\/grandes-personajes\/madre-teresa-de-calcuta\/#primaryimage"},"thumbnailUrl":"https:\/\/www.lasociedadgeografica.com\/blog\/wp-content\/authors\/david-4.jpg","datePublished":"2010-12-20T15:30:41+00:00","dateModified":"2012-02-29T19:48:19+00:00","author":{"@id":"https:\/\/www.lasociedadgeografica.com\/blog\/#\/schema\/person\/c3fd06f3625d716f030fd9f382a82c53"},"breadcrumb":{"@id":"https:\/\/www.lasociedadgeografica.com\/blog\/historia-2\/grandes-personajes\/madre-teresa-de-calcuta\/#breadcrumb"},"inLanguage":"es","potentialAction":[{"@type":"ReadAction","target":["https:\/\/www.lasociedadgeografica.com\/blog\/historia-2\/grandes-personajes\/madre-teresa-de-calcuta\/"]}]},{"@type":"ImageObject","inLanguage":"es","@id":"https:\/\/www.lasociedadgeografica.com\/blog\/historia-2\/grandes-personajes\/madre-teresa-de-calcuta\/#primaryimage","url":"https:\/\/www.lasociedadgeografica.com\/blog\/wp-content\/authors\/david-4.jpg","contentUrl":"https:\/\/www.lasociedadgeografica.com\/blog\/wp-content\/authors\/david-4.jpg"},{"@type":"BreadcrumbList","@id":"https:\/\/www.lasociedadgeografica.com\/blog\/historia-2\/grandes-personajes\/madre-teresa-de-calcuta\/#breadcrumb","itemListElement":[{"@type":"ListItem","position":1,"name":"Portada","item":"https:\/\/www.lasociedadgeografica.com\/blog\/"},{"@type":"ListItem","position":2,"name":"Madre Teresa de Calcuta"}]},{"@type":"WebSite","@id":"https:\/\/www.lasociedadgeografica.com\/blog\/#website","url":"https:\/\/www.lasociedadgeografica.com\/blog\/","name":"Blog de viajes a India","description":"Un lugar para Conocer India, con may\u00fasculas. El Blog de Sociedad Geogr\u00e1fica de las Indias.","potentialAction":[{"@type":"SearchAction","target":{"@type":"EntryPoint","urlTemplate":"https:\/\/www.lasociedadgeografica.com\/blog\/?s={search_term_string}"},"query-input":{"@type":"PropertyValueSpecification","valueRequired":true,"valueName":"search_term_string"}}],"inLanguage":"es"},{"@type":"Person","@id":"https:\/\/www.lasociedadgeografica.com\/blog\/#\/schema\/person\/c3fd06f3625d716f030fd9f382a82c53","name":"David Mart\u00edn","image":{"@type":"ImageObject","inLanguage":"es","@id":"https:\/\/secure.gravatar.com\/avatar\/?s=96&r=g","url":"https:\/\/secure.gravatar.com\/avatar\/?s=96&r=g","contentUrl":"https:\/\/secure.gravatar.com\/avatar\/?s=96&r=g","caption":"David Mart\u00edn"},"description":"Fascinado por India, sus gentes y su diversidad, David colabora con Sociedad Geogr\u00e1fica de las Indias desde 2008, haci\u00e9ndolo compatible con su trabajo en organizaciones como Unicef o Amnist\u00eda Internacional. Con nosotros ha dirigido la estrategia de comunicaci\u00f3n y redes sociales hasta 2011 y actualmente colabora aportando una visi\u00f3n humana, transformadora y comprometida, asegurando que un viaje exclusivo y de alta calidad sea compatible con una experiencia enfocada al descubrimiento y el respeto por las personas y las costumbres locales","sameAs":["https:\/\/www.lasociedadgeografica.com\/blog\/"],"url":"https:\/\/www.lasociedadgeografica.com\/blog\/author\/david\/"}]}},"_links":{"self":[{"href":"https:\/\/www.lasociedadgeografica.com\/blog\/wp-json\/wp\/v2\/posts\/1870","targetHints":{"allow":["GET"]}}],"collection":[{"href":"https:\/\/www.lasociedadgeografica.com\/blog\/wp-json\/wp\/v2\/posts"}],"about":[{"href":"https:\/\/www.lasociedadgeografica.com\/blog\/wp-json\/wp\/v2\/types\/post"}],"author":[{"embeddable":true,"href":"https:\/\/www.lasociedadgeografica.com\/blog\/wp-json\/wp\/v2\/users\/2"}],"replies":[{"embeddable":true,"href":"https:\/\/www.lasociedadgeografica.com\/blog\/wp-json\/wp\/v2\/comments?post=1870"}],"version-history":[{"count":9,"href":"https:\/\/www.lasociedadgeografica.com\/blog\/wp-json\/wp\/v2\/posts\/1870\/revisions"}],"predecessor-version":[{"id":4066,"href":"https:\/\/www.lasociedadgeografica.com\/blog\/wp-json\/wp\/v2\/posts\/1870\/revisions\/4066"}],"wp:attachment":[{"href":"https:\/\/www.lasociedadgeografica.com\/blog\/wp-json\/wp\/v2\/media?parent=1870"}],"wp:term":[{"taxonomy":"category","embeddable":true,"href":"https:\/\/www.lasociedadgeografica.com\/blog\/wp-json\/wp\/v2\/categories?post=1870"},{"taxonomy":"post_tag","embeddable":true,"href":"https:\/\/www.lasociedadgeografica.com\/blog\/wp-json\/wp\/v2\/tags?post=1870"}],"curies":[{"name":"wp","href":"https:\/\/api.w.org\/{rel}","templated":true}]}}