{"id":18980,"date":"2019-06-06T12:15:09","date_gmt":"2019-06-06T10:15:09","guid":{"rendered":"https:\/\/www.lasociedadgeografica.com\/blog\/?p=18980"},"modified":"2019-06-19T09:52:07","modified_gmt":"2019-06-19T07:52:07","slug":"no-dejaremos-de-viajar-a-sri-lanka","status":"publish","type":"post","link":"https:\/\/www.lasociedadgeografica.com\/blog\/sgi\/no-dejaremos-de-viajar-a-sri-lanka\/","title":{"rendered":"No dejaremos de viajar a Sri Lanka"},"content":{"rendered":"\n\n<div class=\"kk-star-ratings kksr-auto kksr-align-left kksr-valign-top\"\n    data-payload='{&quot;align&quot;:&quot;left&quot;,&quot;id&quot;:&quot;18980&quot;,&quot;slug&quot;:&quot;default&quot;,&quot;valign&quot;:&quot;top&quot;,&quot;ignore&quot;:&quot;&quot;,&quot;reference&quot;:&quot;auto&quot;,&quot;class&quot;:&quot;&quot;,&quot;count&quot;:&quot;7&quot;,&quot;legendonly&quot;:&quot;&quot;,&quot;readonly&quot;:&quot;&quot;,&quot;score&quot;:&quot;5&quot;,&quot;starsonly&quot;:&quot;&quot;,&quot;best&quot;:&quot;5&quot;,&quot;gap&quot;:&quot;6&quot;,&quot;greet&quot;:&quot;&quot;,&quot;legend&quot;:&quot;5\\\/5 - (7 votos)&quot;,&quot;size&quot;:&quot;22&quot;,&quot;title&quot;:&quot;No dejaremos de viajar a Sri Lanka&quot;,&quot;width&quot;:&quot;137&quot;,&quot;_legend&quot;:&quot;{score}\\\/{best} - ({count} {votes})&quot;,&quot;font_factor&quot;:&quot;1.25&quot;}'>\n            \n<div class=\"kksr-stars\">\n    \n<div class=\"kksr-stars-inactive\">\n            <div class=\"kksr-star\" data-star=\"1\" style=\"padding-right: 6px\">\n            \n\n<div class=\"kksr-icon\" style=\"width: 22px; height: 22px;\"><\/div>\n        <\/div>\n            <div class=\"kksr-star\" data-star=\"2\" style=\"padding-right: 6px\">\n            \n\n<div class=\"kksr-icon\" style=\"width: 22px; height: 22px;\"><\/div>\n        <\/div>\n            <div class=\"kksr-star\" data-star=\"3\" style=\"padding-right: 6px\">\n            \n\n<div class=\"kksr-icon\" style=\"width: 22px; height: 22px;\"><\/div>\n        <\/div>\n            <div class=\"kksr-star\" data-star=\"4\" style=\"padding-right: 6px\">\n            \n\n<div class=\"kksr-icon\" style=\"width: 22px; height: 22px;\"><\/div>\n        <\/div>\n            <div class=\"kksr-star\" data-star=\"5\" style=\"padding-right: 6px\">\n            \n\n<div class=\"kksr-icon\" style=\"width: 22px; height: 22px;\"><\/div>\n        <\/div>\n    <\/div>\n    \n<div class=\"kksr-stars-active\" style=\"width: 137px;\">\n            <div class=\"kksr-star\" style=\"padding-right: 6px\">\n            \n\n<div class=\"kksr-icon\" style=\"width: 22px; height: 22px;\"><\/div>\n        <\/div>\n            <div class=\"kksr-star\" style=\"padding-right: 6px\">\n            \n\n<div class=\"kksr-icon\" style=\"width: 22px; height: 22px;\"><\/div>\n        <\/div>\n            <div class=\"kksr-star\" style=\"padding-right: 6px\">\n            \n\n<div class=\"kksr-icon\" style=\"width: 22px; height: 22px;\"><\/div>\n        <\/div>\n            <div class=\"kksr-star\" style=\"padding-right: 6px\">\n            \n\n<div class=\"kksr-icon\" style=\"width: 22px; height: 22px;\"><\/div>\n        <\/div>\n            <div class=\"kksr-star\" style=\"padding-right: 6px\">\n            \n\n<div class=\"kksr-icon\" style=\"width: 22px; height: 22px;\"><\/div>\n        <\/div>\n    <\/div>\n<\/div>\n                \n\n<div class=\"kksr-legend\" style=\"font-size: 17.6px;\">\n            5\/5 - (7 votos)    <\/div>\n    <\/div>\n<p><div id=\"attachment_19240\" class=\"wp-caption aligncenter\" style=\"width: 728px\"><a href=\"https:\/\/www.lasociedadgeografica.com\/blog\/uploads\/2019\/06\/sri-lanka-playa-tomas-malco-malik.jpeg\" target=\"_blank\" rel=\"noopener noreferrer\"><img loading=\"lazy\" decoding=\"async\" class=\"wp-image-19240 size-large\" title=\"Playa de Sri Lanka junto a la selva \" src=\"https:\/\/www.lasociedadgeografica.com\/blog\/uploads\/2019\/06\/sri-lanka-playa-tomas-malco-malik-1024x768.jpeg\" alt=\"Playa de Mirissa en Sri Lanka vista desde el aire \" width=\"728\" height=\"546\" srcset=\"https:\/\/www.lasociedadgeografica.com\/blog\/uploads\/2019\/06\/sri-lanka-playa-tomas-malco-malik-1024x768.jpeg 1024w, https:\/\/www.lasociedadgeografica.com\/blog\/uploads\/2019\/06\/sri-lanka-playa-tomas-malco-malik-300x225.jpeg 300w, https:\/\/www.lasociedadgeografica.com\/blog\/uploads\/2019\/06\/sri-lanka-playa-tomas-malco-malik-728x546.jpeg 728w, https:\/\/www.lasociedadgeografica.com\/blog\/uploads\/2019\/06\/sri-lanka-playa-tomas-malco-malik-363x272.jpeg 363w, https:\/\/www.lasociedadgeografica.com\/blog\/uploads\/2019\/06\/sri-lanka-playa-tomas-malco-malik-462x347.jpeg 462w, https:\/\/www.lasociedadgeografica.com\/blog\/uploads\/2019\/06\/sri-lanka-playa-tomas-malco-malik.jpeg 1733w\" sizes=\"auto, (max-width: 728px) 100vw, 728px\" \/><\/a><p class=\"wp-caption-text\">Playa de Mirissa. \u00a9 Tamos Malco Malik<\/p><\/div><br \/>\n<a name=\"smore-\"><\/a><br \/>\n&nbsp;<\/p>\n<p><i><span class=\"entradilla\">Las ocho explosiones detonadas el pasado 21 de abril de 2019 en Sri Lanka nos alertan del terror, pero tambi\u00e9n de la necesidad de vencerlo. Porque el monz\u00f3n m\u00e1s oscuro pasar\u00e1, no dejaremos de viajar a la antigua Ceil\u00e1n.<\/span><\/i><\/p>\n<p>Escrito por: Alberto Piernas<\/p>\n<p><!--more--><\/p>\n<blockquote><p>\u201cNadie puede a<span id=\"wordhighlight_id15\" class=\"wordhighlight_ext wordhighlight_word3\">terror<\/span>izar a toda una naci\u00f3n, a menos que todos nosotros seamos sus c\u00f3mplices.\u201d<\/p>\n<p>(Edward R. Murrow)<\/p><\/blockquote>\n<h2>Llueve en Sri Lanka<\/h2>\n<p><a href=\"https:\/\/www.lasociedadgeografica.com\/blog\/uploads\/2018\/10\/73a98c6c7b31ee1179e7edba1924db7f-e1540369277667.jpg\"><img loading=\"lazy\" decoding=\"async\" class=\"aligncenter size-large wp-image-18110\" src=\"https:\/\/www.lasociedadgeografica.com\/blog\/uploads\/2018\/10\/73a98c6c7b31ee1179e7edba1924db7f-e1540369277667-1024x809.jpg\" alt=\"\" width=\"728\" height=\"575\" srcset=\"https:\/\/www.lasociedadgeografica.com\/blog\/uploads\/2018\/10\/73a98c6c7b31ee1179e7edba1924db7f-e1540369277667-1024x809.jpg 1024w, https:\/\/www.lasociedadgeografica.com\/blog\/uploads\/2018\/10\/73a98c6c7b31ee1179e7edba1924db7f-e1540369277667-300x237.jpg 300w, https:\/\/www.lasociedadgeografica.com\/blog\/uploads\/2018\/10\/73a98c6c7b31ee1179e7edba1924db7f-e1540369277667-728x575.jpg 728w, https:\/\/www.lasociedadgeografica.com\/blog\/uploads\/2018\/10\/73a98c6c7b31ee1179e7edba1924db7f-e1540369277667-363x287.jpg 363w, https:\/\/www.lasociedadgeografica.com\/blog\/uploads\/2018\/10\/73a98c6c7b31ee1179e7edba1924db7f-e1540369277667-462x365.jpg 462w, https:\/\/www.lasociedadgeografica.com\/blog\/uploads\/2018\/10\/73a98c6c7b31ee1179e7edba1924db7f-e1540369277667.jpg 1110w\" sizes=\"auto, (max-width: 728px) 100vw, 728px\" \/><\/a><\/p>\n<p>Fue hace tan solo unos meses cuando aterric\u00e9 en la ciudad de Colombo, la m\u00e1s grande de Sri Lanka. Recuerdo entrar en un taxi y conversar con un ceiland\u00e9s orgulloso de su tierra. De los mares de palmeras que franquean Negombo, de la influencia extranjera que acu\u00f1\u00f3 la multiculturalidad de esta isla o de las cicatrices nacidas de guerras interminables o un mort\u00edfero tsunami. Episodios que han forjado un car\u00e1cter \u00fanico embriagado por esa paz budista tan caracter\u00edstica de la isla favorita de Marco Polo.<\/p>\n<p>Una paz que, a pesar de los enjambres de tuk tuks, experiment\u00e9 durante mis primeras horas en Colombo y sus antiguos hospitales coloniales hoy reconvertidos en galer\u00edas de arte. En el barrio musulm\u00e1n de Pettah, con sus bazares y sus mezquitas rojas. En esa Lotus Tower que simboliza el progreso y futuro de Sri Lanka. En sus atardeceres y en sus gentes. Pero este era tan solo el comienzo de un viaje que enlazar\u00eda con otros lugares como el Tri\u00e1ngulo Cultural con Sigiriya a la cabeza, una ciudad de Kandy envuelta por colinas donde las campanas de un templo estremec\u00edan todo el valle o sus eternas playas.<\/p>\n<p>Una naci\u00f3n tejida por la paciencia y la belleza.<\/p>\n<div id=\"attachment_10359\" class=\"wp-caption aligncenter\" style=\"width: 728px\"><a href=\"https:\/\/www.lasociedadgeografica.com\/blog\/uploads\/2015\/12\/Pescadores-zancudos-de-Sri-Lanka-Atardecer-en-Ahangama-Beach-c-Aditi-Das-Patnaik.jpg\"><img loading=\"lazy\" decoding=\"async\" class=\"size-large wp-image-10359\" src=\"https:\/\/www.lasociedadgeografica.com\/blog\/uploads\/2015\/12\/Pescadores-zancudos-de-Sri-Lanka-Atardecer-en-Ahangama-Beach-c-Aditi-Das-Patnaik-1024x649.jpg\" alt=\"Pescadores zancudos de Sri Lanka\" width=\"728\" height=\"461\" srcset=\"https:\/\/www.lasociedadgeografica.com\/blog\/uploads\/2015\/12\/Pescadores-zancudos-de-Sri-Lanka-Atardecer-en-Ahangama-Beach-c-Aditi-Das-Patnaik-1024x649.jpg 1024w, https:\/\/www.lasociedadgeografica.com\/blog\/uploads\/2015\/12\/Pescadores-zancudos-de-Sri-Lanka-Atardecer-en-Ahangama-Beach-c-Aditi-Das-Patnaik-300x190.jpg 300w, https:\/\/www.lasociedadgeografica.com\/blog\/uploads\/2015\/12\/Pescadores-zancudos-de-Sri-Lanka-Atardecer-en-Ahangama-Beach-c-Aditi-Das-Patnaik-728x461.jpg 728w, https:\/\/www.lasociedadgeografica.com\/blog\/uploads\/2015\/12\/Pescadores-zancudos-de-Sri-Lanka-Atardecer-en-Ahangama-Beach-c-Aditi-Das-Patnaik-363x230.jpg 363w, https:\/\/www.lasociedadgeografica.com\/blog\/uploads\/2015\/12\/Pescadores-zancudos-de-Sri-Lanka-Atardecer-en-Ahangama-Beach-c-Aditi-Das-Patnaik-462x293.jpg 462w, https:\/\/www.lasociedadgeografica.com\/blog\/uploads\/2015\/12\/Pescadores-zancudos-de-Sri-Lanka-Atardecer-en-Ahangama-Beach-c-Aditi-Das-Patnaik.jpg 2048w\" sizes=\"auto, (max-width: 728px) 100vw, 728px\" \/><\/a><p class=\"wp-caption-text\">\u00a9 Aditi Das Patnaik<\/p><\/div>\n<p>Sin embargo, el fulgor de esta pac\u00edfica isla se ha visto roto, en cuesti\u00f3n de segundos, por un terror que parec\u00eda inherente a la antigua Serendib, esa isla donde muchos fuimos a buscar nuestra propia serendipia (o hallazgo afortunado)<\/p>\n<p>El impacto ocasionado por ocho explosiones detonadas en diferentes hoteles de lujo e iglesias de Colombo y Negombo, al oeste de la isla, y en Batticaloa, en la costa este, ha causado el caos en mitad de un pa\u00eds que se suma a la lista de lugares que a lo largo de la historia reciente se han visto afectados por el terrorismo.<\/p>\n<h2>Pero ya sale el sol<\/h2>\n<p><iframe loading=\"lazy\" title=\"Sri Lanka SAFE to travel?? - Foreigners honest opinions\" width=\"728\" height=\"410\" src=\"https:\/\/www.youtube.com\/embed\/ua7JImoOd5Q?feature=oembed\" frameborder=\"0\" allow=\"accelerometer; autoplay; encrypted-media; gyroscope; picture-in-picture\" allowfullscreen><\/iframe><\/p>\n<p>Durante las semanas posteriores al atentado acontecido en Sri Lanka, muchos fueron los viajeros que decidieron cancelar sus vuelos a la isla durante los pr\u00f3ximos meses. A su vez, la ca\u00edda del turismo experiment\u00f3 una ca\u00edda del 80% en apenas una semana mientras el toque de queda se impon\u00eda a lo largo y ancho de todo el pa\u00eds. S\u00ed, todo parec\u00eda perdido.<\/p>\n<p>Por suerte, transcurrido algo m\u00e1s de tiempo desde aquel infame Domingo de Pascua, las cosas comienzan a cambiar en la Perla del \u00cdndico, llev\u00e1ndonos a confirmar que, en efecto, acudir ahora a un pa\u00eds al que todo el mundo mira con recelo lo convierten, parad\u00f3jicamente, en un para\u00edso ideal para perderse. Uno que tambi\u00e9n hoy se esfuerza por ser m\u00e1s seguro que nunca.<\/p>\n<p>Sumado a iniciativas como <a href=\"https:\/\/www.lovesrilanka.org\/\" target=\"_blank\" rel=\"noopener noreferrer\">Love Sri Lanka<\/a>, un proyecto en el que diferentes organismos y agencias comentan el d\u00eda a d\u00eda en la isla tras el atentado, el toque de queda se ha diluido y comienzan a llegar los primeros testimonios de aquellos viajeros que no decidieron cancelar sus viajes. Y las reacciones son de lo m\u00e1s halag\u00fce\u00f1as.<\/p>\n<p>En una isla en la que, como todo destino de moda, las masas comienzan a inundar ciertos lugares tur\u00edsticos, la actual situaci\u00f3n permite disfrutar de un para\u00edso semi vac\u00edo y silencioso, lo cual hace sentir al viajero como una especie de Robinson Crusoe.<\/p>\n<p>A su vez, los controles de polic\u00eda en taxis, trenes y otros medios de transporte permiten al turista sentirse m\u00e1s seguro en un pa\u00eds que ha doblado las precauciones.<\/p>\n<p>Todo ello, por no mencionar el intento de los ceilandeses por volver a los buenos tiempos abaratando el costo de sus productos a fin de salir adelante.<\/p>\n<h2>El terror no viaja<\/h2>\n<div id=\"attachment_12468\" class=\"wp-caption aligncenter\" style=\"width: 728px\"><a href=\"https:\/\/www.lasociedadgeografica.com\/blog\/uploads\/2016\/07\/cosecha-del-te-c-jurgen-scheffler.jpg\"><img loading=\"lazy\" decoding=\"async\" class=\"size-large wp-image-12468\" src=\"https:\/\/www.lasociedadgeografica.com\/blog\/uploads\/2016\/07\/cosecha-del-te-c-jurgen-scheffler-1024x574.jpg\" alt=\"Viajar a Sri Lanka en agosto - Cosecha del te\" width=\"728\" height=\"408\" srcset=\"https:\/\/www.lasociedadgeografica.com\/blog\/uploads\/2016\/07\/cosecha-del-te-c-jurgen-scheffler-1024x574.jpg 1024w, https:\/\/www.lasociedadgeografica.com\/blog\/uploads\/2016\/07\/cosecha-del-te-c-jurgen-scheffler-300x168.jpg 300w, https:\/\/www.lasociedadgeografica.com\/blog\/uploads\/2016\/07\/cosecha-del-te-c-jurgen-scheffler-728x408.jpg 728w, https:\/\/www.lasociedadgeografica.com\/blog\/uploads\/2016\/07\/cosecha-del-te-c-jurgen-scheffler-363x203.jpg 363w, https:\/\/www.lasociedadgeografica.com\/blog\/uploads\/2016\/07\/cosecha-del-te-c-jurgen-scheffler-462x259.jpg 462w, https:\/\/www.lasociedadgeografica.com\/blog\/uploads\/2016\/07\/cosecha-del-te-c-jurgen-scheffler.jpg 1920w\" sizes=\"auto, (max-width: 728px) 100vw, 728px\" \/><\/a><p class=\"wp-caption-text\">\u00a9 j\u00fcrgen Scheffler<\/p><\/div>\n<p>A pesar del potencial de Sri Lanka, la conocida como \u00abl\u00e1grima de la India\u00bb sufri\u00f3 el impacto del famoso tsunami acontecido el 26 de diciembre de 2004 y de una guerra civil que finaliz\u00f3 en 2009, a\u00f1o en el que el pa\u00eds sumaba un total de 448 mil turistas anuales. Para 2017, la cifra ascendi\u00f3 a 2,11 millones de viajeros encandilados por una isla que por fin parec\u00eda respirar tranquila.<\/p>\n<p>Una d\u00e9cada que regalaba a la isla la recompensa merecida tras tantos a\u00f1os de sufrimiento en forma de hitos como la elecci\u00f3n de Mejor Destino 2019 por la editorial Lonely Planet o la intenci\u00f3n de la isla por alcanzar los 4.5 millones de turistas en 2020. Previsiones que se han visto alteradas debido a los recientes atentados.<\/p>\n<p>Pero la historia del terror reciente no es nueva. Ha sucedido en Turqu\u00eda y en Bali, en Egipto y en Par\u00eds, en T\u00fanez y Nueva York; en el coraz\u00f3n de Madrid. Cap\u00edtulos manchados de sangre que incitan a retar al miedo de la forma m\u00e1s justa: visitando ese destino y disfrutarlo como mejor forma de desprendernos de su yugo y, con cada caso, invitar a nuevos tiempos de paz.<\/p>\n<p>La misma que, esperamos, muy pronto vuelva a colarse en un taxi mientras su conductor sonr\u00ede, orgulloso, de pertenecer al para\u00edso.<\/p>\n<div class=\"SGIcontact\"><form id=\"sf_shortcode_SGIcontact_0F\" action=\"\/contacto\/\" method=\"post\" class=\"SGIcontactwidget_form\"><p style=\"text-align:center;font-style:italic;font-size:14px;padding-bottom:10px\" id=\"sf_shortcode_SGIcontact_0FP\">\u00bfQuieres que te dise\u00f1emos un viaje exclusivo al Subcontinente Indio?<\/p>\n<div style=\"text-align:center\" id=\"sf_shortcode_SGIcontact_0FD\"><input type=\"submit\" value=\"Cont\u00e1ctanos Aqu\u00ed\" \/>\n<\/div><\/form>\n<\/div>\n","protected":false},"excerpt":{"rendered":"<p>&nbsp; Las ocho explosiones detonadas el pasado 21 de abril de 2019 en Sri Lanka nos alertan del terror, pero tambi\u00e9n de la necesidad de vencerlo. Porque el monz\u00f3n m\u00e1s oscuro pasar\u00e1, no dejaremos de &hellip;<\/p>\n","protected":false},"author":1,"featured_media":0,"comment_status":"open","ping_status":"open","sticky":false,"template":"","format":"standard","meta":{"footnotes":""},"categories":[14,2885],"tags":[],"class_list":["post-18980","post","type-post","status-publish","format-standard","hentry","category-sgi","category-viajes-sri-lanka"],"yoast_head":"<!-- This site is optimized with the Yoast SEO plugin v27.4 - https:\/\/yoast.com\/product\/yoast-seo-wordpress\/ -->\n<title>No dejaremos de viajar a Sri Lanka<\/title>\n<meta name=\"description\" content=\"Los atentados de Sri Lanka nos llevan a plantearnos si viajar a cualquier lugar envenenado por el terror es la mejor decisi\u00f3n a la hora de vencerlo.\" \/>\n<meta name=\"robots\" content=\"index, follow, max-snippet:-1, max-image-preview:large, max-video-preview:-1\" \/>\n<link rel=\"canonical\" href=\"https:\/\/www.lasociedadgeografica.com\/blog\/sgi\/no-dejaremos-de-viajar-a-sri-lanka\/\" \/>\n<meta property=\"og:locale\" content=\"es_ES\" \/>\n<meta property=\"og:type\" content=\"article\" \/>\n<meta property=\"og:title\" content=\"No dejaremos de viajar a Sri Lanka\" \/>\n<meta property=\"og:description\" content=\"Los atentados de Sri Lanka nos llevan a plantearnos si viajar a cualquier lugar envenenado por el terror es la mejor decisi\u00f3n a la hora de vencerlo.\" \/>\n<meta property=\"og:url\" content=\"https:\/\/www.lasociedadgeografica.com\/blog\/sgi\/no-dejaremos-de-viajar-a-sri-lanka\/\" \/>\n<meta property=\"og:site_name\" content=\"Blog de viajes a India\" \/>\n<meta property=\"article:published_time\" content=\"2019-06-06T10:15:09+00:00\" \/>\n<meta property=\"article:modified_time\" content=\"2019-06-19T07:52:07+00:00\" \/>\n<meta property=\"og:image\" content=\"https:\/\/www.lasociedadgeografica.com\/blog\/uploads\/2019\/06\/sri-lanka-playa-tomas-malco-malik-1024x768.jpeg\" \/>\n<meta name=\"author\" content=\"SGI\" \/>\n<meta name=\"twitter:label1\" content=\"Escrito por\" \/>\n\t<meta name=\"twitter:data1\" content=\"SGI\" \/>\n\t<meta name=\"twitter:label2\" content=\"Tiempo de lectura\" \/>\n\t<meta name=\"twitter:data2\" content=\"5 minutos\" \/>\n<script type=\"application\/ld+json\" class=\"yoast-schema-graph\">{\"@context\":\"https:\\\/\\\/schema.org\",\"@graph\":[{\"@type\":\"Article\",\"@id\":\"https:\\\/\\\/www.lasociedadgeografica.com\\\/blog\\\/sgi\\\/no-dejaremos-de-viajar-a-sri-lanka\\\/#article\",\"isPartOf\":{\"@id\":\"https:\\\/\\\/www.lasociedadgeografica.com\\\/blog\\\/sgi\\\/no-dejaremos-de-viajar-a-sri-lanka\\\/\"},\"author\":{\"name\":\"SGI\",\"@id\":\"https:\\\/\\\/www.lasociedadgeografica.com\\\/blog\\\/#\\\/schema\\\/person\\\/4eb706084ebada5acb6f674d895232d2\"},\"headline\":\"No dejaremos de viajar a Sri Lanka\",\"datePublished\":\"2019-06-06T10:15:09+00:00\",\"dateModified\":\"2019-06-19T07:52:07+00:00\",\"mainEntityOfPage\":{\"@id\":\"https:\\\/\\\/www.lasociedadgeografica.com\\\/blog\\\/sgi\\\/no-dejaremos-de-viajar-a-sri-lanka\\\/\"},\"wordCount\":980,\"commentCount\":0,\"image\":{\"@id\":\"https:\\\/\\\/www.lasociedadgeografica.com\\\/blog\\\/sgi\\\/no-dejaremos-de-viajar-a-sri-lanka\\\/#primaryimage\"},\"thumbnailUrl\":\"https:\\\/\\\/www.lasociedadgeografica.com\\\/blog\\\/uploads\\\/2019\\\/06\\\/sri-lanka-playa-tomas-malco-malik-1024x768.jpeg\",\"articleSection\":[\"SGI\",\"Viajes Sri Lanka\"],\"inLanguage\":\"es\",\"potentialAction\":[{\"@type\":\"CommentAction\",\"name\":\"Comment\",\"target\":[\"https:\\\/\\\/www.lasociedadgeografica.com\\\/blog\\\/sgi\\\/no-dejaremos-de-viajar-a-sri-lanka\\\/#respond\"]}]},{\"@type\":\"WebPage\",\"@id\":\"https:\\\/\\\/www.lasociedadgeografica.com\\\/blog\\\/sgi\\\/no-dejaremos-de-viajar-a-sri-lanka\\\/\",\"url\":\"https:\\\/\\\/www.lasociedadgeografica.com\\\/blog\\\/sgi\\\/no-dejaremos-de-viajar-a-sri-lanka\\\/\",\"name\":\"No dejaremos de viajar a Sri Lanka\",\"isPartOf\":{\"@id\":\"https:\\\/\\\/www.lasociedadgeografica.com\\\/blog\\\/#website\"},\"primaryImageOfPage\":{\"@id\":\"https:\\\/\\\/www.lasociedadgeografica.com\\\/blog\\\/sgi\\\/no-dejaremos-de-viajar-a-sri-lanka\\\/#primaryimage\"},\"image\":{\"@id\":\"https:\\\/\\\/www.lasociedadgeografica.com\\\/blog\\\/sgi\\\/no-dejaremos-de-viajar-a-sri-lanka\\\/#primaryimage\"},\"thumbnailUrl\":\"https:\\\/\\\/www.lasociedadgeografica.com\\\/blog\\\/uploads\\\/2019\\\/06\\\/sri-lanka-playa-tomas-malco-malik-1024x768.jpeg\",\"datePublished\":\"2019-06-06T10:15:09+00:00\",\"dateModified\":\"2019-06-19T07:52:07+00:00\",\"author\":{\"@id\":\"https:\\\/\\\/www.lasociedadgeografica.com\\\/blog\\\/#\\\/schema\\\/person\\\/4eb706084ebada5acb6f674d895232d2\"},\"description\":\"Los atentados de Sri Lanka nos llevan a plantearnos si viajar a cualquier lugar envenenado por el terror es la mejor decisi\u00f3n a la hora de vencerlo.\",\"breadcrumb\":{\"@id\":\"https:\\\/\\\/www.lasociedadgeografica.com\\\/blog\\\/sgi\\\/no-dejaremos-de-viajar-a-sri-lanka\\\/#breadcrumb\"},\"inLanguage\":\"es\",\"potentialAction\":[{\"@type\":\"ReadAction\",\"target\":[\"https:\\\/\\\/www.lasociedadgeografica.com\\\/blog\\\/sgi\\\/no-dejaremos-de-viajar-a-sri-lanka\\\/\"]}]},{\"@type\":\"ImageObject\",\"inLanguage\":\"es\",\"@id\":\"https:\\\/\\\/www.lasociedadgeografica.com\\\/blog\\\/sgi\\\/no-dejaremos-de-viajar-a-sri-lanka\\\/#primaryimage\",\"url\":\"https:\\\/\\\/www.lasociedadgeografica.com\\\/blog\\\/uploads\\\/2019\\\/06\\\/sri-lanka-playa-tomas-malco-malik-1024x768.jpeg\",\"contentUrl\":\"https:\\\/\\\/www.lasociedadgeografica.com\\\/blog\\\/uploads\\\/2019\\\/06\\\/sri-lanka-playa-tomas-malco-malik-1024x768.jpeg\"},{\"@type\":\"BreadcrumbList\",\"@id\":\"https:\\\/\\\/www.lasociedadgeografica.com\\\/blog\\\/sgi\\\/no-dejaremos-de-viajar-a-sri-lanka\\\/#breadcrumb\",\"itemListElement\":[{\"@type\":\"ListItem\",\"position\":1,\"name\":\"Portada\",\"item\":\"https:\\\/\\\/www.lasociedadgeografica.com\\\/blog\\\/\"},{\"@type\":\"ListItem\",\"position\":2,\"name\":\"No dejaremos de viajar a Sri Lanka\"}]},{\"@type\":\"WebSite\",\"@id\":\"https:\\\/\\\/www.lasociedadgeografica.com\\\/blog\\\/#website\",\"url\":\"https:\\\/\\\/www.lasociedadgeografica.com\\\/blog\\\/\",\"name\":\"Blog de viajes a India\",\"description\":\"Un lugar para Conocer India, con may\u00fasculas. El Blog de Sociedad Geogr\u00e1fica de las Indias.\",\"potentialAction\":[{\"@type\":\"SearchAction\",\"target\":{\"@type\":\"EntryPoint\",\"urlTemplate\":\"https:\\\/\\\/www.lasociedadgeografica.com\\\/blog\\\/?s={search_term_string}\"},\"query-input\":{\"@type\":\"PropertyValueSpecification\",\"valueRequired\":true,\"valueName\":\"search_term_string\"}}],\"inLanguage\":\"es\"},{\"@type\":\"Person\",\"@id\":\"https:\\\/\\\/www.lasociedadgeografica.com\\\/blog\\\/#\\\/schema\\\/person\\\/4eb706084ebada5acb6f674d895232d2\",\"name\":\"SGI\",\"image\":{\"@type\":\"ImageObject\",\"inLanguage\":\"es\",\"@id\":\"https:\\\/\\\/secure.gravatar.com\\\/avatar\\\/3b6518b4778a72cb0cada5ad3bf7536bf8fd05c7dc636ba9c80f95598fc13469?s=96&r=g\",\"url\":\"https:\\\/\\\/secure.gravatar.com\\\/avatar\\\/3b6518b4778a72cb0cada5ad3bf7536bf8fd05c7dc636ba9c80f95598fc13469?s=96&r=g\",\"contentUrl\":\"https:\\\/\\\/secure.gravatar.com\\\/avatar\\\/3b6518b4778a72cb0cada5ad3bf7536bf8fd05c7dc636ba9c80f95598fc13469?s=96&r=g\",\"caption\":\"SGI\"},\"description\":\"Sociedad Geogr\u00e1fica de las Indias, agencia especializada en viajes exclusivos y a medida a India. https:\\\/\\\/www.lasociedadgeografica.com\",\"sameAs\":[\"https:\\\/\\\/www.lasociedadgeografica.com\"],\"url\":\"https:\\\/\\\/www.lasociedadgeografica.com\\\/blog\\\/author\\\/admin\\\/\"}]}<\/script>\n<!-- \/ Yoast SEO plugin. -->","yoast_head_json":{"title":"No dejaremos de viajar a Sri Lanka","description":"Los atentados de Sri Lanka nos llevan a plantearnos si viajar a cualquier lugar envenenado por el terror es la mejor decisi\u00f3n a la hora de vencerlo.","robots":{"index":"index","follow":"follow","max-snippet":"max-snippet:-1","max-image-preview":"max-image-preview:large","max-video-preview":"max-video-preview:-1"},"canonical":"https:\/\/www.lasociedadgeografica.com\/blog\/sgi\/no-dejaremos-de-viajar-a-sri-lanka\/","og_locale":"es_ES","og_type":"article","og_title":"No dejaremos de viajar a Sri Lanka","og_description":"Los atentados de Sri Lanka nos llevan a plantearnos si viajar a cualquier lugar envenenado por el terror es la mejor decisi\u00f3n a la hora de vencerlo.","og_url":"https:\/\/www.lasociedadgeografica.com\/blog\/sgi\/no-dejaremos-de-viajar-a-sri-lanka\/","og_site_name":"Blog de viajes a India","article_published_time":"2019-06-06T10:15:09+00:00","article_modified_time":"2019-06-19T07:52:07+00:00","og_image":[{"url":"https:\/\/www.lasociedadgeografica.com\/blog\/uploads\/2019\/06\/sri-lanka-playa-tomas-malco-malik-1024x768.jpeg","type":"","width":"","height":""}],"author":"SGI","twitter_misc":{"Escrito por":"SGI","Tiempo de lectura":"5 minutos"},"schema":{"@context":"https:\/\/schema.org","@graph":[{"@type":"Article","@id":"https:\/\/www.lasociedadgeografica.com\/blog\/sgi\/no-dejaremos-de-viajar-a-sri-lanka\/#article","isPartOf":{"@id":"https:\/\/www.lasociedadgeografica.com\/blog\/sgi\/no-dejaremos-de-viajar-a-sri-lanka\/"},"author":{"name":"SGI","@id":"https:\/\/www.lasociedadgeografica.com\/blog\/#\/schema\/person\/4eb706084ebada5acb6f674d895232d2"},"headline":"No dejaremos de viajar a Sri Lanka","datePublished":"2019-06-06T10:15:09+00:00","dateModified":"2019-06-19T07:52:07+00:00","mainEntityOfPage":{"@id":"https:\/\/www.lasociedadgeografica.com\/blog\/sgi\/no-dejaremos-de-viajar-a-sri-lanka\/"},"wordCount":980,"commentCount":0,"image":{"@id":"https:\/\/www.lasociedadgeografica.com\/blog\/sgi\/no-dejaremos-de-viajar-a-sri-lanka\/#primaryimage"},"thumbnailUrl":"https:\/\/www.lasociedadgeografica.com\/blog\/uploads\/2019\/06\/sri-lanka-playa-tomas-malco-malik-1024x768.jpeg","articleSection":["SGI","Viajes Sri Lanka"],"inLanguage":"es","potentialAction":[{"@type":"CommentAction","name":"Comment","target":["https:\/\/www.lasociedadgeografica.com\/blog\/sgi\/no-dejaremos-de-viajar-a-sri-lanka\/#respond"]}]},{"@type":"WebPage","@id":"https:\/\/www.lasociedadgeografica.com\/blog\/sgi\/no-dejaremos-de-viajar-a-sri-lanka\/","url":"https:\/\/www.lasociedadgeografica.com\/blog\/sgi\/no-dejaremos-de-viajar-a-sri-lanka\/","name":"No dejaremos de viajar a Sri Lanka","isPartOf":{"@id":"https:\/\/www.lasociedadgeografica.com\/blog\/#website"},"primaryImageOfPage":{"@id":"https:\/\/www.lasociedadgeografica.com\/blog\/sgi\/no-dejaremos-de-viajar-a-sri-lanka\/#primaryimage"},"image":{"@id":"https:\/\/www.lasociedadgeografica.com\/blog\/sgi\/no-dejaremos-de-viajar-a-sri-lanka\/#primaryimage"},"thumbnailUrl":"https:\/\/www.lasociedadgeografica.com\/blog\/uploads\/2019\/06\/sri-lanka-playa-tomas-malco-malik-1024x768.jpeg","datePublished":"2019-06-06T10:15:09+00:00","dateModified":"2019-06-19T07:52:07+00:00","author":{"@id":"https:\/\/www.lasociedadgeografica.com\/blog\/#\/schema\/person\/4eb706084ebada5acb6f674d895232d2"},"description":"Los atentados de Sri Lanka nos llevan a plantearnos si viajar a cualquier lugar envenenado por el terror es la mejor decisi\u00f3n a la hora de vencerlo.","breadcrumb":{"@id":"https:\/\/www.lasociedadgeografica.com\/blog\/sgi\/no-dejaremos-de-viajar-a-sri-lanka\/#breadcrumb"},"inLanguage":"es","potentialAction":[{"@type":"ReadAction","target":["https:\/\/www.lasociedadgeografica.com\/blog\/sgi\/no-dejaremos-de-viajar-a-sri-lanka\/"]}]},{"@type":"ImageObject","inLanguage":"es","@id":"https:\/\/www.lasociedadgeografica.com\/blog\/sgi\/no-dejaremos-de-viajar-a-sri-lanka\/#primaryimage","url":"https:\/\/www.lasociedadgeografica.com\/blog\/uploads\/2019\/06\/sri-lanka-playa-tomas-malco-malik-1024x768.jpeg","contentUrl":"https:\/\/www.lasociedadgeografica.com\/blog\/uploads\/2019\/06\/sri-lanka-playa-tomas-malco-malik-1024x768.jpeg"},{"@type":"BreadcrumbList","@id":"https:\/\/www.lasociedadgeografica.com\/blog\/sgi\/no-dejaremos-de-viajar-a-sri-lanka\/#breadcrumb","itemListElement":[{"@type":"ListItem","position":1,"name":"Portada","item":"https:\/\/www.lasociedadgeografica.com\/blog\/"},{"@type":"ListItem","position":2,"name":"No dejaremos de viajar a Sri Lanka"}]},{"@type":"WebSite","@id":"https:\/\/www.lasociedadgeografica.com\/blog\/#website","url":"https:\/\/www.lasociedadgeografica.com\/blog\/","name":"Blog de viajes a India","description":"Un lugar para Conocer India, con may\u00fasculas. El Blog de Sociedad Geogr\u00e1fica de las Indias.","potentialAction":[{"@type":"SearchAction","target":{"@type":"EntryPoint","urlTemplate":"https:\/\/www.lasociedadgeografica.com\/blog\/?s={search_term_string}"},"query-input":{"@type":"PropertyValueSpecification","valueRequired":true,"valueName":"search_term_string"}}],"inLanguage":"es"},{"@type":"Person","@id":"https:\/\/www.lasociedadgeografica.com\/blog\/#\/schema\/person\/4eb706084ebada5acb6f674d895232d2","name":"SGI","image":{"@type":"ImageObject","inLanguage":"es","@id":"https:\/\/secure.gravatar.com\/avatar\/3b6518b4778a72cb0cada5ad3bf7536bf8fd05c7dc636ba9c80f95598fc13469?s=96&r=g","url":"https:\/\/secure.gravatar.com\/avatar\/3b6518b4778a72cb0cada5ad3bf7536bf8fd05c7dc636ba9c80f95598fc13469?s=96&r=g","contentUrl":"https:\/\/secure.gravatar.com\/avatar\/3b6518b4778a72cb0cada5ad3bf7536bf8fd05c7dc636ba9c80f95598fc13469?s=96&r=g","caption":"SGI"},"description":"Sociedad Geogr\u00e1fica de las Indias, agencia especializada en viajes exclusivos y a medida a India. https:\/\/www.lasociedadgeografica.com","sameAs":["https:\/\/www.lasociedadgeografica.com"],"url":"https:\/\/www.lasociedadgeografica.com\/blog\/author\/admin\/"}]}},"_links":{"self":[{"href":"https:\/\/www.lasociedadgeografica.com\/blog\/wp-json\/wp\/v2\/posts\/18980","targetHints":{"allow":["GET"]}}],"collection":[{"href":"https:\/\/www.lasociedadgeografica.com\/blog\/wp-json\/wp\/v2\/posts"}],"about":[{"href":"https:\/\/www.lasociedadgeografica.com\/blog\/wp-json\/wp\/v2\/types\/post"}],"author":[{"embeddable":true,"href":"https:\/\/www.lasociedadgeografica.com\/blog\/wp-json\/wp\/v2\/users\/1"}],"replies":[{"embeddable":true,"href":"https:\/\/www.lasociedadgeografica.com\/blog\/wp-json\/wp\/v2\/comments?post=18980"}],"version-history":[{"count":13,"href":"https:\/\/www.lasociedadgeografica.com\/blog\/wp-json\/wp\/v2\/posts\/18980\/revisions"}],"predecessor-version":[{"id":19303,"href":"https:\/\/www.lasociedadgeografica.com\/blog\/wp-json\/wp\/v2\/posts\/18980\/revisions\/19303"}],"wp:attachment":[{"href":"https:\/\/www.lasociedadgeografica.com\/blog\/wp-json\/wp\/v2\/media?parent=18980"}],"wp:term":[{"taxonomy":"category","embeddable":true,"href":"https:\/\/www.lasociedadgeografica.com\/blog\/wp-json\/wp\/v2\/categories?post=18980"},{"taxonomy":"post_tag","embeddable":true,"href":"https:\/\/www.lasociedadgeografica.com\/blog\/wp-json\/wp\/v2\/tags?post=18980"}],"curies":[{"name":"wp","href":"https:\/\/api.w.org\/{rel}","templated":true}]}}