{"id":19884,"date":"2019-09-19T20:33:23","date_gmt":"2019-09-19T18:33:23","guid":{"rendered":"https:\/\/www.lasociedadgeografica.com\/blog\/?p=19884"},"modified":"2019-09-18T20:36:00","modified_gmt":"2019-09-18T18:36:00","slug":"maldivas-infrarroja-marte-estaba-en-el-indico","status":"publish","type":"post","link":"https:\/\/www.lasociedadgeografica.com\/blog\/sgi\/maldivas-infrarroja-marte-estaba-en-el-indico\/","title":{"rendered":"Maldivas infrarroja: Marte estaba en el \u00cdndico"},"content":{"rendered":"\n\n<div class=\"kk-star-ratings kksr-auto kksr-align-left kksr-valign-top\"\n    data-payload='{&quot;align&quot;:&quot;left&quot;,&quot;id&quot;:&quot;19884&quot;,&quot;slug&quot;:&quot;default&quot;,&quot;valign&quot;:&quot;top&quot;,&quot;ignore&quot;:&quot;&quot;,&quot;reference&quot;:&quot;auto&quot;,&quot;class&quot;:&quot;&quot;,&quot;count&quot;:&quot;3&quot;,&quot;legendonly&quot;:&quot;&quot;,&quot;readonly&quot;:&quot;&quot;,&quot;score&quot;:&quot;5&quot;,&quot;starsonly&quot;:&quot;&quot;,&quot;best&quot;:&quot;5&quot;,&quot;gap&quot;:&quot;6&quot;,&quot;greet&quot;:&quot;&quot;,&quot;legend&quot;:&quot;5\\\/5 - (3 votos)&quot;,&quot;size&quot;:&quot;22&quot;,&quot;title&quot;:&quot;Maldivas infrarroja: Marte estaba en el \u00cdndico&quot;,&quot;width&quot;:&quot;137&quot;,&quot;_legend&quot;:&quot;{score}\\\/{best} - ({count} {votes})&quot;,&quot;font_factor&quot;:&quot;1.25&quot;}'>\n            \n<div class=\"kksr-stars\">\n    \n<div class=\"kksr-stars-inactive\">\n            <div class=\"kksr-star\" data-star=\"1\" style=\"padding-right: 6px\">\n            \n\n<div class=\"kksr-icon\" style=\"width: 22px; height: 22px;\"><\/div>\n        <\/div>\n            <div class=\"kksr-star\" data-star=\"2\" style=\"padding-right: 6px\">\n            \n\n<div class=\"kksr-icon\" style=\"width: 22px; height: 22px;\"><\/div>\n        <\/div>\n            <div class=\"kksr-star\" data-star=\"3\" style=\"padding-right: 6px\">\n            \n\n<div class=\"kksr-icon\" style=\"width: 22px; height: 22px;\"><\/div>\n        <\/div>\n            <div class=\"kksr-star\" data-star=\"4\" style=\"padding-right: 6px\">\n            \n\n<div class=\"kksr-icon\" style=\"width: 22px; height: 22px;\"><\/div>\n        <\/div>\n            <div class=\"kksr-star\" data-star=\"5\" style=\"padding-right: 6px\">\n            \n\n<div class=\"kksr-icon\" style=\"width: 22px; height: 22px;\"><\/div>\n        <\/div>\n    <\/div>\n    \n<div class=\"kksr-stars-active\" style=\"width: 137px;\">\n            <div class=\"kksr-star\" style=\"padding-right: 6px\">\n            \n\n<div class=\"kksr-icon\" style=\"width: 22px; height: 22px;\"><\/div>\n        <\/div>\n            <div class=\"kksr-star\" style=\"padding-right: 6px\">\n            \n\n<div class=\"kksr-icon\" style=\"width: 22px; height: 22px;\"><\/div>\n        <\/div>\n            <div class=\"kksr-star\" style=\"padding-right: 6px\">\n            \n\n<div class=\"kksr-icon\" style=\"width: 22px; height: 22px;\"><\/div>\n        <\/div>\n            <div class=\"kksr-star\" style=\"padding-right: 6px\">\n            \n\n<div class=\"kksr-icon\" style=\"width: 22px; height: 22px;\"><\/div>\n        <\/div>\n            <div class=\"kksr-star\" style=\"padding-right: 6px\">\n            \n\n<div class=\"kksr-icon\" style=\"width: 22px; height: 22px;\"><\/div>\n        <\/div>\n    <\/div>\n<\/div>\n                \n\n<div class=\"kksr-legend\" style=\"font-size: 17.6px;\">\n            5\/5 - (3 votos)    <\/div>\n    <\/div>\n<p><div id=\"attachment_19886\" class=\"wp-caption aligncenter\" style=\"width: 818px\"><a href=\"https:\/\/www.lasociedadgeografica.com\/blog\/uploads\/2019\/09\/paolo-pettigiani-the-maldives-infraland-designboom01.jpg\"><img loading=\"lazy\" decoding=\"async\" class=\"wp-image-19886 size-full\" title=\"Maldivas en versi\u00f3n roja\" src=\"https:\/\/www.lasociedadgeografica.com\/blog\/uploads\/2019\/09\/paolo-pettigiani-the-maldives-infraland-designboom01.jpg\" alt=\"Maldivas infrarroja\" width=\"818\" height=\"630\" srcset=\"https:\/\/www.lasociedadgeografica.com\/blog\/uploads\/2019\/09\/paolo-pettigiani-the-maldives-infraland-designboom01.jpg 818w, https:\/\/www.lasociedadgeografica.com\/blog\/uploads\/2019\/09\/paolo-pettigiani-the-maldives-infraland-designboom01-300x231.jpg 300w, https:\/\/www.lasociedadgeografica.com\/blog\/uploads\/2019\/09\/paolo-pettigiani-the-maldives-infraland-designboom01-728x561.jpg 728w, https:\/\/www.lasociedadgeografica.com\/blog\/uploads\/2019\/09\/paolo-pettigiani-the-maldives-infraland-designboom01-363x280.jpg 363w, https:\/\/www.lasociedadgeografica.com\/blog\/uploads\/2019\/09\/paolo-pettigiani-the-maldives-infraland-designboom01-462x356.jpg 462w\" sizes=\"auto, (max-width: 818px) 100vw, 818px\" \/><\/a><p class=\"wp-caption-text\">\u00a9 Paolo Pettigiani<\/p><\/div><br \/>\n<a name=\"smore-\"><\/a><br \/>\n<i><span class=\"entradilla\">El mundo de la fotograf\u00eda nunca deja de sorprendernos, m\u00e1s a\u00fan cuando Maldivas se encuentra entre uno de los \u00faltimos destinos del fot\u00f3grafo italiano Paolo Pettigiani. \u00bfTe vienes con nosotros a conocer c\u00f3mo luce esta versi\u00f3n de Maldivas infrarroja?<\/span><\/i><\/p>\n<p>Escrito por: Alberto Piernas<\/p>\n<p><!--more--><\/p>\n<h2>\u00bfMarte o Maldivas?<\/h2>\n<div id=\"attachment_19887\" class=\"wp-caption aligncenter\" style=\"width: 728px\"><a href=\"https:\/\/www.lasociedadgeografica.com\/blog\/uploads\/2019\/09\/maldivas-infrarroja-2.jpeg\" target=\"_blank\" rel=\"noopener noreferrer\"><img loading=\"lazy\" decoding=\"async\" class=\"wp-image-19887 size-large\" title=\"Maldivas roja \" src=\"https:\/\/www.lasociedadgeografica.com\/blog\/uploads\/2019\/09\/maldivas-infrarroja-2-1024x683.jpeg\" alt=\"Maldivas en versi\u00f3n infrarroja\" width=\"728\" height=\"486\" srcset=\"https:\/\/www.lasociedadgeografica.com\/blog\/uploads\/2019\/09\/maldivas-infrarroja-2-1024x683.jpeg 1024w, https:\/\/www.lasociedadgeografica.com\/blog\/uploads\/2019\/09\/maldivas-infrarroja-2-300x200.jpeg 300w, https:\/\/www.lasociedadgeografica.com\/blog\/uploads\/2019\/09\/maldivas-infrarroja-2-728x486.jpeg 728w, https:\/\/www.lasociedadgeografica.com\/blog\/uploads\/2019\/09\/maldivas-infrarroja-2-363x242.jpeg 363w, https:\/\/www.lasociedadgeografica.com\/blog\/uploads\/2019\/09\/maldivas-infrarroja-2-462x308.jpeg 462w, https:\/\/www.lasociedadgeografica.com\/blog\/uploads\/2019\/09\/maldivas-infrarroja-2.jpeg 1160w\" sizes=\"auto, (max-width: 728px) 100vw, 728px\" \/><\/a><p class=\"wp-caption-text\">\u00a9 Paolo Pettigiani<\/p><\/div>\n<p>Durante los \u00faltimos a\u00f1os, redes sociales como Instagram han permitido a numerosos profesionales del arte y la fotograf\u00eda mostrar sus creaciones al mundo. De ah\u00ed que podamos optar a una paleta de opciones entre la que destacamos una muy especial: el proyecto <strong>The Maldives Infraland, de Paolo Pettigiani<\/strong>.<\/p>\n<div id=\"attachment_19890\" class=\"wp-caption aligncenter\" style=\"width: 1000px\"><a href=\"https:\/\/www.lasociedadgeografica.com\/blog\/uploads\/2019\/09\/paulo-pettigiani-maldivas-infraland.jpg\" target=\"_blank\" rel=\"noopener noreferrer\"><img loading=\"lazy\" decoding=\"async\" class=\"wp-image-19890 size-full\" title=\"Maldivas en color rojo \" src=\"https:\/\/www.lasociedadgeografica.com\/blog\/uploads\/2019\/09\/paulo-pettigiani-maldivas-infraland.jpg\" alt=\"Resort de Maldivas en versi\u00f3n infrarroja \" width=\"1000\" height=\"667\" srcset=\"https:\/\/www.lasociedadgeografica.com\/blog\/uploads\/2019\/09\/paulo-pettigiani-maldivas-infraland.jpg 1000w, https:\/\/www.lasociedadgeografica.com\/blog\/uploads\/2019\/09\/paulo-pettigiani-maldivas-infraland-300x200.jpg 300w, https:\/\/www.lasociedadgeografica.com\/blog\/uploads\/2019\/09\/paulo-pettigiani-maldivas-infraland-728x486.jpg 728w, https:\/\/www.lasociedadgeografica.com\/blog\/uploads\/2019\/09\/paulo-pettigiani-maldivas-infraland-363x242.jpg 363w, https:\/\/www.lasociedadgeografica.com\/blog\/uploads\/2019\/09\/paulo-pettigiani-maldivas-infraland-462x308.jpg 462w\" sizes=\"auto, (max-width: 1000px) 100vw, 1000px\" \/><\/a><p class=\"wp-caption-text\">\u00a9 Paolo Pettigiani<\/p><\/div>\n<p>Natural de Tur\u00edn, la primera ciudad a la que convirti\u00f3 en objetivo de sus experimentos, Pettigiani es <strong>un fot\u00f3grafo y director de arte<\/strong> especializado en una fotograf\u00eda \u00fanica, incluso dir\u00edamos surrealista, enfocada a <strong>reinventar un destino a trav\u00e9s de la t\u00e9cnica infrarroja<\/strong>, la cual consiste en captar un objetivo mediante una c\u00e1mara de<em> full-spectrum<\/em> convertido; en este caso una DJI Mavic Pro 2. Este dron, da como resultado un experimento visual \u00fanico.<\/p>\n<p>\u00abEstas conversiones implican retirar el filtro bajo de la c\u00e1mara y remplazarlo con un vidrio transparente\u00bb, comenta Pettigiani al medio New Atlas. \u00abDe esta forma, se consigue una sensibilidad total del sensor de la c\u00e1mara ante la luz UV. Esto te permite elegir qu\u00e9 partes del espectro captura la c\u00e1mara en funci\u00f3n del filtro de rosca que uses delante de la lente\u00bb.<\/p>\n<div id=\"attachment_19888\" class=\"wp-caption aligncenter\" style=\"width: 728px\"><a href=\"https:\/\/www.lasociedadgeografica.com\/blog\/uploads\/2019\/09\/maldivas-infrarroja.jpg\" target=\"_blank\" rel=\"noopener noreferrer\"><img loading=\"lazy\" decoding=\"async\" class=\"wp-image-19888 size-large\" title=\"Fotograf\u00edas de Maldivas \" src=\"https:\/\/www.lasociedadgeografica.com\/blog\/uploads\/2019\/09\/maldivas-infrarroja-1024x682.jpg\" alt=\"El proyecto Infrared de Paolo Pettigiani\" width=\"728\" height=\"485\" srcset=\"https:\/\/www.lasociedadgeografica.com\/blog\/uploads\/2019\/09\/maldivas-infrarroja-1024x682.jpg 1024w, https:\/\/www.lasociedadgeografica.com\/blog\/uploads\/2019\/09\/maldivas-infrarroja-300x200.jpg 300w, https:\/\/www.lasociedadgeografica.com\/blog\/uploads\/2019\/09\/maldivas-infrarroja-728x485.jpg 728w, https:\/\/www.lasociedadgeografica.com\/blog\/uploads\/2019\/09\/maldivas-infrarroja-363x242.jpg 363w, https:\/\/www.lasociedadgeografica.com\/blog\/uploads\/2019\/09\/maldivas-infrarroja-462x308.jpg 462w, https:\/\/www.lasociedadgeografica.com\/blog\/uploads\/2019\/09\/maldivas-infrarroja.jpg 1400w\" sizes=\"auto, (max-width: 728px) 100vw, 728px\" \/><\/a><p class=\"wp-caption-text\">\u00a9 Paolo Pettigiani<\/p><\/div>\n<p>Tras poner en marcha esta t\u00e9cnica con las alpacas de Per\u00fa, los \u00e1ngulos del neoyorquino Central Park o los altos rascacielos de Dub\u00e1i, Pettigiani <a href=\"https:\/\/www.lasociedadgeografica.com\/nuestros-viajes\/maldivas\/\" target=\"_blank\" rel=\"noopener noreferrer\">viaj\u00f3 a Maldivas<\/a>, un destino \u00fanico donde transformar el azul infinito en un mosaico de colores mucho m\u00e1s singular.<\/p>\n<p>De esta forma, <strong>Maldivas luce como una curiosa versi\u00f3n tropical del planeta Marte<\/strong> gracias a esas palmeras rosas, una vegetaci\u00f3n que contrasta con atardeceres que podemos casi saborear, o un eterno \u00cdndico azul moteado de reflejos rojizos.<\/p>\n<div id=\"attachment_19889\" class=\"wp-caption aligncenter\" style=\"width: 683px\"><a href=\"https:\/\/www.lasociedadgeografica.com\/blog\/uploads\/2019\/09\/paolo-pettigiani-maldivas-infrarroja.jpg\"><img loading=\"lazy\" decoding=\"async\" class=\"wp-image-19889 size-large\" src=\"https:\/\/www.lasociedadgeografica.com\/blog\/uploads\/2019\/09\/paolo-pettigiani-maldivas-infrarroja-683x1024.jpg\" alt=\"Maldivas al atardecer en infrarrojo\" width=\"683\" height=\"1024\" srcset=\"https:\/\/www.lasociedadgeografica.com\/blog\/uploads\/2019\/09\/paolo-pettigiani-maldivas-infrarroja-683x1024.jpg 683w, https:\/\/www.lasociedadgeografica.com\/blog\/uploads\/2019\/09\/paolo-pettigiani-maldivas-infrarroja-200x300.jpg 200w, https:\/\/www.lasociedadgeografica.com\/blog\/uploads\/2019\/09\/paolo-pettigiani-maldivas-infrarroja-728x1092.jpg 728w, https:\/\/www.lasociedadgeografica.com\/blog\/uploads\/2019\/09\/paolo-pettigiani-maldivas-infrarroja-363x545.jpg 363w, https:\/\/www.lasociedadgeografica.com\/blog\/uploads\/2019\/09\/paolo-pettigiani-maldivas-infrarroja-462x693.jpg 462w, https:\/\/www.lasociedadgeografica.com\/blog\/uploads\/2019\/09\/paolo-pettigiani-maldivas-infrarroja.jpg 770w\" sizes=\"auto, (max-width: 683px) 100vw, 683px\" \/><\/a><p class=\"wp-caption-text\">\u00a9 Paolo Pettigiani<\/p><\/div>\n<p>Un espect\u00e1culo visual que supone un paso m\u00e1s all\u00e1 para el creador de la fiebre #infraland y cuya visi\u00f3n de Maldivas infrarroja puedes consultar al completo en su <a href=\"https:\/\/www.instagram.com\/paolopettigiani\/\" target=\"_blank\" rel=\"noopener noreferrer\">Instagram<\/a>.<\/p>\n<div class=\"SGIcontact\"><form id=\"sf_shortcode_SGIcontact_0F\" action=\"\/contacto\/\" method=\"post\" class=\"SGIcontactwidget_form\"><p style=\"text-align:center;font-style:italic;font-size:14px;padding-bottom:10px\" id=\"sf_shortcode_SGIcontact_0FP\">\u00bfQuieres que te dise\u00f1emos un viaje exclusivo al Subcontinente Indio?<\/p>\n<div style=\"text-align:center\" id=\"sf_shortcode_SGIcontact_0FD\"><input type=\"submit\" value=\"Cont\u00e1ctanos Aqu\u00ed\" \/>\n<\/div><\/form>\n<\/div>\n","protected":false},"excerpt":{"rendered":"<p>El mundo de la fotograf\u00eda nunca deja de sorprendernos, m\u00e1s a\u00fan cuando Maldivas se encuentra entre uno de los \u00faltimos destinos del fot\u00f3grafo italiano Paolo Pettigiani. \u00bfTe vienes con nosotros a conocer c\u00f3mo luce esta &hellip;<\/p>\n","protected":false},"author":1,"featured_media":0,"comment_status":"open","ping_status":"open","sticky":false,"template":"","format":"standard","meta":{"footnotes":""},"categories":[14,2884],"tags":[],"class_list":["post-19884","post","type-post","status-publish","format-standard","hentry","category-sgi","category-viajes-maldivas"],"yoast_head":"<!-- This site is optimized with the Yoast SEO plugin v27.4 - https:\/\/yoast.com\/product\/yoast-seo-wordpress\/ -->\n<title>Maldivas infrarroja: Marte estaba en el \u00cdndico<\/title>\n<meta name=\"description\" content=\"El fot\u00f3grafo paolo Pettigiani nos traslada a una Maldivas infrarroja que, perfectamente, podr\u00eda pertenecer a los tr\u00f3picos de Marte.\" \/>\n<meta name=\"robots\" content=\"index, follow, max-snippet:-1, max-image-preview:large, max-video-preview:-1\" \/>\n<link rel=\"canonical\" href=\"https:\/\/www.lasociedadgeografica.com\/blog\/sgi\/maldivas-infrarroja-marte-estaba-en-el-indico\/\" \/>\n<meta property=\"og:locale\" content=\"es_ES\" \/>\n<meta property=\"og:type\" content=\"article\" \/>\n<meta property=\"og:title\" content=\"Maldivas infrarroja: Marte estaba en el \u00cdndico\" \/>\n<meta property=\"og:description\" content=\"El fot\u00f3grafo paolo Pettigiani nos traslada a una Maldivas infrarroja que, perfectamente, podr\u00eda pertenecer a los tr\u00f3picos de Marte.\" \/>\n<meta property=\"og:url\" content=\"https:\/\/www.lasociedadgeografica.com\/blog\/sgi\/maldivas-infrarroja-marte-estaba-en-el-indico\/\" \/>\n<meta property=\"og:site_name\" content=\"Blog de viajes a India\" \/>\n<meta property=\"article:published_time\" content=\"2019-09-19T18:33:23+00:00\" \/>\n<meta property=\"og:image\" content=\"https:\/\/www.lasociedadgeografica.com\/blog\/uploads\/2019\/09\/paolo-pettigiani-the-maldives-infraland-designboom01.jpg\" \/>\n<meta name=\"author\" content=\"SGI\" \/>\n<meta name=\"twitter:label1\" content=\"Escrito por\" \/>\n\t<meta name=\"twitter:data1\" content=\"SGI\" \/>\n\t<meta name=\"twitter:label2\" content=\"Tiempo de lectura\" \/>\n\t<meta name=\"twitter:data2\" content=\"2 minutos\" \/>\n<script type=\"application\/ld+json\" class=\"yoast-schema-graph\">{\"@context\":\"https:\\\/\\\/schema.org\",\"@graph\":[{\"@type\":\"Article\",\"@id\":\"https:\\\/\\\/www.lasociedadgeografica.com\\\/blog\\\/sgi\\\/maldivas-infrarroja-marte-estaba-en-el-indico\\\/#article\",\"isPartOf\":{\"@id\":\"https:\\\/\\\/www.lasociedadgeografica.com\\\/blog\\\/sgi\\\/maldivas-infrarroja-marte-estaba-en-el-indico\\\/\"},\"author\":{\"name\":\"SGI\",\"@id\":\"https:\\\/\\\/www.lasociedadgeografica.com\\\/blog\\\/#\\\/schema\\\/person\\\/4eb706084ebada5acb6f674d895232d2\"},\"headline\":\"Maldivas infrarroja: Marte estaba en el \u00cdndico\",\"datePublished\":\"2019-09-19T18:33:23+00:00\",\"mainEntityOfPage\":{\"@id\":\"https:\\\/\\\/www.lasociedadgeografica.com\\\/blog\\\/sgi\\\/maldivas-infrarroja-marte-estaba-en-el-indico\\\/\"},\"wordCount\":416,\"commentCount\":0,\"image\":{\"@id\":\"https:\\\/\\\/www.lasociedadgeografica.com\\\/blog\\\/sgi\\\/maldivas-infrarroja-marte-estaba-en-el-indico\\\/#primaryimage\"},\"thumbnailUrl\":\"https:\\\/\\\/www.lasociedadgeografica.com\\\/blog\\\/uploads\\\/2019\\\/09\\\/paolo-pettigiani-the-maldives-infraland-designboom01.jpg\",\"articleSection\":[\"SGI\",\"Viajes Maldivas\"],\"inLanguage\":\"es\",\"potentialAction\":[{\"@type\":\"CommentAction\",\"name\":\"Comment\",\"target\":[\"https:\\\/\\\/www.lasociedadgeografica.com\\\/blog\\\/sgi\\\/maldivas-infrarroja-marte-estaba-en-el-indico\\\/#respond\"]}]},{\"@type\":\"WebPage\",\"@id\":\"https:\\\/\\\/www.lasociedadgeografica.com\\\/blog\\\/sgi\\\/maldivas-infrarroja-marte-estaba-en-el-indico\\\/\",\"url\":\"https:\\\/\\\/www.lasociedadgeografica.com\\\/blog\\\/sgi\\\/maldivas-infrarroja-marte-estaba-en-el-indico\\\/\",\"name\":\"Maldivas infrarroja: Marte estaba en el \u00cdndico\",\"isPartOf\":{\"@id\":\"https:\\\/\\\/www.lasociedadgeografica.com\\\/blog\\\/#website\"},\"primaryImageOfPage\":{\"@id\":\"https:\\\/\\\/www.lasociedadgeografica.com\\\/blog\\\/sgi\\\/maldivas-infrarroja-marte-estaba-en-el-indico\\\/#primaryimage\"},\"image\":{\"@id\":\"https:\\\/\\\/www.lasociedadgeografica.com\\\/blog\\\/sgi\\\/maldivas-infrarroja-marte-estaba-en-el-indico\\\/#primaryimage\"},\"thumbnailUrl\":\"https:\\\/\\\/www.lasociedadgeografica.com\\\/blog\\\/uploads\\\/2019\\\/09\\\/paolo-pettigiani-the-maldives-infraland-designboom01.jpg\",\"datePublished\":\"2019-09-19T18:33:23+00:00\",\"author\":{\"@id\":\"https:\\\/\\\/www.lasociedadgeografica.com\\\/blog\\\/#\\\/schema\\\/person\\\/4eb706084ebada5acb6f674d895232d2\"},\"description\":\"El fot\u00f3grafo paolo Pettigiani nos traslada a una Maldivas infrarroja que, perfectamente, podr\u00eda pertenecer a los tr\u00f3picos de Marte.\",\"breadcrumb\":{\"@id\":\"https:\\\/\\\/www.lasociedadgeografica.com\\\/blog\\\/sgi\\\/maldivas-infrarroja-marte-estaba-en-el-indico\\\/#breadcrumb\"},\"inLanguage\":\"es\",\"potentialAction\":[{\"@type\":\"ReadAction\",\"target\":[\"https:\\\/\\\/www.lasociedadgeografica.com\\\/blog\\\/sgi\\\/maldivas-infrarroja-marte-estaba-en-el-indico\\\/\"]}]},{\"@type\":\"ImageObject\",\"inLanguage\":\"es\",\"@id\":\"https:\\\/\\\/www.lasociedadgeografica.com\\\/blog\\\/sgi\\\/maldivas-infrarroja-marte-estaba-en-el-indico\\\/#primaryimage\",\"url\":\"https:\\\/\\\/www.lasociedadgeografica.com\\\/blog\\\/uploads\\\/2019\\\/09\\\/paolo-pettigiani-the-maldives-infraland-designboom01.jpg\",\"contentUrl\":\"https:\\\/\\\/www.lasociedadgeografica.com\\\/blog\\\/uploads\\\/2019\\\/09\\\/paolo-pettigiani-the-maldives-infraland-designboom01.jpg\"},{\"@type\":\"BreadcrumbList\",\"@id\":\"https:\\\/\\\/www.lasociedadgeografica.com\\\/blog\\\/sgi\\\/maldivas-infrarroja-marte-estaba-en-el-indico\\\/#breadcrumb\",\"itemListElement\":[{\"@type\":\"ListItem\",\"position\":1,\"name\":\"Portada\",\"item\":\"https:\\\/\\\/www.lasociedadgeografica.com\\\/blog\\\/\"},{\"@type\":\"ListItem\",\"position\":2,\"name\":\"Maldivas infrarroja: Marte estaba en el \u00cdndico\"}]},{\"@type\":\"WebSite\",\"@id\":\"https:\\\/\\\/www.lasociedadgeografica.com\\\/blog\\\/#website\",\"url\":\"https:\\\/\\\/www.lasociedadgeografica.com\\\/blog\\\/\",\"name\":\"Blog de viajes a India\",\"description\":\"Un lugar para Conocer India, con may\u00fasculas. El Blog de Sociedad Geogr\u00e1fica de las Indias.\",\"potentialAction\":[{\"@type\":\"SearchAction\",\"target\":{\"@type\":\"EntryPoint\",\"urlTemplate\":\"https:\\\/\\\/www.lasociedadgeografica.com\\\/blog\\\/?s={search_term_string}\"},\"query-input\":{\"@type\":\"PropertyValueSpecification\",\"valueRequired\":true,\"valueName\":\"search_term_string\"}}],\"inLanguage\":\"es\"},{\"@type\":\"Person\",\"@id\":\"https:\\\/\\\/www.lasociedadgeografica.com\\\/blog\\\/#\\\/schema\\\/person\\\/4eb706084ebada5acb6f674d895232d2\",\"name\":\"SGI\",\"image\":{\"@type\":\"ImageObject\",\"inLanguage\":\"es\",\"@id\":\"https:\\\/\\\/secure.gravatar.com\\\/avatar\\\/3b6518b4778a72cb0cada5ad3bf7536bf8fd05c7dc636ba9c80f95598fc13469?s=96&r=g\",\"url\":\"https:\\\/\\\/secure.gravatar.com\\\/avatar\\\/3b6518b4778a72cb0cada5ad3bf7536bf8fd05c7dc636ba9c80f95598fc13469?s=96&r=g\",\"contentUrl\":\"https:\\\/\\\/secure.gravatar.com\\\/avatar\\\/3b6518b4778a72cb0cada5ad3bf7536bf8fd05c7dc636ba9c80f95598fc13469?s=96&r=g\",\"caption\":\"SGI\"},\"description\":\"Sociedad Geogr\u00e1fica de las Indias, agencia especializada en viajes exclusivos y a medida a India. https:\\\/\\\/www.lasociedadgeografica.com\",\"sameAs\":[\"https:\\\/\\\/www.lasociedadgeografica.com\"],\"url\":\"https:\\\/\\\/www.lasociedadgeografica.com\\\/blog\\\/author\\\/admin\\\/\"}]}<\/script>\n<!-- \/ Yoast SEO plugin. -->","yoast_head_json":{"title":"Maldivas infrarroja: Marte estaba en el \u00cdndico","description":"El fot\u00f3grafo paolo Pettigiani nos traslada a una Maldivas infrarroja que, perfectamente, podr\u00eda pertenecer a los tr\u00f3picos de Marte.","robots":{"index":"index","follow":"follow","max-snippet":"max-snippet:-1","max-image-preview":"max-image-preview:large","max-video-preview":"max-video-preview:-1"},"canonical":"https:\/\/www.lasociedadgeografica.com\/blog\/sgi\/maldivas-infrarroja-marte-estaba-en-el-indico\/","og_locale":"es_ES","og_type":"article","og_title":"Maldivas infrarroja: Marte estaba en el \u00cdndico","og_description":"El fot\u00f3grafo paolo Pettigiani nos traslada a una Maldivas infrarroja que, perfectamente, podr\u00eda pertenecer a los tr\u00f3picos de Marte.","og_url":"https:\/\/www.lasociedadgeografica.com\/blog\/sgi\/maldivas-infrarroja-marte-estaba-en-el-indico\/","og_site_name":"Blog de viajes a India","article_published_time":"2019-09-19T18:33:23+00:00","og_image":[{"url":"https:\/\/www.lasociedadgeografica.com\/blog\/uploads\/2019\/09\/paolo-pettigiani-the-maldives-infraland-designboom01.jpg","type":"","width":"","height":""}],"author":"SGI","twitter_misc":{"Escrito por":"SGI","Tiempo de lectura":"2 minutos"},"schema":{"@context":"https:\/\/schema.org","@graph":[{"@type":"Article","@id":"https:\/\/www.lasociedadgeografica.com\/blog\/sgi\/maldivas-infrarroja-marte-estaba-en-el-indico\/#article","isPartOf":{"@id":"https:\/\/www.lasociedadgeografica.com\/blog\/sgi\/maldivas-infrarroja-marte-estaba-en-el-indico\/"},"author":{"name":"SGI","@id":"https:\/\/www.lasociedadgeografica.com\/blog\/#\/schema\/person\/4eb706084ebada5acb6f674d895232d2"},"headline":"Maldivas infrarroja: Marte estaba en el \u00cdndico","datePublished":"2019-09-19T18:33:23+00:00","mainEntityOfPage":{"@id":"https:\/\/www.lasociedadgeografica.com\/blog\/sgi\/maldivas-infrarroja-marte-estaba-en-el-indico\/"},"wordCount":416,"commentCount":0,"image":{"@id":"https:\/\/www.lasociedadgeografica.com\/blog\/sgi\/maldivas-infrarroja-marte-estaba-en-el-indico\/#primaryimage"},"thumbnailUrl":"https:\/\/www.lasociedadgeografica.com\/blog\/uploads\/2019\/09\/paolo-pettigiani-the-maldives-infraland-designboom01.jpg","articleSection":["SGI","Viajes Maldivas"],"inLanguage":"es","potentialAction":[{"@type":"CommentAction","name":"Comment","target":["https:\/\/www.lasociedadgeografica.com\/blog\/sgi\/maldivas-infrarroja-marte-estaba-en-el-indico\/#respond"]}]},{"@type":"WebPage","@id":"https:\/\/www.lasociedadgeografica.com\/blog\/sgi\/maldivas-infrarroja-marte-estaba-en-el-indico\/","url":"https:\/\/www.lasociedadgeografica.com\/blog\/sgi\/maldivas-infrarroja-marte-estaba-en-el-indico\/","name":"Maldivas infrarroja: Marte estaba en el \u00cdndico","isPartOf":{"@id":"https:\/\/www.lasociedadgeografica.com\/blog\/#website"},"primaryImageOfPage":{"@id":"https:\/\/www.lasociedadgeografica.com\/blog\/sgi\/maldivas-infrarroja-marte-estaba-en-el-indico\/#primaryimage"},"image":{"@id":"https:\/\/www.lasociedadgeografica.com\/blog\/sgi\/maldivas-infrarroja-marte-estaba-en-el-indico\/#primaryimage"},"thumbnailUrl":"https:\/\/www.lasociedadgeografica.com\/blog\/uploads\/2019\/09\/paolo-pettigiani-the-maldives-infraland-designboom01.jpg","datePublished":"2019-09-19T18:33:23+00:00","author":{"@id":"https:\/\/www.lasociedadgeografica.com\/blog\/#\/schema\/person\/4eb706084ebada5acb6f674d895232d2"},"description":"El fot\u00f3grafo paolo Pettigiani nos traslada a una Maldivas infrarroja que, perfectamente, podr\u00eda pertenecer a los tr\u00f3picos de Marte.","breadcrumb":{"@id":"https:\/\/www.lasociedadgeografica.com\/blog\/sgi\/maldivas-infrarroja-marte-estaba-en-el-indico\/#breadcrumb"},"inLanguage":"es","potentialAction":[{"@type":"ReadAction","target":["https:\/\/www.lasociedadgeografica.com\/blog\/sgi\/maldivas-infrarroja-marte-estaba-en-el-indico\/"]}]},{"@type":"ImageObject","inLanguage":"es","@id":"https:\/\/www.lasociedadgeografica.com\/blog\/sgi\/maldivas-infrarroja-marte-estaba-en-el-indico\/#primaryimage","url":"https:\/\/www.lasociedadgeografica.com\/blog\/uploads\/2019\/09\/paolo-pettigiani-the-maldives-infraland-designboom01.jpg","contentUrl":"https:\/\/www.lasociedadgeografica.com\/blog\/uploads\/2019\/09\/paolo-pettigiani-the-maldives-infraland-designboom01.jpg"},{"@type":"BreadcrumbList","@id":"https:\/\/www.lasociedadgeografica.com\/blog\/sgi\/maldivas-infrarroja-marte-estaba-en-el-indico\/#breadcrumb","itemListElement":[{"@type":"ListItem","position":1,"name":"Portada","item":"https:\/\/www.lasociedadgeografica.com\/blog\/"},{"@type":"ListItem","position":2,"name":"Maldivas infrarroja: Marte estaba en el \u00cdndico"}]},{"@type":"WebSite","@id":"https:\/\/www.lasociedadgeografica.com\/blog\/#website","url":"https:\/\/www.lasociedadgeografica.com\/blog\/","name":"Blog de viajes a India","description":"Un lugar para Conocer India, con may\u00fasculas. El Blog de Sociedad Geogr\u00e1fica de las Indias.","potentialAction":[{"@type":"SearchAction","target":{"@type":"EntryPoint","urlTemplate":"https:\/\/www.lasociedadgeografica.com\/blog\/?s={search_term_string}"},"query-input":{"@type":"PropertyValueSpecification","valueRequired":true,"valueName":"search_term_string"}}],"inLanguage":"es"},{"@type":"Person","@id":"https:\/\/www.lasociedadgeografica.com\/blog\/#\/schema\/person\/4eb706084ebada5acb6f674d895232d2","name":"SGI","image":{"@type":"ImageObject","inLanguage":"es","@id":"https:\/\/secure.gravatar.com\/avatar\/3b6518b4778a72cb0cada5ad3bf7536bf8fd05c7dc636ba9c80f95598fc13469?s=96&r=g","url":"https:\/\/secure.gravatar.com\/avatar\/3b6518b4778a72cb0cada5ad3bf7536bf8fd05c7dc636ba9c80f95598fc13469?s=96&r=g","contentUrl":"https:\/\/secure.gravatar.com\/avatar\/3b6518b4778a72cb0cada5ad3bf7536bf8fd05c7dc636ba9c80f95598fc13469?s=96&r=g","caption":"SGI"},"description":"Sociedad Geogr\u00e1fica de las Indias, agencia especializada en viajes exclusivos y a medida a India. https:\/\/www.lasociedadgeografica.com","sameAs":["https:\/\/www.lasociedadgeografica.com"],"url":"https:\/\/www.lasociedadgeografica.com\/blog\/author\/admin\/"}]}},"_links":{"self":[{"href":"https:\/\/www.lasociedadgeografica.com\/blog\/wp-json\/wp\/v2\/posts\/19884","targetHints":{"allow":["GET"]}}],"collection":[{"href":"https:\/\/www.lasociedadgeografica.com\/blog\/wp-json\/wp\/v2\/posts"}],"about":[{"href":"https:\/\/www.lasociedadgeografica.com\/blog\/wp-json\/wp\/v2\/types\/post"}],"author":[{"embeddable":true,"href":"https:\/\/www.lasociedadgeografica.com\/blog\/wp-json\/wp\/v2\/users\/1"}],"replies":[{"embeddable":true,"href":"https:\/\/www.lasociedadgeografica.com\/blog\/wp-json\/wp\/v2\/comments?post=19884"}],"version-history":[{"count":7,"href":"https:\/\/www.lasociedadgeografica.com\/blog\/wp-json\/wp\/v2\/posts\/19884\/revisions"}],"predecessor-version":[{"id":19902,"href":"https:\/\/www.lasociedadgeografica.com\/blog\/wp-json\/wp\/v2\/posts\/19884\/revisions\/19902"}],"wp:attachment":[{"href":"https:\/\/www.lasociedadgeografica.com\/blog\/wp-json\/wp\/v2\/media?parent=19884"}],"wp:term":[{"taxonomy":"category","embeddable":true,"href":"https:\/\/www.lasociedadgeografica.com\/blog\/wp-json\/wp\/v2\/categories?post=19884"},{"taxonomy":"post_tag","embeddable":true,"href":"https:\/\/www.lasociedadgeografica.com\/blog\/wp-json\/wp\/v2\/tags?post=19884"}],"curies":[{"name":"wp","href":"https:\/\/api.w.org\/{rel}","templated":true}]}}