{"id":20991,"date":"2020-04-27T08:17:59","date_gmt":"2020-04-27T06:17:59","guid":{"rendered":"https:\/\/www.lasociedadgeografica.com\/blog\/?p=20991"},"modified":"2020-04-27T08:17:59","modified_gmt":"2020-04-27T06:17:59","slug":"joan-carles-y-gemma-nos-cuentan-su-viaje-con-nosotros","status":"publish","type":"post","link":"https:\/\/www.lasociedadgeografica.com\/blog\/sgi\/joan-carles-y-gemma-nos-cuentan-su-viaje-con-nosotros\/","title":{"rendered":"Joan Carles y Gemma nos cuentan su viaje con nosotros"},"content":{"rendered":"\n\n<div class=\"kk-star-ratings kksr-auto kksr-align-left kksr-valign-top\"\n    data-payload='{&quot;align&quot;:&quot;left&quot;,&quot;id&quot;:&quot;20991&quot;,&quot;slug&quot;:&quot;default&quot;,&quot;valign&quot;:&quot;top&quot;,&quot;ignore&quot;:&quot;&quot;,&quot;reference&quot;:&quot;auto&quot;,&quot;class&quot;:&quot;&quot;,&quot;count&quot;:&quot;1&quot;,&quot;legendonly&quot;:&quot;&quot;,&quot;readonly&quot;:&quot;&quot;,&quot;score&quot;:&quot;5&quot;,&quot;starsonly&quot;:&quot;&quot;,&quot;best&quot;:&quot;5&quot;,&quot;gap&quot;:&quot;6&quot;,&quot;greet&quot;:&quot;&quot;,&quot;legend&quot;:&quot;5\\\/5 - (1 voto)&quot;,&quot;size&quot;:&quot;22&quot;,&quot;title&quot;:&quot;Joan Carles y Gemma nos cuentan su viaje con nosotros&quot;,&quot;width&quot;:&quot;137&quot;,&quot;_legend&quot;:&quot;{score}\\\/{best} - ({count} {votes})&quot;,&quot;font_factor&quot;:&quot;1.25&quot;}'>\n            \n<div class=\"kksr-stars\">\n    \n<div class=\"kksr-stars-inactive\">\n            <div class=\"kksr-star\" data-star=\"1\" style=\"padding-right: 6px\">\n            \n\n<div class=\"kksr-icon\" style=\"width: 22px; height: 22px;\"><\/div>\n        <\/div>\n            <div class=\"kksr-star\" data-star=\"2\" style=\"padding-right: 6px\">\n            \n\n<div class=\"kksr-icon\" style=\"width: 22px; height: 22px;\"><\/div>\n        <\/div>\n            <div class=\"kksr-star\" data-star=\"3\" style=\"padding-right: 6px\">\n            \n\n<div class=\"kksr-icon\" style=\"width: 22px; height: 22px;\"><\/div>\n        <\/div>\n            <div class=\"kksr-star\" data-star=\"4\" style=\"padding-right: 6px\">\n            \n\n<div class=\"kksr-icon\" style=\"width: 22px; height: 22px;\"><\/div>\n        <\/div>\n            <div class=\"kksr-star\" data-star=\"5\" style=\"padding-right: 6px\">\n            \n\n<div class=\"kksr-icon\" style=\"width: 22px; height: 22px;\"><\/div>\n        <\/div>\n    <\/div>\n    \n<div class=\"kksr-stars-active\" style=\"width: 137px;\">\n            <div class=\"kksr-star\" style=\"padding-right: 6px\">\n            \n\n<div class=\"kksr-icon\" style=\"width: 22px; height: 22px;\"><\/div>\n        <\/div>\n            <div class=\"kksr-star\" style=\"padding-right: 6px\">\n            \n\n<div class=\"kksr-icon\" style=\"width: 22px; height: 22px;\"><\/div>\n        <\/div>\n            <div class=\"kksr-star\" style=\"padding-right: 6px\">\n            \n\n<div class=\"kksr-icon\" style=\"width: 22px; height: 22px;\"><\/div>\n        <\/div>\n            <div class=\"kksr-star\" style=\"padding-right: 6px\">\n            \n\n<div class=\"kksr-icon\" style=\"width: 22px; height: 22px;\"><\/div>\n        <\/div>\n            <div class=\"kksr-star\" style=\"padding-right: 6px\">\n            \n\n<div class=\"kksr-icon\" style=\"width: 22px; height: 22px;\"><\/div>\n        <\/div>\n    <\/div>\n<\/div>\n                \n\n<div class=\"kksr-legend\" style=\"font-size: 17.6px;\">\n            5\/5 - (1 voto)    <\/div>\n    <\/div>\n<p><a href=\"https:\/\/www.lasociedadgeografica.com\/blog\/uploads\/2019\/12\/great-udaipur-bagore-ki-haveli-udaipur-photo-gallery.jpg\"><img loading=\"lazy\" decoding=\"async\" class=\"aligncenter size-full wp-image-20414\" src=\"https:\/\/www.lasociedadgeografica.com\/blog\/uploads\/2019\/12\/great-udaipur-bagore-ki-haveli-udaipur-photo-gallery.jpg\" alt=\"\" width=\"1000\" height=\"655\" srcset=\"https:\/\/www.lasociedadgeografica.com\/blog\/uploads\/2019\/12\/great-udaipur-bagore-ki-haveli-udaipur-photo-gallery.jpg 1000w, https:\/\/www.lasociedadgeografica.com\/blog\/uploads\/2019\/12\/great-udaipur-bagore-ki-haveli-udaipur-photo-gallery-300x197.jpg 300w, https:\/\/www.lasociedadgeografica.com\/blog\/uploads\/2019\/12\/great-udaipur-bagore-ki-haveli-udaipur-photo-gallery-728x477.jpg 728w, https:\/\/www.lasociedadgeografica.com\/blog\/uploads\/2019\/12\/great-udaipur-bagore-ki-haveli-udaipur-photo-gallery-363x238.jpg 363w, https:\/\/www.lasociedadgeografica.com\/blog\/uploads\/2019\/12\/great-udaipur-bagore-ki-haveli-udaipur-photo-gallery-462x303.jpg 462w\" sizes=\"auto, (max-width: 1000px) 100vw, 1000px\" \/><\/a><\/p>\n<p><i><span class=\"entradilla\">En la vida hay pocas satisfacciones que puedan compararse a la llegada de unos viajeros que, gracias a ti, han descubierto la India que so\u00f1aron. Y superamos. No te pierdas el apasionante relato de Joan Carles y Gemma.<\/span><\/i><\/p>\n<p><!--more--><br \/>\n<a name=\"smore-\"><\/a><\/p>\n<blockquote><p>Hola a las tres,<\/p>\n<p>Primero de todo desear que est\u00e9is bien con toda la movida del coronavirus, aunque ya me imagino que esto debe de haber supuesto un fuerte impacto en la empresa. Espero que todo se solucione lo antes posible, y volver a programar viajes con vosotros.<\/p><\/blockquote>\n<h2>Parte 1<\/h2>\n<p><strong>Por lo que respecta al viaje, organizaci\u00f3n atenci\u00f3n<\/strong><\/p>\n<p>Es<strong> el segundo viaje que hago con vosotros<\/strong> <strong>y otra vez todo fant\u00e1stico. TODO.<\/strong> La atenci\u00f3n antes del viaje, la preparaci\u00f3n, la organizaci\u00f3n, el ch\u00f3fer, el gu\u00eda, muy, muy bien. Adem\u00e1s mientras uno est\u00e1 de viaje, siempre se siente acompa\u00f1ado. Es decir, que <strong>sabes y notas que la agencia est\u00e1 detr\u00e1s e informada en todo momento de c\u00f3mo va el viaje,<\/strong> y eso se agradece adem\u00e1s de dar mucha confianza.<\/p>\n<h3><strong>Hoteles<\/strong><\/h3>\n<p>En <strong>Udaipur<\/strong>, el <strong>Lalit<\/strong> es un hotel muy bonito y con unas vistas privilegiadas a los lagos y a la ciudad en general. Aunque l\u00f3gicamente no todas las habitaciones tienen vistas a los lagos, realmente no es muy importante dado que puedes desayunar, tomar caf\u00e9, merendar etc\u2026 desde la terraza y disfrutar de las vistas cuando quieras. El servicio es muy amable, el desayuno, comidas en general muy buenos, y si pides cualquier cosa fuera de carta o del desayuno y te lo pueden hacer, lo hacen sin problema. (Y como no, tambi\u00e9n tropezamos con una boda).<\/p>\n<p>Las vistas al lago desde la terraza del hotel, por ah\u00ed andaba Gemma en una mesa, amenizada por una banda de gaiteros. Las otras fotos son del pasillo a las habitaciones y del restaurante desde afuera.<\/p>\n<p><a href=\"https:\/\/www.lasociedadgeografica.com\/blog\/uploads\/2020\/04\/foto-1.jpg\"><img loading=\"lazy\" decoding=\"async\" class=\"aligncenter size-full wp-image-21001\" src=\"https:\/\/www.lasociedadgeografica.com\/blog\/uploads\/2020\/04\/foto-1.jpg\" alt=\"\" width=\"320\" height=\"180\" srcset=\"https:\/\/www.lasociedadgeografica.com\/blog\/uploads\/2020\/04\/foto-1.jpg 320w, https:\/\/www.lasociedadgeografica.com\/blog\/uploads\/2020\/04\/foto-1-300x169.jpg 300w\" sizes=\"auto, (max-width: 320px) 100vw, 320px\" \/><\/a><a href=\"https:\/\/www.lasociedadgeografica.com\/blog\/uploads\/2020\/04\/foto-2.jpg\"><img loading=\"lazy\" decoding=\"async\" class=\"aligncenter size-full wp-image-21002\" src=\"https:\/\/www.lasociedadgeografica.com\/blog\/uploads\/2020\/04\/foto-2.jpg\" alt=\"\" width=\"320\" height=\"180\" srcset=\"https:\/\/www.lasociedadgeografica.com\/blog\/uploads\/2020\/04\/foto-2.jpg 320w, https:\/\/www.lasociedadgeografica.com\/blog\/uploads\/2020\/04\/foto-2-300x169.jpg 300w\" sizes=\"auto, (max-width: 320px) 100vw, 320px\" \/><\/a><\/p>\n<p>El <strong>RAAS<\/strong> <strong>Devigarh<\/strong> es el <strong>t\u00edpico hotel para ir a relajarse<\/strong> y disfrutar de la tranquilidad. Es realmente tan impresionante como se ve en las fotos pero es que por dentro de la fortaleza todo es muy acogedor, desde los restaurantes, bar, adem\u00e1s de los caminos que puedes recorrer hasta la azotea. Yo pude \u201cpatearme\u201d con la c\u00e1mara absolutamente todo el hotel, y verlo en su totalidad. <strong>La habitaci\u00f3n era estupenda, con una terraza privada con vistas a los Aravallis<\/strong>. Una de las encargadas nos dijo que era una de las mejores habitaciones con vistas y que si volv\u00edamos pidi\u00e9ramos por la misma. Era la 28, que tiene la suerte que la terraza hace esquina, con lo que a\u00fan hay m\u00e1s vista. Os dejo algunas fotos que tom\u00e9 del RAAS, b\u00e1sicamente<strong> llegamos de noche y es precioso como est\u00e1 iluminado<\/strong>, lo dem\u00e1s son rincones del hotel, la terraza de la habitaci\u00f3n y alguna de las vistas.<\/p>\n<p><a href=\"https:\/\/www.lasociedadgeografica.com\/blog\/uploads\/2020\/04\/foto-3.jpg\"><img loading=\"lazy\" decoding=\"async\" class=\"aligncenter size-full wp-image-21003\" src=\"https:\/\/www.lasociedadgeografica.com\/blog\/uploads\/2020\/04\/foto-3.jpg\" alt=\"\" width=\"320\" height=\"180\" srcset=\"https:\/\/www.lasociedadgeografica.com\/blog\/uploads\/2020\/04\/foto-3.jpg 320w, https:\/\/www.lasociedadgeografica.com\/blog\/uploads\/2020\/04\/foto-3-300x169.jpg 300w\" sizes=\"auto, (max-width: 320px) 100vw, 320px\" \/><\/a><\/p>\n<p><a href=\"https:\/\/www.lasociedadgeografica.com\/blog\/uploads\/2020\/04\/foto-5.jpg\"><img loading=\"lazy\" decoding=\"async\" class=\"aligncenter size-full wp-image-21005\" src=\"https:\/\/www.lasociedadgeografica.com\/blog\/uploads\/2020\/04\/foto-5.jpg\" alt=\"\" width=\"320\" height=\"180\" srcset=\"https:\/\/www.lasociedadgeografica.com\/blog\/uploads\/2020\/04\/foto-5.jpg 320w, https:\/\/www.lasociedadgeografica.com\/blog\/uploads\/2020\/04\/foto-5-300x169.jpg 300w\" sizes=\"auto, (max-width: 320px) 100vw, 320px\" \/><\/a> <a href=\"https:\/\/www.lasociedadgeografica.com\/blog\/uploads\/2020\/04\/foto-6.jpg\"><img loading=\"lazy\" decoding=\"async\" class=\"aligncenter size-large wp-image-21006\" src=\"https:\/\/www.lasociedadgeografica.com\/blog\/uploads\/2020\/04\/foto-6.jpg\" alt=\"\" width=\"320\" height=\"180\" srcset=\"https:\/\/www.lasociedadgeografica.com\/blog\/uploads\/2020\/04\/foto-6.jpg 320w, https:\/\/www.lasociedadgeografica.com\/blog\/uploads\/2020\/04\/foto-6-300x169.jpg 300w\" sizes=\"auto, (max-width: 320px) 100vw, 320px\" \/><br \/>\n<\/a><\/p>\n<p>El <strong>Ravla Khempur, es el hotel donde se rod\u00f3 la pel\u00edcula \u201cEl ex\u00f3tico hotel Marigold\u201d<\/strong> y el \u00fanico inter\u00e9s que tiene es el de la pel\u00edcula y si te gustan los caballos de la raza mewar. La gracia de este hotel es poder reconocer los escenarios donde se rod\u00f3 la pel\u00edcula y poca cosa m\u00e1s. Desde mi humilde punto de vista, es un hotel para fans de la pel\u00edcula, nada m\u00e1s. Es un haveli pero bastante desastrado, nada que ver con algunos que Raj nos ense\u00f1\u00f3 por Internet como Barli Fort. La diferencia es abismal.<\/p>\n<p><a href=\"https:\/\/www.lasociedadgeografica.com\/blog\/uploads\/2020\/04\/foto-7.jpg\"><img loading=\"lazy\" decoding=\"async\" class=\"aligncenter size-large wp-image-21008\" src=\"https:\/\/www.lasociedadgeografica.com\/blog\/uploads\/2020\/04\/foto-7.jpg\" alt=\"\" width=\"320\" height=\"180\" srcset=\"https:\/\/www.lasociedadgeografica.com\/blog\/uploads\/2020\/04\/foto-7.jpg 320w, https:\/\/www.lasociedadgeografica.com\/blog\/uploads\/2020\/04\/foto-7-300x169.jpg 300w\" sizes=\"auto, (max-width: 320px) 100vw, 320px\" \/><\/a> <a href=\"https:\/\/www.lasociedadgeografica.com\/blog\/uploads\/2020\/04\/foto-8.jpg\"><img loading=\"lazy\" decoding=\"async\" class=\"aligncenter size-large wp-image-21009\" src=\"https:\/\/www.lasociedadgeografica.com\/blog\/uploads\/2020\/04\/foto-8.jpg\" alt=\"\" width=\"320\" height=\"180\" srcset=\"https:\/\/www.lasociedadgeografica.com\/blog\/uploads\/2020\/04\/foto-8.jpg 320w, https:\/\/www.lasociedadgeografica.com\/blog\/uploads\/2020\/04\/foto-8-300x169.jpg 300w\" sizes=\"auto, (max-width: 320px) 100vw, 320px\" \/><\/a> <a href=\"https:\/\/www.lasociedadgeografica.com\/blog\/uploads\/2020\/04\/foto-9.jpg\"><img loading=\"lazy\" decoding=\"async\" class=\"aligncenter size-large wp-image-21010\" src=\"https:\/\/www.lasociedadgeografica.com\/blog\/uploads\/2020\/04\/foto-9.jpg\" alt=\"\" width=\"180\" height=\"320\" srcset=\"https:\/\/www.lasociedadgeografica.com\/blog\/uploads\/2020\/04\/foto-9.jpg 180w, https:\/\/www.lasociedadgeografica.com\/blog\/uploads\/2020\/04\/foto-9-169x300.jpg 169w\" sizes=\"auto, (max-width: 180px) 100vw, 180px\" \/><\/a> <a href=\"https:\/\/www.lasociedadgeografica.com\/blog\/uploads\/2020\/04\/foto-10.jpg\"><img loading=\"lazy\" decoding=\"async\" class=\"aligncenter size-large wp-image-21011\" src=\"https:\/\/www.lasociedadgeografica.com\/blog\/uploads\/2020\/04\/foto-10.jpg\" alt=\"\" width=\"320\" height=\"180\" srcset=\"https:\/\/www.lasociedadgeografica.com\/blog\/uploads\/2020\/04\/foto-10.jpg 320w, https:\/\/www.lasociedadgeografica.com\/blog\/uploads\/2020\/04\/foto-10-300x169.jpg 300w\" sizes=\"auto, (max-width: 320px) 100vw, 320px\" \/><\/a> <a href=\"https:\/\/www.lasociedadgeografica.com\/blog\/uploads\/2020\/04\/foto-11.jpg\"><img loading=\"lazy\" decoding=\"async\" class=\"aligncenter size-large wp-image-21012\" src=\"https:\/\/www.lasociedadgeografica.com\/blog\/uploads\/2020\/04\/foto-11.jpg\" alt=\"\" width=\"320\" height=\"240\" srcset=\"https:\/\/www.lasociedadgeografica.com\/blog\/uploads\/2020\/04\/foto-11.jpg 320w, https:\/\/www.lasociedadgeografica.com\/blog\/uploads\/2020\/04\/foto-11-300x225.jpg 300w\" sizes=\"auto, (max-width: 320px) 100vw, 320px\" \/><\/a> <a href=\"https:\/\/www.lasociedadgeografica.com\/blog\/uploads\/2020\/04\/foto-12.jpg\"><img loading=\"lazy\" decoding=\"async\" class=\"aligncenter size-large wp-image-21013\" src=\"https:\/\/www.lasociedadgeografica.com\/blog\/uploads\/2020\/04\/foto-12.jpg\" alt=\"\" width=\"320\" height=\"180\" srcset=\"https:\/\/www.lasociedadgeografica.com\/blog\/uploads\/2020\/04\/foto-12.jpg 320w, https:\/\/www.lasociedadgeografica.com\/blog\/uploads\/2020\/04\/foto-12-300x169.jpg 300w\" sizes=\"auto, (max-width: 320px) 100vw, 320px\" \/><\/a> <a href=\"https:\/\/www.lasociedadgeografica.com\/blog\/uploads\/2020\/04\/foto-13.jpg\"><img loading=\"lazy\" decoding=\"async\" class=\"aligncenter size-full wp-image-21014\" src=\"https:\/\/www.lasociedadgeografica.com\/blog\/uploads\/2020\/04\/foto-13.jpg\" alt=\"\" width=\"320\" height=\"180\" srcset=\"https:\/\/www.lasociedadgeografica.com\/blog\/uploads\/2020\/04\/foto-13.jpg 320w, https:\/\/www.lasociedadgeografica.com\/blog\/uploads\/2020\/04\/foto-13-300x169.jpg 300w\" sizes=\"auto, (max-width: 320px) 100vw, 320px\" \/><\/a><\/p>\n<p>La verdad es que el Ravla podr\u00eda estar un poco mejor arreglado, pero a\u00fan as\u00ed tiene su encanto. Todo limpio, la gente muy amable, hasta nos dieron las recetas de un par de platos que comimos, pero para que os hag\u00e1is una idea, los pocos hu\u00e9spedes que est\u00e1bamos ah\u00ed, es decir, nosotros, un grupo de dos se\u00f1oras y otro de seis, todos ven\u00edan por la peli, aunque uno de los grupos repet\u00eda visita.<\/p>\n<p>Tienen un chico, Mohan, que se encarga del servicio a las habitaciones y cada ma\u00f1ana pasa para comprobar que hay agua caliente\u2026. jajaja\u2026 como en la peli\u2026 os dejo \u00a0unas fotos pero en los peque\u00f1os v\u00eddeos de los enlaces lo ver\u00e9is mejor.<\/p>\n<h2>Parte 2<\/h2>\n<h3><strong>Por lo que respecta al gu\u00eda<\/strong><\/h3>\n<p>Esto es de cap\u00edtulo aparte. No conozco la India como Gemma o como vosotras,y aunque he visto fuertes, palacios, paisajes etc, <strong>para m\u00ed, lo mejor es la gente<\/strong>. <strong>Y Raj, nuestro gu\u00eda, es el mejor ejemplo.<\/strong><\/p>\n<p>Desde un principio se preocup\u00f3 por que vi\u00e9ramos cosas nuevas, ya que sab\u00eda que Gemma hab\u00eda estado hasta cuatro veces un Udaipur. Le dijimos todo lo que ya hab\u00edamos visto y que nos faltaba conocer mejor la ciudad en s\u00ed, las calles, mercados etc\u2026 y <strong>siempre preguntaba si hab\u00eda merecido la pena<\/strong>, si no hab\u00eda sido una p\u00e9rdida de tiempo. En absoluto!.<\/p>\n<p>El primer d\u00eda<strong> nos llev\u00f3 a un mirador al que se puede llegar con telef\u00e9rico desde donde las vistas son realmente espectaculares<\/strong> y que Gemma no conoc\u00eda (permit\u00eddme deciros que esto ya me gust\u00f3 porque siempre estoy oyendo aquello de \u201caqu\u00ed estuve cuando\u2026\u201d) y <strong>desde donde pude sacar unas fotos del Lake Palace, del City Palace y del lago<\/strong> que no ten\u00eda del anterior viaje.<\/p>\n<p><a href=\"https:\/\/www.lasociedadgeografica.com\/blog\/uploads\/2020\/04\/foto-14.jpg\"><img loading=\"lazy\" decoding=\"async\" class=\"aligncenter size-full wp-image-21015\" src=\"https:\/\/www.lasociedadgeografica.com\/blog\/uploads\/2020\/04\/foto-14.jpg\" alt=\"\" width=\"320\" height=\"180\" srcset=\"https:\/\/www.lasociedadgeografica.com\/blog\/uploads\/2020\/04\/foto-14.jpg 320w, https:\/\/www.lasociedadgeografica.com\/blog\/uploads\/2020\/04\/foto-14-300x169.jpg 300w\" sizes=\"auto, (max-width: 320px) 100vw, 320px\" \/><\/a> <a href=\"https:\/\/www.lasociedadgeografica.com\/blog\/uploads\/2020\/04\/foto-15.jpg\"><img loading=\"lazy\" decoding=\"async\" class=\"aligncenter size-large wp-image-21016\" src=\"https:\/\/www.lasociedadgeografica.com\/blog\/uploads\/2020\/04\/foto-15.jpg\" alt=\"\" width=\"320\" height=\"180\" srcset=\"https:\/\/www.lasociedadgeografica.com\/blog\/uploads\/2020\/04\/foto-15.jpg 320w, https:\/\/www.lasociedadgeografica.com\/blog\/uploads\/2020\/04\/foto-15-300x169.jpg 300w\" sizes=\"auto, (max-width: 320px) 100vw, 320px\" \/><\/a> <a href=\"https:\/\/www.lasociedadgeografica.com\/blog\/uploads\/2020\/04\/foto-16.jpg\"><img loading=\"lazy\" decoding=\"async\" class=\"aligncenter size-large wp-image-21017\" src=\"https:\/\/www.lasociedadgeografica.com\/blog\/uploads\/2020\/04\/foto-16.jpg\" alt=\"\" width=\"320\" height=\"180\" srcset=\"https:\/\/www.lasociedadgeografica.com\/blog\/uploads\/2020\/04\/foto-16.jpg 320w, https:\/\/www.lasociedadgeografica.com\/blog\/uploads\/2020\/04\/foto-16-300x169.jpg 300w\" sizes=\"auto, (max-width: 320px) 100vw, 320px\" \/><\/a> <a href=\"https:\/\/www.lasociedadgeografica.com\/blog\/uploads\/2020\/04\/foto-17.jpg\"><img loading=\"lazy\" decoding=\"async\" class=\"aligncenter size-large wp-image-21018\" src=\"https:\/\/www.lasociedadgeografica.com\/blog\/uploads\/2020\/04\/foto-17.jpg\" alt=\"\" width=\"320\" height=\"180\" srcset=\"https:\/\/www.lasociedadgeografica.com\/blog\/uploads\/2020\/04\/foto-17.jpg 320w, https:\/\/www.lasociedadgeografica.com\/blog\/uploads\/2020\/04\/foto-17-300x169.jpg 300w\" sizes=\"auto, (max-width: 320px) 100vw, 320px\" \/><\/a><\/p>\n<p>&nbsp;<\/p>\n<p>Al d\u00eda siguiente empezamos por visitar uno de los mercados donde pudimos disfrutar de la comida, los olores, los colores\u2026 y comprar algunas especias. Raj no se cansaba de saludar; parece que todo el mundo le conoce. Y acabamos con <strong>visita al Jagdish Temple<\/strong>.<\/p>\n<p><a href=\"https:\/\/www.lasociedadgeografica.com\/blog\/uploads\/2020\/04\/foto-19.jpg\"><img loading=\"lazy\" decoding=\"async\" class=\"aligncenter size-full wp-image-21019\" src=\"https:\/\/www.lasociedadgeografica.com\/blog\/uploads\/2020\/04\/foto-19.jpg\" alt=\"\" width=\"320\" height=\"180\" srcset=\"https:\/\/www.lasociedadgeografica.com\/blog\/uploads\/2020\/04\/foto-19.jpg 320w, https:\/\/www.lasociedadgeografica.com\/blog\/uploads\/2020\/04\/foto-19-300x169.jpg 300w\" sizes=\"auto, (max-width: 320px) 100vw, 320px\" \/><\/a> <a href=\"https:\/\/www.lasociedadgeografica.com\/blog\/uploads\/2020\/04\/foto-20.jpg\"><img loading=\"lazy\" decoding=\"async\" class=\"aligncenter size-large wp-image-21020\" src=\"https:\/\/www.lasociedadgeografica.com\/blog\/uploads\/2020\/04\/foto-20.jpg\" alt=\"\" width=\"320\" height=\"180\" srcset=\"https:\/\/www.lasociedadgeografica.com\/blog\/uploads\/2020\/04\/foto-20.jpg 320w, https:\/\/www.lasociedadgeografica.com\/blog\/uploads\/2020\/04\/foto-20-300x169.jpg 300w\" sizes=\"auto, (max-width: 320px) 100vw, 320px\" \/><\/a> <a href=\"https:\/\/www.lasociedadgeografica.com\/blog\/uploads\/2020\/04\/foto-22.jpg\"><img loading=\"lazy\" decoding=\"async\" class=\"aligncenter size-large wp-image-21021\" src=\"https:\/\/www.lasociedadgeografica.com\/blog\/uploads\/2020\/04\/foto-22.jpg\" alt=\"\" width=\"320\" height=\"180\" srcset=\"https:\/\/www.lasociedadgeografica.com\/blog\/uploads\/2020\/04\/foto-22.jpg 320w, https:\/\/www.lasociedadgeografica.com\/blog\/uploads\/2020\/04\/foto-22-300x169.jpg 300w\" sizes=\"auto, (max-width: 320px) 100vw, 320px\" \/><\/a><\/p>\n<p>De ah\u00ed<strong> fuimos a un haveli cercano<\/strong> convertido en tienda de tejidos, antig\u00fcedades, etc\u2026 con m\u00e1s de 60 habitaciones y un patio sensacional donde tomamos chai y pakoras.<\/p>\n<p><a href=\"https:\/\/www.lasociedadgeografica.com\/blog\/uploads\/2020\/04\/foto-23.jpg\"><img loading=\"lazy\" decoding=\"async\" class=\"aligncenter size-full wp-image-21022\" src=\"https:\/\/www.lasociedadgeografica.com\/blog\/uploads\/2020\/04\/foto-23.jpg\" alt=\"\" width=\"320\" height=\"180\" srcset=\"https:\/\/www.lasociedadgeografica.com\/blog\/uploads\/2020\/04\/foto-23.jpg 320w, https:\/\/www.lasociedadgeografica.com\/blog\/uploads\/2020\/04\/foto-23-300x169.jpg 300w\" sizes=\"auto, (max-width: 320px) 100vw, 320px\" \/><\/a> <a href=\"https:\/\/www.lasociedadgeografica.com\/blog\/uploads\/2020\/04\/foto-24.jpg\"><img loading=\"lazy\" decoding=\"async\" class=\"aligncenter size-large wp-image-21023\" src=\"https:\/\/www.lasociedadgeografica.com\/blog\/uploads\/2020\/04\/foto-24.jpg\" alt=\"\" width=\"320\" height=\"180\" srcset=\"https:\/\/www.lasociedadgeografica.com\/blog\/uploads\/2020\/04\/foto-24.jpg 320w, https:\/\/www.lasociedadgeografica.com\/blog\/uploads\/2020\/04\/foto-24-300x169.jpg 300w\" sizes=\"auto, (max-width: 320px) 100vw, 320px\" \/><\/a><\/p>\n<p>Luego <strong>le dijimos a Raj que quer\u00edamos ir al hotel Fateh Prakash<\/strong>, de la cadena Taj a tomar algo para hecer \u201cpuntos Taj\u201d, cruzando el City Palace y que nos reun\u00edamos con \u00e9l en una hora.<\/p>\n<p>Desde ah\u00ed a\u00fan pude <strong>sacar buenas fotos al Lake Palace y al lago Pichola<\/strong>.<\/p>\n<p><a href=\"https:\/\/www.lasociedadgeografica.com\/blog\/uploads\/2020\/04\/foto-26.jpg\"><img loading=\"lazy\" decoding=\"async\" class=\"aligncenter size-full wp-image-21024\" src=\"https:\/\/www.lasociedadgeografica.com\/blog\/uploads\/2020\/04\/foto-26.jpg\" alt=\"\" width=\"320\" height=\"180\" srcset=\"https:\/\/www.lasociedadgeografica.com\/blog\/uploads\/2020\/04\/foto-26.jpg 320w, https:\/\/www.lasociedadgeografica.com\/blog\/uploads\/2020\/04\/foto-26-300x169.jpg 300w\" sizes=\"auto, (max-width: 320px) 100vw, 320px\" \/><\/a> <a href=\"https:\/\/www.lasociedadgeografica.com\/blog\/uploads\/2020\/04\/foto-27.jpg\"><img loading=\"lazy\" decoding=\"async\" class=\"aligncenter size-large wp-image-21025\" src=\"https:\/\/www.lasociedadgeografica.com\/blog\/uploads\/2020\/04\/foto-27.jpg\" alt=\"\" width=\"320\" height=\"180\" srcset=\"https:\/\/www.lasociedadgeografica.com\/blog\/uploads\/2020\/04\/foto-27.jpg 320w, https:\/\/www.lasociedadgeografica.com\/blog\/uploads\/2020\/04\/foto-27-300x169.jpg 300w\" sizes=\"auto, (max-width: 320px) 100vw, 320px\" \/><\/a> <a href=\"https:\/\/www.lasociedadgeografica.com\/blog\/uploads\/2020\/04\/foto-28.jpg\"><img loading=\"lazy\" decoding=\"async\" class=\"aligncenter size-large wp-image-21026\" src=\"https:\/\/www.lasociedadgeografica.com\/blog\/uploads\/2020\/04\/foto-28.jpg\" alt=\"\" width=\"320\" height=\"180\" srcset=\"https:\/\/www.lasociedadgeografica.com\/blog\/uploads\/2020\/04\/foto-28.jpg 320w, https:\/\/www.lasociedadgeografica.com\/blog\/uploads\/2020\/04\/foto-28-300x169.jpg 300w\" sizes=\"auto, (max-width: 320px) 100vw, 320px\" \/><\/a> <a href=\"https:\/\/www.lasociedadgeografica.com\/blog\/uploads\/2020\/04\/foto-30.jpg\"><img loading=\"lazy\" decoding=\"async\" class=\"aligncenter size-large wp-image-21027\" src=\"https:\/\/www.lasociedadgeografica.com\/blog\/uploads\/2020\/04\/foto-30.jpg\" alt=\"\" width=\"320\" height=\"180\" srcset=\"https:\/\/www.lasociedadgeografica.com\/blog\/uploads\/2020\/04\/foto-30.jpg 320w, https:\/\/www.lasociedadgeografica.com\/blog\/uploads\/2020\/04\/foto-30-300x169.jpg 300w\" sizes=\"auto, (max-width: 320px) 100vw, 320px\" \/><\/a><\/p>\n<p>Una vez tomado el refrigerio, de vuelta con Raj <strong>fuimos a pasear por los Ghats<\/strong>.<\/p>\n<p><a href=\"https:\/\/www.lasociedadgeografica.com\/blog\/uploads\/2020\/04\/foto-31.jpg\"><img loading=\"lazy\" decoding=\"async\" class=\"aligncenter size-full wp-image-21028\" src=\"https:\/\/www.lasociedadgeografica.com\/blog\/uploads\/2020\/04\/foto-31.jpg\" alt=\"\" width=\"180\" height=\"320\" srcset=\"https:\/\/www.lasociedadgeografica.com\/blog\/uploads\/2020\/04\/foto-31.jpg 180w, https:\/\/www.lasociedadgeografica.com\/blog\/uploads\/2020\/04\/foto-31-169x300.jpg 169w\" sizes=\"auto, (max-width: 180px) 100vw, 180px\" \/><\/a> <a href=\"https:\/\/www.lasociedadgeografica.com\/blog\/uploads\/2020\/04\/foto-32.jpg\"><img loading=\"lazy\" decoding=\"async\" class=\"aligncenter size-large wp-image-21029\" src=\"https:\/\/www.lasociedadgeografica.com\/blog\/uploads\/2020\/04\/foto-32.jpg\" alt=\"\" width=\"320\" height=\"180\" srcset=\"https:\/\/www.lasociedadgeografica.com\/blog\/uploads\/2020\/04\/foto-32.jpg 320w, https:\/\/www.lasociedadgeografica.com\/blog\/uploads\/2020\/04\/foto-32-300x169.jpg 300w\" sizes=\"auto, (max-width: 320px) 100vw, 320px\" \/><\/a><\/p>\n<p><strong>Y derechos a la clase de cocina<\/strong>. Realmente nos lo pasamos muy muy bien durante las 3 horas. La profesora explicaba muy despacio y con mucha paciencia.<strong> Aprendimos a hacer Chai, chapati, nan<\/strong>\u2026 y, como no, Gemma se hinch\u00f3 a comprar especias. La verdad es que <strong>fue un acierto total la clase de cocina<\/strong>. A esa hora ya tienes hambre y mientras vas cocinando, vas comiendo y sin darte cuenta te han pasado casi tres horas. No se nos hizo pesado para nada. <strong>Repetir\u00eda seguro.<\/strong><\/p>\n<p><a href=\"https:\/\/www.lasociedadgeografica.com\/blog\/uploads\/2020\/04\/foto-32-1.jpg\"><img loading=\"lazy\" decoding=\"async\" class=\"aligncenter size-full wp-image-21030\" src=\"https:\/\/www.lasociedadgeografica.com\/blog\/uploads\/2020\/04\/foto-32-1.jpg\" alt=\"\" width=\"320\" height=\"180\" srcset=\"https:\/\/www.lasociedadgeografica.com\/blog\/uploads\/2020\/04\/foto-32-1.jpg 320w, https:\/\/www.lasociedadgeografica.com\/blog\/uploads\/2020\/04\/foto-32-1-300x169.jpg 300w\" sizes=\"auto, (max-width: 320px) 100vw, 320px\" \/><\/a> <a href=\"https:\/\/www.lasociedadgeografica.com\/blog\/uploads\/2020\/04\/foto-33.jpg\"><img loading=\"lazy\" decoding=\"async\" class=\"aligncenter size-large wp-image-21031\" src=\"https:\/\/www.lasociedadgeografica.com\/blog\/uploads\/2020\/04\/foto-33.jpg\" alt=\"\" width=\"240\" height=\"320\" srcset=\"https:\/\/www.lasociedadgeografica.com\/blog\/uploads\/2020\/04\/foto-33.jpg 240w, https:\/\/www.lasociedadgeografica.com\/blog\/uploads\/2020\/04\/foto-33-225x300.jpg 225w\" sizes=\"auto, (max-width: 240px) 100vw, 240px\" \/><\/a><\/p>\n<p>Al dia siguiente, y despu\u00e9s de ver los cenotafios, <strong>fuimos a un mercado de verduras y legumbres donde hicimos la compra<\/strong>. <strong>Raj nos hab\u00eda invitado el d\u00eda anterior a comer a su casa con su familia<\/strong>. <strong>Conocimos a su mujer y a sus hijos, nos ense\u00f1\u00f3 la casa y pudimos ver en la cocina todo el proceso de preparaci\u00f3n de los platos.<\/strong> Hab\u00eda algunos de ellos que hab\u00edan sido preparados desde primera hora de la ma\u00f1ana\u2026 por invitarnos, su mujer y su hija se pasaron toda la ma\u00f1ana trabajando en la cocina. Evidentemente todo estaba buen\u00edsimo e incluso<strong> Raj nos prepar\u00f3 una bolsa con los dulces de postre que ya no nos cab\u00edan en el est\u00f3mago, zanahorias y una papaya litaralmente m\u00e1s grande que un mel\u00f3n<\/strong>. As\u00ed que eso fue lo que cenamos en el Raas Devigarh.<\/p>\n<p>En las fotos, los cenotafios, una tienda de fabricaci\u00f3n de tambores (muy chulo), En todo el mercado \u00e9ramos los \u00fanicos extranjeros. Finalmente en casa de Raj. Nos sacamos todos un mot\u00f3n de fotos en el comedor, la cocina, los guisos, fue fenomenal. Ya ves no nos conoc\u00eda de nada y le falt\u00f3 tiempo para invitarnos.<\/p>\n<p><a href=\"https:\/\/www.lasociedadgeografica.com\/blog\/uploads\/2020\/04\/foto-33-1.jpg\"><img loading=\"lazy\" decoding=\"async\" class=\"aligncenter size-full wp-image-21032\" src=\"https:\/\/www.lasociedadgeografica.com\/blog\/uploads\/2020\/04\/foto-33-1.jpg\" alt=\"\" width=\"320\" height=\"180\" srcset=\"https:\/\/www.lasociedadgeografica.com\/blog\/uploads\/2020\/04\/foto-33-1.jpg 320w, https:\/\/www.lasociedadgeografica.com\/blog\/uploads\/2020\/04\/foto-33-1-300x169.jpg 300w\" sizes=\"auto, (max-width: 320px) 100vw, 320px\" \/><\/a> <a href=\"https:\/\/www.lasociedadgeografica.com\/blog\/uploads\/2020\/04\/foto-34.jpg\"><img loading=\"lazy\" decoding=\"async\" class=\"aligncenter size-large wp-image-21033\" src=\"https:\/\/www.lasociedadgeografica.com\/blog\/uploads\/2020\/04\/foto-34.jpg\" alt=\"\" width=\"320\" height=\"180\" srcset=\"https:\/\/www.lasociedadgeografica.com\/blog\/uploads\/2020\/04\/foto-34.jpg 320w, https:\/\/www.lasociedadgeografica.com\/blog\/uploads\/2020\/04\/foto-34-300x169.jpg 300w\" sizes=\"auto, (max-width: 320px) 100vw, 320px\" \/><\/a> <a href=\"https:\/\/www.lasociedadgeografica.com\/blog\/uploads\/2020\/04\/foto-35.jpg\"><img loading=\"lazy\" decoding=\"async\" class=\"aligncenter size-large wp-image-21034\" src=\"https:\/\/www.lasociedadgeografica.com\/blog\/uploads\/2020\/04\/foto-35.jpg\" alt=\"\" width=\"320\" height=\"240\" srcset=\"https:\/\/www.lasociedadgeografica.com\/blog\/uploads\/2020\/04\/foto-35.jpg 320w, https:\/\/www.lasociedadgeografica.com\/blog\/uploads\/2020\/04\/foto-35-300x225.jpg 300w\" sizes=\"auto, (max-width: 320px) 100vw, 320px\" \/><\/a> <a href=\"https:\/\/www.lasociedadgeografica.com\/blog\/uploads\/2020\/04\/foto-36.jpg\"><img loading=\"lazy\" decoding=\"async\" class=\"aligncenter size-large wp-image-21035\" src=\"https:\/\/www.lasociedadgeografica.com\/blog\/uploads\/2020\/04\/foto-36.jpg\" alt=\"\" width=\"320\" height=\"240\" srcset=\"https:\/\/www.lasociedadgeografica.com\/blog\/uploads\/2020\/04\/foto-36.jpg 320w, https:\/\/www.lasociedadgeografica.com\/blog\/uploads\/2020\/04\/foto-36-300x225.jpg 300w\" sizes=\"auto, (max-width: 320px) 100vw, 320px\" \/><\/a><\/p>\n<p>Y despu\u00e9s la <strong>visita al Monsoon Palace<\/strong> y sus incre\u00edbles vistas.<\/p>\n<p><a href=\"https:\/\/www.lasociedadgeografica.com\/blog\/uploads\/2020\/04\/foto-39.jpg\"><img loading=\"lazy\" decoding=\"async\" class=\"aligncenter size-full wp-image-21036\" src=\"https:\/\/www.lasociedadgeografica.com\/blog\/uploads\/2020\/04\/foto-39.jpg\" alt=\"\" width=\"320\" height=\"180\" srcset=\"https:\/\/www.lasociedadgeografica.com\/blog\/uploads\/2020\/04\/foto-39.jpg 320w, https:\/\/www.lasociedadgeografica.com\/blog\/uploads\/2020\/04\/foto-39-300x169.jpg 300w\" sizes=\"auto, (max-width: 320px) 100vw, 320px\" \/><\/a> <a href=\"https:\/\/www.lasociedadgeografica.com\/blog\/uploads\/2020\/04\/foto-40.jpg\"><img loading=\"lazy\" decoding=\"async\" class=\"aligncenter size-large wp-image-21037\" src=\"https:\/\/www.lasociedadgeografica.com\/blog\/uploads\/2020\/04\/foto-40.jpg\" alt=\"\" width=\"320\" height=\"180\" srcset=\"https:\/\/www.lasociedadgeografica.com\/blog\/uploads\/2020\/04\/foto-40.jpg 320w, https:\/\/www.lasociedadgeografica.com\/blog\/uploads\/2020\/04\/foto-40-300x169.jpg 300w\" sizes=\"auto, (max-width: 320px) 100vw, 320px\" \/><\/a><\/p>\n<p>Al d\u00eda siguiente, ya desde el Raas,<strong> fuimos a Haldigati<\/strong>. <strong>Hay que decir tres cosas m\u00e1s de Raj.<\/strong> La primera es que<strong> cuenta las historias como nadie<\/strong>. Me explicaba historias del Ramayana y no me cansaba de escucharlas. No las explica como algo folcl\u00f3rico o hist\u00f3rico sino como un cuento interesant\u00edsimo. La segunda es que <strong>me sorprendi\u00f3 el gran conocimiento que tiene sobre la alimentaci\u00f3n sana y el ayurveda<\/strong>. Explica por qu\u00e9 tal aceite es bueno y para qu\u00e9 dolencias, para qu\u00e9 es beneficiosa cada especia, que plantas se usan para curar qu\u00e9 enfermedades, os juro que era un pozo de conocimiento. Y <strong>por supuesto el dominio que tiene sobre la historia de la India<\/strong>. Hizo unas cuantas correcciones sobre cosas que hab\u00edamos le\u00eddo en libros u o\u00eddo comentar. Hablamos mucho durante el viaje.<\/p>\n<p>La visita a y la tumba del caballo Chetak. Raj nos tradujo todos los comentarios en audio que acompa\u00f1aban los diversos dioramas en un circuito por varias salas que recrean la batalla de Haldigati.<\/p>\n<h2>Parte 3<\/h2>\n<p>Al d\u00eda siguiente, Chitorgarth<\/p>\n<p><a href=\"https:\/\/www.lasociedadgeografica.com\/blog\/uploads\/2020\/04\/foto-40-1.jpg\"><img loading=\"lazy\" decoding=\"async\" class=\"aligncenter size-full wp-image-21038\" src=\"https:\/\/www.lasociedadgeografica.com\/blog\/uploads\/2020\/04\/foto-40-1.jpg\" alt=\"\" width=\"180\" height=\"320\" srcset=\"https:\/\/www.lasociedadgeografica.com\/blog\/uploads\/2020\/04\/foto-40-1.jpg 180w, https:\/\/www.lasociedadgeografica.com\/blog\/uploads\/2020\/04\/foto-40-1-169x300.jpg 169w\" sizes=\"auto, (max-width: 180px) 100vw, 180px\" \/><\/a> <a href=\"https:\/\/www.lasociedadgeografica.com\/blog\/uploads\/2020\/04\/foto-41.jpg\"><img loading=\"lazy\" decoding=\"async\" class=\"aligncenter size-large wp-image-21039\" src=\"https:\/\/www.lasociedadgeografica.com\/blog\/uploads\/2020\/04\/foto-41.jpg\" alt=\"\" width=\"180\" height=\"320\" srcset=\"https:\/\/www.lasociedadgeografica.com\/blog\/uploads\/2020\/04\/foto-41.jpg 180w, https:\/\/www.lasociedadgeografica.com\/blog\/uploads\/2020\/04\/foto-41-169x300.jpg 169w\" sizes=\"auto, (max-width: 180px) 100vw, 180px\" \/><\/a> <a href=\"https:\/\/www.lasociedadgeografica.com\/blog\/uploads\/2020\/04\/foto-43.jpg\"><img loading=\"lazy\" decoding=\"async\" class=\"aligncenter size-large wp-image-21040\" src=\"https:\/\/www.lasociedadgeografica.com\/blog\/uploads\/2020\/04\/foto-43.jpg\" alt=\"\" width=\"180\" height=\"320\" srcset=\"https:\/\/www.lasociedadgeografica.com\/blog\/uploads\/2020\/04\/foto-43.jpg 180w, https:\/\/www.lasociedadgeografica.com\/blog\/uploads\/2020\/04\/foto-43-169x300.jpg 169w\" sizes=\"auto, (max-width: 180px) 100vw, 180px\" \/><\/a> <a href=\"https:\/\/www.lasociedadgeografica.com\/blog\/uploads\/2020\/04\/foto-45.jpg\"><img loading=\"lazy\" decoding=\"async\" class=\"aligncenter size-large wp-image-21041\" src=\"https:\/\/www.lasociedadgeografica.com\/blog\/uploads\/2020\/04\/foto-45.jpg\" alt=\"\" width=\"180\" height=\"320\" srcset=\"https:\/\/www.lasociedadgeografica.com\/blog\/uploads\/2020\/04\/foto-45.jpg 180w, https:\/\/www.lasociedadgeografica.com\/blog\/uploads\/2020\/04\/foto-45-169x300.jpg 169w\" sizes=\"auto, (max-width: 180px) 100vw, 180px\" \/><\/a><\/p>\n<p>Aqu\u00ed Raj tom\u00f3 un palo bien grande, ya que hab\u00eda algunos monos que estaban un pel\u00edn descontrolados. Todo fue bien, jajaja.<\/p>\n<p>Despu\u00e9s <strong>fuimos a comer a un restaurante en Chirtor<\/strong>, donde siempre se sorprenden cuando ven que comemos exactamente como ellos. Les hace mucha gracia (igual de \u201cspicy\u201d)<\/p>\n<p>Por el camino paramos a ver desde la carretera los campos de opio y Raj nos explic\u00f3 c\u00f3mo se recoge y c\u00f3mo regula el estado Indio desde su cultivo a su consumo. Finalmente llegamos al Ravla. Hay que decir que en la India no te vas a morir de hambre, al contrario, si te descuidas revientas. En el Ravla no hay men\u00fa, no hay carta. All\u00ed se come lo que hay. Pero es que hay de todo. Para desayunar, ten\u00edamos literalmente 11 platos. Para cenar m\u00e1s o menos lo mismo\u2026 Es como si te trajeran todo lo que hay en una carta. Todo muy bueno. Otra cosa que me hizo gracia es el tema de la wi-fi. Si hay wi-fi, pero en el comedor. Y es que la wi-fi que hay es la que comparte con su m\u00f3vil el camarero, jajaja y si no tienes mucha cobertura te deja el m\u00f3vil en la mesa para que enlaces bien\u2026.<\/p>\n<p>Al d\u00eda siguiente <strong>Raj nos llev\u00f3 a visitar una escuela de primaria en la aldea de al lado y a ver un lago enorme<\/strong> con un mont\u00f3n de aves distintas.<\/p>\n<p>Os pongo una foto que tom\u00f3 Raj. Por la noche me hicieron un pastel y me cantaron el cumplea\u00f1os feliz todas las turistas inglesas, Gemma y los empleados del Ravla. Fue muy bonito.Y acabamos todos en los sof\u00e1s viendo la pel\u00edcula del Hotel Marigold en la tele del comedor. Me lo pas\u00e9 realmente bien.<\/p>\n<p><a href=\"https:\/\/www.lasociedadgeografica.com\/blog\/uploads\/2020\/04\/foto-46.jpg\"><img loading=\"lazy\" decoding=\"async\" class=\"aligncenter size-full wp-image-21042\" src=\"https:\/\/www.lasociedadgeografica.com\/blog\/uploads\/2020\/04\/foto-46.jpg\" alt=\"\" width=\"320\" height=\"151\" srcset=\"https:\/\/www.lasociedadgeografica.com\/blog\/uploads\/2020\/04\/foto-46.jpg 320w, https:\/\/www.lasociedadgeografica.com\/blog\/uploads\/2020\/04\/foto-46-300x142.jpg 300w\" sizes=\"auto, (max-width: 320px) 100vw, 320px\" \/><\/a> <a href=\"https:\/\/www.lasociedadgeografica.com\/blog\/uploads\/2020\/04\/foto-47.jpg\"><img loading=\"lazy\" decoding=\"async\" class=\"aligncenter size-large wp-image-21043\" src=\"https:\/\/www.lasociedadgeografica.com\/blog\/uploads\/2020\/04\/foto-47.jpg\" alt=\"\" width=\"240\" height=\"320\" srcset=\"https:\/\/www.lasociedadgeografica.com\/blog\/uploads\/2020\/04\/foto-47.jpg 240w, https:\/\/www.lasociedadgeografica.com\/blog\/uploads\/2020\/04\/foto-47-225x300.jpg 225w\" sizes=\"auto, (max-width: 240px) 100vw, 240px\" \/><\/a><\/p>\n<p>Para acabar un par de cosas m\u00e1s. El Hotel de Delhi del aerocity estuvo realmente bien. Nos sorprendi\u00f3 lo enorme y c\u00f3moda que era la suite. Los restaurantes eran muchos y variados y lo pasamos bien. Este fue mejor que el del viaje anterior, que era bueno igual, pero este era m\u00e1s acogedor, luminoso y la habitaci\u00f3n enorme.<\/p>\n<p>Por lo que respecta al viaje en avi\u00f3n, en la ida, el Boeing a Dubai era un pel\u00edn peque\u00f1o y antiguo (un 777-200) con menos espacio, y con mucho ruido y vibraciones. Cuando llegamos a Dubai, parece que la terminal era antigua o algo pasaba, porque era peque\u00f1a y con muy poco sitio para sentarse. Todo ocupado, gente por el suelo, etc\u2026 estuvimos dos horas de pie. Cafeter\u00edas pocas, con poco espacio y todas las mesas ocupadas. De Dubai a Delhi, el avi\u00f3n mejor\u00f3 un poco (777-300) con m\u00e1s espacio para sentarse, pero poco m\u00e1s.<\/p>\n<p>Y los men\u00fas era rollo \u201cestos son lentejas, las tomas o las dejas\u201d. En el men\u00fa hay carne o carne. Nada vegetariano o similar.<\/p>\n<p>La vuelta fue en dos 777-300 con suficiente espacio, pero con mucho ruido y vibraci\u00f3n. La terminal entonces ya fue otra, con el espacio y servicios que te espera en una ciudad como Dub\u00e1i. Y a algunas azafatas de Fly Emirates, en general contando los cuatro viajes les convendr\u00eda tomar algo que las relaje un poco.<\/p>\n<p>La verdad es que comparando con Qatar, est\u00e1n claramente por detr\u00e1s. A nivel de aviones, de aeropuerto y atenci\u00f3n. No es que est\u00e9 mal ni mucho menos, pero precio por precio Qatar me pareci\u00f3 una mejor experiencia.<\/p>\n<p>Bueno, pues si hab\u00e9is llegado hasta aqu\u00ed, gracias por la paciencia.<\/p>\n<p>Gemma me dijo que os gustaba que os enviaran fotos de los viajes. Espero que no haya sido pesado. De todas formas ya os pasar\u00e9 las mejores fotos del viaje de noviembre diciembre (no sufr\u00e1is, solo unas cuantas). Entre los dos viajes he tomado unas 5000 fotos. (no, no sobra un cero). pod\u00e9is usar las que quer\u00e1is, aunque no son muy profesionales, algunas han quedado bien.<\/p>\n<blockquote><p>Muchas gracias a todo el mundo de mi parte y de Gemma.<\/p><\/blockquote>\n<div class=\"SGIcontact\"><form id=\"sf_shortcode_SGIcontact_0F\" action=\"\/contacto\/\" method=\"post\" class=\"SGIcontactwidget_form\"><p style=\"text-align:center;font-style:italic;font-size:14px;padding-bottom:10px\" id=\"sf_shortcode_SGIcontact_0FP\">\u00bfQuieres que te dise\u00f1emos un viaje exclusivo al Subcontinente Indio?<\/p>\n<div style=\"text-align:center\" id=\"sf_shortcode_SGIcontact_0FD\"><input type=\"submit\" value=\"Cont\u00e1ctanos Aqu\u00ed\" \/>\n<\/div><\/form>\n<\/div>\n","protected":false},"excerpt":{"rendered":"<p>En la vida hay pocas satisfacciones que puedan compararse a la llegada de unos viajeros que, gracias a ti, han descubierto la India que so\u00f1aron. Y superamos. No te pierdas el apasionante relato de Joan &hellip;<\/p>\n","protected":false},"author":1,"featured_media":0,"comment_status":"open","ping_status":"open","sticky":false,"template":"","format":"standard","meta":{"footnotes":""},"categories":[14],"tags":[],"class_list":["post-20991","post","type-post","status-publish","format-standard","hentry","category-sgi"],"yoast_head":"<!-- This site is optimized with the Yoast SEO plugin v27.4 - https:\/\/yoast.com\/product\/yoast-seo-wordpress\/ -->\n<title>Joan Carles y Gemma nos cuentan su viaje con nosotros<\/title>\n<meta name=\"description\" content=\"Cuando las opiniones de viaje a India de dos viajeros como Joan Carles y Gemma solo podemos decir...\u00a1Mil gracias!\" \/>\n<meta name=\"robots\" content=\"index, follow, max-snippet:-1, max-image-preview:large, max-video-preview:-1\" \/>\n<link rel=\"canonical\" href=\"https:\/\/www.lasociedadgeografica.com\/blog\/sgi\/joan-carles-y-gemma-nos-cuentan-su-viaje-con-nosotros\/\" \/>\n<meta property=\"og:locale\" content=\"es_ES\" \/>\n<meta property=\"og:type\" content=\"article\" \/>\n<meta property=\"og:title\" content=\"Joan Carles y Gemma nos cuentan su viaje con nosotros\" \/>\n<meta property=\"og:description\" content=\"Cuando las opiniones de viaje a India de dos viajeros como Joan Carles y Gemma solo podemos decir...\u00a1Mil gracias!\" \/>\n<meta property=\"og:url\" content=\"https:\/\/www.lasociedadgeografica.com\/blog\/sgi\/joan-carles-y-gemma-nos-cuentan-su-viaje-con-nosotros\/\" \/>\n<meta property=\"og:site_name\" content=\"Blog de viajes a India\" \/>\n<meta property=\"article:published_time\" content=\"2020-04-27T06:17:59+00:00\" \/>\n<meta property=\"og:image\" content=\"https:\/\/www.lasociedadgeografica.com\/blog\/uploads\/2019\/12\/great-udaipur-bagore-ki-haveli-udaipur-photo-gallery.jpg\" \/>\n<meta name=\"author\" content=\"SGI\" \/>\n<meta name=\"twitter:label1\" content=\"Escrito por\" \/>\n\t<meta name=\"twitter:data1\" content=\"SGI\" \/>\n\t<meta name=\"twitter:label2\" content=\"Tiempo de lectura\" \/>\n\t<meta name=\"twitter:data2\" content=\"11 minutos\" \/>\n<script type=\"application\/ld+json\" class=\"yoast-schema-graph\">{\"@context\":\"https:\\\/\\\/schema.org\",\"@graph\":[{\"@type\":\"Article\",\"@id\":\"https:\\\/\\\/www.lasociedadgeografica.com\\\/blog\\\/sgi\\\/joan-carles-y-gemma-nos-cuentan-su-viaje-con-nosotros\\\/#article\",\"isPartOf\":{\"@id\":\"https:\\\/\\\/www.lasociedadgeografica.com\\\/blog\\\/sgi\\\/joan-carles-y-gemma-nos-cuentan-su-viaje-con-nosotros\\\/\"},\"author\":{\"name\":\"SGI\",\"@id\":\"https:\\\/\\\/www.lasociedadgeografica.com\\\/blog\\\/#\\\/schema\\\/person\\\/4eb706084ebada5acb6f674d895232d2\"},\"headline\":\"Joan Carles y Gemma nos cuentan su viaje con nosotros\",\"datePublished\":\"2020-04-27T06:17:59+00:00\",\"mainEntityOfPage\":{\"@id\":\"https:\\\/\\\/www.lasociedadgeografica.com\\\/blog\\\/sgi\\\/joan-carles-y-gemma-nos-cuentan-su-viaje-con-nosotros\\\/\"},\"wordCount\":2227,\"commentCount\":0,\"image\":{\"@id\":\"https:\\\/\\\/www.lasociedadgeografica.com\\\/blog\\\/sgi\\\/joan-carles-y-gemma-nos-cuentan-su-viaje-con-nosotros\\\/#primaryimage\"},\"thumbnailUrl\":\"https:\\\/\\\/www.lasociedadgeografica.com\\\/blog\\\/uploads\\\/2019\\\/12\\\/great-udaipur-bagore-ki-haveli-udaipur-photo-gallery.jpg\",\"articleSection\":[\"SGI\"],\"inLanguage\":\"es\",\"potentialAction\":[{\"@type\":\"CommentAction\",\"name\":\"Comment\",\"target\":[\"https:\\\/\\\/www.lasociedadgeografica.com\\\/blog\\\/sgi\\\/joan-carles-y-gemma-nos-cuentan-su-viaje-con-nosotros\\\/#respond\"]}]},{\"@type\":\"WebPage\",\"@id\":\"https:\\\/\\\/www.lasociedadgeografica.com\\\/blog\\\/sgi\\\/joan-carles-y-gemma-nos-cuentan-su-viaje-con-nosotros\\\/\",\"url\":\"https:\\\/\\\/www.lasociedadgeografica.com\\\/blog\\\/sgi\\\/joan-carles-y-gemma-nos-cuentan-su-viaje-con-nosotros\\\/\",\"name\":\"Joan Carles y Gemma nos cuentan su viaje con nosotros\",\"isPartOf\":{\"@id\":\"https:\\\/\\\/www.lasociedadgeografica.com\\\/blog\\\/#website\"},\"primaryImageOfPage\":{\"@id\":\"https:\\\/\\\/www.lasociedadgeografica.com\\\/blog\\\/sgi\\\/joan-carles-y-gemma-nos-cuentan-su-viaje-con-nosotros\\\/#primaryimage\"},\"image\":{\"@id\":\"https:\\\/\\\/www.lasociedadgeografica.com\\\/blog\\\/sgi\\\/joan-carles-y-gemma-nos-cuentan-su-viaje-con-nosotros\\\/#primaryimage\"},\"thumbnailUrl\":\"https:\\\/\\\/www.lasociedadgeografica.com\\\/blog\\\/uploads\\\/2019\\\/12\\\/great-udaipur-bagore-ki-haveli-udaipur-photo-gallery.jpg\",\"datePublished\":\"2020-04-27T06:17:59+00:00\",\"author\":{\"@id\":\"https:\\\/\\\/www.lasociedadgeografica.com\\\/blog\\\/#\\\/schema\\\/person\\\/4eb706084ebada5acb6f674d895232d2\"},\"description\":\"Cuando las opiniones de viaje a India de dos viajeros como Joan Carles y Gemma solo podemos decir...\u00a1Mil gracias!\",\"breadcrumb\":{\"@id\":\"https:\\\/\\\/www.lasociedadgeografica.com\\\/blog\\\/sgi\\\/joan-carles-y-gemma-nos-cuentan-su-viaje-con-nosotros\\\/#breadcrumb\"},\"inLanguage\":\"es\",\"potentialAction\":[{\"@type\":\"ReadAction\",\"target\":[\"https:\\\/\\\/www.lasociedadgeografica.com\\\/blog\\\/sgi\\\/joan-carles-y-gemma-nos-cuentan-su-viaje-con-nosotros\\\/\"]}]},{\"@type\":\"ImageObject\",\"inLanguage\":\"es\",\"@id\":\"https:\\\/\\\/www.lasociedadgeografica.com\\\/blog\\\/sgi\\\/joan-carles-y-gemma-nos-cuentan-su-viaje-con-nosotros\\\/#primaryimage\",\"url\":\"https:\\\/\\\/www.lasociedadgeografica.com\\\/blog\\\/uploads\\\/2019\\\/12\\\/great-udaipur-bagore-ki-haveli-udaipur-photo-gallery.jpg\",\"contentUrl\":\"https:\\\/\\\/www.lasociedadgeografica.com\\\/blog\\\/uploads\\\/2019\\\/12\\\/great-udaipur-bagore-ki-haveli-udaipur-photo-gallery.jpg\"},{\"@type\":\"BreadcrumbList\",\"@id\":\"https:\\\/\\\/www.lasociedadgeografica.com\\\/blog\\\/sgi\\\/joan-carles-y-gemma-nos-cuentan-su-viaje-con-nosotros\\\/#breadcrumb\",\"itemListElement\":[{\"@type\":\"ListItem\",\"position\":1,\"name\":\"Portada\",\"item\":\"https:\\\/\\\/www.lasociedadgeografica.com\\\/blog\\\/\"},{\"@type\":\"ListItem\",\"position\":2,\"name\":\"Joan Carles y Gemma nos cuentan su viaje con nosotros\"}]},{\"@type\":\"WebSite\",\"@id\":\"https:\\\/\\\/www.lasociedadgeografica.com\\\/blog\\\/#website\",\"url\":\"https:\\\/\\\/www.lasociedadgeografica.com\\\/blog\\\/\",\"name\":\"Blog de viajes a India\",\"description\":\"Un lugar para Conocer India, con may\u00fasculas. El Blog de Sociedad Geogr\u00e1fica de las Indias.\",\"potentialAction\":[{\"@type\":\"SearchAction\",\"target\":{\"@type\":\"EntryPoint\",\"urlTemplate\":\"https:\\\/\\\/www.lasociedadgeografica.com\\\/blog\\\/?s={search_term_string}\"},\"query-input\":{\"@type\":\"PropertyValueSpecification\",\"valueRequired\":true,\"valueName\":\"search_term_string\"}}],\"inLanguage\":\"es\"},{\"@type\":\"Person\",\"@id\":\"https:\\\/\\\/www.lasociedadgeografica.com\\\/blog\\\/#\\\/schema\\\/person\\\/4eb706084ebada5acb6f674d895232d2\",\"name\":\"SGI\",\"image\":{\"@type\":\"ImageObject\",\"inLanguage\":\"es\",\"@id\":\"https:\\\/\\\/secure.gravatar.com\\\/avatar\\\/3b6518b4778a72cb0cada5ad3bf7536bf8fd05c7dc636ba9c80f95598fc13469?s=96&r=g\",\"url\":\"https:\\\/\\\/secure.gravatar.com\\\/avatar\\\/3b6518b4778a72cb0cada5ad3bf7536bf8fd05c7dc636ba9c80f95598fc13469?s=96&r=g\",\"contentUrl\":\"https:\\\/\\\/secure.gravatar.com\\\/avatar\\\/3b6518b4778a72cb0cada5ad3bf7536bf8fd05c7dc636ba9c80f95598fc13469?s=96&r=g\",\"caption\":\"SGI\"},\"description\":\"Sociedad Geogr\u00e1fica de las Indias, agencia especializada en viajes exclusivos y a medida a India. https:\\\/\\\/www.lasociedadgeografica.com\",\"sameAs\":[\"https:\\\/\\\/www.lasociedadgeografica.com\"],\"url\":\"https:\\\/\\\/www.lasociedadgeografica.com\\\/blog\\\/author\\\/admin\\\/\"}]}<\/script>\n<!-- \/ Yoast SEO plugin. -->","yoast_head_json":{"title":"Joan Carles y Gemma nos cuentan su viaje con nosotros","description":"Cuando las opiniones de viaje a India de dos viajeros como Joan Carles y Gemma solo podemos decir...\u00a1Mil gracias!","robots":{"index":"index","follow":"follow","max-snippet":"max-snippet:-1","max-image-preview":"max-image-preview:large","max-video-preview":"max-video-preview:-1"},"canonical":"https:\/\/www.lasociedadgeografica.com\/blog\/sgi\/joan-carles-y-gemma-nos-cuentan-su-viaje-con-nosotros\/","og_locale":"es_ES","og_type":"article","og_title":"Joan Carles y Gemma nos cuentan su viaje con nosotros","og_description":"Cuando las opiniones de viaje a India de dos viajeros como Joan Carles y Gemma solo podemos decir...\u00a1Mil gracias!","og_url":"https:\/\/www.lasociedadgeografica.com\/blog\/sgi\/joan-carles-y-gemma-nos-cuentan-su-viaje-con-nosotros\/","og_site_name":"Blog de viajes a India","article_published_time":"2020-04-27T06:17:59+00:00","og_image":[{"url":"https:\/\/www.lasociedadgeografica.com\/blog\/uploads\/2019\/12\/great-udaipur-bagore-ki-haveli-udaipur-photo-gallery.jpg","type":"","width":"","height":""}],"author":"SGI","twitter_misc":{"Escrito por":"SGI","Tiempo de lectura":"11 minutos"},"schema":{"@context":"https:\/\/schema.org","@graph":[{"@type":"Article","@id":"https:\/\/www.lasociedadgeografica.com\/blog\/sgi\/joan-carles-y-gemma-nos-cuentan-su-viaje-con-nosotros\/#article","isPartOf":{"@id":"https:\/\/www.lasociedadgeografica.com\/blog\/sgi\/joan-carles-y-gemma-nos-cuentan-su-viaje-con-nosotros\/"},"author":{"name":"SGI","@id":"https:\/\/www.lasociedadgeografica.com\/blog\/#\/schema\/person\/4eb706084ebada5acb6f674d895232d2"},"headline":"Joan Carles y Gemma nos cuentan su viaje con nosotros","datePublished":"2020-04-27T06:17:59+00:00","mainEntityOfPage":{"@id":"https:\/\/www.lasociedadgeografica.com\/blog\/sgi\/joan-carles-y-gemma-nos-cuentan-su-viaje-con-nosotros\/"},"wordCount":2227,"commentCount":0,"image":{"@id":"https:\/\/www.lasociedadgeografica.com\/blog\/sgi\/joan-carles-y-gemma-nos-cuentan-su-viaje-con-nosotros\/#primaryimage"},"thumbnailUrl":"https:\/\/www.lasociedadgeografica.com\/blog\/uploads\/2019\/12\/great-udaipur-bagore-ki-haveli-udaipur-photo-gallery.jpg","articleSection":["SGI"],"inLanguage":"es","potentialAction":[{"@type":"CommentAction","name":"Comment","target":["https:\/\/www.lasociedadgeografica.com\/blog\/sgi\/joan-carles-y-gemma-nos-cuentan-su-viaje-con-nosotros\/#respond"]}]},{"@type":"WebPage","@id":"https:\/\/www.lasociedadgeografica.com\/blog\/sgi\/joan-carles-y-gemma-nos-cuentan-su-viaje-con-nosotros\/","url":"https:\/\/www.lasociedadgeografica.com\/blog\/sgi\/joan-carles-y-gemma-nos-cuentan-su-viaje-con-nosotros\/","name":"Joan Carles y Gemma nos cuentan su viaje con nosotros","isPartOf":{"@id":"https:\/\/www.lasociedadgeografica.com\/blog\/#website"},"primaryImageOfPage":{"@id":"https:\/\/www.lasociedadgeografica.com\/blog\/sgi\/joan-carles-y-gemma-nos-cuentan-su-viaje-con-nosotros\/#primaryimage"},"image":{"@id":"https:\/\/www.lasociedadgeografica.com\/blog\/sgi\/joan-carles-y-gemma-nos-cuentan-su-viaje-con-nosotros\/#primaryimage"},"thumbnailUrl":"https:\/\/www.lasociedadgeografica.com\/blog\/uploads\/2019\/12\/great-udaipur-bagore-ki-haveli-udaipur-photo-gallery.jpg","datePublished":"2020-04-27T06:17:59+00:00","author":{"@id":"https:\/\/www.lasociedadgeografica.com\/blog\/#\/schema\/person\/4eb706084ebada5acb6f674d895232d2"},"description":"Cuando las opiniones de viaje a India de dos viajeros como Joan Carles y Gemma solo podemos decir...\u00a1Mil gracias!","breadcrumb":{"@id":"https:\/\/www.lasociedadgeografica.com\/blog\/sgi\/joan-carles-y-gemma-nos-cuentan-su-viaje-con-nosotros\/#breadcrumb"},"inLanguage":"es","potentialAction":[{"@type":"ReadAction","target":["https:\/\/www.lasociedadgeografica.com\/blog\/sgi\/joan-carles-y-gemma-nos-cuentan-su-viaje-con-nosotros\/"]}]},{"@type":"ImageObject","inLanguage":"es","@id":"https:\/\/www.lasociedadgeografica.com\/blog\/sgi\/joan-carles-y-gemma-nos-cuentan-su-viaje-con-nosotros\/#primaryimage","url":"https:\/\/www.lasociedadgeografica.com\/blog\/uploads\/2019\/12\/great-udaipur-bagore-ki-haveli-udaipur-photo-gallery.jpg","contentUrl":"https:\/\/www.lasociedadgeografica.com\/blog\/uploads\/2019\/12\/great-udaipur-bagore-ki-haveli-udaipur-photo-gallery.jpg"},{"@type":"BreadcrumbList","@id":"https:\/\/www.lasociedadgeografica.com\/blog\/sgi\/joan-carles-y-gemma-nos-cuentan-su-viaje-con-nosotros\/#breadcrumb","itemListElement":[{"@type":"ListItem","position":1,"name":"Portada","item":"https:\/\/www.lasociedadgeografica.com\/blog\/"},{"@type":"ListItem","position":2,"name":"Joan Carles y Gemma nos cuentan su viaje con nosotros"}]},{"@type":"WebSite","@id":"https:\/\/www.lasociedadgeografica.com\/blog\/#website","url":"https:\/\/www.lasociedadgeografica.com\/blog\/","name":"Blog de viajes a India","description":"Un lugar para Conocer India, con may\u00fasculas. El Blog de Sociedad Geogr\u00e1fica de las Indias.","potentialAction":[{"@type":"SearchAction","target":{"@type":"EntryPoint","urlTemplate":"https:\/\/www.lasociedadgeografica.com\/blog\/?s={search_term_string}"},"query-input":{"@type":"PropertyValueSpecification","valueRequired":true,"valueName":"search_term_string"}}],"inLanguage":"es"},{"@type":"Person","@id":"https:\/\/www.lasociedadgeografica.com\/blog\/#\/schema\/person\/4eb706084ebada5acb6f674d895232d2","name":"SGI","image":{"@type":"ImageObject","inLanguage":"es","@id":"https:\/\/secure.gravatar.com\/avatar\/3b6518b4778a72cb0cada5ad3bf7536bf8fd05c7dc636ba9c80f95598fc13469?s=96&r=g","url":"https:\/\/secure.gravatar.com\/avatar\/3b6518b4778a72cb0cada5ad3bf7536bf8fd05c7dc636ba9c80f95598fc13469?s=96&r=g","contentUrl":"https:\/\/secure.gravatar.com\/avatar\/3b6518b4778a72cb0cada5ad3bf7536bf8fd05c7dc636ba9c80f95598fc13469?s=96&r=g","caption":"SGI"},"description":"Sociedad Geogr\u00e1fica de las Indias, agencia especializada en viajes exclusivos y a medida a India. https:\/\/www.lasociedadgeografica.com","sameAs":["https:\/\/www.lasociedadgeografica.com"],"url":"https:\/\/www.lasociedadgeografica.com\/blog\/author\/admin\/"}]}},"_links":{"self":[{"href":"https:\/\/www.lasociedadgeografica.com\/blog\/wp-json\/wp\/v2\/posts\/20991","targetHints":{"allow":["GET"]}}],"collection":[{"href":"https:\/\/www.lasociedadgeografica.com\/blog\/wp-json\/wp\/v2\/posts"}],"about":[{"href":"https:\/\/www.lasociedadgeografica.com\/blog\/wp-json\/wp\/v2\/types\/post"}],"author":[{"embeddable":true,"href":"https:\/\/www.lasociedadgeografica.com\/blog\/wp-json\/wp\/v2\/users\/1"}],"replies":[{"embeddable":true,"href":"https:\/\/www.lasociedadgeografica.com\/blog\/wp-json\/wp\/v2\/comments?post=20991"}],"version-history":[{"count":8,"href":"https:\/\/www.lasociedadgeografica.com\/blog\/wp-json\/wp\/v2\/posts\/20991\/revisions"}],"predecessor-version":[{"id":21047,"href":"https:\/\/www.lasociedadgeografica.com\/blog\/wp-json\/wp\/v2\/posts\/20991\/revisions\/21047"}],"wp:attachment":[{"href":"https:\/\/www.lasociedadgeografica.com\/blog\/wp-json\/wp\/v2\/media?parent=20991"}],"wp:term":[{"taxonomy":"category","embeddable":true,"href":"https:\/\/www.lasociedadgeografica.com\/blog\/wp-json\/wp\/v2\/categories?post=20991"},{"taxonomy":"post_tag","embeddable":true,"href":"https:\/\/www.lasociedadgeografica.com\/blog\/wp-json\/wp\/v2\/tags?post=20991"}],"curies":[{"name":"wp","href":"https:\/\/api.w.org\/{rel}","templated":true}]}}