{"id":21521,"date":"2020-06-21T18:45:10","date_gmt":"2020-06-21T16:45:10","guid":{"rendered":"https:\/\/www.lasociedadgeografica.com\/blog\/?p=21521"},"modified":"2020-06-21T18:45:10","modified_gmt":"2020-06-21T16:45:10","slug":"yoga-y-meditacion-para-combatir-la-ansiedad","status":"publish","type":"post","link":"https:\/\/www.lasociedadgeografica.com\/blog\/sgi\/yoga-y-meditacion-para-combatir-la-ansiedad\/","title":{"rendered":"Yoga y meditaci\u00f3n para combatir la ansiedad"},"content":{"rendered":"\n\n<div class=\"kk-star-ratings kksr-auto kksr-align-left kksr-valign-top\"\n    data-payload='{&quot;align&quot;:&quot;left&quot;,&quot;id&quot;:&quot;21521&quot;,&quot;slug&quot;:&quot;default&quot;,&quot;valign&quot;:&quot;top&quot;,&quot;ignore&quot;:&quot;&quot;,&quot;reference&quot;:&quot;auto&quot;,&quot;class&quot;:&quot;&quot;,&quot;count&quot;:&quot;4&quot;,&quot;legendonly&quot;:&quot;&quot;,&quot;readonly&quot;:&quot;&quot;,&quot;score&quot;:&quot;5&quot;,&quot;starsonly&quot;:&quot;&quot;,&quot;best&quot;:&quot;5&quot;,&quot;gap&quot;:&quot;6&quot;,&quot;greet&quot;:&quot;&quot;,&quot;legend&quot;:&quot;5\\\/5 - (4 votos)&quot;,&quot;size&quot;:&quot;22&quot;,&quot;title&quot;:&quot;Yoga y meditaci\u00f3n para combatir la ansiedad&quot;,&quot;width&quot;:&quot;137&quot;,&quot;_legend&quot;:&quot;{score}\\\/{best} - ({count} {votes})&quot;,&quot;font_factor&quot;:&quot;1.25&quot;}'>\n            \n<div class=\"kksr-stars\">\n    \n<div class=\"kksr-stars-inactive\">\n            <div class=\"kksr-star\" data-star=\"1\" style=\"padding-right: 6px\">\n            \n\n<div class=\"kksr-icon\" style=\"width: 22px; height: 22px;\"><\/div>\n        <\/div>\n            <div class=\"kksr-star\" data-star=\"2\" style=\"padding-right: 6px\">\n            \n\n<div class=\"kksr-icon\" style=\"width: 22px; height: 22px;\"><\/div>\n        <\/div>\n            <div class=\"kksr-star\" data-star=\"3\" style=\"padding-right: 6px\">\n            \n\n<div class=\"kksr-icon\" style=\"width: 22px; height: 22px;\"><\/div>\n        <\/div>\n            <div class=\"kksr-star\" data-star=\"4\" style=\"padding-right: 6px\">\n            \n\n<div class=\"kksr-icon\" style=\"width: 22px; height: 22px;\"><\/div>\n        <\/div>\n            <div class=\"kksr-star\" data-star=\"5\" style=\"padding-right: 6px\">\n            \n\n<div class=\"kksr-icon\" style=\"width: 22px; height: 22px;\"><\/div>\n        <\/div>\n    <\/div>\n    \n<div class=\"kksr-stars-active\" style=\"width: 137px;\">\n            <div class=\"kksr-star\" style=\"padding-right: 6px\">\n            \n\n<div class=\"kksr-icon\" style=\"width: 22px; height: 22px;\"><\/div>\n        <\/div>\n            <div class=\"kksr-star\" style=\"padding-right: 6px\">\n            \n\n<div class=\"kksr-icon\" style=\"width: 22px; height: 22px;\"><\/div>\n        <\/div>\n            <div class=\"kksr-star\" style=\"padding-right: 6px\">\n            \n\n<div class=\"kksr-icon\" style=\"width: 22px; height: 22px;\"><\/div>\n        <\/div>\n            <div class=\"kksr-star\" style=\"padding-right: 6px\">\n            \n\n<div class=\"kksr-icon\" style=\"width: 22px; height: 22px;\"><\/div>\n        <\/div>\n            <div class=\"kksr-star\" style=\"padding-right: 6px\">\n            \n\n<div class=\"kksr-icon\" style=\"width: 22px; height: 22px;\"><\/div>\n        <\/div>\n    <\/div>\n<\/div>\n                \n\n<div class=\"kksr-legend\" style=\"font-size: 17.6px;\">\n            5\/5 - (4 votos)    <\/div>\n    <\/div>\n<p><a href=\"https:\/\/www.lasociedadgeografica.com\/blog\/uploads\/2020\/06\/yoga-meditacion.jpg\" target=\"_blank\" rel=\"noopener noreferrer\"><img loading=\"lazy\" decoding=\"async\" class=\"wp-image-21543 size-full alignright\" title=\"Depresi\u00f3n durante el aislamiento \" src=\"https:\/\/www.lasociedadgeografica.com\/blog\/uploads\/2020\/06\/yoga-meditacion.jpg\" alt=\"Yoga y meditaci\u00f3n para combatir la ansiedad \" width=\"626\" height=\"417\" srcset=\"https:\/\/www.lasociedadgeografica.com\/blog\/uploads\/2020\/06\/yoga-meditacion.jpg 626w, https:\/\/www.lasociedadgeografica.com\/blog\/uploads\/2020\/06\/yoga-meditacion-300x200.jpg 300w, https:\/\/www.lasociedadgeografica.com\/blog\/uploads\/2020\/06\/yoga-meditacion-363x242.jpg 363w, https:\/\/www.lasociedadgeografica.com\/blog\/uploads\/2020\/06\/yoga-meditacion-462x308.jpg 462w\" sizes=\"auto, (max-width: 626px) 100vw, 626px\" \/><\/a><\/p>\n<p class=\"v1MsoNormal\"><i><span class=\"entradilla\">2020 ha sido un a\u00f1o que nunca olvidaremos, especialmente tras experimentar un impredecible aislamiento a causa de la expansi\u00f3n de la COVID-19. Una situaci\u00f3n asimilada de forma diferente por cada uno de nosotros y que, en m\u00e1s de una ocasi\u00f3n, ha supuesto un conflicto interno alimentado de cambio e incertidumbre.Te contamos todo lo que necesitas saber sobre yoga y meditaci\u00f3n para combatir la ansiedad.<\/span><\/i><\/p>\n<p>Escrito por: Alberto Piernas<\/p>\n<p><!--more--><\/p>\n<p><a href=\"https:\/\/www.lasociedadgeografica.com\/blog\/uploads\/2020\/06\/yoga-3.jpg\" target=\"_blank\" rel=\"noopener noreferrer\"><img loading=\"lazy\" decoding=\"async\" class=\"wp-image-21531 size-large\" title=\"Yoga y depresi\u00f3n para combatir la ansiedad \" src=\"https:\/\/www.lasociedadgeografica.com\/blog\/uploads\/2020\/06\/yoga-3-1024x623.jpg\" alt=\"Yoga en un templo en India \" width=\"728\" height=\"443\" srcset=\"https:\/\/www.lasociedadgeografica.com\/blog\/uploads\/2020\/06\/yoga-3-1024x623.jpg 1024w, https:\/\/www.lasociedadgeografica.com\/blog\/uploads\/2020\/06\/yoga-3-300x183.jpg 300w, https:\/\/www.lasociedadgeografica.com\/blog\/uploads\/2020\/06\/yoga-3-728x443.jpg 728w, https:\/\/www.lasociedadgeografica.com\/blog\/uploads\/2020\/06\/yoga-3-363x221.jpg 363w, https:\/\/www.lasociedadgeografica.com\/blog\/uploads\/2020\/06\/yoga-3-462x281.jpg 462w, https:\/\/www.lasociedadgeografica.com\/blog\/uploads\/2020\/06\/yoga-3.jpg 1150w\" sizes=\"auto, (max-width: 728px) 100vw, 728px\" \/><\/a> Yoga en un templo hind\u00fa. \u00a9 Pixabay<\/p>\n<p>En diciembre de 2019, <strong>muchos nos dispon\u00edamos a recibir un 2020 lleno de objetivos<\/strong> y prop\u00f3sitos, de viajes y nuevos retos. Sin embargo, poco pod\u00edamos imaginar que un primer brote del ya archiconocido <strong>COVID-19<\/strong> podr\u00eda expandirse por todo el mundo <strong>cambiando para siempre nuestra forma de concebir la realidad<\/strong>.<\/p>\n<p>Tras la llegada de este virus a gran parte del mundo, los gobiernos tomaron la decisi\u00f3n de <strong>declarar un estado de alarma<\/strong> con su consecuente <strong>aislamiento en casa<\/strong> durante varias semanas. Y de repente, all\u00ed est\u00e1bamos, totalmente desorientados. Nuestras aceleradas vidas ya eran cosa del pasado y deb\u00edamos aprender a convivir con familiares, compa\u00f1eros de piso o, incluso, con nosotros mismos durante 24 horas a esperas de una desescalada en la que actualmente se encuentran sumidos pa\u00edses como Espa\u00f1a.<\/p>\n<p>Semanas de aislamiento durante las que <strong>cada persona ha reaccionado a la crisis sanitaria de una forma diferente<\/strong>: los hay quienes han debido lidiar con problemas econ\u00f3micos, familiares y la propia necesidad de salir a la calle como t\u00edmido gesto de libertad o, por otra parte, quienes s\u00ed han aprendido a desempe\u00f1ar una rutina en casa de forma diaria, agradeciendo un tiempo preciado que, en nuestra vida anterior, se nos escapaba. En este \u00faltimo caso, el problema ha llegado cuando se anunciaron las medidas de desescalada y la gente volvi\u00f3 a percatarse de que, realmente, quedarse en casa ya no les parec\u00eda tan mala idea.<\/p>\n<p>Y es que la COVID-19 no solo ha supuesto un nuevo reto para cient\u00edficos y sanitarios, sino tambi\u00e9n para los psic\u00f3logos. De hecho, seg\u00fan una <a href=\"https:\/\/www.20minutos.es\/noticia\/4266830\/0\/coronavirus-el-66-de-consultas-de-psicologia-en-quironsalud-se-debe-a-sintomas-ansioso-depresivos-por-covid\/\">encuesta<\/a>, <strong>el 66% de consultas a gabinetes de psicolog\u00eda<\/strong> desde el inicio del estado de alarma han sido relacionadas con<strong> s\u00edntomas ansioso-depresivos derivados por la situaci\u00f3n de aislamiento<\/strong>. A ello, cabe sumarle el llamado \u00abs\u00edndrome de la caba\u00f1a\u00bb, un mal desmentido por quienes aseguran que, el \u00fanico problema, es que nos hemos acostumbrado a ser due\u00f1os de nuestro tiempo y volver a nuestra vida anterior no nos resulta tan f\u00e1cil. Una situaci\u00f3n que deja un poso, cuanto menos curioso, caracterizado por nuevas perspectivas y situaciones que no llegamos a gestionar bien del todo.<\/p>\n<p>En cualquier caso, cuando nos hemos dado cuenta de que la psicolog\u00eda a distancia no es suficiente y que volver a relacionarnos f\u00edsicamente nos supone un esfuerzo anta\u00f1o impensable, no queda otra que encontrar alternativas que nos permitan devolvernos a nuestro centro. A acariciar las ra\u00edces del pensamiento como mejor base a la hora de adaptarnos a esta nueva situaci\u00f3n.<\/p>\n<h2>Yoga y meditaci\u00f3n para combatir la ansiedad<\/h2>\n<p><a href=\"https:\/\/www.lasociedadgeografica.com\/blog\/uploads\/2020\/06\/yoga-casa.jpg\" target=\"_blank\" rel=\"noopener noreferrer\"><img loading=\"lazy\" decoding=\"async\" class=\"wp-image-21538 size-full\" title=\"Meditaci\u00f3n y yoga \" src=\"https:\/\/www.lasociedadgeografica.com\/blog\/uploads\/2020\/06\/yoga-casa.jpg\" alt=\"Practicar yoga en casa \" width=\"1000\" height=\"667\" srcset=\"https:\/\/www.lasociedadgeografica.com\/blog\/uploads\/2020\/06\/yoga-casa.jpg 1000w, https:\/\/www.lasociedadgeografica.com\/blog\/uploads\/2020\/06\/yoga-casa-300x200.jpg 300w, https:\/\/www.lasociedadgeografica.com\/blog\/uploads\/2020\/06\/yoga-casa-728x486.jpg 728w, https:\/\/www.lasociedadgeografica.com\/blog\/uploads\/2020\/06\/yoga-casa-363x242.jpg 363w, https:\/\/www.lasociedadgeografica.com\/blog\/uploads\/2020\/06\/yoga-casa-462x308.jpg 462w\" sizes=\"auto, (max-width: 1000px) 100vw, 1000px\" \/><\/a><br \/>\n<a name=\"smore-\"><\/a><br \/>\nPracticar yoga durante el confinamientoo: nuevos aliados para una nueva vida. \u00a9 Pixabay<\/p>\n<p><strong>La ansiedad se manifiesta de formas diferentes<\/strong> en funci\u00f3n de la persona: para algunos, a trav\u00e9s de taquicardias o palpitaciones constantes, otros hiperventilan todo el tiempo y algunas personas llegan a desembocar en el temido ataque de p\u00e1nico. Este s\u00edndrome, caracterizado por el irracional miedo a que algo grave e inmediato pueda sucedernos, puede desencadenar una profunda crisis en el afectado, e incluso sumirle en una depresi\u00f3n.<\/p>\n<p>Adem\u00e1s, en muchas ocasiones<strong> la ansiedad no solo nace de un problema actual y concreto<\/strong>, sino que muchas veces puede derivar del mismo subconsciente, motivo por el que m\u00e1s all\u00e1 de controlar la ansiedad, <strong>explorar el motivo puede resultar de gran utilidad a la hora de abordar el problema<\/strong> y no caer en patrones de pensamiento err\u00f3neos (y cr\u00f3nicos) con el paso del tiempo. Solo entonces comprendemos que, m\u00e1s all\u00e1 de una sesi\u00f3n de terapia o la simple necesidad de salir, <strong>el yoga y la meditaci\u00f3n pueden resultar de gran utilidad<\/strong> en nuestro d\u00eda a d\u00eda.<\/p>\n<p>A pesar de sus muchas ramificaciones desde su llegada a Occidente, <strong>el yoga naci\u00f3 en la India hace m\u00e1s de 2000 a\u00f1os<\/strong> como una disciplina enfocada a acercarse a la iluminaci\u00f3n a trav\u00e9s de diferentes ejercicios tanto f\u00edsico como mentales. Un objetivo de lectura ampliamente debatida que extrae numerosos beneficios para nuestra mente y organismo corroborados por la ciencia. Los ejercicios de respiraci\u00f3n a los que incita la pr\u00e1ctica y\u00f3guica nos permiten modificar nuestros patrones de pensamiento e irradiar una c\u00e1lida brisa en nuestro estado mental, f\u00edsico y espiritual.<\/p>\n<p><iframe loading=\"lazy\" title=\"Clase de Yoga para principiantes\" width=\"728\" height=\"410\" src=\"https:\/\/www.youtube.com\/embed\/64R_HkS6mbE?feature=oembed\" frameborder=\"0\" allow=\"accelerometer; autoplay; encrypted-media; gyroscope; picture-in-picture\" allowfullscreen><\/iframe><\/p>\n<p>Solo basta con tener una esterilla y contar con la mejor gu\u00eda (ya sea online o de forma autodidacta) y encontrar en esta pr\u00e1ctica la mejor aliada. Adem\u00e1s de <strong>oxigenar la sangre<\/strong>, el yoga ayuda a <strong>reducir la diabetes, fortalecer los huesos y m\u00fasculos o volvernos mucho m\u00e1s flexibles<\/strong>. En lo que respecta a nuestra mente, si fomentas una pr\u00e1ctica semanal, una o dos veces por semana, con el tiempo aprender\u00e1s a apreciar mejor el momento presente y <strong>potenciar tu atenci\u00f3n y concentraci\u00f3n<\/strong>.<\/p>\n<p>Si, en tu caso, quieres disfrutar de tu sesi\u00f3n de yoga o meditaci\u00f3n durante estas dos semanas, tambi\u00e9n puedes llevarte esta pr\u00e1ctica contigo all\u00e1 donde vayas. Por ejemplo, puedes extender tu esterilla en la playa o practicar meditaci\u00f3n incluso desde el asiento del tren o el avi\u00f3n hasta el final del trayecto.<\/p>\n<p>Se trata de contar con herramientas que queden a nuestro propio alcance, de nuestra capacidad para relajarnos y poder <strong>acceder a ese lugar de paz que solo vive en nosotros mismos<\/strong>.<\/p>\n<h2>\u00bfY si practicas yoga en India?<\/h2>\n<p><a href=\"https:\/\/www.lasociedadgeografica.com\/blog\/uploads\/2020\/06\/ananda-in-the-himalayas-yoga-en-india.jpg\" target=\"_blank\" rel=\"noopener noreferrer\"><img loading=\"lazy\" decoding=\"async\" class=\"wp-image-21545 size-large\" title=\"Practicar yoga en India \" src=\"https:\/\/www.lasociedadgeografica.com\/blog\/uploads\/2020\/06\/ananda-in-the-himalayas-yoga-en-india-1024x683.jpg\" alt=\"Turismo de yoga en India \" width=\"728\" height=\"486\" srcset=\"https:\/\/www.lasociedadgeografica.com\/blog\/uploads\/2020\/06\/ananda-in-the-himalayas-yoga-en-india-1024x683.jpg 1024w, https:\/\/www.lasociedadgeografica.com\/blog\/uploads\/2020\/06\/ananda-in-the-himalayas-yoga-en-india-300x200.jpg 300w, https:\/\/www.lasociedadgeografica.com\/blog\/uploads\/2020\/06\/ananda-in-the-himalayas-yoga-en-india-728x485.jpg 728w, https:\/\/www.lasociedadgeografica.com\/blog\/uploads\/2020\/06\/ananda-in-the-himalayas-yoga-en-india-363x242.jpg 363w, https:\/\/www.lasociedadgeografica.com\/blog\/uploads\/2020\/06\/ananda-in-the-himalayas-yoga-en-india-462x308.jpg 462w, https:\/\/www.lasociedadgeografica.com\/blog\/uploads\/2020\/06\/ananda-in-the-himalayas-yoga-en-india.jpg 1200w\" sizes=\"auto, (max-width: 728px) 100vw, 728px\" \/><\/a> Ananda in the Himalayas, uno de los mejores resorts donde practicar yoga en India. \u00a9 Ananda<\/p>\n<p><a href=\"https:\/\/www.lasociedadgeografica.com\/blog\/sgi\/importancia-agencias-viaje-tras-covid-19\/\" target=\"_blank\" rel=\"noopener noreferrer\">Planear un viaje<\/a> puede resultar un plan igual de terap\u00e9utico a la hora de invitar a la esperanza y estimular un futuro de planes totalmente adaptados a nuestras necesidades. Y, \u00bfqu\u00e9 mejor que viajar a la tierra del yoga para experimentar los beneficios de esta disciplina milenaria junto a otros complementos?<\/p>\n<p><a href=\"https:\/\/www.lasociedadgeografica.com\/blog\/uploads\/2020\/05\/ayurveda-india.jpg\"><img loading=\"lazy\" decoding=\"async\" class=\"aligncenter size-full wp-image-21210\" src=\"https:\/\/www.lasociedadgeografica.com\/blog\/uploads\/2020\/05\/ayurveda-india.jpg\" alt=\"\" width=\"650\" height=\"455\" srcset=\"https:\/\/www.lasociedadgeografica.com\/blog\/uploads\/2020\/05\/ayurveda-india.jpg 650w, https:\/\/www.lasociedadgeografica.com\/blog\/uploads\/2020\/05\/ayurveda-india-300x210.jpg 300w, https:\/\/www.lasociedadgeografica.com\/blog\/uploads\/2020\/05\/ayurveda-india-363x254.jpg 363w, https:\/\/www.lasociedadgeografica.com\/blog\/uploads\/2020\/05\/ayurveda-india-462x323.jpg 462w\" sizes=\"auto, (max-width: 650px) 100vw, 650px\" \/><\/a><\/p>\n<p>A lo largo y ancho de<strong><a href=\"https:\/\/www.lasociedadgeografica.com\/blog\/sgi\/visa-a-india-todo-lo-que-necesitas-saber\/\" target=\"_blank\" rel=\"noopener noreferrer\"> India<\/a>, <a href=\"https:\/\/www.lasociedadgeografica.com\/blog\/viajes-sri-lanka\/que-ver-en-sigiriya-la-roca-mas-bonita-del-mundo-esta-en-sri-lanka\/\" target=\"_blank\" rel=\"noopener noreferrer\">Sri Lanka<\/a>, <a href=\"https:\/\/www.lasociedadgeografica.com\/blog\/viajes-butan\/viajar-a-butan-en-2020\/\" target=\"_blank\" rel=\"noopener noreferrer\">But\u00e1n<\/a>, <a href=\"https:\/\/www.lasociedadgeografica.com\/blog\/viajes-nepal\/patrimonios-de-la-unesco-de-nepal\/\" target=\"_blank\" rel=\"noopener noreferrer\">Nepal<\/a> y <a href=\"https:\/\/www.lasociedadgeografica.com\/blog\/viajes-maldivas\/nace-en-maldivas-el-primer-resort-hospital-del-mundo\/\" target=\"_blank\" rel=\"noopener noreferrer\">Maldivas<\/a><\/strong> encontrar\u00e1s alojamiento y hoteles exclusivos donde <strong><a href=\"https:\/\/www.lasociedadgeografica.com\/blog\/viajes-india\/mejores-lugares-para-practicar-yoga-en-india\/\" target=\"_blank\" rel=\"noopener noreferrer\">practicar yoga<\/a> frente a los Himalayas o el <a href=\"https:\/\/www.lasociedadgeografica.com\/blog\/sgi\/visitar-el-taj-mahal-de-noche-ya-es-posible-para-todos-los-visitantes\/\" target=\"_blank\" rel=\"noopener noreferrer\">Taj Mahal<\/a><\/strong> supone una realidad totalmente recomendable. Por ejemplo en <a href=\"https:\/\/www.lasociedadgeografica.com\/blog\/cultura\/rishikesh-capital-mundial-del-yoga\/\" target=\"_blank\" rel=\"noopener noreferrer\"><strong>Rishikesh<\/strong><\/a>, la conocida como \u00abcapital del yoga\u00bb, encontrar\u00e1s m\u00e1s centros y\u00f3guicos que habitantes en un entorno \u00fanico, m\u00edstico, junto frente al techo del mundo. El amanecer que ba\u00f1a <a href=\"https:\/\/www.lasociedadgeografica.com\/blog\/viajes-india\/que-ver-en-kerala\/\" target=\"_blank\" rel=\"noopener noreferrer\"><strong>Kerala<\/strong><\/a>, entre cocoteros infinitos y el aroma a s\u00e1ndalo y tropicalismo que inunda sus ecoresorts. Practicar tu asana frente al atardecer del r\u00edo Ganges a su paso por <a href=\"https:\/\/www.lasociedadgeografica.com\/blog\/viajes-india\/rituales-cremacion-varanasi\/\" target=\"_blank\" rel=\"noopener noreferrer\"><strong>Varanasi<\/strong><\/a>, posiblemente la ciudad m\u00e1s m\u00edstica del mundo.<\/p>\n<p>Experiencias \u00fanicas a las que sumar diferentes <strong>tratamientos de <a href=\"https:\/\/www.lasociedadgeografica.com\/blog\/viajes-maldivas\/spa-en-maldivas-relax-en-el-paraiso\/\" target=\"_blank\" rel=\"noopener noreferrer\">spa<\/a> o <a href=\"https:\/\/www.lasociedadgeografica.com\/blog\/viajes-india\/mejores-resorts-con-ayurveda-en-india\/\" target=\"_blank\" rel=\"noopener noreferrer\">ayurveda<\/a><\/strong> asistidos por el propio equipo del hotel, o incluso acercarte a los mejores ashrams y templos donde sumergirte en un mundo sensaciones y alargar los beneficios de una pr\u00e1ctica que en India, m\u00e1s que en ning\u00fan otro lugar, se convierte en arte.<\/p>\n<p>Prepara tu <a href=\"https:\/\/www.lasociedadgeografica.com\/nuestros-viajes\/india\/\" target=\"_blank\" rel=\"noopener noreferrer\">viaje a India<\/a> desde la certeza de proseguir todos los buenos h\u00e1bitos en un momento en el que activarse es m\u00e1s una obligaci\u00f3n que una sugerencia.<\/p>\n<div class=\"SGIcontact\"><form id=\"sf_shortcode_SGIcontact_0F\" action=\"\/contacto\/\" method=\"post\" class=\"SGIcontactwidget_form\"><p style=\"text-align:center;font-style:italic;font-size:14px;padding-bottom:10px\" id=\"sf_shortcode_SGIcontact_0FP\">\u00bfQuieres que te dise\u00f1emos un viaje exclusivo al Subcontinente Indio?<\/p>\n<div style=\"text-align:center\" id=\"sf_shortcode_SGIcontact_0FD\"><input type=\"submit\" value=\"Cont\u00e1ctanos Aqu\u00ed\" \/>\n<\/div><\/form>\n<\/div>\n","protected":false},"excerpt":{"rendered":"<p>2020 ha sido un a\u00f1o que nunca olvidaremos, especialmente tras experimentar un impredecible aislamiento a causa de la expansi\u00f3n de la COVID-19. Una situaci\u00f3n asimilada de forma diferente por cada uno de nosotros y que, &hellip;<\/p>\n","protected":false},"author":1,"featured_media":0,"comment_status":"open","ping_status":"open","sticky":false,"template":"","format":"standard","meta":{"footnotes":""},"categories":[14],"tags":[],"class_list":["post-21521","post","type-post","status-publish","format-standard","hentry","category-sgi"],"yoast_head":"<!-- This site is optimized with the Yoast SEO plugin v27.4 - https:\/\/yoast.com\/product\/yoast-seo-wordpress\/ -->\n<title>Yoga y meditaci\u00f3n para combatir la ansiedad<\/title>\n<meta name=\"description\" content=\"En momentos de cambios e incertidumbre a causa del confinamiento, practicar yoga y meditaci\u00f3n para combatir la ansiedad supone la mejor soluci\u00f3n.\" \/>\n<meta name=\"robots\" content=\"index, follow, max-snippet:-1, max-image-preview:large, max-video-preview:-1\" \/>\n<link rel=\"canonical\" href=\"https:\/\/www.lasociedadgeografica.com\/blog\/sgi\/yoga-y-meditacion-para-combatir-la-ansiedad\/\" \/>\n<meta property=\"og:locale\" content=\"es_ES\" \/>\n<meta property=\"og:type\" content=\"article\" \/>\n<meta property=\"og:title\" content=\"Yoga y meditaci\u00f3n para combatir la ansiedad\" \/>\n<meta property=\"og:description\" content=\"En momentos de cambios e incertidumbre a causa del confinamiento, practicar yoga y meditaci\u00f3n para combatir la ansiedad supone la mejor soluci\u00f3n.\" \/>\n<meta property=\"og:url\" content=\"https:\/\/www.lasociedadgeografica.com\/blog\/sgi\/yoga-y-meditacion-para-combatir-la-ansiedad\/\" \/>\n<meta property=\"og:site_name\" content=\"Blog de viajes a India\" \/>\n<meta property=\"article:published_time\" content=\"2020-06-21T16:45:10+00:00\" \/>\n<meta property=\"og:image\" content=\"https:\/\/www.lasociedadgeografica.com\/blog\/uploads\/2020\/06\/yoga-meditacion.jpg\" \/>\n<meta name=\"author\" content=\"SGI\" \/>\n<meta name=\"twitter:label1\" content=\"Escrito por\" \/>\n\t<meta name=\"twitter:data1\" content=\"SGI\" \/>\n\t<meta name=\"twitter:label2\" content=\"Tiempo de lectura\" \/>\n\t<meta name=\"twitter:data2\" content=\"6 minutos\" \/>\n<script type=\"application\/ld+json\" class=\"yoast-schema-graph\">{\"@context\":\"https:\\\/\\\/schema.org\",\"@graph\":[{\"@type\":\"Article\",\"@id\":\"https:\\\/\\\/www.lasociedadgeografica.com\\\/blog\\\/sgi\\\/yoga-y-meditacion-para-combatir-la-ansiedad\\\/#article\",\"isPartOf\":{\"@id\":\"https:\\\/\\\/www.lasociedadgeografica.com\\\/blog\\\/sgi\\\/yoga-y-meditacion-para-combatir-la-ansiedad\\\/\"},\"author\":{\"name\":\"SGI\",\"@id\":\"https:\\\/\\\/www.lasociedadgeografica.com\\\/blog\\\/#\\\/schema\\\/person\\\/4eb706084ebada5acb6f674d895232d2\"},\"headline\":\"Yoga y meditaci\u00f3n para combatir la ansiedad\",\"datePublished\":\"2020-06-21T16:45:10+00:00\",\"mainEntityOfPage\":{\"@id\":\"https:\\\/\\\/www.lasociedadgeografica.com\\\/blog\\\/sgi\\\/yoga-y-meditacion-para-combatir-la-ansiedad\\\/\"},\"wordCount\":1285,\"commentCount\":0,\"image\":{\"@id\":\"https:\\\/\\\/www.lasociedadgeografica.com\\\/blog\\\/sgi\\\/yoga-y-meditacion-para-combatir-la-ansiedad\\\/#primaryimage\"},\"thumbnailUrl\":\"https:\\\/\\\/www.lasociedadgeografica.com\\\/blog\\\/uploads\\\/2020\\\/06\\\/yoga-meditacion.jpg\",\"articleSection\":[\"SGI\"],\"inLanguage\":\"es\",\"potentialAction\":[{\"@type\":\"CommentAction\",\"name\":\"Comment\",\"target\":[\"https:\\\/\\\/www.lasociedadgeografica.com\\\/blog\\\/sgi\\\/yoga-y-meditacion-para-combatir-la-ansiedad\\\/#respond\"]}]},{\"@type\":\"WebPage\",\"@id\":\"https:\\\/\\\/www.lasociedadgeografica.com\\\/blog\\\/sgi\\\/yoga-y-meditacion-para-combatir-la-ansiedad\\\/\",\"url\":\"https:\\\/\\\/www.lasociedadgeografica.com\\\/blog\\\/sgi\\\/yoga-y-meditacion-para-combatir-la-ansiedad\\\/\",\"name\":\"Yoga y meditaci\u00f3n para combatir la ansiedad\",\"isPartOf\":{\"@id\":\"https:\\\/\\\/www.lasociedadgeografica.com\\\/blog\\\/#website\"},\"primaryImageOfPage\":{\"@id\":\"https:\\\/\\\/www.lasociedadgeografica.com\\\/blog\\\/sgi\\\/yoga-y-meditacion-para-combatir-la-ansiedad\\\/#primaryimage\"},\"image\":{\"@id\":\"https:\\\/\\\/www.lasociedadgeografica.com\\\/blog\\\/sgi\\\/yoga-y-meditacion-para-combatir-la-ansiedad\\\/#primaryimage\"},\"thumbnailUrl\":\"https:\\\/\\\/www.lasociedadgeografica.com\\\/blog\\\/uploads\\\/2020\\\/06\\\/yoga-meditacion.jpg\",\"datePublished\":\"2020-06-21T16:45:10+00:00\",\"author\":{\"@id\":\"https:\\\/\\\/www.lasociedadgeografica.com\\\/blog\\\/#\\\/schema\\\/person\\\/4eb706084ebada5acb6f674d895232d2\"},\"description\":\"En momentos de cambios e incertidumbre a causa del confinamiento, practicar yoga y meditaci\u00f3n para combatir la ansiedad supone la mejor soluci\u00f3n.\",\"breadcrumb\":{\"@id\":\"https:\\\/\\\/www.lasociedadgeografica.com\\\/blog\\\/sgi\\\/yoga-y-meditacion-para-combatir-la-ansiedad\\\/#breadcrumb\"},\"inLanguage\":\"es\",\"potentialAction\":[{\"@type\":\"ReadAction\",\"target\":[\"https:\\\/\\\/www.lasociedadgeografica.com\\\/blog\\\/sgi\\\/yoga-y-meditacion-para-combatir-la-ansiedad\\\/\"]}]},{\"@type\":\"ImageObject\",\"inLanguage\":\"es\",\"@id\":\"https:\\\/\\\/www.lasociedadgeografica.com\\\/blog\\\/sgi\\\/yoga-y-meditacion-para-combatir-la-ansiedad\\\/#primaryimage\",\"url\":\"https:\\\/\\\/www.lasociedadgeografica.com\\\/blog\\\/uploads\\\/2020\\\/06\\\/yoga-meditacion.jpg\",\"contentUrl\":\"https:\\\/\\\/www.lasociedadgeografica.com\\\/blog\\\/uploads\\\/2020\\\/06\\\/yoga-meditacion.jpg\"},{\"@type\":\"BreadcrumbList\",\"@id\":\"https:\\\/\\\/www.lasociedadgeografica.com\\\/blog\\\/sgi\\\/yoga-y-meditacion-para-combatir-la-ansiedad\\\/#breadcrumb\",\"itemListElement\":[{\"@type\":\"ListItem\",\"position\":1,\"name\":\"Portada\",\"item\":\"https:\\\/\\\/www.lasociedadgeografica.com\\\/blog\\\/\"},{\"@type\":\"ListItem\",\"position\":2,\"name\":\"Yoga y meditaci\u00f3n para combatir la ansiedad\"}]},{\"@type\":\"WebSite\",\"@id\":\"https:\\\/\\\/www.lasociedadgeografica.com\\\/blog\\\/#website\",\"url\":\"https:\\\/\\\/www.lasociedadgeografica.com\\\/blog\\\/\",\"name\":\"Blog de viajes a India\",\"description\":\"Un lugar para Conocer India, con may\u00fasculas. El Blog de Sociedad Geogr\u00e1fica de las Indias.\",\"potentialAction\":[{\"@type\":\"SearchAction\",\"target\":{\"@type\":\"EntryPoint\",\"urlTemplate\":\"https:\\\/\\\/www.lasociedadgeografica.com\\\/blog\\\/?s={search_term_string}\"},\"query-input\":{\"@type\":\"PropertyValueSpecification\",\"valueRequired\":true,\"valueName\":\"search_term_string\"}}],\"inLanguage\":\"es\"},{\"@type\":\"Person\",\"@id\":\"https:\\\/\\\/www.lasociedadgeografica.com\\\/blog\\\/#\\\/schema\\\/person\\\/4eb706084ebada5acb6f674d895232d2\",\"name\":\"SGI\",\"image\":{\"@type\":\"ImageObject\",\"inLanguage\":\"es\",\"@id\":\"https:\\\/\\\/secure.gravatar.com\\\/avatar\\\/3b6518b4778a72cb0cada5ad3bf7536bf8fd05c7dc636ba9c80f95598fc13469?s=96&r=g\",\"url\":\"https:\\\/\\\/secure.gravatar.com\\\/avatar\\\/3b6518b4778a72cb0cada5ad3bf7536bf8fd05c7dc636ba9c80f95598fc13469?s=96&r=g\",\"contentUrl\":\"https:\\\/\\\/secure.gravatar.com\\\/avatar\\\/3b6518b4778a72cb0cada5ad3bf7536bf8fd05c7dc636ba9c80f95598fc13469?s=96&r=g\",\"caption\":\"SGI\"},\"description\":\"Sociedad Geogr\u00e1fica de las Indias, agencia especializada en viajes exclusivos y a medida a India. https:\\\/\\\/www.lasociedadgeografica.com\",\"sameAs\":[\"https:\\\/\\\/www.lasociedadgeografica.com\"],\"url\":\"https:\\\/\\\/www.lasociedadgeografica.com\\\/blog\\\/author\\\/admin\\\/\"}]}<\/script>\n<!-- \/ Yoast SEO plugin. -->","yoast_head_json":{"title":"Yoga y meditaci\u00f3n para combatir la ansiedad","description":"En momentos de cambios e incertidumbre a causa del confinamiento, practicar yoga y meditaci\u00f3n para combatir la ansiedad supone la mejor soluci\u00f3n.","robots":{"index":"index","follow":"follow","max-snippet":"max-snippet:-1","max-image-preview":"max-image-preview:large","max-video-preview":"max-video-preview:-1"},"canonical":"https:\/\/www.lasociedadgeografica.com\/blog\/sgi\/yoga-y-meditacion-para-combatir-la-ansiedad\/","og_locale":"es_ES","og_type":"article","og_title":"Yoga y meditaci\u00f3n para combatir la ansiedad","og_description":"En momentos de cambios e incertidumbre a causa del confinamiento, practicar yoga y meditaci\u00f3n para combatir la ansiedad supone la mejor soluci\u00f3n.","og_url":"https:\/\/www.lasociedadgeografica.com\/blog\/sgi\/yoga-y-meditacion-para-combatir-la-ansiedad\/","og_site_name":"Blog de viajes a India","article_published_time":"2020-06-21T16:45:10+00:00","og_image":[{"url":"https:\/\/www.lasociedadgeografica.com\/blog\/uploads\/2020\/06\/yoga-meditacion.jpg","type":"","width":"","height":""}],"author":"SGI","twitter_misc":{"Escrito por":"SGI","Tiempo de lectura":"6 minutos"},"schema":{"@context":"https:\/\/schema.org","@graph":[{"@type":"Article","@id":"https:\/\/www.lasociedadgeografica.com\/blog\/sgi\/yoga-y-meditacion-para-combatir-la-ansiedad\/#article","isPartOf":{"@id":"https:\/\/www.lasociedadgeografica.com\/blog\/sgi\/yoga-y-meditacion-para-combatir-la-ansiedad\/"},"author":{"name":"SGI","@id":"https:\/\/www.lasociedadgeografica.com\/blog\/#\/schema\/person\/4eb706084ebada5acb6f674d895232d2"},"headline":"Yoga y meditaci\u00f3n para combatir la ansiedad","datePublished":"2020-06-21T16:45:10+00:00","mainEntityOfPage":{"@id":"https:\/\/www.lasociedadgeografica.com\/blog\/sgi\/yoga-y-meditacion-para-combatir-la-ansiedad\/"},"wordCount":1285,"commentCount":0,"image":{"@id":"https:\/\/www.lasociedadgeografica.com\/blog\/sgi\/yoga-y-meditacion-para-combatir-la-ansiedad\/#primaryimage"},"thumbnailUrl":"https:\/\/www.lasociedadgeografica.com\/blog\/uploads\/2020\/06\/yoga-meditacion.jpg","articleSection":["SGI"],"inLanguage":"es","potentialAction":[{"@type":"CommentAction","name":"Comment","target":["https:\/\/www.lasociedadgeografica.com\/blog\/sgi\/yoga-y-meditacion-para-combatir-la-ansiedad\/#respond"]}]},{"@type":"WebPage","@id":"https:\/\/www.lasociedadgeografica.com\/blog\/sgi\/yoga-y-meditacion-para-combatir-la-ansiedad\/","url":"https:\/\/www.lasociedadgeografica.com\/blog\/sgi\/yoga-y-meditacion-para-combatir-la-ansiedad\/","name":"Yoga y meditaci\u00f3n para combatir la ansiedad","isPartOf":{"@id":"https:\/\/www.lasociedadgeografica.com\/blog\/#website"},"primaryImageOfPage":{"@id":"https:\/\/www.lasociedadgeografica.com\/blog\/sgi\/yoga-y-meditacion-para-combatir-la-ansiedad\/#primaryimage"},"image":{"@id":"https:\/\/www.lasociedadgeografica.com\/blog\/sgi\/yoga-y-meditacion-para-combatir-la-ansiedad\/#primaryimage"},"thumbnailUrl":"https:\/\/www.lasociedadgeografica.com\/blog\/uploads\/2020\/06\/yoga-meditacion.jpg","datePublished":"2020-06-21T16:45:10+00:00","author":{"@id":"https:\/\/www.lasociedadgeografica.com\/blog\/#\/schema\/person\/4eb706084ebada5acb6f674d895232d2"},"description":"En momentos de cambios e incertidumbre a causa del confinamiento, practicar yoga y meditaci\u00f3n para combatir la ansiedad supone la mejor soluci\u00f3n.","breadcrumb":{"@id":"https:\/\/www.lasociedadgeografica.com\/blog\/sgi\/yoga-y-meditacion-para-combatir-la-ansiedad\/#breadcrumb"},"inLanguage":"es","potentialAction":[{"@type":"ReadAction","target":["https:\/\/www.lasociedadgeografica.com\/blog\/sgi\/yoga-y-meditacion-para-combatir-la-ansiedad\/"]}]},{"@type":"ImageObject","inLanguage":"es","@id":"https:\/\/www.lasociedadgeografica.com\/blog\/sgi\/yoga-y-meditacion-para-combatir-la-ansiedad\/#primaryimage","url":"https:\/\/www.lasociedadgeografica.com\/blog\/uploads\/2020\/06\/yoga-meditacion.jpg","contentUrl":"https:\/\/www.lasociedadgeografica.com\/blog\/uploads\/2020\/06\/yoga-meditacion.jpg"},{"@type":"BreadcrumbList","@id":"https:\/\/www.lasociedadgeografica.com\/blog\/sgi\/yoga-y-meditacion-para-combatir-la-ansiedad\/#breadcrumb","itemListElement":[{"@type":"ListItem","position":1,"name":"Portada","item":"https:\/\/www.lasociedadgeografica.com\/blog\/"},{"@type":"ListItem","position":2,"name":"Yoga y meditaci\u00f3n para combatir la ansiedad"}]},{"@type":"WebSite","@id":"https:\/\/www.lasociedadgeografica.com\/blog\/#website","url":"https:\/\/www.lasociedadgeografica.com\/blog\/","name":"Blog de viajes a India","description":"Un lugar para Conocer India, con may\u00fasculas. El Blog de Sociedad Geogr\u00e1fica de las Indias.","potentialAction":[{"@type":"SearchAction","target":{"@type":"EntryPoint","urlTemplate":"https:\/\/www.lasociedadgeografica.com\/blog\/?s={search_term_string}"},"query-input":{"@type":"PropertyValueSpecification","valueRequired":true,"valueName":"search_term_string"}}],"inLanguage":"es"},{"@type":"Person","@id":"https:\/\/www.lasociedadgeografica.com\/blog\/#\/schema\/person\/4eb706084ebada5acb6f674d895232d2","name":"SGI","image":{"@type":"ImageObject","inLanguage":"es","@id":"https:\/\/secure.gravatar.com\/avatar\/3b6518b4778a72cb0cada5ad3bf7536bf8fd05c7dc636ba9c80f95598fc13469?s=96&r=g","url":"https:\/\/secure.gravatar.com\/avatar\/3b6518b4778a72cb0cada5ad3bf7536bf8fd05c7dc636ba9c80f95598fc13469?s=96&r=g","contentUrl":"https:\/\/secure.gravatar.com\/avatar\/3b6518b4778a72cb0cada5ad3bf7536bf8fd05c7dc636ba9c80f95598fc13469?s=96&r=g","caption":"SGI"},"description":"Sociedad Geogr\u00e1fica de las Indias, agencia especializada en viajes exclusivos y a medida a India. https:\/\/www.lasociedadgeografica.com","sameAs":["https:\/\/www.lasociedadgeografica.com"],"url":"https:\/\/www.lasociedadgeografica.com\/blog\/author\/admin\/"}]}},"_links":{"self":[{"href":"https:\/\/www.lasociedadgeografica.com\/blog\/wp-json\/wp\/v2\/posts\/21521","targetHints":{"allow":["GET"]}}],"collection":[{"href":"https:\/\/www.lasociedadgeografica.com\/blog\/wp-json\/wp\/v2\/posts"}],"about":[{"href":"https:\/\/www.lasociedadgeografica.com\/blog\/wp-json\/wp\/v2\/types\/post"}],"author":[{"embeddable":true,"href":"https:\/\/www.lasociedadgeografica.com\/blog\/wp-json\/wp\/v2\/users\/1"}],"replies":[{"embeddable":true,"href":"https:\/\/www.lasociedadgeografica.com\/blog\/wp-json\/wp\/v2\/comments?post=21521"}],"version-history":[{"count":15,"href":"https:\/\/www.lasociedadgeografica.com\/blog\/wp-json\/wp\/v2\/posts\/21521\/revisions"}],"predecessor-version":[{"id":21568,"href":"https:\/\/www.lasociedadgeografica.com\/blog\/wp-json\/wp\/v2\/posts\/21521\/revisions\/21568"}],"wp:attachment":[{"href":"https:\/\/www.lasociedadgeografica.com\/blog\/wp-json\/wp\/v2\/media?parent=21521"}],"wp:term":[{"taxonomy":"category","embeddable":true,"href":"https:\/\/www.lasociedadgeografica.com\/blog\/wp-json\/wp\/v2\/categories?post=21521"},{"taxonomy":"post_tag","embeddable":true,"href":"https:\/\/www.lasociedadgeografica.com\/blog\/wp-json\/wp\/v2\/tags?post=21521"}],"curies":[{"name":"wp","href":"https:\/\/api.w.org\/{rel}","templated":true}]}}