{"id":22372,"date":"2021-04-19T18:30:46","date_gmt":"2021-04-19T16:30:46","guid":{"rendered":"https:\/\/www.lasociedadgeografica.com\/blog\/?p=22372"},"modified":"2022-11-17T09:04:20","modified_gmt":"2022-11-17T08:04:20","slug":"como-llegar-adams-peak","status":"publish","type":"post","link":"https:\/\/www.lasociedadgeografica.com\/blog\/viajes-sri-lanka\/como-llegar-adams-peak\/","title":{"rendered":"C\u00f3mo llegar a Adam&#8217;s Peak y la huella m\u00e1s famosa del mundo"},"content":{"rendered":"\n\n<div class=\"kk-star-ratings kksr-auto kksr-align-left kksr-valign-top\"\n    data-payload='{&quot;align&quot;:&quot;left&quot;,&quot;id&quot;:&quot;22372&quot;,&quot;slug&quot;:&quot;default&quot;,&quot;valign&quot;:&quot;top&quot;,&quot;ignore&quot;:&quot;&quot;,&quot;reference&quot;:&quot;auto&quot;,&quot;class&quot;:&quot;&quot;,&quot;count&quot;:&quot;7&quot;,&quot;legendonly&quot;:&quot;&quot;,&quot;readonly&quot;:&quot;&quot;,&quot;score&quot;:&quot;4.9&quot;,&quot;starsonly&quot;:&quot;&quot;,&quot;best&quot;:&quot;5&quot;,&quot;gap&quot;:&quot;6&quot;,&quot;greet&quot;:&quot;&quot;,&quot;legend&quot;:&quot;4.9\\\/5 - (7 votos)&quot;,&quot;size&quot;:&quot;22&quot;,&quot;title&quot;:&quot;C\u00f3mo llegar a Adam\\u0026#039;s Peak y la huella m\u00e1s famosa del mundo&quot;,&quot;width&quot;:&quot;134.2&quot;,&quot;_legend&quot;:&quot;{score}\\\/{best} - ({count} {votes})&quot;,&quot;font_factor&quot;:&quot;1.25&quot;}'>\n            \n<div class=\"kksr-stars\">\n    \n<div class=\"kksr-stars-inactive\">\n            <div class=\"kksr-star\" data-star=\"1\" style=\"padding-right: 6px\">\n            \n\n<div class=\"kksr-icon\" style=\"width: 22px; height: 22px;\"><\/div>\n        <\/div>\n            <div class=\"kksr-star\" data-star=\"2\" style=\"padding-right: 6px\">\n            \n\n<div class=\"kksr-icon\" style=\"width: 22px; height: 22px;\"><\/div>\n        <\/div>\n            <div class=\"kksr-star\" data-star=\"3\" style=\"padding-right: 6px\">\n            \n\n<div class=\"kksr-icon\" style=\"width: 22px; height: 22px;\"><\/div>\n        <\/div>\n            <div class=\"kksr-star\" data-star=\"4\" style=\"padding-right: 6px\">\n            \n\n<div class=\"kksr-icon\" style=\"width: 22px; height: 22px;\"><\/div>\n        <\/div>\n            <div class=\"kksr-star\" data-star=\"5\" style=\"padding-right: 6px\">\n            \n\n<div class=\"kksr-icon\" style=\"width: 22px; height: 22px;\"><\/div>\n        <\/div>\n    <\/div>\n    \n<div class=\"kksr-stars-active\" style=\"width: 134.2px;\">\n            <div class=\"kksr-star\" style=\"padding-right: 6px\">\n            \n\n<div class=\"kksr-icon\" style=\"width: 22px; height: 22px;\"><\/div>\n        <\/div>\n            <div class=\"kksr-star\" style=\"padding-right: 6px\">\n            \n\n<div class=\"kksr-icon\" style=\"width: 22px; height: 22px;\"><\/div>\n        <\/div>\n            <div class=\"kksr-star\" style=\"padding-right: 6px\">\n            \n\n<div class=\"kksr-icon\" style=\"width: 22px; height: 22px;\"><\/div>\n        <\/div>\n            <div class=\"kksr-star\" style=\"padding-right: 6px\">\n            \n\n<div class=\"kksr-icon\" style=\"width: 22px; height: 22px;\"><\/div>\n        <\/div>\n            <div class=\"kksr-star\" style=\"padding-right: 6px\">\n            \n\n<div class=\"kksr-icon\" style=\"width: 22px; height: 22px;\"><\/div>\n        <\/div>\n    <\/div>\n<\/div>\n                \n\n<div class=\"kksr-legend\" style=\"font-size: 17.6px;\">\n            4.9\/5 - (7 votos)    <\/div>\n    <\/div>\n<p><div id=\"attachment_22373\" class=\"wp-caption aligncenter\" style=\"width: 728px\"><a href=\"https:\/\/www.lasociedadgeografica.com\/blog\/uploads\/2021\/03\/adams-peak-sri-lanka-tailor-made.jpg\" target=\"_blank\" rel=\"noopener\"><img loading=\"lazy\" decoding=\"async\" class=\"wp-image-22373 size-large\" title=\"Qu\u00e9 ver en Adam's Peak\" src=\"https:\/\/www.lasociedadgeografica.com\/blog\/uploads\/2021\/03\/adams-peak-sri-lanka-tailor-made-1024x680.jpg\" alt=\"C\u00f3mo llegar a Adam's Peak \" width=\"728\" height=\"483\" srcset=\"https:\/\/www.lasociedadgeografica.com\/blog\/uploads\/2021\/03\/adams-peak-sri-lanka-tailor-made-1024x680.jpg 1024w, https:\/\/www.lasociedadgeografica.com\/blog\/uploads\/2021\/03\/adams-peak-sri-lanka-tailor-made-300x199.jpg 300w, https:\/\/www.lasociedadgeografica.com\/blog\/uploads\/2021\/03\/adams-peak-sri-lanka-tailor-made-728x483.jpg 728w, https:\/\/www.lasociedadgeografica.com\/blog\/uploads\/2021\/03\/adams-peak-sri-lanka-tailor-made-363x241.jpg 363w, https:\/\/www.lasociedadgeografica.com\/blog\/uploads\/2021\/03\/adams-peak-sri-lanka-tailor-made-462x307.jpg 462w, https:\/\/www.lasociedadgeografica.com\/blog\/uploads\/2021\/03\/adams-peak-sri-lanka-tailor-made.jpg 1140w\" sizes=\"auto, (max-width: 728px) 100vw, 728px\" \/><\/a><p class=\"wp-caption-text\">Adam&#8217;s Peak, envuelto en la niebla del amanecer. \u00a9 Sri Lanka Tailor Made<\/p><\/div><br \/>\n<a name=\"smore-\"><\/a><br \/>\n<i><span class=\"entradilla\">Si buscas una experiencia de viaje tranquila, a tu aire y envuelto en naturaleza, sumergirse en los secretos y leyendas de Sri Lanka supone la mejor alternativa. Te contamos c\u00f3mo llegar a Adam&#8217;s Peak, uno de los templos m\u00e1s fascinantes de la antigua Ceil\u00e1n.<\/span><\/i><\/p>\n<p>Escrito por: Alberto Piernas<\/p>\n<p><!--more--><\/p>\n<h2>La huella que mueve al mundo<\/h2>\n<div id=\"attachment_22376\" class=\"wp-caption aligncenter\" style=\"width: 444px\"><a href=\"https:\/\/www.lasociedadgeografica.com\/blog\/uploads\/2021\/03\/travel-agent-adams-peak.jpg\" target=\"_blank\" rel=\"noopener\"><img loading=\"lazy\" decoding=\"async\" class=\"wp-image-22376 size-full\" title=\"C\u00f3mo llegar a Adam's Peak\" src=\"https:\/\/www.lasociedadgeografica.com\/blog\/uploads\/2021\/03\/travel-agent-adams-peak.jpg\" alt=\"C\u00f3mo llegar a Adam's Peak\" width=\"444\" height=\"512\" srcset=\"https:\/\/www.lasociedadgeografica.com\/blog\/uploads\/2021\/03\/travel-agent-adams-peak.jpg 444w, https:\/\/www.lasociedadgeografica.com\/blog\/uploads\/2021\/03\/travel-agent-adams-peak-260x300.jpg 260w, https:\/\/www.lasociedadgeografica.com\/blog\/uploads\/2021\/03\/travel-agent-adams-peak-363x419.jpg 363w\" sizes=\"auto, (max-width: 444px) 100vw, 444px\" \/><\/a><p class=\"wp-caption-text\">Sri Pada desde las alturas. \u00a9 Travel Agent<\/p><\/div>\n<p>Cuando Dios expuls\u00f3 del Para\u00edso a Ad\u00e1n y Eva para enviarlos a la Tierra, <strong>Ad\u00e1n cay\u00f3 en lo alto de un pico de 2.243 m<\/strong> en el coraz\u00f3n de Sri Lanka dejando una de sus huellas. O al menos, eso es lo que aseguran los cristianos. Despu\u00e9s llegaron los budistas, quienes aseguran que <strong>la huella fue el rastro del maestro Buda<\/strong> al subir a los cielos durante su Iluminaci\u00f3n, invirtiendo la ca\u00edda de Ad\u00e1n. Y as\u00ed, tambi\u00e9n se sumaron los musulmanes en defensa de Mahoma o los hind\u00faes siguiendo los pasos de Shiva. Si estos significados no fueran suficiente, la leyenda de Sri Lanka asegura que es aqu\u00ed <strong>el lugar al que vienen a morir todas las mariposas de la isla.<\/strong><\/p>\n<p>En el <a href=\"https:\/\/www.lasociedadgeografica.com\/blog\/viajes-sri-lanka\/que-encontro-marco-polo-sri-lanka\/\" target=\"_blank\" rel=\"noopener\"><strong>Pico de Ad\u00e1n<\/strong><\/a> (o <strong>Adam&#8217;s Peak <\/strong>para los ingleses y <strong>Sri Pada<\/strong> para los budistas ceilandeses) se fragua un debate milenario que engloba a las religiones m\u00e1s importantes del planeta. Sean cuales sean tus creencias, este pico celestial contin\u00faa siendo un lugar fascinante para abrirse a la fe, la naturaleza y la espiritualidad que baila sobre sus laderas.<\/p>\n<p>Adam&#8217;s Peak engloba hoy <strong>una de <a href=\"https:\/\/www.lasociedadgeografica.com\/blog\/viajes-india\/peregrinaciones-subcontinente-indio\/\" target=\"_blank\" rel=\"noopener\">las peregrinaciones<\/a> m\u00e1s recomendables de Sri Lanka<\/strong>, una tipolog\u00eda de viaje diferente y relajada a la hora de descubrir nuevas escenarios. Eso s\u00ed, mejor si est\u00e1s en forma, ya que Sri Pada cuenta en su cima con un templo al que se llega tras subir <strong>2.500 escalones<\/strong> tras cuatro horas de caminata.<\/p>\n<h2>C\u00f3mo llegar a Adam&#8217;s Peak<\/h2>\n<div id=\"attachment_22377\" class=\"wp-caption aligncenter\" style=\"width: 728px\"><a href=\"https:\/\/www.lasociedadgeografica.com\/blog\/uploads\/2021\/03\/atlas-boots-dalhousie.jpg\" target=\"_blank\" rel=\"noopener\"><img loading=\"lazy\" decoding=\"async\" class=\"wp-image-22377 size-large\" title=\"Pico de Ad\u00e1n en Sri Lanka\" src=\"https:\/\/www.lasociedadgeografica.com\/blog\/uploads\/2021\/03\/atlas-boots-dalhousie-1024x682.jpg\" alt=\"C\u00f3mo llegar a Adam's Peak\" width=\"728\" height=\"485\" srcset=\"https:\/\/www.lasociedadgeografica.com\/blog\/uploads\/2021\/03\/atlas-boots-dalhousie-1024x682.jpg 1024w, https:\/\/www.lasociedadgeografica.com\/blog\/uploads\/2021\/03\/atlas-boots-dalhousie-300x200.jpg 300w, https:\/\/www.lasociedadgeografica.com\/blog\/uploads\/2021\/03\/atlas-boots-dalhousie-728x485.jpg 728w, https:\/\/www.lasociedadgeografica.com\/blog\/uploads\/2021\/03\/atlas-boots-dalhousie-363x242.jpg 363w, https:\/\/www.lasociedadgeografica.com\/blog\/uploads\/2021\/03\/atlas-boots-dalhousie-462x308.jpg 462w, https:\/\/www.lasociedadgeografica.com\/blog\/uploads\/2021\/03\/atlas-boots-dalhousie.jpg 1280w\" sizes=\"auto, (max-width: 728px) 100vw, 728px\" \/><\/a><p class=\"wp-caption-text\">Vista de Adam&#8217;s Peak desde Dalhouise. \u00a9 Atlas Boot<\/p><\/div>\n<p>Seg\u00fan cu\u00e1ntos pecados quieras limpiar, existen<strong> dos rutas concretas para llegar a Adam&#8217;s Peak<\/strong>, una m\u00e1s corta y otra m\u00e1s larga.<\/p>\n<p><strong>La ruta m\u00e1s corta<\/strong> (y recurrente) parte <strong>del pueblecito de Dalhousi<\/strong>, al cual se puede <strong>acceder en bus desde <a href=\"https:\/\/www.lasociedadgeografica.com\/blog\/naturaleza\/plantaciones-de-te-de-nuwara-eliya\/\" target=\"_blank\" rel=\"noopener\">Nuwara Eliya<\/a><\/strong>, uno de los destinos m\u00e1s visitados de la zona. Esta ruta abarca unas cuatro horas de trayecto a lo largo de 7 km repartidos en los diferentes tramos de escalera para subir al templo.<\/p>\n<p><strong>La ruta m\u00e1s larga comprende siete horas y 11 km desde la poblaci\u00f3n de Ratnapura<\/strong>, al oeste del Pico de Ad\u00e1n.<\/p>\n<h2>Visitar Adam&#8217;s Peak de noche<\/h2>\n<div id=\"attachment_22336\" class=\"wp-caption aligncenter\" style=\"width: 728px\"><a href=\"https:\/\/www.lasociedadgeografica.com\/blog\/uploads\/2021\/03\/fodors-travel-guide.jpg\" target=\"_blank\" rel=\"noopener\"><img loading=\"lazy\" decoding=\"async\" class=\"wp-image-22336 size-large\" title=\"Qu\u00e9 hacer en Sri Lanka \" src=\"https:\/\/www.lasociedadgeografica.com\/blog\/uploads\/2021\/03\/fodors-travel-guide-1024x768.jpg\" alt=\"Peregrinaci\u00f3n a Adam's Peak de noche \" width=\"728\" height=\"546\" srcset=\"https:\/\/www.lasociedadgeografica.com\/blog\/uploads\/2021\/03\/fodors-travel-guide-1024x768.jpg 1024w, https:\/\/www.lasociedadgeografica.com\/blog\/uploads\/2021\/03\/fodors-travel-guide-300x225.jpg 300w, https:\/\/www.lasociedadgeografica.com\/blog\/uploads\/2021\/03\/fodors-travel-guide-1536x1152.jpg 1536w, https:\/\/www.lasociedadgeografica.com\/blog\/uploads\/2021\/03\/fodors-travel-guide-2048x1536.jpg 2048w, https:\/\/www.lasociedadgeografica.com\/blog\/uploads\/2021\/03\/fodors-travel-guide-728x546.jpg 728w, https:\/\/www.lasociedadgeografica.com\/blog\/uploads\/2021\/03\/fodors-travel-guide-363x272.jpg 363w, https:\/\/www.lasociedadgeografica.com\/blog\/uploads\/2021\/03\/fodors-travel-guide-462x347.jpg 462w\" sizes=\"auto, (max-width: 728px) 100vw, 728px\" \/><\/a><p class=\"wp-caption-text\">Ascenso a Adam&#8217;s Peak al anochecer. \u00a9 Fodors Travel<\/p><\/div>\n<p>Una vez elijas la ruta que mejor se adapta a ti, <strong>puedes visitar Adam&#8217;s Peak tanto de d\u00eda como de noche<\/strong>. De hecho, esta segunda opci\u00f3n es la m\u00e1s m\u00e1gica de todas, ya que <strong>la peregrinaci\u00f3n comienza alrededor de las 3 de la madrugada<\/strong> para alcanzar la cima justo en el momento del amanecer. Un momento m\u00e1gico en el que las cumbres quedan proyectadas en las nubes mientras los c\u00e1nticos y campanas estremecen el valle.<\/p>\n<p>La ruta a Adam&#8217;s Peak es<strong> especialmente concurrida entre los meses de diciembre y mayo<\/strong> por monjes budistas \u00e1giles y r\u00e1pidos que se abren paso entre vegetaci\u00f3n selv\u00e1tica y plantaciones de t\u00e9 tapizando las faldas de la monta\u00f1a. El reto consiste en ascender los 5.500 pelda\u00f1os que marcan el ascenso a este lugar en cuyos tramos aguardan mujeres con bandejas de lotos y puestecitos donde tomar un rico <em>khottu<\/em> para reponer fuerzas.<\/p>\n<div id=\"attachment_18602\" class=\"wp-caption aligncenter\" style=\"width: 728px\"><a href=\"https:\/\/www.lasociedadgeografica.com\/blog\/uploads\/2019\/03\/atlas-boots.jpg\" target=\"_blank\" rel=\"noopener\"><img loading=\"lazy\" decoding=\"async\" class=\"wp-image-18602 size-large\" title=\"Amanecer en Adam's Peak \" src=\"https:\/\/www.lasociedadgeografica.com\/blog\/uploads\/2019\/03\/atlas-boots-1024x682.jpg\" alt=\"C\u00f3mo llegar a Adam's Peak\" width=\"728\" height=\"485\" srcset=\"https:\/\/www.lasociedadgeografica.com\/blog\/uploads\/2019\/03\/atlas-boots-1024x682.jpg 1024w, https:\/\/www.lasociedadgeografica.com\/blog\/uploads\/2019\/03\/atlas-boots-300x200.jpg 300w, https:\/\/www.lasociedadgeografica.com\/blog\/uploads\/2019\/03\/atlas-boots-728x485.jpg 728w, https:\/\/www.lasociedadgeografica.com\/blog\/uploads\/2019\/03\/atlas-boots-363x242.jpg 363w, https:\/\/www.lasociedadgeografica.com\/blog\/uploads\/2019\/03\/atlas-boots-462x308.jpg 462w, https:\/\/www.lasociedadgeografica.com\/blog\/uploads\/2019\/03\/atlas-boots.jpg 1280w\" sizes=\"auto, (max-width: 728px) 100vw, 728px\" \/><\/a><p class=\"wp-caption-text\">La mejor recompensa al ascenso nocturno: el amanecer desde Adam&#8217;s Peak. \u00a9 Atlas Boots<\/p><\/div>\n<p>Tras sucumbir a la experiencia m\u00e1gica que supone contemplar el <strong>amanecer en\u00a0 el <a href=\"https:\/\/www.lasociedadgeografica.com\/blog\/viajes-sri-lanka\/mejores-miradores-de-sri-lanka\/\" target=\"_blank\" rel=\"noopener\">mirador de Adam&#8217;s Peak<\/a><\/strong>, puedes visitar el templo erigido en honor a Buda, colmado de ofrendas, e incluso acercarte a la famosa roca con forma de huella que atrae a miles de fieles. Incluso puede que te inunden todas las mariposas que vienen a uno de los lugares m\u00e1s sagrados de Sri Lanka para morir o, quiz\u00e1s, entablar nuevos caminos entre la Tierra y el Para\u00edso. O el Nirvana. O sea cual sea tu idea de un lugar celestial.<\/p>\n<p>Descubre Adam&#8217;s Peak durante tu <a href=\"https:\/\/www.lasociedadgeografica.com\/nuestros-viajes\/srilanka\/\" target=\"_blank\" rel=\"noopener\">viaje a Sri Lanka<\/a>.<\/p>\n<div class=\"SGIcontact\"><form id=\"sf_shortcode_SGIcontact_0F\" action=\"\/contacto\/\" method=\"post\" class=\"SGIcontactwidget_form\"><p style=\"text-align:center;font-style:italic;font-size:14px;padding-bottom:10px\" id=\"sf_shortcode_SGIcontact_0FP\">\u00bfQuieres que te dise\u00f1emos un viaje exclusivo al Subcontinente Indio?<\/p>\n<div style=\"text-align:center\" id=\"sf_shortcode_SGIcontact_0FD\"><input type=\"submit\" value=\"Cont\u00e1ctanos Aqu\u00ed\" \/>\n<\/div><\/form>\n<\/div>\n","protected":false},"excerpt":{"rendered":"<p>Si buscas una experiencia de viaje tranquila, a tu aire y envuelto en naturaleza, sumergirse en los secretos y leyendas de Sri Lanka supone la mejor alternativa. Te contamos c\u00f3mo llegar a Adam&#8217;s Peak, uno &hellip;<\/p>\n","protected":false},"author":1,"featured_media":0,"comment_status":"open","ping_status":"open","sticky":false,"template":"","format":"standard","meta":{"footnotes":""},"categories":[2885],"tags":[],"class_list":["post-22372","post","type-post","status-publish","format-standard","hentry","category-viajes-sri-lanka"],"yoast_head":"<!-- This site is optimized with the Yoast SEO plugin v27.4 - https:\/\/yoast.com\/product\/yoast-seo-wordpress\/ -->\n<title>C\u00f3mo llegar a Adam&#039;s Peak y la huella m\u00e1s famosa del mundo<\/title>\n<meta name=\"description\" content=\"Te contamos c\u00f3mo llegar a Adam&#039;s Peak a trav\u00e9s de una de las peregrinaciones m\u00e1s fascinantes y especiales de toda la isla de Sri Lanka.\" \/>\n<meta name=\"robots\" content=\"index, follow, max-snippet:-1, max-image-preview:large, max-video-preview:-1\" \/>\n<link rel=\"canonical\" href=\"https:\/\/www.lasociedadgeografica.com\/blog\/viajes-sri-lanka\/como-llegar-adams-peak\/\" \/>\n<meta property=\"og:locale\" content=\"es_ES\" \/>\n<meta property=\"og:type\" content=\"article\" \/>\n<meta property=\"og:title\" content=\"C\u00f3mo llegar a Adam&#039;s Peak y la huella m\u00e1s famosa del mundo\" \/>\n<meta property=\"og:description\" content=\"Te contamos c\u00f3mo llegar a Adam&#039;s Peak a trav\u00e9s de una de las peregrinaciones m\u00e1s fascinantes y especiales de toda la isla de Sri Lanka.\" \/>\n<meta property=\"og:url\" content=\"https:\/\/www.lasociedadgeografica.com\/blog\/viajes-sri-lanka\/como-llegar-adams-peak\/\" \/>\n<meta property=\"og:site_name\" content=\"Blog de viajes a India\" \/>\n<meta property=\"article:published_time\" content=\"2021-04-19T16:30:46+00:00\" \/>\n<meta property=\"article:modified_time\" content=\"2022-11-17T08:04:20+00:00\" \/>\n<meta property=\"og:image\" content=\"https:\/\/www.lasociedadgeografica.com\/blog\/uploads\/2021\/03\/adams-peak-sri-lanka-tailor-made-1024x680.jpg\" \/>\n<meta name=\"author\" content=\"SGI\" \/>\n<meta name=\"twitter:label1\" content=\"Escrito por\" \/>\n\t<meta name=\"twitter:data1\" content=\"SGI\" \/>\n\t<meta name=\"twitter:label2\" content=\"Tiempo de lectura\" \/>\n\t<meta name=\"twitter:data2\" content=\"5 minutos\" \/>\n<script type=\"application\/ld+json\" class=\"yoast-schema-graph\">{\"@context\":\"https:\\\/\\\/schema.org\",\"@graph\":[{\"@type\":\"Article\",\"@id\":\"https:\\\/\\\/www.lasociedadgeografica.com\\\/blog\\\/viajes-sri-lanka\\\/como-llegar-adams-peak\\\/#article\",\"isPartOf\":{\"@id\":\"https:\\\/\\\/www.lasociedadgeografica.com\\\/blog\\\/viajes-sri-lanka\\\/como-llegar-adams-peak\\\/\"},\"author\":{\"name\":\"SGI\",\"@id\":\"https:\\\/\\\/www.lasociedadgeografica.com\\\/blog\\\/#\\\/schema\\\/person\\\/4eb706084ebada5acb6f674d895232d2\"},\"headline\":\"C\u00f3mo llegar a Adam&#8217;s Peak y la huella m\u00e1s famosa del mundo\",\"datePublished\":\"2021-04-19T16:30:46+00:00\",\"dateModified\":\"2022-11-17T08:04:20+00:00\",\"mainEntityOfPage\":{\"@id\":\"https:\\\/\\\/www.lasociedadgeografica.com\\\/blog\\\/viajes-sri-lanka\\\/como-llegar-adams-peak\\\/\"},\"wordCount\":785,\"commentCount\":0,\"image\":{\"@id\":\"https:\\\/\\\/www.lasociedadgeografica.com\\\/blog\\\/viajes-sri-lanka\\\/como-llegar-adams-peak\\\/#primaryimage\"},\"thumbnailUrl\":\"https:\\\/\\\/www.lasociedadgeografica.com\\\/blog\\\/uploads\\\/2021\\\/03\\\/adams-peak-sri-lanka-tailor-made-1024x680.jpg\",\"articleSection\":[\"Viajes Sri Lanka\"],\"inLanguage\":\"es\",\"potentialAction\":[{\"@type\":\"CommentAction\",\"name\":\"Comment\",\"target\":[\"https:\\\/\\\/www.lasociedadgeografica.com\\\/blog\\\/viajes-sri-lanka\\\/como-llegar-adams-peak\\\/#respond\"]}]},{\"@type\":\"WebPage\",\"@id\":\"https:\\\/\\\/www.lasociedadgeografica.com\\\/blog\\\/viajes-sri-lanka\\\/como-llegar-adams-peak\\\/\",\"url\":\"https:\\\/\\\/www.lasociedadgeografica.com\\\/blog\\\/viajes-sri-lanka\\\/como-llegar-adams-peak\\\/\",\"name\":\"C\u00f3mo llegar a Adam's Peak y la huella m\u00e1s famosa del mundo\",\"isPartOf\":{\"@id\":\"https:\\\/\\\/www.lasociedadgeografica.com\\\/blog\\\/#website\"},\"primaryImageOfPage\":{\"@id\":\"https:\\\/\\\/www.lasociedadgeografica.com\\\/blog\\\/viajes-sri-lanka\\\/como-llegar-adams-peak\\\/#primaryimage\"},\"image\":{\"@id\":\"https:\\\/\\\/www.lasociedadgeografica.com\\\/blog\\\/viajes-sri-lanka\\\/como-llegar-adams-peak\\\/#primaryimage\"},\"thumbnailUrl\":\"https:\\\/\\\/www.lasociedadgeografica.com\\\/blog\\\/uploads\\\/2021\\\/03\\\/adams-peak-sri-lanka-tailor-made-1024x680.jpg\",\"datePublished\":\"2021-04-19T16:30:46+00:00\",\"dateModified\":\"2022-11-17T08:04:20+00:00\",\"author\":{\"@id\":\"https:\\\/\\\/www.lasociedadgeografica.com\\\/blog\\\/#\\\/schema\\\/person\\\/4eb706084ebada5acb6f674d895232d2\"},\"description\":\"Te contamos c\u00f3mo llegar a Adam's Peak a trav\u00e9s de una de las peregrinaciones m\u00e1s fascinantes y especiales de toda la isla de Sri Lanka.\",\"breadcrumb\":{\"@id\":\"https:\\\/\\\/www.lasociedadgeografica.com\\\/blog\\\/viajes-sri-lanka\\\/como-llegar-adams-peak\\\/#breadcrumb\"},\"inLanguage\":\"es\",\"potentialAction\":[{\"@type\":\"ReadAction\",\"target\":[\"https:\\\/\\\/www.lasociedadgeografica.com\\\/blog\\\/viajes-sri-lanka\\\/como-llegar-adams-peak\\\/\"]}]},{\"@type\":\"ImageObject\",\"inLanguage\":\"es\",\"@id\":\"https:\\\/\\\/www.lasociedadgeografica.com\\\/blog\\\/viajes-sri-lanka\\\/como-llegar-adams-peak\\\/#primaryimage\",\"url\":\"https:\\\/\\\/www.lasociedadgeografica.com\\\/blog\\\/uploads\\\/2021\\\/03\\\/adams-peak-sri-lanka-tailor-made.jpg\",\"contentUrl\":\"https:\\\/\\\/www.lasociedadgeografica.com\\\/blog\\\/uploads\\\/2021\\\/03\\\/adams-peak-sri-lanka-tailor-made.jpg\",\"width\":1140,\"height\":757,\"caption\":\"Adam's Peak, in southern Sri Lanka, emerges from the mornng mists.\"},{\"@type\":\"BreadcrumbList\",\"@id\":\"https:\\\/\\\/www.lasociedadgeografica.com\\\/blog\\\/viajes-sri-lanka\\\/como-llegar-adams-peak\\\/#breadcrumb\",\"itemListElement\":[{\"@type\":\"ListItem\",\"position\":1,\"name\":\"Portada\",\"item\":\"https:\\\/\\\/www.lasociedadgeografica.com\\\/blog\\\/\"},{\"@type\":\"ListItem\",\"position\":2,\"name\":\"C\u00f3mo llegar a Adam&#8217;s Peak y la huella m\u00e1s famosa del mundo\"}]},{\"@type\":\"WebSite\",\"@id\":\"https:\\\/\\\/www.lasociedadgeografica.com\\\/blog\\\/#website\",\"url\":\"https:\\\/\\\/www.lasociedadgeografica.com\\\/blog\\\/\",\"name\":\"Blog de viajes a India\",\"description\":\"Un lugar para Conocer India, con may\u00fasculas. El Blog de Sociedad Geogr\u00e1fica de las Indias.\",\"potentialAction\":[{\"@type\":\"SearchAction\",\"target\":{\"@type\":\"EntryPoint\",\"urlTemplate\":\"https:\\\/\\\/www.lasociedadgeografica.com\\\/blog\\\/?s={search_term_string}\"},\"query-input\":{\"@type\":\"PropertyValueSpecification\",\"valueRequired\":true,\"valueName\":\"search_term_string\"}}],\"inLanguage\":\"es\"},{\"@type\":\"Person\",\"@id\":\"https:\\\/\\\/www.lasociedadgeografica.com\\\/blog\\\/#\\\/schema\\\/person\\\/4eb706084ebada5acb6f674d895232d2\",\"name\":\"SGI\",\"image\":{\"@type\":\"ImageObject\",\"inLanguage\":\"es\",\"@id\":\"https:\\\/\\\/secure.gravatar.com\\\/avatar\\\/3b6518b4778a72cb0cada5ad3bf7536bf8fd05c7dc636ba9c80f95598fc13469?s=96&r=g\",\"url\":\"https:\\\/\\\/secure.gravatar.com\\\/avatar\\\/3b6518b4778a72cb0cada5ad3bf7536bf8fd05c7dc636ba9c80f95598fc13469?s=96&r=g\",\"contentUrl\":\"https:\\\/\\\/secure.gravatar.com\\\/avatar\\\/3b6518b4778a72cb0cada5ad3bf7536bf8fd05c7dc636ba9c80f95598fc13469?s=96&r=g\",\"caption\":\"SGI\"},\"description\":\"Sociedad Geogr\u00e1fica de las Indias, agencia especializada en viajes exclusivos y a medida a India. https:\\\/\\\/www.lasociedadgeografica.com\",\"sameAs\":[\"https:\\\/\\\/www.lasociedadgeografica.com\"],\"url\":\"https:\\\/\\\/www.lasociedadgeografica.com\\\/blog\\\/author\\\/admin\\\/\"}]}<\/script>\n<!-- \/ Yoast SEO plugin. -->","yoast_head_json":{"title":"C\u00f3mo llegar a Adam's Peak y la huella m\u00e1s famosa del mundo","description":"Te contamos c\u00f3mo llegar a Adam's Peak a trav\u00e9s de una de las peregrinaciones m\u00e1s fascinantes y especiales de toda la isla de Sri Lanka.","robots":{"index":"index","follow":"follow","max-snippet":"max-snippet:-1","max-image-preview":"max-image-preview:large","max-video-preview":"max-video-preview:-1"},"canonical":"https:\/\/www.lasociedadgeografica.com\/blog\/viajes-sri-lanka\/como-llegar-adams-peak\/","og_locale":"es_ES","og_type":"article","og_title":"C\u00f3mo llegar a Adam's Peak y la huella m\u00e1s famosa del mundo","og_description":"Te contamos c\u00f3mo llegar a Adam's Peak a trav\u00e9s de una de las peregrinaciones m\u00e1s fascinantes y especiales de toda la isla de Sri Lanka.","og_url":"https:\/\/www.lasociedadgeografica.com\/blog\/viajes-sri-lanka\/como-llegar-adams-peak\/","og_site_name":"Blog de viajes a India","article_published_time":"2021-04-19T16:30:46+00:00","article_modified_time":"2022-11-17T08:04:20+00:00","og_image":[{"url":"https:\/\/www.lasociedadgeografica.com\/blog\/uploads\/2021\/03\/adams-peak-sri-lanka-tailor-made-1024x680.jpg","type":"","width":"","height":""}],"author":"SGI","twitter_misc":{"Escrito por":"SGI","Tiempo de lectura":"5 minutos"},"schema":{"@context":"https:\/\/schema.org","@graph":[{"@type":"Article","@id":"https:\/\/www.lasociedadgeografica.com\/blog\/viajes-sri-lanka\/como-llegar-adams-peak\/#article","isPartOf":{"@id":"https:\/\/www.lasociedadgeografica.com\/blog\/viajes-sri-lanka\/como-llegar-adams-peak\/"},"author":{"name":"SGI","@id":"https:\/\/www.lasociedadgeografica.com\/blog\/#\/schema\/person\/4eb706084ebada5acb6f674d895232d2"},"headline":"C\u00f3mo llegar a Adam&#8217;s Peak y la huella m\u00e1s famosa del mundo","datePublished":"2021-04-19T16:30:46+00:00","dateModified":"2022-11-17T08:04:20+00:00","mainEntityOfPage":{"@id":"https:\/\/www.lasociedadgeografica.com\/blog\/viajes-sri-lanka\/como-llegar-adams-peak\/"},"wordCount":785,"commentCount":0,"image":{"@id":"https:\/\/www.lasociedadgeografica.com\/blog\/viajes-sri-lanka\/como-llegar-adams-peak\/#primaryimage"},"thumbnailUrl":"https:\/\/www.lasociedadgeografica.com\/blog\/uploads\/2021\/03\/adams-peak-sri-lanka-tailor-made-1024x680.jpg","articleSection":["Viajes Sri Lanka"],"inLanguage":"es","potentialAction":[{"@type":"CommentAction","name":"Comment","target":["https:\/\/www.lasociedadgeografica.com\/blog\/viajes-sri-lanka\/como-llegar-adams-peak\/#respond"]}]},{"@type":"WebPage","@id":"https:\/\/www.lasociedadgeografica.com\/blog\/viajes-sri-lanka\/como-llegar-adams-peak\/","url":"https:\/\/www.lasociedadgeografica.com\/blog\/viajes-sri-lanka\/como-llegar-adams-peak\/","name":"C\u00f3mo llegar a Adam's Peak y la huella m\u00e1s famosa del mundo","isPartOf":{"@id":"https:\/\/www.lasociedadgeografica.com\/blog\/#website"},"primaryImageOfPage":{"@id":"https:\/\/www.lasociedadgeografica.com\/blog\/viajes-sri-lanka\/como-llegar-adams-peak\/#primaryimage"},"image":{"@id":"https:\/\/www.lasociedadgeografica.com\/blog\/viajes-sri-lanka\/como-llegar-adams-peak\/#primaryimage"},"thumbnailUrl":"https:\/\/www.lasociedadgeografica.com\/blog\/uploads\/2021\/03\/adams-peak-sri-lanka-tailor-made-1024x680.jpg","datePublished":"2021-04-19T16:30:46+00:00","dateModified":"2022-11-17T08:04:20+00:00","author":{"@id":"https:\/\/www.lasociedadgeografica.com\/blog\/#\/schema\/person\/4eb706084ebada5acb6f674d895232d2"},"description":"Te contamos c\u00f3mo llegar a Adam's Peak a trav\u00e9s de una de las peregrinaciones m\u00e1s fascinantes y especiales de toda la isla de Sri Lanka.","breadcrumb":{"@id":"https:\/\/www.lasociedadgeografica.com\/blog\/viajes-sri-lanka\/como-llegar-adams-peak\/#breadcrumb"},"inLanguage":"es","potentialAction":[{"@type":"ReadAction","target":["https:\/\/www.lasociedadgeografica.com\/blog\/viajes-sri-lanka\/como-llegar-adams-peak\/"]}]},{"@type":"ImageObject","inLanguage":"es","@id":"https:\/\/www.lasociedadgeografica.com\/blog\/viajes-sri-lanka\/como-llegar-adams-peak\/#primaryimage","url":"https:\/\/www.lasociedadgeografica.com\/blog\/uploads\/2021\/03\/adams-peak-sri-lanka-tailor-made.jpg","contentUrl":"https:\/\/www.lasociedadgeografica.com\/blog\/uploads\/2021\/03\/adams-peak-sri-lanka-tailor-made.jpg","width":1140,"height":757,"caption":"Adam's Peak, in southern Sri Lanka, emerges from the mornng mists."},{"@type":"BreadcrumbList","@id":"https:\/\/www.lasociedadgeografica.com\/blog\/viajes-sri-lanka\/como-llegar-adams-peak\/#breadcrumb","itemListElement":[{"@type":"ListItem","position":1,"name":"Portada","item":"https:\/\/www.lasociedadgeografica.com\/blog\/"},{"@type":"ListItem","position":2,"name":"C\u00f3mo llegar a Adam&#8217;s Peak y la huella m\u00e1s famosa del mundo"}]},{"@type":"WebSite","@id":"https:\/\/www.lasociedadgeografica.com\/blog\/#website","url":"https:\/\/www.lasociedadgeografica.com\/blog\/","name":"Blog de viajes a India","description":"Un lugar para Conocer India, con may\u00fasculas. El Blog de Sociedad Geogr\u00e1fica de las Indias.","potentialAction":[{"@type":"SearchAction","target":{"@type":"EntryPoint","urlTemplate":"https:\/\/www.lasociedadgeografica.com\/blog\/?s={search_term_string}"},"query-input":{"@type":"PropertyValueSpecification","valueRequired":true,"valueName":"search_term_string"}}],"inLanguage":"es"},{"@type":"Person","@id":"https:\/\/www.lasociedadgeografica.com\/blog\/#\/schema\/person\/4eb706084ebada5acb6f674d895232d2","name":"SGI","image":{"@type":"ImageObject","inLanguage":"es","@id":"https:\/\/secure.gravatar.com\/avatar\/3b6518b4778a72cb0cada5ad3bf7536bf8fd05c7dc636ba9c80f95598fc13469?s=96&r=g","url":"https:\/\/secure.gravatar.com\/avatar\/3b6518b4778a72cb0cada5ad3bf7536bf8fd05c7dc636ba9c80f95598fc13469?s=96&r=g","contentUrl":"https:\/\/secure.gravatar.com\/avatar\/3b6518b4778a72cb0cada5ad3bf7536bf8fd05c7dc636ba9c80f95598fc13469?s=96&r=g","caption":"SGI"},"description":"Sociedad Geogr\u00e1fica de las Indias, agencia especializada en viajes exclusivos y a medida a India. https:\/\/www.lasociedadgeografica.com","sameAs":["https:\/\/www.lasociedadgeografica.com"],"url":"https:\/\/www.lasociedadgeografica.com\/blog\/author\/admin\/"}]}},"_links":{"self":[{"href":"https:\/\/www.lasociedadgeografica.com\/blog\/wp-json\/wp\/v2\/posts\/22372","targetHints":{"allow":["GET"]}}],"collection":[{"href":"https:\/\/www.lasociedadgeografica.com\/blog\/wp-json\/wp\/v2\/posts"}],"about":[{"href":"https:\/\/www.lasociedadgeografica.com\/blog\/wp-json\/wp\/v2\/types\/post"}],"author":[{"embeddable":true,"href":"https:\/\/www.lasociedadgeografica.com\/blog\/wp-json\/wp\/v2\/users\/1"}],"replies":[{"embeddable":true,"href":"https:\/\/www.lasociedadgeografica.com\/blog\/wp-json\/wp\/v2\/comments?post=22372"}],"version-history":[{"count":6,"href":"https:\/\/www.lasociedadgeografica.com\/blog\/wp-json\/wp\/v2\/posts\/22372\/revisions"}],"predecessor-version":[{"id":24758,"href":"https:\/\/www.lasociedadgeografica.com\/blog\/wp-json\/wp\/v2\/posts\/22372\/revisions\/24758"}],"wp:attachment":[{"href":"https:\/\/www.lasociedadgeografica.com\/blog\/wp-json\/wp\/v2\/media?parent=22372"}],"wp:term":[{"taxonomy":"category","embeddable":true,"href":"https:\/\/www.lasociedadgeografica.com\/blog\/wp-json\/wp\/v2\/categories?post=22372"},{"taxonomy":"post_tag","embeddable":true,"href":"https:\/\/www.lasociedadgeografica.com\/blog\/wp-json\/wp\/v2\/tags?post=22372"}],"curies":[{"name":"wp","href":"https:\/\/api.w.org\/{rel}","templated":true}]}}