{"id":2296,"date":"2011-02-21T19:30:15","date_gmt":"2011-02-21T18:30:15","guid":{"rendered":"https:\/\/www.lasociedadgeografica.com\/blog\/?p=2296"},"modified":"2017-05-31T09:05:01","modified_gmt":"2017-05-31T07:05:01","slug":"sitares-y-musica-de-baile","status":"publish","type":"post","link":"https:\/\/www.lasociedadgeografica.com\/blog\/cultura\/sitares-y-musica-de-baile\/","title":{"rendered":"Sitares y m\u00fasica de baile"},"content":{"rendered":"\n\n<div class=\"kk-star-ratings kksr-auto kksr-align-left kksr-valign-top\"\n    data-payload='{&quot;align&quot;:&quot;left&quot;,&quot;id&quot;:&quot;2296&quot;,&quot;slug&quot;:&quot;default&quot;,&quot;valign&quot;:&quot;top&quot;,&quot;ignore&quot;:&quot;&quot;,&quot;reference&quot;:&quot;auto&quot;,&quot;class&quot;:&quot;&quot;,&quot;count&quot;:&quot;0&quot;,&quot;legendonly&quot;:&quot;&quot;,&quot;readonly&quot;:&quot;&quot;,&quot;score&quot;:&quot;0&quot;,&quot;starsonly&quot;:&quot;&quot;,&quot;best&quot;:&quot;5&quot;,&quot;gap&quot;:&quot;6&quot;,&quot;greet&quot;:&quot;&quot;,&quot;legend&quot;:&quot;0\\\/5 - (0 votos)&quot;,&quot;size&quot;:&quot;22&quot;,&quot;title&quot;:&quot;Sitares y m\u00fasica de baile&quot;,&quot;width&quot;:&quot;0&quot;,&quot;_legend&quot;:&quot;{score}\\\/{best} - ({count} {votes})&quot;,&quot;font_factor&quot;:&quot;1.25&quot;}'>\n            \n<div class=\"kksr-stars\">\n    \n<div class=\"kksr-stars-inactive\">\n            <div class=\"kksr-star\" data-star=\"1\" style=\"padding-right: 6px\">\n            \n\n<div class=\"kksr-icon\" style=\"width: 22px; height: 22px;\"><\/div>\n        <\/div>\n            <div class=\"kksr-star\" data-star=\"2\" style=\"padding-right: 6px\">\n            \n\n<div class=\"kksr-icon\" style=\"width: 22px; height: 22px;\"><\/div>\n        <\/div>\n            <div class=\"kksr-star\" data-star=\"3\" style=\"padding-right: 6px\">\n            \n\n<div class=\"kksr-icon\" style=\"width: 22px; height: 22px;\"><\/div>\n        <\/div>\n            <div class=\"kksr-star\" data-star=\"4\" style=\"padding-right: 6px\">\n            \n\n<div class=\"kksr-icon\" style=\"width: 22px; height: 22px;\"><\/div>\n        <\/div>\n            <div class=\"kksr-star\" data-star=\"5\" style=\"padding-right: 6px\">\n            \n\n<div class=\"kksr-icon\" style=\"width: 22px; height: 22px;\"><\/div>\n        <\/div>\n    <\/div>\n    \n<div class=\"kksr-stars-active\" style=\"width: 0px;\">\n            <div class=\"kksr-star\" style=\"padding-right: 6px\">\n            \n\n<div class=\"kksr-icon\" style=\"width: 22px; height: 22px;\"><\/div>\n        <\/div>\n            <div class=\"kksr-star\" style=\"padding-right: 6px\">\n            \n\n<div class=\"kksr-icon\" style=\"width: 22px; height: 22px;\"><\/div>\n        <\/div>\n            <div class=\"kksr-star\" style=\"padding-right: 6px\">\n            \n\n<div class=\"kksr-icon\" style=\"width: 22px; height: 22px;\"><\/div>\n        <\/div>\n            <div class=\"kksr-star\" style=\"padding-right: 6px\">\n            \n\n<div class=\"kksr-icon\" style=\"width: 22px; height: 22px;\"><\/div>\n        <\/div>\n            <div class=\"kksr-star\" style=\"padding-right: 6px\">\n            \n\n<div class=\"kksr-icon\" style=\"width: 22px; height: 22px;\"><\/div>\n        <\/div>\n    <\/div>\n<\/div>\n                \n\n<div class=\"kksr-legend\" style=\"font-size: 17.6px;\">\n            <span class=\"kksr-muted\"><\/span>\n    <\/div>\n    <\/div>\n<p><strong>&#8216;Mathar&#8217;, el tema compuesto por Volker Kriegel se convirti\u00f3, de la mano de Paul Weller, en uno de los grandes hits de finales de los 90\u2019s<\/strong><\/p>\n<p style=\"text-align: center;\"><strong><img loading=\"lazy\" decoding=\"async\" class=\"aligncenter size-full wp-image-2343\" title=\"foto-portadas\" src=\"\/\/www.lasociedadgeografica.com\/blog\/uploads\/2011\/01\/foto-portadas.jpg\" alt=\"Portadas de discos\" width=\"477\" height=\"154\" srcset=\"https:\/\/www.lasociedadgeografica.com\/blog\/uploads\/2011\/01\/foto-portadas.jpg 477w, https:\/\/www.lasociedadgeografica.com\/blog\/uploads\/2011\/01\/foto-portadas-300x96.jpg 300w\" sizes=\"auto, (max-width: 477px) 100vw, 477px\" \/><br \/>\n<\/strong><\/p>\n<p>En 1969 el m\u00fasico de jazz Dave Pike edit\u00f3 el tema \u201cMathar\u201d compuesto por el guitarrista alem\u00e1n Volker Kriegel. A partir de 1993 se reeditaron una serie de versiones y remixes de muy diferente color.<\/p>\n<p>Una de las primeras, grabada en 1993 por Paul Weller, fue \u201cIndian Vibes\u201d.\u00a0El tema, que fusionaba jazz y m\u00fasica cl\u00e1sica india, fue el primer maxi que edit\u00f3 el sello independiente franc\u00e9s, Yellow Productions.<\/p>\n<p>En 1994, el EP de Weller fue reeditado en Reino Unido por Virgin, que definitivamente lo lanz\u00f3 al estrellato de las pistas de baile. \u201cIndian Vibes &#8211; Mathar Remixes\u201d recog\u00eda siete versiones diferentes del cl\u00e1sico de Kriegel. En el disco participaron Marco Nelson al bajo, Crispin Taylor a la bater\u00eda, G\u00e9rard Farrell al sitar y Paul Weller al sitar el\u00e9ctrico y a las guitarras.<\/p>\n<p><strong>\u201cIndian Vibes \u2013 Mathar Remixes\u201d.<\/strong><strong> Tracklist:<\/strong><br \/>\n1. Mathar (Discovery Of India Mix)<br \/>\n2. Mathar (Ballistics In Traffic Mix). Remix: Ballistic Brothers<br \/>\n3. Mathar (Adbutha-Lynch Mob Beats). Remix: Lynch Mob<br \/>\n4. Mathar (Dawson&#8217;s Dub). Remix: X-Press 2<br \/>\n5. Mathar (Indian Time Bomb Breaks). Remix: X-Press 2<br \/>\n6. Mathar (Yellow Mix). Remix: Chris The French Kiss<br \/>\n7. Mathar (Radio Mix)<\/p>\n<p>\u201cMathar\u201d tambi\u00e9n fue relanzado en 12\u201d por Outcaste Records en 1997 bajo el nombre de \u201cThe Dave Pike Set. Mathar, the original indian vibes\u201d. El disco inclu\u00eda remixes de Badmarsh &amp; Shri, un d\u00fao londinense de trip-hop.<\/p>\n<p>Otra buena versi\u00f3n del tema, y bien distinta, es el remix de Richard Fearless de Death in Vegas, una mezcla psicod\u00e9lica de dub y electr\u00f3nica.<\/p>\n<p><object width=\"480\" height=\"385\" classid=\"clsid:d27cdb6e-ae6d-11cf-96b8-444553540000\" codebase=\"http:\/\/download.macromedia.com\/pub\/shockwave\/cabs\/flash\/swflash.cab#version=6,0,40,0\"><param name=\"allowFullScreen\" value=\"true\" \/><param name=\"allowscriptaccess\" value=\"always\" \/><param name=\"src\" value=\"http:\/\/www.youtube.com\/v\/GaZFA-6O8Ak?fs=1&amp;hl=es_ES&amp;rel=0\" \/><param name=\"allowfullscreen\" value=\"true\" \/><embed type=\"application\/x-shockwave-flash\" width=\"480\" height=\"385\" src=\"\/\/www.youtube.com\/v\/GaZFA-6O8Ak?fs=1&amp;hl=es_ES&amp;rel=0\" allowscriptaccess=\"always\" allowfullscreen=\"allowfullscreen\" \/><\/object><br \/>\n(Pulsa <a href=\"http:\/\/www.youtube.com\/watch?v=GaZFA-6O8Ak&amp;feature=player_embedded\">aqu\u00ed<\/a> si no ves el video correctamente)<\/p>\n<p>Aunque volviendo al principio, no hay duda de que el redescubrimiento de \u201cMathar\u201d por parte de los fans de los rare groovse y del funk jazz all\u00e1 por los a\u00f1os 80 fue un hecho fundamental en la revitalizaci\u00f3n de la carrera de Pike. Tanto como lo fue Pike en la de Kriegel.<\/p>\n<p><img loading=\"lazy\" decoding=\"async\" class=\"aligncenter size-full wp-image-2344\" title=\"foto-autores\" src=\"\/\/www.lasociedadgeografica.com\/blog\/uploads\/2011\/01\/foto-autores.jpg\" alt=\"Autores mathar\" width=\"477\" height=\"157\" srcset=\"https:\/\/www.lasociedadgeografica.com\/blog\/uploads\/2011\/01\/foto-autores.jpg 477w, https:\/\/www.lasociedadgeografica.com\/blog\/uploads\/2011\/01\/foto-autores-300x98.jpg 300w\" sizes=\"auto, (max-width: 477px) 100vw, 477px\" \/><\/p>\n<p><strong>Volker Kriegel (1943, Darmstadt \u2013 2003, San Sebasti\u00e1n)<\/strong><br \/>\nGuitarrista y compositor alem\u00e1n nacido en Darmstadt, Alemania. Quiz\u00e1s m\u00e1s conocido por sus contribuciones al jazz rock europeo y sus colaboraciones con el vibrafonista americano Dave Pike. En 1975 fue miembro fundador de United Jazz and Rock Ensemble.<\/p>\n<p><strong>David Samuel Pike\u00a0 (1938, Detroit)<\/strong><br \/>\nPionero del vibr\u00e1fono amplificado, Dave Pike pertenece a una generaci\u00f3n de solistas que, all\u00e1 por los sesenta, trat\u00f3 con \u00e9xito de renovar el lenguaje del vibr\u00e1fono en el jazz, dominado desde hacia mas de una d\u00e9cada por el extraordinario maestro, Milt Jackson.<\/p>\n<p><strong>Paul Weller (1958, Sheerwater)<\/strong><br \/>\nFue el l\u00edder y fundador de los grupos The Jam y The Style Council. Rebautizado por la prensa como The Modfather, es considerado una figura imprescindible del movimiento mod de todos los tiempos. Sin embargo, en su etapa en solitario Weller se abri\u00f3 a otros estilos, antes denostados por \u00e9l mismo, como el folk y el country.<\/p>\n<p><object width=\"480\" height=\"385\" classid=\"clsid:d27cdb6e-ae6d-11cf-96b8-444553540000\" codebase=\"http:\/\/download.macromedia.com\/pub\/shockwave\/cabs\/flash\/swflash.cab#version=6,0,40,0\"><param name=\"allowFullScreen\" value=\"true\" \/><param name=\"allowscriptaccess\" value=\"always\" \/><param name=\"src\" value=\"http:\/\/www.youtube.com\/v\/0_wCdv9eIKI?fs=1&amp;hl=es_ES&amp;rel=0\" \/><param name=\"allowfullscreen\" value=\"true\" \/><embed type=\"application\/x-shockwave-flash\" width=\"480\" height=\"385\" src=\"\/\/www.youtube.com\/v\/0_wCdv9eIKI?fs=1&amp;hl=es_ES&amp;rel=0\" allowscriptaccess=\"always\" allowfullscreen=\"allowfullscreen\" \/><\/object><br \/>\n(Pulsa <a href=\"http:\/\/www.youtube.com\/watch?v=0_wCdv9eIKI&amp;feature=player_embedded\">aqu\u00ed<\/a> si no ves el video correctamente)<\/p>\n<p><span style=\"color: #808080;\"><em>&#8212;<br \/>\n<strong>Sobre la autora:<\/strong> <\/em><\/span><a href=\"https:\/\/www.lasociedadgeografica.com\/blog\/author\/nona_rubio\/\"><span style=\"color: #808080;\"><em><strong><img loading=\"lazy\" decoding=\"async\" class=\"alignleft\" style=\"border: 0pt none; margin-right: 5px;\" title=\"Nona Rubio\" src=\"\/\/www.lasociedadgeografica.com\/blog\/wp-content\/authors\/nona_rubio-8.jpg\" alt=\"Nona\" width=\"104\" height=\"90\" \/><\/strong><\/em><\/span><\/a><span style=\"color: #808080;\"><em><a href=\"https:\/\/www.lasociedadgeografica.com\/blog\/author\/nona_rubio\/\">Nona Rubio<\/a> es colaboradora de Sociedad Geogr\u00e1fica de las Indias. Le apasiona viajar y nos cuenta historias que hablan de un pa\u00eds inabarcable con el que hay que ser paciente si lo que pretendemos es conocerlo por dentro. Para m\u00e1s informaci\u00f3n: [<a href=\"\/\/www.lasociedadgeografica.com\/blog\/aboutsgi\/\">Qui\u00e9nes somos<\/a>]<br \/>\n<\/em><\/span><\/p>\n","protected":false},"excerpt":{"rendered":"<p>La fusi\u00f3n de la m\u00fasica occidental y oriental ha dado grandes frutos. Por ejemplo &#8216;Mathar&#8217;, el tema compuesto por Volker Kriegel se convirti\u00f3, de la mano de Paul Weller, en uno de los grandes hits de finales de los 90\u2019s<\/p>\n","protected":false},"author":8,"featured_media":0,"comment_status":"open","ping_status":"open","sticky":false,"template":"","format":"standard","meta":{"footnotes":""},"categories":[4],"tags":[670,667,666,553,668,671,685,669],"class_list":["post-2296","post","type-post","status-publish","format-standard","hentry","category-cultura","tag-dave-pike","tag-indian-vibes","tag-mathar","tag-nona-rubio","tag-paul-weller","tag-richard-fearless","tag-sitar","tag-volker-kriegel"],"yoast_head":"<!-- This site is optimized with the Yoast SEO plugin v27.4 - https:\/\/yoast.com\/product\/yoast-seo-wordpress\/ -->\n<title>Sitares y m\u00fasica de baile<\/title>\n<meta name=\"robots\" content=\"index, follow, max-snippet:-1, max-image-preview:large, max-video-preview:-1\" \/>\n<link rel=\"canonical\" href=\"https:\/\/www.lasociedadgeografica.com\/blog\/cultura\/sitares-y-musica-de-baile\/\" \/>\n<meta property=\"og:locale\" content=\"es_ES\" \/>\n<meta property=\"og:type\" content=\"article\" \/>\n<meta property=\"og:title\" content=\"Sitares y m\u00fasica de baile\" \/>\n<meta property=\"og:description\" content=\"La fusi\u00f3n de la m\u00fasica occidental y oriental ha dado grandes frutos. Por ejemplo &#039;Mathar&#039;, el tema compuesto por Volker Kriegel se convirti\u00f3, de la mano de Paul Weller, en uno de los grandes hits de finales de los 90\u2019s\" \/>\n<meta property=\"og:url\" content=\"https:\/\/www.lasociedadgeografica.com\/blog\/cultura\/sitares-y-musica-de-baile\/\" \/>\n<meta property=\"og:site_name\" content=\"Blog de viajes a India\" \/>\n<meta property=\"article:published_time\" content=\"2011-02-21T18:30:15+00:00\" \/>\n<meta property=\"article:modified_time\" content=\"2017-05-31T07:05:01+00:00\" \/>\n<meta property=\"og:image\" content=\"\/\/www.lasociedadgeografica.com\/blog\/uploads\/2011\/01\/foto-portadas.jpg\" \/>\n<meta name=\"author\" content=\"Nona Rubio\" \/>\n<meta name=\"twitter:label1\" content=\"Escrito por\" \/>\n\t<meta name=\"twitter:data1\" content=\"Nona Rubio\" \/>\n\t<meta name=\"twitter:label2\" content=\"Tiempo de lectura\" \/>\n\t<meta name=\"twitter:data2\" content=\"3 minutos\" \/>\n<script type=\"application\/ld+json\" class=\"yoast-schema-graph\">{\"@context\":\"https:\\\/\\\/schema.org\",\"@graph\":[{\"@type\":\"Article\",\"@id\":\"https:\\\/\\\/www.lasociedadgeografica.com\\\/blog\\\/cultura\\\/sitares-y-musica-de-baile\\\/#article\",\"isPartOf\":{\"@id\":\"https:\\\/\\\/www.lasociedadgeografica.com\\\/blog\\\/cultura\\\/sitares-y-musica-de-baile\\\/\"},\"author\":{\"name\":\"Nona Rubio\",\"@id\":\"https:\\\/\\\/www.lasociedadgeografica.com\\\/blog\\\/#\\\/schema\\\/person\\\/b3f7515b0befa8a16343ebf3bf602f0e\"},\"headline\":\"Sitares y m\u00fasica de baile\",\"datePublished\":\"2011-02-21T18:30:15+00:00\",\"dateModified\":\"2017-05-31T07:05:01+00:00\",\"mainEntityOfPage\":{\"@id\":\"https:\\\/\\\/www.lasociedadgeografica.com\\\/blog\\\/cultura\\\/sitares-y-musica-de-baile\\\/\"},\"wordCount\":563,\"commentCount\":0,\"keywords\":[\"dave pike\",\"indian vibes\",\"mathar\",\"Nona Rubio\",\"paul weller\",\"richard fearless\",\"sitar\",\"volker kriegel\"],\"articleSection\":[\"Cultura\"],\"inLanguage\":\"es\",\"potentialAction\":[{\"@type\":\"CommentAction\",\"name\":\"Comment\",\"target\":[\"https:\\\/\\\/www.lasociedadgeografica.com\\\/blog\\\/cultura\\\/sitares-y-musica-de-baile\\\/#respond\"]}]},{\"@type\":\"WebPage\",\"@id\":\"https:\\\/\\\/www.lasociedadgeografica.com\\\/blog\\\/cultura\\\/sitares-y-musica-de-baile\\\/\",\"url\":\"https:\\\/\\\/www.lasociedadgeografica.com\\\/blog\\\/cultura\\\/sitares-y-musica-de-baile\\\/\",\"name\":\"Sitares y m\u00fasica de baile\",\"isPartOf\":{\"@id\":\"https:\\\/\\\/www.lasociedadgeografica.com\\\/blog\\\/#website\"},\"datePublished\":\"2011-02-21T18:30:15+00:00\",\"dateModified\":\"2017-05-31T07:05:01+00:00\",\"author\":{\"@id\":\"https:\\\/\\\/www.lasociedadgeografica.com\\\/blog\\\/#\\\/schema\\\/person\\\/b3f7515b0befa8a16343ebf3bf602f0e\"},\"breadcrumb\":{\"@id\":\"https:\\\/\\\/www.lasociedadgeografica.com\\\/blog\\\/cultura\\\/sitares-y-musica-de-baile\\\/#breadcrumb\"},\"inLanguage\":\"es\",\"potentialAction\":[{\"@type\":\"ReadAction\",\"target\":[\"https:\\\/\\\/www.lasociedadgeografica.com\\\/blog\\\/cultura\\\/sitares-y-musica-de-baile\\\/\"]}]},{\"@type\":\"BreadcrumbList\",\"@id\":\"https:\\\/\\\/www.lasociedadgeografica.com\\\/blog\\\/cultura\\\/sitares-y-musica-de-baile\\\/#breadcrumb\",\"itemListElement\":[{\"@type\":\"ListItem\",\"position\":1,\"name\":\"Portada\",\"item\":\"https:\\\/\\\/www.lasociedadgeografica.com\\\/blog\\\/\"},{\"@type\":\"ListItem\",\"position\":2,\"name\":\"Sitares y m\u00fasica de baile\"}]},{\"@type\":\"WebSite\",\"@id\":\"https:\\\/\\\/www.lasociedadgeografica.com\\\/blog\\\/#website\",\"url\":\"https:\\\/\\\/www.lasociedadgeografica.com\\\/blog\\\/\",\"name\":\"Blog de viajes a India\",\"description\":\"Un lugar para Conocer India, con may\u00fasculas. El Blog de Sociedad Geogr\u00e1fica de las Indias.\",\"potentialAction\":[{\"@type\":\"SearchAction\",\"target\":{\"@type\":\"EntryPoint\",\"urlTemplate\":\"https:\\\/\\\/www.lasociedadgeografica.com\\\/blog\\\/?s={search_term_string}\"},\"query-input\":{\"@type\":\"PropertyValueSpecification\",\"valueRequired\":true,\"valueName\":\"search_term_string\"}}],\"inLanguage\":\"es\"},{\"@type\":\"Person\",\"@id\":\"https:\\\/\\\/www.lasociedadgeografica.com\\\/blog\\\/#\\\/schema\\\/person\\\/b3f7515b0befa8a16343ebf3bf602f0e\",\"name\":\"Nona Rubio\",\"image\":{\"@type\":\"ImageObject\",\"inLanguage\":\"es\",\"@id\":\"https:\\\/\\\/secure.gravatar.com\\\/avatar\\\/1bf18ee7fde0e9d49eab0aea4940b9c7efe777788dd6cddc8e6c52f980cdf262?s=96&r=g\",\"url\":\"https:\\\/\\\/secure.gravatar.com\\\/avatar\\\/1bf18ee7fde0e9d49eab0aea4940b9c7efe777788dd6cddc8e6c52f980cdf262?s=96&r=g\",\"contentUrl\":\"https:\\\/\\\/secure.gravatar.com\\\/avatar\\\/1bf18ee7fde0e9d49eab0aea4940b9c7efe777788dd6cddc8e6c52f980cdf262?s=96&r=g\",\"caption\":\"Nona Rubio\"},\"description\":\"A Nona no le gusta viajar. Le apasiona viajar. Y tambi\u00e9n contar sus viajes en diferentes formatos. Desde un cuaderno de bit\u00e1cora de una expedici\u00f3n al Himalaya acompa\u00f1ando al alpinista aragon\u00e9s Carlos Pauner hasta los 4.900 metros de altura; a los guiones de su propia serie de viajes \u201cEl Camino m\u00e1s Largo\u201d (GeoPlaneta TV). La primera vez que puso un pie en India supo que repetir\u00eda. Su flechazo con el segundo pa\u00eds m\u00e1s poblado del mundo fue inmediato. Y eso que Nona no es amiga de las multitudes. Pero lo de India es otra historia. Por eso ahora est\u00e1 aqu\u00ed. Para seguir contando historias que hablan de un pa\u00eds inabarcable con el que hay que ser paciente si lo que pretendemos es conocerlo por dentro. + info: nonarubio\",\"sameAs\":[\"http:\\\/\\\/nonarubio.musacomunica.es\\\/\"],\"url\":\"https:\\\/\\\/www.lasociedadgeografica.com\\\/blog\\\/author\\\/nona_rubio\\\/\"}]}<\/script>\n<!-- \/ Yoast SEO plugin. -->","yoast_head_json":{"title":"Sitares y m\u00fasica de baile","robots":{"index":"index","follow":"follow","max-snippet":"max-snippet:-1","max-image-preview":"max-image-preview:large","max-video-preview":"max-video-preview:-1"},"canonical":"https:\/\/www.lasociedadgeografica.com\/blog\/cultura\/sitares-y-musica-de-baile\/","og_locale":"es_ES","og_type":"article","og_title":"Sitares y m\u00fasica de baile","og_description":"La fusi\u00f3n de la m\u00fasica occidental y oriental ha dado grandes frutos. Por ejemplo 'Mathar', el tema compuesto por Volker Kriegel se convirti\u00f3, de la mano de Paul Weller, en uno de los grandes hits de finales de los 90\u2019s","og_url":"https:\/\/www.lasociedadgeografica.com\/blog\/cultura\/sitares-y-musica-de-baile\/","og_site_name":"Blog de viajes a India","article_published_time":"2011-02-21T18:30:15+00:00","article_modified_time":"2017-05-31T07:05:01+00:00","og_image":[{"url":"\/\/www.lasociedadgeografica.com\/blog\/uploads\/2011\/01\/foto-portadas.jpg","type":"","width":"","height":""}],"author":"Nona Rubio","twitter_misc":{"Escrito por":"Nona Rubio","Tiempo de lectura":"3 minutos"},"schema":{"@context":"https:\/\/schema.org","@graph":[{"@type":"Article","@id":"https:\/\/www.lasociedadgeografica.com\/blog\/cultura\/sitares-y-musica-de-baile\/#article","isPartOf":{"@id":"https:\/\/www.lasociedadgeografica.com\/blog\/cultura\/sitares-y-musica-de-baile\/"},"author":{"name":"Nona Rubio","@id":"https:\/\/www.lasociedadgeografica.com\/blog\/#\/schema\/person\/b3f7515b0befa8a16343ebf3bf602f0e"},"headline":"Sitares y m\u00fasica de baile","datePublished":"2011-02-21T18:30:15+00:00","dateModified":"2017-05-31T07:05:01+00:00","mainEntityOfPage":{"@id":"https:\/\/www.lasociedadgeografica.com\/blog\/cultura\/sitares-y-musica-de-baile\/"},"wordCount":563,"commentCount":0,"keywords":["dave pike","indian vibes","mathar","Nona Rubio","paul weller","richard fearless","sitar","volker kriegel"],"articleSection":["Cultura"],"inLanguage":"es","potentialAction":[{"@type":"CommentAction","name":"Comment","target":["https:\/\/www.lasociedadgeografica.com\/blog\/cultura\/sitares-y-musica-de-baile\/#respond"]}]},{"@type":"WebPage","@id":"https:\/\/www.lasociedadgeografica.com\/blog\/cultura\/sitares-y-musica-de-baile\/","url":"https:\/\/www.lasociedadgeografica.com\/blog\/cultura\/sitares-y-musica-de-baile\/","name":"Sitares y m\u00fasica de baile","isPartOf":{"@id":"https:\/\/www.lasociedadgeografica.com\/blog\/#website"},"datePublished":"2011-02-21T18:30:15+00:00","dateModified":"2017-05-31T07:05:01+00:00","author":{"@id":"https:\/\/www.lasociedadgeografica.com\/blog\/#\/schema\/person\/b3f7515b0befa8a16343ebf3bf602f0e"},"breadcrumb":{"@id":"https:\/\/www.lasociedadgeografica.com\/blog\/cultura\/sitares-y-musica-de-baile\/#breadcrumb"},"inLanguage":"es","potentialAction":[{"@type":"ReadAction","target":["https:\/\/www.lasociedadgeografica.com\/blog\/cultura\/sitares-y-musica-de-baile\/"]}]},{"@type":"BreadcrumbList","@id":"https:\/\/www.lasociedadgeografica.com\/blog\/cultura\/sitares-y-musica-de-baile\/#breadcrumb","itemListElement":[{"@type":"ListItem","position":1,"name":"Portada","item":"https:\/\/www.lasociedadgeografica.com\/blog\/"},{"@type":"ListItem","position":2,"name":"Sitares y m\u00fasica de baile"}]},{"@type":"WebSite","@id":"https:\/\/www.lasociedadgeografica.com\/blog\/#website","url":"https:\/\/www.lasociedadgeografica.com\/blog\/","name":"Blog de viajes a India","description":"Un lugar para Conocer India, con may\u00fasculas. El Blog de Sociedad Geogr\u00e1fica de las Indias.","potentialAction":[{"@type":"SearchAction","target":{"@type":"EntryPoint","urlTemplate":"https:\/\/www.lasociedadgeografica.com\/blog\/?s={search_term_string}"},"query-input":{"@type":"PropertyValueSpecification","valueRequired":true,"valueName":"search_term_string"}}],"inLanguage":"es"},{"@type":"Person","@id":"https:\/\/www.lasociedadgeografica.com\/blog\/#\/schema\/person\/b3f7515b0befa8a16343ebf3bf602f0e","name":"Nona Rubio","image":{"@type":"ImageObject","inLanguage":"es","@id":"https:\/\/secure.gravatar.com\/avatar\/1bf18ee7fde0e9d49eab0aea4940b9c7efe777788dd6cddc8e6c52f980cdf262?s=96&r=g","url":"https:\/\/secure.gravatar.com\/avatar\/1bf18ee7fde0e9d49eab0aea4940b9c7efe777788dd6cddc8e6c52f980cdf262?s=96&r=g","contentUrl":"https:\/\/secure.gravatar.com\/avatar\/1bf18ee7fde0e9d49eab0aea4940b9c7efe777788dd6cddc8e6c52f980cdf262?s=96&r=g","caption":"Nona Rubio"},"description":"A Nona no le gusta viajar. Le apasiona viajar. Y tambi\u00e9n contar sus viajes en diferentes formatos. Desde un cuaderno de bit\u00e1cora de una expedici\u00f3n al Himalaya acompa\u00f1ando al alpinista aragon\u00e9s Carlos Pauner hasta los 4.900 metros de altura; a los guiones de su propia serie de viajes \u201cEl Camino m\u00e1s Largo\u201d (GeoPlaneta TV). La primera vez que puso un pie en India supo que repetir\u00eda. Su flechazo con el segundo pa\u00eds m\u00e1s poblado del mundo fue inmediato. Y eso que Nona no es amiga de las multitudes. Pero lo de India es otra historia. Por eso ahora est\u00e1 aqu\u00ed. Para seguir contando historias que hablan de un pa\u00eds inabarcable con el que hay que ser paciente si lo que pretendemos es conocerlo por dentro. + info: nonarubio","sameAs":["http:\/\/nonarubio.musacomunica.es\/"],"url":"https:\/\/www.lasociedadgeografica.com\/blog\/author\/nona_rubio\/"}]}},"_links":{"self":[{"href":"https:\/\/www.lasociedadgeografica.com\/blog\/wp-json\/wp\/v2\/posts\/2296","targetHints":{"allow":["GET"]}}],"collection":[{"href":"https:\/\/www.lasociedadgeografica.com\/blog\/wp-json\/wp\/v2\/posts"}],"about":[{"href":"https:\/\/www.lasociedadgeografica.com\/blog\/wp-json\/wp\/v2\/types\/post"}],"author":[{"embeddable":true,"href":"https:\/\/www.lasociedadgeografica.com\/blog\/wp-json\/wp\/v2\/users\/8"}],"replies":[{"embeddable":true,"href":"https:\/\/www.lasociedadgeografica.com\/blog\/wp-json\/wp\/v2\/comments?post=2296"}],"version-history":[{"count":14,"href":"https:\/\/www.lasociedadgeografica.com\/blog\/wp-json\/wp\/v2\/posts\/2296\/revisions"}],"predecessor-version":[{"id":14976,"href":"https:\/\/www.lasociedadgeografica.com\/blog\/wp-json\/wp\/v2\/posts\/2296\/revisions\/14976"}],"wp:attachment":[{"href":"https:\/\/www.lasociedadgeografica.com\/blog\/wp-json\/wp\/v2\/media?parent=2296"}],"wp:term":[{"taxonomy":"category","embeddable":true,"href":"https:\/\/www.lasociedadgeografica.com\/blog\/wp-json\/wp\/v2\/categories?post=2296"},{"taxonomy":"post_tag","embeddable":true,"href":"https:\/\/www.lasociedadgeografica.com\/blog\/wp-json\/wp\/v2\/tags?post=2296"}],"curies":[{"name":"wp","href":"https:\/\/api.w.org\/{rel}","templated":true}]}}