{"id":2372,"date":"2011-04-18T10:47:11","date_gmt":"2011-04-18T08:47:11","guid":{"rendered":"https:\/\/www.lasociedadgeografica.com\/blog\/?p=2372"},"modified":"2012-02-29T20:45:11","modified_gmt":"2012-02-29T19:45:11","slug":"mahavir-jayanti-la-fiesta-del-jainismo","status":"publish","type":"post","link":"https:\/\/www.lasociedadgeografica.com\/blog\/mitologia-y-religion\/mahavir-jayanti-la-fiesta-del-jainismo\/","title":{"rendered":"Mahavir Jayanti, la fiesta del jainismo"},"content":{"rendered":"\n\n<div class=\"kk-star-ratings kksr-auto kksr-align-left kksr-valign-top\"\n    data-payload='{&quot;align&quot;:&quot;left&quot;,&quot;id&quot;:&quot;2372&quot;,&quot;slug&quot;:&quot;default&quot;,&quot;valign&quot;:&quot;top&quot;,&quot;ignore&quot;:&quot;&quot;,&quot;reference&quot;:&quot;auto&quot;,&quot;class&quot;:&quot;&quot;,&quot;count&quot;:&quot;53&quot;,&quot;legendonly&quot;:&quot;&quot;,&quot;readonly&quot;:&quot;&quot;,&quot;score&quot;:&quot;4.7&quot;,&quot;starsonly&quot;:&quot;&quot;,&quot;best&quot;:&quot;5&quot;,&quot;gap&quot;:&quot;6&quot;,&quot;greet&quot;:&quot;&quot;,&quot;legend&quot;:&quot;4.7\\\/5 - (53 votos)&quot;,&quot;size&quot;:&quot;22&quot;,&quot;title&quot;:&quot;Mahavir Jayanti, la fiesta del jainismo&quot;,&quot;width&quot;:&quot;128.6&quot;,&quot;_legend&quot;:&quot;{score}\\\/{best} - ({count} {votes})&quot;,&quot;font_factor&quot;:&quot;1.25&quot;}'>\n            \n<div class=\"kksr-stars\">\n    \n<div class=\"kksr-stars-inactive\">\n            <div class=\"kksr-star\" data-star=\"1\" style=\"padding-right: 6px\">\n            \n\n<div class=\"kksr-icon\" style=\"width: 22px; height: 22px;\"><\/div>\n        <\/div>\n            <div class=\"kksr-star\" data-star=\"2\" style=\"padding-right: 6px\">\n            \n\n<div class=\"kksr-icon\" style=\"width: 22px; height: 22px;\"><\/div>\n        <\/div>\n            <div class=\"kksr-star\" data-star=\"3\" style=\"padding-right: 6px\">\n            \n\n<div class=\"kksr-icon\" style=\"width: 22px; height: 22px;\"><\/div>\n        <\/div>\n            <div class=\"kksr-star\" data-star=\"4\" style=\"padding-right: 6px\">\n            \n\n<div class=\"kksr-icon\" style=\"width: 22px; height: 22px;\"><\/div>\n        <\/div>\n            <div class=\"kksr-star\" data-star=\"5\" style=\"padding-right: 6px\">\n            \n\n<div class=\"kksr-icon\" style=\"width: 22px; height: 22px;\"><\/div>\n        <\/div>\n    <\/div>\n    \n<div class=\"kksr-stars-active\" style=\"width: 128.6px;\">\n            <div class=\"kksr-star\" style=\"padding-right: 6px\">\n            \n\n<div class=\"kksr-icon\" style=\"width: 22px; height: 22px;\"><\/div>\n        <\/div>\n            <div class=\"kksr-star\" style=\"padding-right: 6px\">\n            \n\n<div class=\"kksr-icon\" style=\"width: 22px; height: 22px;\"><\/div>\n        <\/div>\n            <div class=\"kksr-star\" style=\"padding-right: 6px\">\n            \n\n<div class=\"kksr-icon\" style=\"width: 22px; height: 22px;\"><\/div>\n        <\/div>\n            <div class=\"kksr-star\" style=\"padding-right: 6px\">\n            \n\n<div class=\"kksr-icon\" style=\"width: 22px; height: 22px;\"><\/div>\n        <\/div>\n            <div class=\"kksr-star\" style=\"padding-right: 6px\">\n            \n\n<div class=\"kksr-icon\" style=\"width: 22px; height: 22px;\"><\/div>\n        <\/div>\n    <\/div>\n<\/div>\n                \n\n<div class=\"kksr-legend\" style=\"font-size: 17.6px;\">\n            4.7\/5 - (53 votos)    <\/div>\n    <\/div>\n<p>Para los <a href=\"https:\/\/www.lasociedadgeografica.com\/blog\/mitologia-y-religion\/introduccion-al-jainismo\/\">jainistas<\/a>, Mahavir Jayanti es la fiesta m\u00e1s importante del a\u00f1o.<\/p>\n<p><img loading=\"lazy\" decoding=\"async\" class=\"alignleft size-medium wp-image-2374\" style=\"margin-right: 5px;\" title=\"mahavira\" src=\"\/\/www.lasociedadgeografica.com\/blog\/uploads\/2011\/02\/mahavira-213x300.jpg\" alt=\"mahavira\" width=\"148\" height=\"209\" srcset=\"https:\/\/www.lasociedadgeografica.com\/blog\/uploads\/2011\/02\/mahavira-213x300.jpg 213w, https:\/\/www.lasociedadgeografica.com\/blog\/uploads\/2011\/02\/mahavira.jpg 309w\" sizes=\"auto, (max-width: 148px) 100vw, 148px\" \/><strong>Celebra el nacimiento de <a href=\"http:\/\/es.wikipedia.org\/wiki\/Mahavira\">Mahavira<\/a><\/strong>, considerado el 24\u00ba y \u00faltimo <a href=\"http:\/\/en.wikipedia.org\/wiki\/Tirthankara\">Tirthankara<\/a> (esto es, para el jainismo, una persona santa que encuentra el conocimiento perfecto y la iluminaci\u00f3n y adquiere el rol de gu\u00eda espiritual).<\/p>\n<p>Dice la tradici\u00f3n que Mahavira naci\u00f3 a las 4:00 de la madrugada del d\u00eda 13 despu\u00e9s de la luna nueva del mes hind\u00fa de chaitra (marzo-abril), aunque el a\u00f1o se discute de acuerdo con cada tradici\u00f3n. Seg\u00fan nuestro calendario gregoriano, se celebra con la luna llena entre finales de marzo y abril.<strong><\/strong><\/p>\n<p><strong>Pr\u00f3ximos Mahavira Jayanti:<\/strong><br \/>\n&#8211;\u00a0\u00a0 \u00a02011: 18 de abril<br \/>\n&#8211;\u00a0\u00a0 \u00a02012:\u00a0 6 de abril<br \/>\n&#8211;\u00a0\u00a0 \u00a02013: 23 de abril<\/p>\n<p>Mahavira fue contempor\u00e1neo de <a href=\"https:\/\/www.lasociedadgeografica.com\/blog\/mitologia-y-religion\/introduccion-al-budismo\/\">Buda Gautama<\/a> y, como \u00e9l, destac\u00f3 por sus ense\u00f1anzas espirituales que llegaron a fundar una religi\u00f3n. Ambos siguieron un camino parecido, abandonando sus riquezas y posesiones para dedicarse a la meditaci\u00f3n y a vivir como ascetas.<\/p>\n<p>En el d\u00eda de Mahavir Jayanti, los templos jainistas son decorados con banderas y ofrendas. Puede verse especialmente en los dos estados con m\u00e1s seguidores jainistas de India: Gujarat y Rajast\u00e1n. La ceremonia dice que el \u00eddolo de Mahavira de cada templo debe ser ba\u00f1ado en agua sagrada por la ma\u00f1ana y luego presentado en una cuna y paseado por los alrededores. Los devotos ofrecen alimentos, incienso, agua o flores en la procesi\u00f3n. Se leen distintos pasajes de las escrituras sagradas jainistas, para predicar la virtud.<\/p>\n<p>Los jainistas conforman en torno a un 0,5% de la poblaci\u00f3n india, lo que significa cerca de 5 millones de personas.<br \/>\nDestaca por ser una religi\u00f3n no-te\u00edsta, lo que significa que no aceptan los vedas hind\u00faes como verdad, aunque se suele traducir como que no creen en un dios.<br \/>\nSu concepci\u00f3n del mundo y el universo es la de algo eterno, inalcanzable a nuestra comprensi\u00f3n. Toda la realidad es \u201cdivina\u201d, cualquier fen\u00f3meno natural, cualquier animal, insecto o planta son dignos de devoci\u00f3n. Para un jainista es pecado causar da\u00f1o a un ser vivo o a la naturaleza. Son vegetarianos estrictos y fieles defensores de la no violencia; tambi\u00e9n buscan un constante desapego por lo material, como forma de descargar su alma en futuras reencarnaciones.<br \/>\nHay dos movimientos jainistas principales, los Svetambaras siempre llevan ropas ligeras y blancas y los Digambaras, que suelen ir desnudos o semi desnudos.<br \/>\n&gt; Para m\u00e1s informaci\u00f3n: <a href=\"https:\/\/www.lasociedadgeografica.com\/blog\/mitologia-y-religion\/introduccion-al-jainismo\/\">Introducci\u00f3n al jainismo<\/a>.<\/p>\n<p><span style=\"color: #808080;\"><em>&#8212;<br \/>\n<strong>Sobre el autor:<\/strong> <\/em><\/span><a href=\"https:\/\/www.lasociedadgeografica.com\/blog\/author\/david\/\"><span style=\"color: #808080;\"><em><strong><img loading=\"lazy\" decoding=\"async\" class=\"alignleft\" style=\"border: 0pt none; margin-right: 5px;\" title=\"David Mart\u00edn\" src=\"https:\/\/www.lasociedadgeografica.com\/blog\/wp-content\/authors\/david-4.jpg\" alt=\"David\" width=\"57\" height=\"71\" \/><\/strong><\/em><\/span><\/a><span style=\"color: #808080;\"><em><a href=\"https:\/\/www.lasociedadgeografica.com\/blog\/author\/david\/\">David Mart\u00edn<\/a> es colaborador de Sociedad Geogr\u00e1fica de las Indias. Fascinado por India, sus gentes y su diversidad, David colabora con Sociedad Geogr\u00e1fica de las Indias desde 2008, haci\u00e9ndolo compatible con su trabajo en organizaciones como Unicef o Amnist\u00eda Internacional. Con nosotros ha dirigido la estrategia de comunicaci\u00f3n y redes sociales hasta 2011 y actualmente colabora aportando una visi\u00f3n humana, transformadora y comprometida, asegurando que un viaje exclusivo y de alta calidad sea compatible con una experiencia enfocada al descubrimiento y el respeto por las personas y las costumbres locales. Para m\u00e1s informaci\u00f3n: [<a href=\"https:\/\/www.lasociedadgeografica.com\/blog\/aboutsgi\/\">Qui\u00e9nes somos<\/a>]<br \/>\n<\/em><\/span><\/p>\n","protected":false},"excerpt":{"rendered":"<p>Para los jainistas, Mahavir Jayanti es la fiesta m\u00e1s importante del a\u00f1o. Celebra el nacimiento de Mahavira, considerado el \u00abfundador\u00bb de esta religi\u00f3n que promueve la no violencia el respeto a todos los seres vivos&#8230;<\/p>\n","protected":false},"author":2,"featured_media":0,"comment_status":"open","ping_status":"open","sticky":false,"template":"","format":"standard","meta":{"footnotes":""},"categories":[143,10],"tags":[130,555,212,312,121,697,127,105,57,211],"class_list":["post-2372","post","type-post","status-publish","format-standard","hentry","category-festividades","category-mitologia-y-religion","tag-buda","tag-david-martin","tag-digambaras","tag-gujarat","tag-jainismo","tag-mahavir-jayanti","tag-mahavira","tag-rajastan","tag-religion","tag-svetambaras"],"yoast_head":"<!-- This site is optimized with the Yoast SEO plugin v27.4 - https:\/\/yoast.com\/product\/yoast-seo-wordpress\/ -->\n<title>Mahavir Jayanti, la fiesta del jainismo<\/title>\n<meta name=\"robots\" content=\"index, follow, max-snippet:-1, max-image-preview:large, max-video-preview:-1\" \/>\n<link rel=\"canonical\" href=\"https:\/\/www.lasociedadgeografica.com\/blog\/mitologia-y-religion\/mahavir-jayanti-la-fiesta-del-jainismo\/\" \/>\n<meta property=\"og:locale\" content=\"es_ES\" \/>\n<meta property=\"og:type\" content=\"article\" \/>\n<meta property=\"og:title\" content=\"Mahavir Jayanti, la fiesta del jainismo\" \/>\n<meta property=\"og:description\" content=\"Para los jainistas, Mahavir Jayanti es la fiesta m\u00e1s importante del a\u00f1o. Celebra el nacimiento de Mahavira, considerado el &quot;fundador&quot; de esta religi\u00f3n que promueve la no violencia el respeto a todos los seres vivos...\" \/>\n<meta property=\"og:url\" content=\"https:\/\/www.lasociedadgeografica.com\/blog\/mitologia-y-religion\/mahavir-jayanti-la-fiesta-del-jainismo\/\" \/>\n<meta property=\"og:site_name\" content=\"Blog de viajes a India\" \/>\n<meta property=\"article:published_time\" content=\"2011-04-18T08:47:11+00:00\" \/>\n<meta property=\"article:modified_time\" content=\"2012-02-29T19:45:11+00:00\" \/>\n<meta property=\"og:image\" content=\"\/\/www.lasociedadgeografica.com\/blog\/uploads\/2011\/02\/mahavira-213x300.jpg\" \/>\n<meta name=\"author\" content=\"David Mart\u00edn\" \/>\n<meta name=\"twitter:label1\" content=\"Escrito por\" \/>\n\t<meta name=\"twitter:data1\" content=\"David Mart\u00edn\" \/>\n\t<meta name=\"twitter:label2\" content=\"Tiempo de lectura\" \/>\n\t<meta name=\"twitter:data2\" content=\"3 minutos\" \/>\n<script type=\"application\/ld+json\" class=\"yoast-schema-graph\">{\"@context\":\"https:\\\/\\\/schema.org\",\"@graph\":[{\"@type\":\"Article\",\"@id\":\"https:\\\/\\\/www.lasociedadgeografica.com\\\/blog\\\/mitologia-y-religion\\\/mahavir-jayanti-la-fiesta-del-jainismo\\\/#article\",\"isPartOf\":{\"@id\":\"https:\\\/\\\/www.lasociedadgeografica.com\\\/blog\\\/mitologia-y-religion\\\/mahavir-jayanti-la-fiesta-del-jainismo\\\/\"},\"author\":{\"name\":\"David Mart\u00edn\",\"@id\":\"https:\\\/\\\/www.lasociedadgeografica.com\\\/blog\\\/#\\\/schema\\\/person\\\/c3fd06f3625d716f030fd9f382a82c53\"},\"headline\":\"Mahavir Jayanti, la fiesta del jainismo\",\"datePublished\":\"2011-04-18T08:47:11+00:00\",\"dateModified\":\"2012-02-29T19:45:11+00:00\",\"mainEntityOfPage\":{\"@id\":\"https:\\\/\\\/www.lasociedadgeografica.com\\\/blog\\\/mitologia-y-religion\\\/mahavir-jayanti-la-fiesta-del-jainismo\\\/\"},\"wordCount\":532,\"commentCount\":2,\"image\":{\"@id\":\"https:\\\/\\\/www.lasociedadgeografica.com\\\/blog\\\/mitologia-y-religion\\\/mahavir-jayanti-la-fiesta-del-jainismo\\\/#primaryimage\"},\"thumbnailUrl\":\"https:\\\/\\\/www.lasociedadgeografica.com\\\/blog\\\/wp-content\\\/authors\\\/david-4.jpg\",\"keywords\":[\"Buda\",\"David Mart\u00edn\",\"Digambaras\",\"gujarat\",\"jainismo\",\"mahavir jayanti\",\"Mahavira\",\"rajast\u00e1n\",\"religi\u00f3n\",\"Svetambaras\"],\"articleSection\":[\"Festividades\",\"Mitolog\u00eda y religi\u00f3n\"],\"inLanguage\":\"es\",\"potentialAction\":[{\"@type\":\"CommentAction\",\"name\":\"Comment\",\"target\":[\"https:\\\/\\\/www.lasociedadgeografica.com\\\/blog\\\/mitologia-y-religion\\\/mahavir-jayanti-la-fiesta-del-jainismo\\\/#respond\"]}]},{\"@type\":\"WebPage\",\"@id\":\"https:\\\/\\\/www.lasociedadgeografica.com\\\/blog\\\/mitologia-y-religion\\\/mahavir-jayanti-la-fiesta-del-jainismo\\\/\",\"url\":\"https:\\\/\\\/www.lasociedadgeografica.com\\\/blog\\\/mitologia-y-religion\\\/mahavir-jayanti-la-fiesta-del-jainismo\\\/\",\"name\":\"Mahavir Jayanti, la fiesta del jainismo\",\"isPartOf\":{\"@id\":\"https:\\\/\\\/www.lasociedadgeografica.com\\\/blog\\\/#website\"},\"primaryImageOfPage\":{\"@id\":\"https:\\\/\\\/www.lasociedadgeografica.com\\\/blog\\\/mitologia-y-religion\\\/mahavir-jayanti-la-fiesta-del-jainismo\\\/#primaryimage\"},\"image\":{\"@id\":\"https:\\\/\\\/www.lasociedadgeografica.com\\\/blog\\\/mitologia-y-religion\\\/mahavir-jayanti-la-fiesta-del-jainismo\\\/#primaryimage\"},\"thumbnailUrl\":\"https:\\\/\\\/www.lasociedadgeografica.com\\\/blog\\\/wp-content\\\/authors\\\/david-4.jpg\",\"datePublished\":\"2011-04-18T08:47:11+00:00\",\"dateModified\":\"2012-02-29T19:45:11+00:00\",\"author\":{\"@id\":\"https:\\\/\\\/www.lasociedadgeografica.com\\\/blog\\\/#\\\/schema\\\/person\\\/c3fd06f3625d716f030fd9f382a82c53\"},\"breadcrumb\":{\"@id\":\"https:\\\/\\\/www.lasociedadgeografica.com\\\/blog\\\/mitologia-y-religion\\\/mahavir-jayanti-la-fiesta-del-jainismo\\\/#breadcrumb\"},\"inLanguage\":\"es\",\"potentialAction\":[{\"@type\":\"ReadAction\",\"target\":[\"https:\\\/\\\/www.lasociedadgeografica.com\\\/blog\\\/mitologia-y-religion\\\/mahavir-jayanti-la-fiesta-del-jainismo\\\/\"]}]},{\"@type\":\"ImageObject\",\"inLanguage\":\"es\",\"@id\":\"https:\\\/\\\/www.lasociedadgeografica.com\\\/blog\\\/mitologia-y-religion\\\/mahavir-jayanti-la-fiesta-del-jainismo\\\/#primaryimage\",\"url\":\"https:\\\/\\\/www.lasociedadgeografica.com\\\/blog\\\/wp-content\\\/authors\\\/david-4.jpg\",\"contentUrl\":\"https:\\\/\\\/www.lasociedadgeografica.com\\\/blog\\\/wp-content\\\/authors\\\/david-4.jpg\"},{\"@type\":\"BreadcrumbList\",\"@id\":\"https:\\\/\\\/www.lasociedadgeografica.com\\\/blog\\\/mitologia-y-religion\\\/mahavir-jayanti-la-fiesta-del-jainismo\\\/#breadcrumb\",\"itemListElement\":[{\"@type\":\"ListItem\",\"position\":1,\"name\":\"Portada\",\"item\":\"https:\\\/\\\/www.lasociedadgeografica.com\\\/blog\\\/\"},{\"@type\":\"ListItem\",\"position\":2,\"name\":\"Mahavir Jayanti, la fiesta del jainismo\"}]},{\"@type\":\"WebSite\",\"@id\":\"https:\\\/\\\/www.lasociedadgeografica.com\\\/blog\\\/#website\",\"url\":\"https:\\\/\\\/www.lasociedadgeografica.com\\\/blog\\\/\",\"name\":\"Blog de viajes a India\",\"description\":\"Un lugar para Conocer India, con may\u00fasculas. El Blog de Sociedad Geogr\u00e1fica de las Indias.\",\"potentialAction\":[{\"@type\":\"SearchAction\",\"target\":{\"@type\":\"EntryPoint\",\"urlTemplate\":\"https:\\\/\\\/www.lasociedadgeografica.com\\\/blog\\\/?s={search_term_string}\"},\"query-input\":{\"@type\":\"PropertyValueSpecification\",\"valueRequired\":true,\"valueName\":\"search_term_string\"}}],\"inLanguage\":\"es\"},{\"@type\":\"Person\",\"@id\":\"https:\\\/\\\/www.lasociedadgeografica.com\\\/blog\\\/#\\\/schema\\\/person\\\/c3fd06f3625d716f030fd9f382a82c53\",\"name\":\"David Mart\u00edn\",\"image\":{\"@type\":\"ImageObject\",\"inLanguage\":\"es\",\"@id\":\"https:\\\/\\\/secure.gravatar.com\\\/avatar\\\/?s=96&r=g\",\"url\":\"https:\\\/\\\/secure.gravatar.com\\\/avatar\\\/?s=96&r=g\",\"contentUrl\":\"https:\\\/\\\/secure.gravatar.com\\\/avatar\\\/?s=96&r=g\",\"caption\":\"David Mart\u00edn\"},\"description\":\"Fascinado por India, sus gentes y su diversidad, David colabora con Sociedad Geogr\u00e1fica de las Indias desde 2008, haci\u00e9ndolo compatible con su trabajo en organizaciones como Unicef o Amnist\u00eda Internacional. Con nosotros ha dirigido la estrategia de comunicaci\u00f3n y redes sociales hasta 2011 y actualmente colabora aportando una visi\u00f3n humana, transformadora y comprometida, asegurando que un viaje exclusivo y de alta calidad sea compatible con una experiencia enfocada al descubrimiento y el respeto por las personas y las costumbres locales\",\"sameAs\":[\"https:\\\/\\\/www.lasociedadgeografica.com\\\/blog\\\/\"],\"url\":\"https:\\\/\\\/www.lasociedadgeografica.com\\\/blog\\\/author\\\/david\\\/\"}]}<\/script>\n<!-- \/ Yoast SEO plugin. -->","yoast_head_json":{"title":"Mahavir Jayanti, la fiesta del jainismo","robots":{"index":"index","follow":"follow","max-snippet":"max-snippet:-1","max-image-preview":"max-image-preview:large","max-video-preview":"max-video-preview:-1"},"canonical":"https:\/\/www.lasociedadgeografica.com\/blog\/mitologia-y-religion\/mahavir-jayanti-la-fiesta-del-jainismo\/","og_locale":"es_ES","og_type":"article","og_title":"Mahavir Jayanti, la fiesta del jainismo","og_description":"Para los jainistas, Mahavir Jayanti es la fiesta m\u00e1s importante del a\u00f1o. Celebra el nacimiento de Mahavira, considerado el \"fundador\" de esta religi\u00f3n que promueve la no violencia el respeto a todos los seres vivos...","og_url":"https:\/\/www.lasociedadgeografica.com\/blog\/mitologia-y-religion\/mahavir-jayanti-la-fiesta-del-jainismo\/","og_site_name":"Blog de viajes a India","article_published_time":"2011-04-18T08:47:11+00:00","article_modified_time":"2012-02-29T19:45:11+00:00","og_image":[{"url":"\/\/www.lasociedadgeografica.com\/blog\/uploads\/2011\/02\/mahavira-213x300.jpg","type":"","width":"","height":""}],"author":"David Mart\u00edn","twitter_misc":{"Escrito por":"David Mart\u00edn","Tiempo de lectura":"3 minutos"},"schema":{"@context":"https:\/\/schema.org","@graph":[{"@type":"Article","@id":"https:\/\/www.lasociedadgeografica.com\/blog\/mitologia-y-religion\/mahavir-jayanti-la-fiesta-del-jainismo\/#article","isPartOf":{"@id":"https:\/\/www.lasociedadgeografica.com\/blog\/mitologia-y-religion\/mahavir-jayanti-la-fiesta-del-jainismo\/"},"author":{"name":"David Mart\u00edn","@id":"https:\/\/www.lasociedadgeografica.com\/blog\/#\/schema\/person\/c3fd06f3625d716f030fd9f382a82c53"},"headline":"Mahavir Jayanti, la fiesta del jainismo","datePublished":"2011-04-18T08:47:11+00:00","dateModified":"2012-02-29T19:45:11+00:00","mainEntityOfPage":{"@id":"https:\/\/www.lasociedadgeografica.com\/blog\/mitologia-y-religion\/mahavir-jayanti-la-fiesta-del-jainismo\/"},"wordCount":532,"commentCount":2,"image":{"@id":"https:\/\/www.lasociedadgeografica.com\/blog\/mitologia-y-religion\/mahavir-jayanti-la-fiesta-del-jainismo\/#primaryimage"},"thumbnailUrl":"https:\/\/www.lasociedadgeografica.com\/blog\/wp-content\/authors\/david-4.jpg","keywords":["Buda","David Mart\u00edn","Digambaras","gujarat","jainismo","mahavir jayanti","Mahavira","rajast\u00e1n","religi\u00f3n","Svetambaras"],"articleSection":["Festividades","Mitolog\u00eda y religi\u00f3n"],"inLanguage":"es","potentialAction":[{"@type":"CommentAction","name":"Comment","target":["https:\/\/www.lasociedadgeografica.com\/blog\/mitologia-y-religion\/mahavir-jayanti-la-fiesta-del-jainismo\/#respond"]}]},{"@type":"WebPage","@id":"https:\/\/www.lasociedadgeografica.com\/blog\/mitologia-y-religion\/mahavir-jayanti-la-fiesta-del-jainismo\/","url":"https:\/\/www.lasociedadgeografica.com\/blog\/mitologia-y-religion\/mahavir-jayanti-la-fiesta-del-jainismo\/","name":"Mahavir Jayanti, la fiesta del jainismo","isPartOf":{"@id":"https:\/\/www.lasociedadgeografica.com\/blog\/#website"},"primaryImageOfPage":{"@id":"https:\/\/www.lasociedadgeografica.com\/blog\/mitologia-y-religion\/mahavir-jayanti-la-fiesta-del-jainismo\/#primaryimage"},"image":{"@id":"https:\/\/www.lasociedadgeografica.com\/blog\/mitologia-y-religion\/mahavir-jayanti-la-fiesta-del-jainismo\/#primaryimage"},"thumbnailUrl":"https:\/\/www.lasociedadgeografica.com\/blog\/wp-content\/authors\/david-4.jpg","datePublished":"2011-04-18T08:47:11+00:00","dateModified":"2012-02-29T19:45:11+00:00","author":{"@id":"https:\/\/www.lasociedadgeografica.com\/blog\/#\/schema\/person\/c3fd06f3625d716f030fd9f382a82c53"},"breadcrumb":{"@id":"https:\/\/www.lasociedadgeografica.com\/blog\/mitologia-y-religion\/mahavir-jayanti-la-fiesta-del-jainismo\/#breadcrumb"},"inLanguage":"es","potentialAction":[{"@type":"ReadAction","target":["https:\/\/www.lasociedadgeografica.com\/blog\/mitologia-y-religion\/mahavir-jayanti-la-fiesta-del-jainismo\/"]}]},{"@type":"ImageObject","inLanguage":"es","@id":"https:\/\/www.lasociedadgeografica.com\/blog\/mitologia-y-religion\/mahavir-jayanti-la-fiesta-del-jainismo\/#primaryimage","url":"https:\/\/www.lasociedadgeografica.com\/blog\/wp-content\/authors\/david-4.jpg","contentUrl":"https:\/\/www.lasociedadgeografica.com\/blog\/wp-content\/authors\/david-4.jpg"},{"@type":"BreadcrumbList","@id":"https:\/\/www.lasociedadgeografica.com\/blog\/mitologia-y-religion\/mahavir-jayanti-la-fiesta-del-jainismo\/#breadcrumb","itemListElement":[{"@type":"ListItem","position":1,"name":"Portada","item":"https:\/\/www.lasociedadgeografica.com\/blog\/"},{"@type":"ListItem","position":2,"name":"Mahavir Jayanti, la fiesta del jainismo"}]},{"@type":"WebSite","@id":"https:\/\/www.lasociedadgeografica.com\/blog\/#website","url":"https:\/\/www.lasociedadgeografica.com\/blog\/","name":"Blog de viajes a India","description":"Un lugar para Conocer India, con may\u00fasculas. El Blog de Sociedad Geogr\u00e1fica de las Indias.","potentialAction":[{"@type":"SearchAction","target":{"@type":"EntryPoint","urlTemplate":"https:\/\/www.lasociedadgeografica.com\/blog\/?s={search_term_string}"},"query-input":{"@type":"PropertyValueSpecification","valueRequired":true,"valueName":"search_term_string"}}],"inLanguage":"es"},{"@type":"Person","@id":"https:\/\/www.lasociedadgeografica.com\/blog\/#\/schema\/person\/c3fd06f3625d716f030fd9f382a82c53","name":"David Mart\u00edn","image":{"@type":"ImageObject","inLanguage":"es","@id":"https:\/\/secure.gravatar.com\/avatar\/?s=96&r=g","url":"https:\/\/secure.gravatar.com\/avatar\/?s=96&r=g","contentUrl":"https:\/\/secure.gravatar.com\/avatar\/?s=96&r=g","caption":"David Mart\u00edn"},"description":"Fascinado por India, sus gentes y su diversidad, David colabora con Sociedad Geogr\u00e1fica de las Indias desde 2008, haci\u00e9ndolo compatible con su trabajo en organizaciones como Unicef o Amnist\u00eda Internacional. Con nosotros ha dirigido la estrategia de comunicaci\u00f3n y redes sociales hasta 2011 y actualmente colabora aportando una visi\u00f3n humana, transformadora y comprometida, asegurando que un viaje exclusivo y de alta calidad sea compatible con una experiencia enfocada al descubrimiento y el respeto por las personas y las costumbres locales","sameAs":["https:\/\/www.lasociedadgeografica.com\/blog\/"],"url":"https:\/\/www.lasociedadgeografica.com\/blog\/author\/david\/"}]}},"_links":{"self":[{"href":"https:\/\/www.lasociedadgeografica.com\/blog\/wp-json\/wp\/v2\/posts\/2372","targetHints":{"allow":["GET"]}}],"collection":[{"href":"https:\/\/www.lasociedadgeografica.com\/blog\/wp-json\/wp\/v2\/posts"}],"about":[{"href":"https:\/\/www.lasociedadgeografica.com\/blog\/wp-json\/wp\/v2\/types\/post"}],"author":[{"embeddable":true,"href":"https:\/\/www.lasociedadgeografica.com\/blog\/wp-json\/wp\/v2\/users\/2"}],"replies":[{"embeddable":true,"href":"https:\/\/www.lasociedadgeografica.com\/blog\/wp-json\/wp\/v2\/comments?post=2372"}],"version-history":[{"count":14,"href":"https:\/\/www.lasociedadgeografica.com\/blog\/wp-json\/wp\/v2\/posts\/2372\/revisions"}],"predecessor-version":[{"id":2651,"href":"https:\/\/www.lasociedadgeografica.com\/blog\/wp-json\/wp\/v2\/posts\/2372\/revisions\/2651"}],"wp:attachment":[{"href":"https:\/\/www.lasociedadgeografica.com\/blog\/wp-json\/wp\/v2\/media?parent=2372"}],"wp:term":[{"taxonomy":"category","embeddable":true,"href":"https:\/\/www.lasociedadgeografica.com\/blog\/wp-json\/wp\/v2\/categories?post=2372"},{"taxonomy":"post_tag","embeddable":true,"href":"https:\/\/www.lasociedadgeografica.com\/blog\/wp-json\/wp\/v2\/tags?post=2372"}],"curies":[{"name":"wp","href":"https:\/\/api.w.org\/{rel}","templated":true}]}}