{"id":2477,"date":"2011-03-18T16:05:47","date_gmt":"2011-03-18T15:05:47","guid":{"rendered":"https:\/\/www.lasociedadgeografica.com\/blog\/?p=2477"},"modified":"2017-07-05T13:02:39","modified_gmt":"2017-07-05T11:02:39","slug":"festival-holi-india-fuego-color-sociedad-geografica-de-las-indias","status":"publish","type":"post","link":"https:\/\/www.lasociedadgeografica.com\/blog\/festividades\/festival-holi-india-fuego-color-sociedad-geografica-de-las-indias\/","title":{"rendered":"Llega el festival Holi: fuego y color"},"content":{"rendered":"\n\n<div class=\"kk-star-ratings kksr-auto kksr-align-left kksr-valign-top\"\n    data-payload='{&quot;align&quot;:&quot;left&quot;,&quot;id&quot;:&quot;2477&quot;,&quot;slug&quot;:&quot;default&quot;,&quot;valign&quot;:&quot;top&quot;,&quot;ignore&quot;:&quot;&quot;,&quot;reference&quot;:&quot;auto&quot;,&quot;class&quot;:&quot;&quot;,&quot;count&quot;:&quot;2&quot;,&quot;legendonly&quot;:&quot;&quot;,&quot;readonly&quot;:&quot;&quot;,&quot;score&quot;:&quot;5&quot;,&quot;starsonly&quot;:&quot;&quot;,&quot;best&quot;:&quot;5&quot;,&quot;gap&quot;:&quot;6&quot;,&quot;greet&quot;:&quot;&quot;,&quot;legend&quot;:&quot;5\\\/5 - (2 votos)&quot;,&quot;size&quot;:&quot;22&quot;,&quot;title&quot;:&quot;Llega el festival Holi: fuego y color&quot;,&quot;width&quot;:&quot;137&quot;,&quot;_legend&quot;:&quot;{score}\\\/{best} - ({count} {votes})&quot;,&quot;font_factor&quot;:&quot;1.25&quot;}'>\n            \n<div class=\"kksr-stars\">\n    \n<div class=\"kksr-stars-inactive\">\n            <div class=\"kksr-star\" data-star=\"1\" style=\"padding-right: 6px\">\n            \n\n<div class=\"kksr-icon\" style=\"width: 22px; height: 22px;\"><\/div>\n        <\/div>\n            <div class=\"kksr-star\" data-star=\"2\" style=\"padding-right: 6px\">\n            \n\n<div class=\"kksr-icon\" style=\"width: 22px; height: 22px;\"><\/div>\n        <\/div>\n            <div class=\"kksr-star\" data-star=\"3\" style=\"padding-right: 6px\">\n            \n\n<div class=\"kksr-icon\" style=\"width: 22px; height: 22px;\"><\/div>\n        <\/div>\n            <div class=\"kksr-star\" data-star=\"4\" style=\"padding-right: 6px\">\n            \n\n<div class=\"kksr-icon\" style=\"width: 22px; height: 22px;\"><\/div>\n        <\/div>\n            <div class=\"kksr-star\" data-star=\"5\" style=\"padding-right: 6px\">\n            \n\n<div class=\"kksr-icon\" style=\"width: 22px; height: 22px;\"><\/div>\n        <\/div>\n    <\/div>\n    \n<div class=\"kksr-stars-active\" style=\"width: 137px;\">\n            <div class=\"kksr-star\" style=\"padding-right: 6px\">\n            \n\n<div class=\"kksr-icon\" style=\"width: 22px; height: 22px;\"><\/div>\n        <\/div>\n            <div class=\"kksr-star\" style=\"padding-right: 6px\">\n            \n\n<div class=\"kksr-icon\" style=\"width: 22px; height: 22px;\"><\/div>\n        <\/div>\n            <div class=\"kksr-star\" style=\"padding-right: 6px\">\n            \n\n<div class=\"kksr-icon\" style=\"width: 22px; height: 22px;\"><\/div>\n        <\/div>\n            <div class=\"kksr-star\" style=\"padding-right: 6px\">\n            \n\n<div class=\"kksr-icon\" style=\"width: 22px; height: 22px;\"><\/div>\n        <\/div>\n            <div class=\"kksr-star\" style=\"padding-right: 6px\">\n            \n\n<div class=\"kksr-icon\" style=\"width: 22px; height: 22px;\"><\/div>\n        <\/div>\n    <\/div>\n<\/div>\n                \n\n<div class=\"kksr-legend\" style=\"font-size: 17.6px;\">\n            5\/5 - (2 votos)    <\/div>\n    <\/div>\n<h4><strong>Festival Holi, uno de los festivales m\u00e1s impactantes de India, se celebra coincidiendo con la luna llena que anuncia el inicio de la primavera.\u00a0<\/strong><\/h4>\n<div id=\"attachment_8993\" class=\"wp-caption aligncenter\" style=\"width: 728px\"><a href=\"\/\/www.lasociedadgeografica.com\/blog\/uploads\/2011\/03\/c-Gulfu-Photography.jpg\" target=\"_blank\" rel=\"noopener noreferrer\"><img loading=\"lazy\" decoding=\"async\" class=\"Festival HOLI wp-image-8993 size-large\" title=\"Festival HOLI\" src=\"\/\/www.lasociedadgeografica.com\/blog\/uploads\/2011\/03\/c-Gulfu-Photography-1024x683.jpg\" alt=\"Festival HOLI\" width=\"728\" height=\"486\" srcset=\"https:\/\/www.lasociedadgeografica.com\/blog\/uploads\/2011\/03\/c-Gulfu-Photography-1024x683.jpg 1024w, https:\/\/www.lasociedadgeografica.com\/blog\/uploads\/2011\/03\/c-Gulfu-Photography-300x200.jpg 300w, https:\/\/www.lasociedadgeografica.com\/blog\/uploads\/2011\/03\/c-Gulfu-Photography-728x485.jpg 728w, https:\/\/www.lasociedadgeografica.com\/blog\/uploads\/2011\/03\/c-Gulfu-Photography-363x242.jpg 363w, https:\/\/www.lasociedadgeografica.com\/blog\/uploads\/2011\/03\/c-Gulfu-Photography-462x308.jpg 462w, https:\/\/www.lasociedadgeografica.com\/blog\/uploads\/2011\/03\/c-Gulfu-Photography.jpg 2048w\" sizes=\"auto, (max-width: 728px) 100vw, 728px\" \/><\/a><p class=\"wp-caption-text\">\u00a9 Gulfu Photography<\/p><\/div>\n<p>Festival Holi, conocido originalmente como <em>Holika<\/em>, es una fiesta religiosa celebrada por <a href=\"https:\/\/www.lasociedadgeografica.com\/blog\/mitologia-y-religion\/introduccion-hinduismo-principales-creencias-y-valores\/\">hind\u00faes<\/a> y <a href=\"https:\/\/www.lasociedadgeografica.com\/blog\/mitologia-y-religion\/introduccion-sikhismo-sijismo-10-gurus\/\">sijs<\/a>. En India se celebra a lo largo y ancho del pa\u00eds, aunque el nombre y los ritos que acompa\u00f1an a la fiesta var\u00edan de un estado a otro.<\/p>\n<p>Una de las celebraciones m\u00e1s populares y extensas es la de la regi\u00f3n de Braj, donde la fiesta de Holi llega a durar diecis\u00e9is jornadas frente a las tres de rigor. <a href=\"http:\/\/maps.google.es\/maps?f=q&amp;source=s_q&amp;hl=es&amp;geocode=&amp;q=india+mathura&amp;aq=&amp;sll=27.511316,77.729645&amp;sspn=0.292928,0.837021&amp;ie=UTF8&amp;hq=&amp;hnear=Mathur%C4%81,+Mathura,+Uttar+Pradesh,+India&amp;ll=27.524105,77.67746&amp;spn=0.616234,1.674042&amp;z=10\">Mathura<\/a> y <a href=\"http:\/\/maps.google.es\/maps?f=q&amp;source=s_q&amp;hl=es&amp;geocode=&amp;q=india+Barsana+&amp;aq=&amp;sll=27.524105,77.67746&amp;sspn=0.616234,1.674042&amp;ie=UTF8&amp;hq=&amp;hnear=Barsana,+Uttar+Pradesh,+India&amp;ll=27.591066,77.305298&amp;spn=1.231703,3.348083&amp;z=9\">Barsana<\/a> son dos de los lugares en los que la fiesta alcanza las mayores cotas de entusiasmo.<\/p>\n<div id=\"attachment_8994\" class=\"wp-caption aligncenter\" style=\"width: 728px\"><a href=\"\/\/www.lasociedadgeografica.com\/blog\/uploads\/2011\/03\/Happy-Holi-c-Gulfu-Photography.jpg\" target=\"_blank\" rel=\"noopener noreferrer\"><img loading=\"lazy\" decoding=\"async\" class=\"Festival HOLI wp-image-8994 size-large\" title=\"Festival HOLI\" src=\"\/\/www.lasociedadgeografica.com\/blog\/uploads\/2011\/03\/Happy-Holi-c-Gulfu-Photography-1024x683.jpg\" alt=\"Festival HOLI\" width=\"728\" height=\"486\" srcset=\"https:\/\/www.lasociedadgeografica.com\/blog\/uploads\/2011\/03\/Happy-Holi-c-Gulfu-Photography-1024x683.jpg 1024w, https:\/\/www.lasociedadgeografica.com\/blog\/uploads\/2011\/03\/Happy-Holi-c-Gulfu-Photography-300x200.jpg 300w, https:\/\/www.lasociedadgeografica.com\/blog\/uploads\/2011\/03\/Happy-Holi-c-Gulfu-Photography-728x485.jpg 728w, https:\/\/www.lasociedadgeografica.com\/blog\/uploads\/2011\/03\/Happy-Holi-c-Gulfu-Photography-363x242.jpg 363w, https:\/\/www.lasociedadgeografica.com\/blog\/uploads\/2011\/03\/Happy-Holi-c-Gulfu-Photography-462x308.jpg 462w, https:\/\/www.lasociedadgeografica.com\/blog\/uploads\/2011\/03\/Happy-Holi-c-Gulfu-Photography.jpg 1440w\" sizes=\"auto, (max-width: 728px) 100vw, 728px\" \/><\/a><p class=\"wp-caption-text\">\u00a9 Gulfu Photography<\/p><\/div>\n<p>Al margen de la duraci\u00f3n m\u00e1s o menos extensa de la fiesta, hay dos d\u00edas claves: la v\u00edspera, conocida como <em>Holika Dahan<\/em> (o &#8216;la noche de la hogueras&#8217;) y <em>Dhuleti<\/em>, una fiesta sin freno pasada por agua multicolor.<\/p>\n<p><strong>Holika Dahan, la noche de las hogueras.<\/strong><\/p>\n<p>Holika Dahan, conocida popularmente como \u201cChhoti Holi\u201d (Peque\u00f1a Holi), es la fiesta que se celebra el d\u00eda de la v\u00edspera y que <strong>simboliza el triunfo del bien sobre el mal<\/strong>. Existen numerosas leyendas asociadas a esta antigua tradici\u00f3n. La m\u00e1s popular es la de Holika y Prahlad:<\/p>\n<p>Cuenta la leyenda que una vez existi\u00f3 un rey demon\u00edaco muy poderoso, llamado Hiranyakashyap, que deseaba, por encima de todas las cosas, ser adorado como un Dios. Su hijo Prahlad, contrario a sus deseos, se convirti\u00f3 en fiel seguidor de Lord Naarayana (Vishn\u00fa). Presa de la ira, Hiranyakashyap orden\u00f3 a su hermana Holika que acabara con la vida de Prahlas. Para ello deber\u00eda coger al peque\u00f1o en brazos y meterlo dentro de una hoguera cuyas llamas s\u00f3lo alcanzar\u00edan a Prahlad, ya que Holika contaba, supuestamente, con la protecci\u00f3n del rey demonio. Holika obedeci\u00f3 y entr\u00f3 en el fuego con su sobrino en brazos. Pero las cosas no salieron seg\u00fan lo previsto. El bien prevaleci\u00f3 sobre el mal. Holika muri\u00f3 devorada por las llamas y Prahlad sobrevivi\u00f3.<\/p>\n<p>De esta leyenda, surge la tradici\u00f3n de quemar efigies de Holika en las hogueras que se encienden por todo el pa\u00eds el d\u00eda de Holika Dahan.<\/p>\n<div id=\"attachment_8995\" class=\"wp-caption aligncenter\" style=\"width: 777px\"><a href=\"\/\/www.lasociedadgeografica.com\/blog\/uploads\/2011\/03\/Holika-c-Ishan-Khosla.jpg\"><img loading=\"lazy\" decoding=\"async\" class=\" wp-image-8995\" src=\"\/\/www.lasociedadgeografica.com\/blog\/uploads\/2011\/03\/Holika-c-Ishan-Khosla.jpg\" alt=\"Festival HOLI\" width=\"777\" height=\"465\" \/><\/a><p class=\"wp-caption-text\">\u00a9 Ishan Khosla<\/p><\/div>\n<p><strong>Dhuleti, la fiesta de los colores.<\/strong><\/p>\n<p>El d\u00eda central de la celebraci\u00f3n de Holi es un d\u00eda reservado a la fiesta y el juego. <strong>No hay rituales especiales, salvo el de tirar agua te\u00f1ida de colores a todo aquel que se nos cruce en el camino<\/strong>.<\/p>\n<p>Se trata de una fiesta que no conoce restricciones, un juego de excesos que re\u00fane a hombres y mujeres de todas las edades que, quiz\u00e1s s\u00f3lo una vez al a\u00f1o, se mezclan libres del recato al que viven acostumbrados.<\/p>\n<p>La idea es que todos, independientemente de su posici\u00f3n social, casta, sexo o religi\u00f3n, se sientan iguales por un d\u00eda. Holi es el festival de la fraternidad y de la igualdad, un d\u00eda en el que las rencillas quedan atr\u00e1s y se celebra la vida en todo su esplendor. En un pa\u00eds como India, en el que el color es una pieza fundamental, Holi es el hermano mayor de los festivales.<\/p>\n<div id=\"attachment_6110\" class=\"wp-caption aligncenter\" style=\"width: 782px\"><a href=\"\/\/www.lasociedadgeografica.com\/blog\/uploads\/2014\/03\/Holi-Hands-cGulfu-Photography.jpg\"><img loading=\"lazy\" decoding=\"async\" class=\" wp-image-6110\" src=\"\/\/www.lasociedadgeografica.com\/blog\/uploads\/2014\/03\/Holi-Hands-cGulfu-Photography.jpg\" alt=\"Festival HOLI\" width=\"782\" height=\"502\" \/><\/a><p class=\"wp-caption-text\">\u00a9 Gulfu Photography<\/p><\/div>\n<p>Los n\u00fameros de <a href=\"\/\/www.lasociedadgeografica.com\/blog\/cultura\/bollywood-el-cine-inexpugnable\/\">Bollywood<\/a> y la m\u00fasica de dholak (tambor de mano t\u00edpico de India) tambi\u00e9n forman parte del folclore de Holi. Pero si hay un elemento inseparable de la fiesta, adem\u00e1s del color, es el <em>bhang<\/em>.<\/p>\n<p><strong>Bhang, la bebida de la alegr\u00eda.<\/strong><\/p>\n<p>El <a href=\"https:\/\/www.lasociedadgeografica.com\/blog\/gastronomia\/bhang-cannabis-bebida-holi-alegria\/\">bhang<\/a>, convertido en &#8216;bebida oficial&#8217; de Holi, es un potente embriagante que ayuda a intensificar el esp\u00edritu festivo. Se trata de un preparado extra\u00eddo de las hojas y brotes de cannabis (marihuana). Puede ser fumado, masticado o bebido. Consumido con moderaci\u00f3n puede resultar una experiencia divertida, pero un poco m\u00e1s de la cuenta puede frenar de golpe la fiesta.<\/p>\n<div class=\"SGIcontact\"><form id=\"sf_shortcode_SGIcontact_0F\" action=\"\/contacto\/\" method=\"post\" class=\"SGIcontactwidget_form\"><p style=\"text-align:center;font-style:italic;font-size:14px;padding-bottom:10px\" id=\"sf_shortcode_SGIcontact_0FP\">\u00bfQuieres que te dise\u00f1emos un viaje exclusivo al Subcontinente Indio?<\/p>\n<div style=\"text-align:center\" id=\"sf_shortcode_SGIcontact_0FD\"><input type=\"submit\" value=\"Cont\u00e1ctanos Aqu\u00ed\" \/>\n<\/div><\/form>\n<\/div>\n<p style=\"text-align: right;\">&gt;&gt; <strong>Contin\u00faa<\/strong>: <a href=\"https:\/\/www.lasociedadgeografica.com\/blog\/festividades\/holi-india-festival-explicacion-racional\/\" target=\"_blank\" rel=\"noopener noreferrer\">Holi, una explicaci\u00f3n racional<\/a>. &gt;&gt;<\/p>\n<p><span style=\"color: #808080;\"><em>&#8212;<br \/>\n<strong>Sobre la autora:<\/strong> <\/em><\/span><a href=\"https:\/\/www.lasociedadgeografica.com\/blog\/author\/nona_rubio\/\"><span style=\"color: #808080;\"><em><strong><img loading=\"lazy\" decoding=\"async\" class=\"alignleft\" style=\"border: 0pt none; margin-right: 5px;\" title=\"Nona Rubio\" src=\"\/\/www.lasociedadgeografica.com\/blog\/wp-content\/authors\/nona_rubio-8.jpg\" alt=\"Nona\" width=\"104\" height=\"90\" \/><\/strong><\/em><\/span><\/a><span style=\"color: #808080;\"><em><a href=\"https:\/\/www.lasociedadgeografica.com\/blog\/author\/nona_rubio\/\">Nona Rubio<\/a> es colaboradora de Sociedad Geogr\u00e1fica de las Indias. Le apasiona viajar y nos cuenta historias que hablan de un pa\u00eds inabarcable con el que hay que ser paciente si lo que pretendemos es conocerlo por dentro. Para m\u00e1s informaci\u00f3n: [<a href=\"\/\/www.lasociedadgeografica.com\/blog\/aboutsgi\/\">Qui\u00e9nes somos<\/a>]<br \/>\n<\/em><\/span><\/p>\n","protected":false},"excerpt":{"rendered":"<p>Holi, uno de los festivales m\u00e1s impactantes de India, se celebra coincidiendo con la luna llena que anuncia el inicio de la primavera. Este 2011 Holi se celebrar\u00e1 el s\u00e1bado 19 de marzo.<\/p>\n","protected":false},"author":8,"featured_media":0,"comment_status":"open","ping_status":"open","sticky":false,"template":"","format":"standard","meta":{"footnotes":""},"categories":[143],"tags":[712,5484,3696,721,710,88,392,3695,56,714,699,3662,720,711,713,290,3427,3697,66],"class_list":["post-2477","post","type-post","status-publish","format-standard","hentry","category-festividades","tag-bhang","tag-bollywood","tag-celebrar-holi","tag-dholak","tag-dhuleti","tag-festival","tag-festividades-2","tag-fotos-de-holi","tag-hinduismo","tag-hiranyakashyap","tag-holi","tag-holi-en-india","tag-holika","tag-holika-dahan","tag-prahlad","tag-sij","tag-viajar-a-india","tag-viajar-en-holi","tag-vishnu"],"yoast_head":"<!-- This site is optimized with the Yoast SEO plugin v27.4 - https:\/\/yoast.com\/product\/yoast-seo-wordpress\/ -->\n<title>Llega el festival Holi: fuego y color<\/title>\n<meta name=\"description\" content=\"Festival Holi se celebra cada a\u00f1o a lo largo y ancho de la India. Sus dos fechas claves son: Holika, la Noche de las Hogueras y la Fiesta de los Colores.\" \/>\n<meta name=\"robots\" content=\"index, follow, max-snippet:-1, max-image-preview:large, max-video-preview:-1\" \/>\n<link rel=\"canonical\" href=\"https:\/\/www.lasociedadgeografica.com\/blog\/festividades\/festival-holi-india-fuego-color-sociedad-geografica-de-las-indias\/\" \/>\n<meta property=\"og:locale\" content=\"es_ES\" \/>\n<meta property=\"og:type\" content=\"article\" \/>\n<meta property=\"og:title\" content=\"Llega el festival Holi: fuego y color\" \/>\n<meta property=\"og:description\" content=\"Festival Holi se celebra cada a\u00f1o a lo largo y ancho de la India. Sus dos fechas claves son: Holika, la Noche de las Hogueras y la Fiesta de los Colores.\" \/>\n<meta property=\"og:url\" content=\"https:\/\/www.lasociedadgeografica.com\/blog\/festividades\/festival-holi-india-fuego-color-sociedad-geografica-de-las-indias\/\" \/>\n<meta property=\"og:site_name\" content=\"Blog de viajes a India\" \/>\n<meta property=\"article:published_time\" content=\"2011-03-18T15:05:47+00:00\" \/>\n<meta property=\"article:modified_time\" content=\"2017-07-05T11:02:39+00:00\" \/>\n<meta property=\"og:image\" content=\"\/\/www.lasociedadgeografica.com\/blog\/uploads\/2011\/03\/c-Gulfu-Photography-1024x683.jpg\" \/>\n<meta name=\"author\" content=\"Nona Rubio\" \/>\n<meta name=\"twitter:label1\" content=\"Escrito por\" \/>\n\t<meta name=\"twitter:data1\" content=\"Nona Rubio\" \/>\n\t<meta name=\"twitter:label2\" content=\"Tiempo de lectura\" \/>\n\t<meta name=\"twitter:data2\" content=\"4 minutos\" \/>\n<script type=\"application\/ld+json\" class=\"yoast-schema-graph\">{\"@context\":\"https:\\\/\\\/schema.org\",\"@graph\":[{\"@type\":\"Article\",\"@id\":\"https:\\\/\\\/www.lasociedadgeografica.com\\\/blog\\\/festividades\\\/festival-holi-india-fuego-color-sociedad-geografica-de-las-indias\\\/#article\",\"isPartOf\":{\"@id\":\"https:\\\/\\\/www.lasociedadgeografica.com\\\/blog\\\/festividades\\\/festival-holi-india-fuego-color-sociedad-geografica-de-las-indias\\\/\"},\"author\":{\"name\":\"Nona Rubio\",\"@id\":\"https:\\\/\\\/www.lasociedadgeografica.com\\\/blog\\\/#\\\/schema\\\/person\\\/b3f7515b0befa8a16343ebf3bf602f0e\"},\"headline\":\"Llega el festival Holi: fuego y color\",\"datePublished\":\"2011-03-18T15:05:47+00:00\",\"dateModified\":\"2017-07-05T11:02:39+00:00\",\"mainEntityOfPage\":{\"@id\":\"https:\\\/\\\/www.lasociedadgeografica.com\\\/blog\\\/festividades\\\/festival-holi-india-fuego-color-sociedad-geografica-de-las-indias\\\/\"},\"wordCount\":778,\"commentCount\":10,\"keywords\":[\"Bhang\",\"Bollywood\",\"celebrar Holi\",\"dholak\",\"Dhuleti\",\"festival\",\"festividades\",\"fotos de Holi\",\"hindu\u00edsmo\",\"Hiranyakashyap\",\"holi\",\"Holi en India\",\"Holika\",\"Holika Dahan\",\"Prahlad\",\"sij\",\"viajar a India\",\"viajar en Holi\",\"Vishnu\"],\"articleSection\":[\"Festividades\"],\"inLanguage\":\"es\",\"potentialAction\":[{\"@type\":\"CommentAction\",\"name\":\"Comment\",\"target\":[\"https:\\\/\\\/www.lasociedadgeografica.com\\\/blog\\\/festividades\\\/festival-holi-india-fuego-color-sociedad-geografica-de-las-indias\\\/#respond\"]}]},{\"@type\":\"WebPage\",\"@id\":\"https:\\\/\\\/www.lasociedadgeografica.com\\\/blog\\\/festividades\\\/festival-holi-india-fuego-color-sociedad-geografica-de-las-indias\\\/\",\"url\":\"https:\\\/\\\/www.lasociedadgeografica.com\\\/blog\\\/festividades\\\/festival-holi-india-fuego-color-sociedad-geografica-de-las-indias\\\/\",\"name\":\"Llega el festival Holi: fuego y color\",\"isPartOf\":{\"@id\":\"https:\\\/\\\/www.lasociedadgeografica.com\\\/blog\\\/#website\"},\"datePublished\":\"2011-03-18T15:05:47+00:00\",\"dateModified\":\"2017-07-05T11:02:39+00:00\",\"author\":{\"@id\":\"https:\\\/\\\/www.lasociedadgeografica.com\\\/blog\\\/#\\\/schema\\\/person\\\/b3f7515b0befa8a16343ebf3bf602f0e\"},\"description\":\"Festival Holi se celebra cada a\u00f1o a lo largo y ancho de la India. Sus dos fechas claves son: Holika, la Noche de las Hogueras y la Fiesta de los Colores.\",\"breadcrumb\":{\"@id\":\"https:\\\/\\\/www.lasociedadgeografica.com\\\/blog\\\/festividades\\\/festival-holi-india-fuego-color-sociedad-geografica-de-las-indias\\\/#breadcrumb\"},\"inLanguage\":\"es\",\"potentialAction\":[{\"@type\":\"ReadAction\",\"target\":[\"https:\\\/\\\/www.lasociedadgeografica.com\\\/blog\\\/festividades\\\/festival-holi-india-fuego-color-sociedad-geografica-de-las-indias\\\/\"]}]},{\"@type\":\"BreadcrumbList\",\"@id\":\"https:\\\/\\\/www.lasociedadgeografica.com\\\/blog\\\/festividades\\\/festival-holi-india-fuego-color-sociedad-geografica-de-las-indias\\\/#breadcrumb\",\"itemListElement\":[{\"@type\":\"ListItem\",\"position\":1,\"name\":\"Portada\",\"item\":\"https:\\\/\\\/www.lasociedadgeografica.com\\\/blog\\\/\"},{\"@type\":\"ListItem\",\"position\":2,\"name\":\"Llega el festival Holi: fuego y color\"}]},{\"@type\":\"WebSite\",\"@id\":\"https:\\\/\\\/www.lasociedadgeografica.com\\\/blog\\\/#website\",\"url\":\"https:\\\/\\\/www.lasociedadgeografica.com\\\/blog\\\/\",\"name\":\"Blog de viajes a India\",\"description\":\"Un lugar para Conocer India, con may\u00fasculas. El Blog de Sociedad Geogr\u00e1fica de las Indias.\",\"potentialAction\":[{\"@type\":\"SearchAction\",\"target\":{\"@type\":\"EntryPoint\",\"urlTemplate\":\"https:\\\/\\\/www.lasociedadgeografica.com\\\/blog\\\/?s={search_term_string}\"},\"query-input\":{\"@type\":\"PropertyValueSpecification\",\"valueRequired\":true,\"valueName\":\"search_term_string\"}}],\"inLanguage\":\"es\"},{\"@type\":\"Person\",\"@id\":\"https:\\\/\\\/www.lasociedadgeografica.com\\\/blog\\\/#\\\/schema\\\/person\\\/b3f7515b0befa8a16343ebf3bf602f0e\",\"name\":\"Nona Rubio\",\"image\":{\"@type\":\"ImageObject\",\"inLanguage\":\"es\",\"@id\":\"https:\\\/\\\/secure.gravatar.com\\\/avatar\\\/1bf18ee7fde0e9d49eab0aea4940b9c7efe777788dd6cddc8e6c52f980cdf262?s=96&r=g\",\"url\":\"https:\\\/\\\/secure.gravatar.com\\\/avatar\\\/1bf18ee7fde0e9d49eab0aea4940b9c7efe777788dd6cddc8e6c52f980cdf262?s=96&r=g\",\"contentUrl\":\"https:\\\/\\\/secure.gravatar.com\\\/avatar\\\/1bf18ee7fde0e9d49eab0aea4940b9c7efe777788dd6cddc8e6c52f980cdf262?s=96&r=g\",\"caption\":\"Nona Rubio\"},\"description\":\"A Nona no le gusta viajar. Le apasiona viajar. Y tambi\u00e9n contar sus viajes en diferentes formatos. Desde un cuaderno de bit\u00e1cora de una expedici\u00f3n al Himalaya acompa\u00f1ando al alpinista aragon\u00e9s Carlos Pauner hasta los 4.900 metros de altura; a los guiones de su propia serie de viajes \u201cEl Camino m\u00e1s Largo\u201d (GeoPlaneta TV). La primera vez que puso un pie en India supo que repetir\u00eda. Su flechazo con el segundo pa\u00eds m\u00e1s poblado del mundo fue inmediato. Y eso que Nona no es amiga de las multitudes. Pero lo de India es otra historia. Por eso ahora est\u00e1 aqu\u00ed. Para seguir contando historias que hablan de un pa\u00eds inabarcable con el que hay que ser paciente si lo que pretendemos es conocerlo por dentro. + info: nonarubio\",\"sameAs\":[\"http:\\\/\\\/nonarubio.musacomunica.es\\\/\"],\"url\":\"https:\\\/\\\/www.lasociedadgeografica.com\\\/blog\\\/author\\\/nona_rubio\\\/\"}]}<\/script>\n<!-- \/ Yoast SEO plugin. -->","yoast_head_json":{"title":"Llega el festival Holi: fuego y color","description":"Festival Holi se celebra cada a\u00f1o a lo largo y ancho de la India. Sus dos fechas claves son: Holika, la Noche de las Hogueras y la Fiesta de los Colores.","robots":{"index":"index","follow":"follow","max-snippet":"max-snippet:-1","max-image-preview":"max-image-preview:large","max-video-preview":"max-video-preview:-1"},"canonical":"https:\/\/www.lasociedadgeografica.com\/blog\/festividades\/festival-holi-india-fuego-color-sociedad-geografica-de-las-indias\/","og_locale":"es_ES","og_type":"article","og_title":"Llega el festival Holi: fuego y color","og_description":"Festival Holi se celebra cada a\u00f1o a lo largo y ancho de la India. Sus dos fechas claves son: Holika, la Noche de las Hogueras y la Fiesta de los Colores.","og_url":"https:\/\/www.lasociedadgeografica.com\/blog\/festividades\/festival-holi-india-fuego-color-sociedad-geografica-de-las-indias\/","og_site_name":"Blog de viajes a India","article_published_time":"2011-03-18T15:05:47+00:00","article_modified_time":"2017-07-05T11:02:39+00:00","og_image":[{"url":"\/\/www.lasociedadgeografica.com\/blog\/uploads\/2011\/03\/c-Gulfu-Photography-1024x683.jpg","type":"","width":"","height":""}],"author":"Nona Rubio","twitter_misc":{"Escrito por":"Nona Rubio","Tiempo de lectura":"4 minutos"},"schema":{"@context":"https:\/\/schema.org","@graph":[{"@type":"Article","@id":"https:\/\/www.lasociedadgeografica.com\/blog\/festividades\/festival-holi-india-fuego-color-sociedad-geografica-de-las-indias\/#article","isPartOf":{"@id":"https:\/\/www.lasociedadgeografica.com\/blog\/festividades\/festival-holi-india-fuego-color-sociedad-geografica-de-las-indias\/"},"author":{"name":"Nona Rubio","@id":"https:\/\/www.lasociedadgeografica.com\/blog\/#\/schema\/person\/b3f7515b0befa8a16343ebf3bf602f0e"},"headline":"Llega el festival Holi: fuego y color","datePublished":"2011-03-18T15:05:47+00:00","dateModified":"2017-07-05T11:02:39+00:00","mainEntityOfPage":{"@id":"https:\/\/www.lasociedadgeografica.com\/blog\/festividades\/festival-holi-india-fuego-color-sociedad-geografica-de-las-indias\/"},"wordCount":778,"commentCount":10,"keywords":["Bhang","Bollywood","celebrar Holi","dholak","Dhuleti","festival","festividades","fotos de Holi","hindu\u00edsmo","Hiranyakashyap","holi","Holi en India","Holika","Holika Dahan","Prahlad","sij","viajar a India","viajar en Holi","Vishnu"],"articleSection":["Festividades"],"inLanguage":"es","potentialAction":[{"@type":"CommentAction","name":"Comment","target":["https:\/\/www.lasociedadgeografica.com\/blog\/festividades\/festival-holi-india-fuego-color-sociedad-geografica-de-las-indias\/#respond"]}]},{"@type":"WebPage","@id":"https:\/\/www.lasociedadgeografica.com\/blog\/festividades\/festival-holi-india-fuego-color-sociedad-geografica-de-las-indias\/","url":"https:\/\/www.lasociedadgeografica.com\/blog\/festividades\/festival-holi-india-fuego-color-sociedad-geografica-de-las-indias\/","name":"Llega el festival Holi: fuego y color","isPartOf":{"@id":"https:\/\/www.lasociedadgeografica.com\/blog\/#website"},"datePublished":"2011-03-18T15:05:47+00:00","dateModified":"2017-07-05T11:02:39+00:00","author":{"@id":"https:\/\/www.lasociedadgeografica.com\/blog\/#\/schema\/person\/b3f7515b0befa8a16343ebf3bf602f0e"},"description":"Festival Holi se celebra cada a\u00f1o a lo largo y ancho de la India. Sus dos fechas claves son: Holika, la Noche de las Hogueras y la Fiesta de los Colores.","breadcrumb":{"@id":"https:\/\/www.lasociedadgeografica.com\/blog\/festividades\/festival-holi-india-fuego-color-sociedad-geografica-de-las-indias\/#breadcrumb"},"inLanguage":"es","potentialAction":[{"@type":"ReadAction","target":["https:\/\/www.lasociedadgeografica.com\/blog\/festividades\/festival-holi-india-fuego-color-sociedad-geografica-de-las-indias\/"]}]},{"@type":"BreadcrumbList","@id":"https:\/\/www.lasociedadgeografica.com\/blog\/festividades\/festival-holi-india-fuego-color-sociedad-geografica-de-las-indias\/#breadcrumb","itemListElement":[{"@type":"ListItem","position":1,"name":"Portada","item":"https:\/\/www.lasociedadgeografica.com\/blog\/"},{"@type":"ListItem","position":2,"name":"Llega el festival Holi: fuego y color"}]},{"@type":"WebSite","@id":"https:\/\/www.lasociedadgeografica.com\/blog\/#website","url":"https:\/\/www.lasociedadgeografica.com\/blog\/","name":"Blog de viajes a India","description":"Un lugar para Conocer India, con may\u00fasculas. El Blog de Sociedad Geogr\u00e1fica de las Indias.","potentialAction":[{"@type":"SearchAction","target":{"@type":"EntryPoint","urlTemplate":"https:\/\/www.lasociedadgeografica.com\/blog\/?s={search_term_string}"},"query-input":{"@type":"PropertyValueSpecification","valueRequired":true,"valueName":"search_term_string"}}],"inLanguage":"es"},{"@type":"Person","@id":"https:\/\/www.lasociedadgeografica.com\/blog\/#\/schema\/person\/b3f7515b0befa8a16343ebf3bf602f0e","name":"Nona Rubio","image":{"@type":"ImageObject","inLanguage":"es","@id":"https:\/\/secure.gravatar.com\/avatar\/1bf18ee7fde0e9d49eab0aea4940b9c7efe777788dd6cddc8e6c52f980cdf262?s=96&r=g","url":"https:\/\/secure.gravatar.com\/avatar\/1bf18ee7fde0e9d49eab0aea4940b9c7efe777788dd6cddc8e6c52f980cdf262?s=96&r=g","contentUrl":"https:\/\/secure.gravatar.com\/avatar\/1bf18ee7fde0e9d49eab0aea4940b9c7efe777788dd6cddc8e6c52f980cdf262?s=96&r=g","caption":"Nona Rubio"},"description":"A Nona no le gusta viajar. Le apasiona viajar. Y tambi\u00e9n contar sus viajes en diferentes formatos. Desde un cuaderno de bit\u00e1cora de una expedici\u00f3n al Himalaya acompa\u00f1ando al alpinista aragon\u00e9s Carlos Pauner hasta los 4.900 metros de altura; a los guiones de su propia serie de viajes \u201cEl Camino m\u00e1s Largo\u201d (GeoPlaneta TV). La primera vez que puso un pie en India supo que repetir\u00eda. Su flechazo con el segundo pa\u00eds m\u00e1s poblado del mundo fue inmediato. Y eso que Nona no es amiga de las multitudes. Pero lo de India es otra historia. Por eso ahora est\u00e1 aqu\u00ed. Para seguir contando historias que hablan de un pa\u00eds inabarcable con el que hay que ser paciente si lo que pretendemos es conocerlo por dentro. + info: nonarubio","sameAs":["http:\/\/nonarubio.musacomunica.es\/"],"url":"https:\/\/www.lasociedadgeografica.com\/blog\/author\/nona_rubio\/"}]}},"_links":{"self":[{"href":"https:\/\/www.lasociedadgeografica.com\/blog\/wp-json\/wp\/v2\/posts\/2477","targetHints":{"allow":["GET"]}}],"collection":[{"href":"https:\/\/www.lasociedadgeografica.com\/blog\/wp-json\/wp\/v2\/posts"}],"about":[{"href":"https:\/\/www.lasociedadgeografica.com\/blog\/wp-json\/wp\/v2\/types\/post"}],"author":[{"embeddable":true,"href":"https:\/\/www.lasociedadgeografica.com\/blog\/wp-json\/wp\/v2\/users\/8"}],"replies":[{"embeddable":true,"href":"https:\/\/www.lasociedadgeografica.com\/blog\/wp-json\/wp\/v2\/comments?post=2477"}],"version-history":[{"count":23,"href":"https:\/\/www.lasociedadgeografica.com\/blog\/wp-json\/wp\/v2\/posts\/2477\/revisions"}],"predecessor-version":[{"id":15008,"href":"https:\/\/www.lasociedadgeografica.com\/blog\/wp-json\/wp\/v2\/posts\/2477\/revisions\/15008"}],"wp:attachment":[{"href":"https:\/\/www.lasociedadgeografica.com\/blog\/wp-json\/wp\/v2\/media?parent=2477"}],"wp:term":[{"taxonomy":"category","embeddable":true,"href":"https:\/\/www.lasociedadgeografica.com\/blog\/wp-json\/wp\/v2\/categories?post=2477"},{"taxonomy":"post_tag","embeddable":true,"href":"https:\/\/www.lasociedadgeografica.com\/blog\/wp-json\/wp\/v2\/tags?post=2477"}],"curies":[{"name":"wp","href":"https:\/\/api.w.org\/{rel}","templated":true}]}}