{"id":2486,"date":"2011-03-19T12:20:33","date_gmt":"2011-03-19T11:20:33","guid":{"rendered":"https:\/\/www.lasociedadgeografica.com\/blog\/?p=2486"},"modified":"2017-05-31T10:33:34","modified_gmt":"2017-05-31T08:33:34","slug":"holi-india-festival-explicacion-racional","status":"publish","type":"post","link":"https:\/\/www.lasociedadgeografica.com\/blog\/festividades\/holi-india-festival-explicacion-racional\/","title":{"rendered":"Holi: una explicacion racional"},"content":{"rendered":"\n\n<div class=\"kk-star-ratings kksr-auto kksr-align-left kksr-valign-top\"\n    data-payload='{&quot;align&quot;:&quot;left&quot;,&quot;id&quot;:&quot;2486&quot;,&quot;slug&quot;:&quot;default&quot;,&quot;valign&quot;:&quot;top&quot;,&quot;ignore&quot;:&quot;&quot;,&quot;reference&quot;:&quot;auto&quot;,&quot;class&quot;:&quot;&quot;,&quot;count&quot;:&quot;1&quot;,&quot;legendonly&quot;:&quot;&quot;,&quot;readonly&quot;:&quot;&quot;,&quot;score&quot;:&quot;5&quot;,&quot;starsonly&quot;:&quot;&quot;,&quot;best&quot;:&quot;5&quot;,&quot;gap&quot;:&quot;6&quot;,&quot;greet&quot;:&quot;&quot;,&quot;legend&quot;:&quot;5\\\/5 - (1 voto)&quot;,&quot;size&quot;:&quot;22&quot;,&quot;title&quot;:&quot;Holi: una explicacion racional&quot;,&quot;width&quot;:&quot;137&quot;,&quot;_legend&quot;:&quot;{score}\\\/{best} - ({count} {votes})&quot;,&quot;font_factor&quot;:&quot;1.25&quot;}'>\n            \n<div class=\"kksr-stars\">\n    \n<div class=\"kksr-stars-inactive\">\n            <div class=\"kksr-star\" data-star=\"1\" style=\"padding-right: 6px\">\n            \n\n<div class=\"kksr-icon\" style=\"width: 22px; height: 22px;\"><\/div>\n        <\/div>\n            <div class=\"kksr-star\" data-star=\"2\" style=\"padding-right: 6px\">\n            \n\n<div class=\"kksr-icon\" style=\"width: 22px; height: 22px;\"><\/div>\n        <\/div>\n            <div class=\"kksr-star\" data-star=\"3\" style=\"padding-right: 6px\">\n            \n\n<div class=\"kksr-icon\" style=\"width: 22px; height: 22px;\"><\/div>\n        <\/div>\n            <div class=\"kksr-star\" data-star=\"4\" style=\"padding-right: 6px\">\n            \n\n<div class=\"kksr-icon\" style=\"width: 22px; height: 22px;\"><\/div>\n        <\/div>\n            <div class=\"kksr-star\" data-star=\"5\" style=\"padding-right: 6px\">\n            \n\n<div class=\"kksr-icon\" style=\"width: 22px; height: 22px;\"><\/div>\n        <\/div>\n    <\/div>\n    \n<div class=\"kksr-stars-active\" style=\"width: 137px;\">\n            <div class=\"kksr-star\" style=\"padding-right: 6px\">\n            \n\n<div class=\"kksr-icon\" style=\"width: 22px; height: 22px;\"><\/div>\n        <\/div>\n            <div class=\"kksr-star\" style=\"padding-right: 6px\">\n            \n\n<div class=\"kksr-icon\" style=\"width: 22px; height: 22px;\"><\/div>\n        <\/div>\n            <div class=\"kksr-star\" style=\"padding-right: 6px\">\n            \n\n<div class=\"kksr-icon\" style=\"width: 22px; height: 22px;\"><\/div>\n        <\/div>\n            <div class=\"kksr-star\" style=\"padding-right: 6px\">\n            \n\n<div class=\"kksr-icon\" style=\"width: 22px; height: 22px;\"><\/div>\n        <\/div>\n            <div class=\"kksr-star\" style=\"padding-right: 6px\">\n            \n\n<div class=\"kksr-icon\" style=\"width: 22px; height: 22px;\"><\/div>\n        <\/div>\n    <\/div>\n<\/div>\n                \n\n<div class=\"kksr-legend\" style=\"font-size: 17.6px;\">\n            5\/5 - (1 voto)    <\/div>\n    <\/div>\n<p><strong>&lt;&lt; Viene de: <\/strong><a href=\"https:\/\/www.lasociedadgeografica.com\/blog\/festividades\/festival-holi-india-fuego-color-sociedad-geografica-de-las-indias\/\" target=\"_blank\" rel=\"noopener noreferrer\">Llega el festival Holi: fuego y color<\/a><strong>.<\/strong><\/p>\n<p><strong><br \/>\n<\/strong><\/p>\n<p><strong>Tradiciones y leyendas a parte, la celebraci\u00f3n de Holi tambi\u00e9n tiene una explicaci\u00f3n puramente racional que tiene que ver con los efectos del cambio estacional.<\/strong><\/p>\n<p><div id=\"attachment_2521\" class=\"wp-caption aligncenter\" style=\"width: 671px\"><a href=\"\/\/www.lasociedadgeografica.com\/blog\/uploads\/2011\/03\/2-ilustraci\u00f3n.jpeg\" target=\"_blank\" rel=\"noopener noreferrer\"><img loading=\"lazy\" decoding=\"async\" class=\"qu\u00e9 celebra Holi wp-image-2521\" title=\"qu\u00e9 celebra Holi\" src=\"\/\/www.lasociedadgeografica.com\/blog\/uploads\/2011\/03\/2-ilustraci\u00f3n.jpeg\" alt=\"qu\u00e9 celebra Holi\" width=\"671\" height=\"458\" \/><\/a><p class=\"wp-caption-text\">Ilustraci\u00f3n del Holi en la antig\u00fcedad<\/p><\/div><br \/>\n<a name=\"smore-\"><\/a><br \/>\n<strong><br \/>\n<\/strong><\/p>\n<p><strong>Holi marca el final del invierno y la llegada de la primavera<\/strong>. Este cambio estacional influye en el estado de \u00e1nimo de las personas, que se muestran m\u00e1s somnolientas y perezosas. Para contrarrestar la fatiga de la astenia primaveral nada mejor que el ejercicio. La m\u00fasica y los energ\u00e9ticos movimientos de las danzas propias de Holi ayudan a desperezar el cuerpo, revitalizando el sistema inmunol\u00f3gico, debilitado durante el invierno.<\/p>\n<p>Tambi\u00e9n el color ocupa un papel importante a la hora de alegrarnos la vida. <strong>La cromo terapia o terapia del color afirma que cada color tiene la capacidad intr\u00ednseca de provocar diferentes estados psicol\u00f3gicos y fisiol\u00f3gicos<\/strong>. El rojo, por ejemplo, ser\u00eda una buena elecci\u00f3n si lo que queremos es superar la fatiga y la somnolencia, ya que favorece la sensaci\u00f3n de calor, estimulando la vitalidad, la presi\u00f3n sangu\u00ednea y la tensi\u00f3n muscular.<\/p>\n<p>En cuanto a elemento fuego, tambi\u00e9n juega una baza importante que no se circunscribe a <a title=\"Holi en India: Holika Dahana, la noche de las hogueras\" href=\"\/\/www.lasociedadgeografica.com\/blog\/cultura\/holi-en-india-holika-dahana-la-noche-de-las-hogueras\/\">la leyenda de Holika<\/a>. El cambio estacional invierno-primavera representa un importante caldo de cultivo de hongos, virus y bacterias. De ah\u00ed el <strong>poder sanador del fuego<\/strong>, o m\u00e1s bien del calor, que es capaz de acabar con las bacterias. Por eso, y siguiendo la tradici\u00f3n, la gente da vueltas alrededor del fuego a modo de ritual purificador.<\/p>\n<div id=\"attachment_8999\" class=\"wp-caption aligncenter\" style=\"width: 837px\"><a href=\"\/\/www.lasociedadgeografica.com\/blog\/uploads\/2011\/03\/4600247939_e9da41f8b6_o.jpg\" target=\"_blank\" rel=\"noopener noreferrer\"><img loading=\"lazy\" decoding=\"async\" class=\"qu\u00e9 celebra Holi wp-image-8999\" title=\"qu\u00e9 celebra Holi \" src=\"\/\/www.lasociedadgeografica.com\/blog\/uploads\/2011\/03\/4600247939_e9da41f8b6_o.jpg\" alt=\"qu\u00e9 celebra Holi \" width=\"837\" height=\"576\" \/><\/a><p class=\"wp-caption-text\">\u00a9 Ishan Khosla<\/p><\/div>\n<p>Otra forma de promover la buena salud, es la costumbre de poner ceniza, procedente de la hoguera, mezclada con hojas j\u00f3venes de s\u00e1ndalo y flores del \u00e1rbol del mango.<\/p>\n<p>Por \u00faltimo, tambi\u00e9n es costumbre que la gente limpie sus casas a conciencia y especialmente bien antes de la llegada de Holi, con lo que las plagas y las bacterias ya no campar\u00edan a sus anchas.<\/p>\n<p>&nbsp;<\/p>\n<p style=\"text-align: right;\">&gt;&gt; <strong>Contin\u00faa<\/strong>: <a href=\"https:\/\/www.lasociedadgeografica.com\/blog\/festividades\/festival-india-eco-holi-alternativa-sostenible\/\" target=\"_blank\" rel=\"noopener noreferrer\">Eco-Holi, una alternativa sostenible<\/a>. &gt;&gt;<\/p>\n<p><span style=\"color: #808080;\"><em>&#8212;<br \/>\n<strong>Sobre la autora:<\/strong> <\/em><\/span><a href=\"https:\/\/www.lasociedadgeografica.com\/blog\/author\/nona_rubio\/\"><span style=\"color: #808080;\"><em><strong><img loading=\"lazy\" decoding=\"async\" class=\"alignleft\" style=\"border: 0pt none; margin-right: 5px;\" title=\"Nona Rubio\" src=\"\/\/www.lasociedadgeografica.com\/blog\/wp-content\/authors\/nona_rubio-8.jpg\" alt=\"Nona\" width=\"104\" height=\"90\" \/><\/strong><\/em><\/span><\/a><span style=\"color: #808080;\"><em><a href=\"https:\/\/www.lasociedadgeografica.com\/blog\/author\/nona_rubio\/\">Nona Rubio<\/a> es colaboradora de Sociedad Geogr\u00e1fica de las Indias. Le apasiona viajar y nos cuenta historias que hablan de un pa\u00eds inabarcable con el que hay que ser paciente si lo que pretendemos es conocerlo por dentro. Para m\u00e1s informaci\u00f3n: [<a href=\"\/\/www.lasociedadgeografica.com\/blog\/aboutsgi\/\">Qui\u00e9nes somos<\/a>]<br \/>\n<\/em><\/span><\/p>\n","protected":false},"excerpt":{"rendered":"<p>Holi marca el final del invierno y la llegada de la primavera. Tradiciones y leyendas a parte, la celebraci\u00f3n de Holi tambi\u00e9n tiene una explicaci\u00f3n puramente racional que tiene que ver con los efectos del cambio estacional.<\/p>\n","protected":false},"author":8,"featured_media":0,"comment_status":"open","ping_status":"open","sticky":false,"template":"","format":"standard","meta":{"footnotes":""},"categories":[143,2881],"tags":[3698,3702,3701,88,392,3699,699,720,553,3700,3703],"class_list":["post-2486","post","type-post","status-publish","format-standard","hentry","category-festividades","category-viajes-india","tag-color-en-holi","tag-costumbres-de-la-india","tag-donde-celebrar-holi","tag-festival","tag-festividades-2","tag-fuego-en-holi","tag-holi","tag-holika","tag-nona-rubio","tag-que-se-celebra-en-holi","tag-tradiciones-de-la-india"],"yoast_head":"<!-- This site is optimized with the Yoast SEO plugin v27.4 - https:\/\/yoast.com\/product\/yoast-seo-wordpress\/ -->\n<title>Holi: una explicacion racional<\/title>\n<meta name=\"description\" content=\"Holi marca el final del invierno y la llegada de la primavera. Es uno de los festivales m\u00e1s llamativos de la India y se celebra con el fuego y el color.\" \/>\n<meta name=\"robots\" content=\"index, follow, max-snippet:-1, max-image-preview:large, max-video-preview:-1\" \/>\n<link rel=\"canonical\" href=\"https:\/\/www.lasociedadgeografica.com\/blog\/festividades\/holi-india-festival-explicacion-racional\/\" \/>\n<meta property=\"og:locale\" content=\"es_ES\" \/>\n<meta property=\"og:type\" content=\"article\" \/>\n<meta property=\"og:title\" content=\"Holi: una explicacion racional\" \/>\n<meta property=\"og:description\" content=\"Holi marca el final del invierno y la llegada de la primavera. Es uno de los festivales m\u00e1s llamativos de la India y se celebra con el fuego y el color.\" \/>\n<meta property=\"og:url\" content=\"https:\/\/www.lasociedadgeografica.com\/blog\/festividades\/holi-india-festival-explicacion-racional\/\" \/>\n<meta property=\"og:site_name\" content=\"Blog de viajes a India\" \/>\n<meta property=\"article:published_time\" content=\"2011-03-19T11:20:33+00:00\" \/>\n<meta property=\"article:modified_time\" content=\"2017-05-31T08:33:34+00:00\" \/>\n<meta property=\"og:image\" content=\"\/\/www.lasociedadgeografica.com\/blog\/uploads\/2011\/03\/2-ilustraci\u00f3n.jpeg\" \/>\n<meta name=\"author\" content=\"Nona Rubio\" \/>\n<meta name=\"twitter:label1\" content=\"Escrito por\" \/>\n\t<meta name=\"twitter:data1\" content=\"Nona Rubio\" \/>\n\t<meta name=\"twitter:label2\" content=\"Tiempo de lectura\" \/>\n\t<meta name=\"twitter:data2\" content=\"2 minutos\" \/>\n<script type=\"application\/ld+json\" class=\"yoast-schema-graph\">{\"@context\":\"https:\\\/\\\/schema.org\",\"@graph\":[{\"@type\":\"Article\",\"@id\":\"https:\\\/\\\/www.lasociedadgeografica.com\\\/blog\\\/festividades\\\/holi-india-festival-explicacion-racional\\\/#article\",\"isPartOf\":{\"@id\":\"https:\\\/\\\/www.lasociedadgeografica.com\\\/blog\\\/festividades\\\/holi-india-festival-explicacion-racional\\\/\"},\"author\":{\"name\":\"Nona Rubio\",\"@id\":\"https:\\\/\\\/www.lasociedadgeografica.com\\\/blog\\\/#\\\/schema\\\/person\\\/b3f7515b0befa8a16343ebf3bf602f0e\"},\"headline\":\"Holi: una explicacion racional\",\"datePublished\":\"2011-03-19T11:20:33+00:00\",\"dateModified\":\"2017-05-31T08:33:34+00:00\",\"mainEntityOfPage\":{\"@id\":\"https:\\\/\\\/www.lasociedadgeografica.com\\\/blog\\\/festividades\\\/holi-india-festival-explicacion-racional\\\/\"},\"wordCount\":429,\"commentCount\":1,\"keywords\":[\"color en Holi\",\"costumbres de la India\",\"d\u00f3nde celebrar Holi\",\"festival\",\"festividades\",\"fuego en Holi\",\"holi\",\"Holika\",\"Nona Rubio\",\"qu\u00e9 se celebra en Holi\",\"tradiciones de la India\"],\"articleSection\":[\"Festividades\",\"Viajes India\"],\"inLanguage\":\"es\",\"potentialAction\":[{\"@type\":\"CommentAction\",\"name\":\"Comment\",\"target\":[\"https:\\\/\\\/www.lasociedadgeografica.com\\\/blog\\\/festividades\\\/holi-india-festival-explicacion-racional\\\/#respond\"]}]},{\"@type\":\"WebPage\",\"@id\":\"https:\\\/\\\/www.lasociedadgeografica.com\\\/blog\\\/festividades\\\/holi-india-festival-explicacion-racional\\\/\",\"url\":\"https:\\\/\\\/www.lasociedadgeografica.com\\\/blog\\\/festividades\\\/holi-india-festival-explicacion-racional\\\/\",\"name\":\"Holi: una explicacion racional\",\"isPartOf\":{\"@id\":\"https:\\\/\\\/www.lasociedadgeografica.com\\\/blog\\\/#website\"},\"datePublished\":\"2011-03-19T11:20:33+00:00\",\"dateModified\":\"2017-05-31T08:33:34+00:00\",\"author\":{\"@id\":\"https:\\\/\\\/www.lasociedadgeografica.com\\\/blog\\\/#\\\/schema\\\/person\\\/b3f7515b0befa8a16343ebf3bf602f0e\"},\"description\":\"Holi marca el final del invierno y la llegada de la primavera. Es uno de los festivales m\u00e1s llamativos de la India y se celebra con el fuego y el color.\",\"breadcrumb\":{\"@id\":\"https:\\\/\\\/www.lasociedadgeografica.com\\\/blog\\\/festividades\\\/holi-india-festival-explicacion-racional\\\/#breadcrumb\"},\"inLanguage\":\"es\",\"potentialAction\":[{\"@type\":\"ReadAction\",\"target\":[\"https:\\\/\\\/www.lasociedadgeografica.com\\\/blog\\\/festividades\\\/holi-india-festival-explicacion-racional\\\/\"]}]},{\"@type\":\"BreadcrumbList\",\"@id\":\"https:\\\/\\\/www.lasociedadgeografica.com\\\/blog\\\/festividades\\\/holi-india-festival-explicacion-racional\\\/#breadcrumb\",\"itemListElement\":[{\"@type\":\"ListItem\",\"position\":1,\"name\":\"Portada\",\"item\":\"https:\\\/\\\/www.lasociedadgeografica.com\\\/blog\\\/\"},{\"@type\":\"ListItem\",\"position\":2,\"name\":\"Holi: una explicacion racional\"}]},{\"@type\":\"WebSite\",\"@id\":\"https:\\\/\\\/www.lasociedadgeografica.com\\\/blog\\\/#website\",\"url\":\"https:\\\/\\\/www.lasociedadgeografica.com\\\/blog\\\/\",\"name\":\"Blog de viajes a India\",\"description\":\"Un lugar para Conocer India, con may\u00fasculas. El Blog de Sociedad Geogr\u00e1fica de las Indias.\",\"potentialAction\":[{\"@type\":\"SearchAction\",\"target\":{\"@type\":\"EntryPoint\",\"urlTemplate\":\"https:\\\/\\\/www.lasociedadgeografica.com\\\/blog\\\/?s={search_term_string}\"},\"query-input\":{\"@type\":\"PropertyValueSpecification\",\"valueRequired\":true,\"valueName\":\"search_term_string\"}}],\"inLanguage\":\"es\"},{\"@type\":\"Person\",\"@id\":\"https:\\\/\\\/www.lasociedadgeografica.com\\\/blog\\\/#\\\/schema\\\/person\\\/b3f7515b0befa8a16343ebf3bf602f0e\",\"name\":\"Nona Rubio\",\"image\":{\"@type\":\"ImageObject\",\"inLanguage\":\"es\",\"@id\":\"https:\\\/\\\/secure.gravatar.com\\\/avatar\\\/1bf18ee7fde0e9d49eab0aea4940b9c7efe777788dd6cddc8e6c52f980cdf262?s=96&r=g\",\"url\":\"https:\\\/\\\/secure.gravatar.com\\\/avatar\\\/1bf18ee7fde0e9d49eab0aea4940b9c7efe777788dd6cddc8e6c52f980cdf262?s=96&r=g\",\"contentUrl\":\"https:\\\/\\\/secure.gravatar.com\\\/avatar\\\/1bf18ee7fde0e9d49eab0aea4940b9c7efe777788dd6cddc8e6c52f980cdf262?s=96&r=g\",\"caption\":\"Nona Rubio\"},\"description\":\"A Nona no le gusta viajar. Le apasiona viajar. Y tambi\u00e9n contar sus viajes en diferentes formatos. Desde un cuaderno de bit\u00e1cora de una expedici\u00f3n al Himalaya acompa\u00f1ando al alpinista aragon\u00e9s Carlos Pauner hasta los 4.900 metros de altura; a los guiones de su propia serie de viajes \u201cEl Camino m\u00e1s Largo\u201d (GeoPlaneta TV). La primera vez que puso un pie en India supo que repetir\u00eda. Su flechazo con el segundo pa\u00eds m\u00e1s poblado del mundo fue inmediato. Y eso que Nona no es amiga de las multitudes. Pero lo de India es otra historia. Por eso ahora est\u00e1 aqu\u00ed. Para seguir contando historias que hablan de un pa\u00eds inabarcable con el que hay que ser paciente si lo que pretendemos es conocerlo por dentro. + info: nonarubio\",\"sameAs\":[\"http:\\\/\\\/nonarubio.musacomunica.es\\\/\"],\"url\":\"https:\\\/\\\/www.lasociedadgeografica.com\\\/blog\\\/author\\\/nona_rubio\\\/\"}]}<\/script>\n<!-- \/ Yoast SEO plugin. -->","yoast_head_json":{"title":"Holi: una explicacion racional","description":"Holi marca el final del invierno y la llegada de la primavera. Es uno de los festivales m\u00e1s llamativos de la India y se celebra con el fuego y el color.","robots":{"index":"index","follow":"follow","max-snippet":"max-snippet:-1","max-image-preview":"max-image-preview:large","max-video-preview":"max-video-preview:-1"},"canonical":"https:\/\/www.lasociedadgeografica.com\/blog\/festividades\/holi-india-festival-explicacion-racional\/","og_locale":"es_ES","og_type":"article","og_title":"Holi: una explicacion racional","og_description":"Holi marca el final del invierno y la llegada de la primavera. Es uno de los festivales m\u00e1s llamativos de la India y se celebra con el fuego y el color.","og_url":"https:\/\/www.lasociedadgeografica.com\/blog\/festividades\/holi-india-festival-explicacion-racional\/","og_site_name":"Blog de viajes a India","article_published_time":"2011-03-19T11:20:33+00:00","article_modified_time":"2017-05-31T08:33:34+00:00","og_image":[{"url":"\/\/www.lasociedadgeografica.com\/blog\/uploads\/2011\/03\/2-ilustraci\u00f3n.jpeg","type":"","width":"","height":""}],"author":"Nona Rubio","twitter_misc":{"Escrito por":"Nona Rubio","Tiempo de lectura":"2 minutos"},"schema":{"@context":"https:\/\/schema.org","@graph":[{"@type":"Article","@id":"https:\/\/www.lasociedadgeografica.com\/blog\/festividades\/holi-india-festival-explicacion-racional\/#article","isPartOf":{"@id":"https:\/\/www.lasociedadgeografica.com\/blog\/festividades\/holi-india-festival-explicacion-racional\/"},"author":{"name":"Nona Rubio","@id":"https:\/\/www.lasociedadgeografica.com\/blog\/#\/schema\/person\/b3f7515b0befa8a16343ebf3bf602f0e"},"headline":"Holi: una explicacion racional","datePublished":"2011-03-19T11:20:33+00:00","dateModified":"2017-05-31T08:33:34+00:00","mainEntityOfPage":{"@id":"https:\/\/www.lasociedadgeografica.com\/blog\/festividades\/holi-india-festival-explicacion-racional\/"},"wordCount":429,"commentCount":1,"keywords":["color en Holi","costumbres de la India","d\u00f3nde celebrar Holi","festival","festividades","fuego en Holi","holi","Holika","Nona Rubio","qu\u00e9 se celebra en Holi","tradiciones de la India"],"articleSection":["Festividades","Viajes India"],"inLanguage":"es","potentialAction":[{"@type":"CommentAction","name":"Comment","target":["https:\/\/www.lasociedadgeografica.com\/blog\/festividades\/holi-india-festival-explicacion-racional\/#respond"]}]},{"@type":"WebPage","@id":"https:\/\/www.lasociedadgeografica.com\/blog\/festividades\/holi-india-festival-explicacion-racional\/","url":"https:\/\/www.lasociedadgeografica.com\/blog\/festividades\/holi-india-festival-explicacion-racional\/","name":"Holi: una explicacion racional","isPartOf":{"@id":"https:\/\/www.lasociedadgeografica.com\/blog\/#website"},"datePublished":"2011-03-19T11:20:33+00:00","dateModified":"2017-05-31T08:33:34+00:00","author":{"@id":"https:\/\/www.lasociedadgeografica.com\/blog\/#\/schema\/person\/b3f7515b0befa8a16343ebf3bf602f0e"},"description":"Holi marca el final del invierno y la llegada de la primavera. Es uno de los festivales m\u00e1s llamativos de la India y se celebra con el fuego y el color.","breadcrumb":{"@id":"https:\/\/www.lasociedadgeografica.com\/blog\/festividades\/holi-india-festival-explicacion-racional\/#breadcrumb"},"inLanguage":"es","potentialAction":[{"@type":"ReadAction","target":["https:\/\/www.lasociedadgeografica.com\/blog\/festividades\/holi-india-festival-explicacion-racional\/"]}]},{"@type":"BreadcrumbList","@id":"https:\/\/www.lasociedadgeografica.com\/blog\/festividades\/holi-india-festival-explicacion-racional\/#breadcrumb","itemListElement":[{"@type":"ListItem","position":1,"name":"Portada","item":"https:\/\/www.lasociedadgeografica.com\/blog\/"},{"@type":"ListItem","position":2,"name":"Holi: una explicacion racional"}]},{"@type":"WebSite","@id":"https:\/\/www.lasociedadgeografica.com\/blog\/#website","url":"https:\/\/www.lasociedadgeografica.com\/blog\/","name":"Blog de viajes a India","description":"Un lugar para Conocer India, con may\u00fasculas. El Blog de Sociedad Geogr\u00e1fica de las Indias.","potentialAction":[{"@type":"SearchAction","target":{"@type":"EntryPoint","urlTemplate":"https:\/\/www.lasociedadgeografica.com\/blog\/?s={search_term_string}"},"query-input":{"@type":"PropertyValueSpecification","valueRequired":true,"valueName":"search_term_string"}}],"inLanguage":"es"},{"@type":"Person","@id":"https:\/\/www.lasociedadgeografica.com\/blog\/#\/schema\/person\/b3f7515b0befa8a16343ebf3bf602f0e","name":"Nona Rubio","image":{"@type":"ImageObject","inLanguage":"es","@id":"https:\/\/secure.gravatar.com\/avatar\/1bf18ee7fde0e9d49eab0aea4940b9c7efe777788dd6cddc8e6c52f980cdf262?s=96&r=g","url":"https:\/\/secure.gravatar.com\/avatar\/1bf18ee7fde0e9d49eab0aea4940b9c7efe777788dd6cddc8e6c52f980cdf262?s=96&r=g","contentUrl":"https:\/\/secure.gravatar.com\/avatar\/1bf18ee7fde0e9d49eab0aea4940b9c7efe777788dd6cddc8e6c52f980cdf262?s=96&r=g","caption":"Nona Rubio"},"description":"A Nona no le gusta viajar. Le apasiona viajar. Y tambi\u00e9n contar sus viajes en diferentes formatos. Desde un cuaderno de bit\u00e1cora de una expedici\u00f3n al Himalaya acompa\u00f1ando al alpinista aragon\u00e9s Carlos Pauner hasta los 4.900 metros de altura; a los guiones de su propia serie de viajes \u201cEl Camino m\u00e1s Largo\u201d (GeoPlaneta TV). La primera vez que puso un pie en India supo que repetir\u00eda. Su flechazo con el segundo pa\u00eds m\u00e1s poblado del mundo fue inmediato. Y eso que Nona no es amiga de las multitudes. Pero lo de India es otra historia. Por eso ahora est\u00e1 aqu\u00ed. Para seguir contando historias que hablan de un pa\u00eds inabarcable con el que hay que ser paciente si lo que pretendemos es conocerlo por dentro. + info: nonarubio","sameAs":["http:\/\/nonarubio.musacomunica.es\/"],"url":"https:\/\/www.lasociedadgeografica.com\/blog\/author\/nona_rubio\/"}]}},"_links":{"self":[{"href":"https:\/\/www.lasociedadgeografica.com\/blog\/wp-json\/wp\/v2\/posts\/2486","targetHints":{"allow":["GET"]}}],"collection":[{"href":"https:\/\/www.lasociedadgeografica.com\/blog\/wp-json\/wp\/v2\/posts"}],"about":[{"href":"https:\/\/www.lasociedadgeografica.com\/blog\/wp-json\/wp\/v2\/types\/post"}],"author":[{"embeddable":true,"href":"https:\/\/www.lasociedadgeografica.com\/blog\/wp-json\/wp\/v2\/users\/8"}],"replies":[{"embeddable":true,"href":"https:\/\/www.lasociedadgeografica.com\/blog\/wp-json\/wp\/v2\/comments?post=2486"}],"version-history":[{"count":12,"href":"https:\/\/www.lasociedadgeografica.com\/blog\/wp-json\/wp\/v2\/posts\/2486\/revisions"}],"predecessor-version":[{"id":15018,"href":"https:\/\/www.lasociedadgeografica.com\/blog\/wp-json\/wp\/v2\/posts\/2486\/revisions\/15018"}],"wp:attachment":[{"href":"https:\/\/www.lasociedadgeografica.com\/blog\/wp-json\/wp\/v2\/media?parent=2486"}],"wp:term":[{"taxonomy":"category","embeddable":true,"href":"https:\/\/www.lasociedadgeografica.com\/blog\/wp-json\/wp\/v2\/categories?post=2486"},{"taxonomy":"post_tag","embeddable":true,"href":"https:\/\/www.lasociedadgeografica.com\/blog\/wp-json\/wp\/v2\/tags?post=2486"}],"curies":[{"name":"wp","href":"https:\/\/api.w.org\/{rel}","templated":true}]}}