{"id":2559,"date":"2011-05-16T16:35:10","date_gmt":"2011-05-16T14:35:10","guid":{"rendered":"https:\/\/www.lasociedadgeografica.com\/blog\/?p=2559"},"modified":"2017-03-10T17:18:31","modified_gmt":"2017-03-10T16:18:31","slug":"buda-purnima-jayanti-aniversario-de-buda","status":"publish","type":"post","link":"https:\/\/www.lasociedadgeografica.com\/blog\/mitologia-y-religion\/buda-purnima-jayanti-aniversario-de-buda\/","title":{"rendered":"Buda Purnima, el aniversario de Buda"},"content":{"rendered":"\n\n<div class=\"kk-star-ratings kksr-auto kksr-align-left kksr-valign-top\"\n    data-payload='{&quot;align&quot;:&quot;left&quot;,&quot;id&quot;:&quot;2559&quot;,&quot;slug&quot;:&quot;default&quot;,&quot;valign&quot;:&quot;top&quot;,&quot;ignore&quot;:&quot;&quot;,&quot;reference&quot;:&quot;auto&quot;,&quot;class&quot;:&quot;&quot;,&quot;count&quot;:&quot;3&quot;,&quot;legendonly&quot;:&quot;&quot;,&quot;readonly&quot;:&quot;&quot;,&quot;score&quot;:&quot;3.7&quot;,&quot;starsonly&quot;:&quot;&quot;,&quot;best&quot;:&quot;5&quot;,&quot;gap&quot;:&quot;6&quot;,&quot;greet&quot;:&quot;&quot;,&quot;legend&quot;:&quot;3.7\\\/5 - (3 votos)&quot;,&quot;size&quot;:&quot;22&quot;,&quot;title&quot;:&quot;Buda Purnima, el aniversario de Buda&quot;,&quot;width&quot;:&quot;100.6&quot;,&quot;_legend&quot;:&quot;{score}\\\/{best} - ({count} {votes})&quot;,&quot;font_factor&quot;:&quot;1.25&quot;}'>\n            \n<div class=\"kksr-stars\">\n    \n<div class=\"kksr-stars-inactive\">\n            <div class=\"kksr-star\" data-star=\"1\" style=\"padding-right: 6px\">\n            \n\n<div class=\"kksr-icon\" style=\"width: 22px; height: 22px;\"><\/div>\n        <\/div>\n            <div class=\"kksr-star\" data-star=\"2\" style=\"padding-right: 6px\">\n            \n\n<div class=\"kksr-icon\" style=\"width: 22px; height: 22px;\"><\/div>\n        <\/div>\n            <div class=\"kksr-star\" data-star=\"3\" style=\"padding-right: 6px\">\n            \n\n<div class=\"kksr-icon\" style=\"width: 22px; height: 22px;\"><\/div>\n        <\/div>\n            <div class=\"kksr-star\" data-star=\"4\" style=\"padding-right: 6px\">\n            \n\n<div class=\"kksr-icon\" style=\"width: 22px; height: 22px;\"><\/div>\n        <\/div>\n            <div class=\"kksr-star\" data-star=\"5\" style=\"padding-right: 6px\">\n            \n\n<div class=\"kksr-icon\" style=\"width: 22px; height: 22px;\"><\/div>\n        <\/div>\n    <\/div>\n    \n<div class=\"kksr-stars-active\" style=\"width: 100.6px;\">\n            <div class=\"kksr-star\" style=\"padding-right: 6px\">\n            \n\n<div class=\"kksr-icon\" style=\"width: 22px; height: 22px;\"><\/div>\n        <\/div>\n            <div class=\"kksr-star\" style=\"padding-right: 6px\">\n            \n\n<div class=\"kksr-icon\" style=\"width: 22px; height: 22px;\"><\/div>\n        <\/div>\n            <div class=\"kksr-star\" style=\"padding-right: 6px\">\n            \n\n<div class=\"kksr-icon\" style=\"width: 22px; height: 22px;\"><\/div>\n        <\/div>\n            <div class=\"kksr-star\" style=\"padding-right: 6px\">\n            \n\n<div class=\"kksr-icon\" style=\"width: 22px; height: 22px;\"><\/div>\n        <\/div>\n            <div class=\"kksr-star\" style=\"padding-right: 6px\">\n            \n\n<div class=\"kksr-icon\" style=\"width: 22px; height: 22px;\"><\/div>\n        <\/div>\n    <\/div>\n<\/div>\n                \n\n<div class=\"kksr-legend\" style=\"font-size: 17.6px;\">\n            3.7\/5 - (3 votos)    <\/div>\n    <\/div>\n<p>&#8216;Buda Jayanti&#8217; o &#8216;Buda Purnima&#8217; es el d\u00eda m\u00e1s importante para el <a href=\"https:\/\/www.lasociedadgeografica.com\/blog\/mitologia-y-religion\/introduccion-al-budismo\/\" target=\"_blank\">budismo<\/a> y commemora los tres eventos m\u00e1s significativos de la vida de Gautama Buda que ocurrieron en un mismo momento: su nacimiento, iluminaci\u00f3n y muerte (nirvana).<br \/>\nTodos sucedieron en el llamado mes de &#8216;Vaishak&#8217; (abril\/mayo), en una noche de luna llena. Por ello se celebra este festival, que cada a\u00f1o coincide con la primera luna llena de esos dos meses.<br \/>\n<a href=\"\/\/www.lasociedadgeografica.com\/blog\/uploads\/2010\/08\/siddharta-big.jpg\"><img loading=\"lazy\" decoding=\"async\" class=\"size-full wp-image-815 alignright\" style=\"margin-left: 5px;\" title=\"siddharta\" src=\"\/\/www.lasociedadgeografica.com\/blog\/uploads\/2010\/08\/siddharta-big.jpg\" alt=\"Representaci\u00f3n de Siddharta (buda)\" width=\"273\" height=\"228\" srcset=\"https:\/\/www.lasociedadgeografica.com\/blog\/uploads\/2010\/08\/siddharta-big.jpg 450w, https:\/\/www.lasociedadgeografica.com\/blog\/uploads\/2010\/08\/siddharta-big-300x251.jpg 300w\" sizes=\"auto, (max-width: 273px) 100vw, 273px\" \/><\/a><br \/>\n<a name=\"smore-\"><\/a><br \/>\n<strong>Pr\u00f3ximos Buda Jayanti o Buda Purnima:<\/strong><br \/>\n2011, 17 de mayo.<br \/>\n2012, 6 de mayo.<br \/>\n2013, 25 de mayo.<\/p>\n<p><strong>Su Vida Divina.<\/strong><\/p>\n<p>Considerado el noveno avatar de Vishnu, Gautama naci\u00f3 encarnado en Siddhartha en 566 A.C. en Kalpataru, ahora Lumbini (Nepal en la actualidad). Leyendas populares lo representan como el hijo de un gran rey, que naci\u00f3 en medio de los grandes lujos de un palacio. Cuando se hizo hombre, Siddhartha fue tomado por los sufrimientos del mundo (siendo el envejecimiento, la enfermedad y la muerte los m\u00e1s importantes), dej\u00f3 sus riquezas para convertirse en asceta y buscar la verdad m\u00e1s elevada. Luego de a\u00f1os de estudio, meditaci\u00f3n y sacrificio, es conocido por haber encontrado el Nirvana y convertirse en Buda o el completamente iluminado.<\/p>\n<p><strong>Sus Ense\u00f1anzas.<\/strong><\/p>\n<p>El <a href=\"\/\/www.lasociedadgeografica.com\/blog\/mitologia-y-religion\/introduccion-al-budismo\/\">budismo<\/a> es una de las m\u00e1s antiguas y altamente filos\u00f3ficas tradiciones Indias. <strong>\u201cBuda\u201d significa \u201cel despierto\u201d<\/strong>, alguien que ha despertado del sue\u00f1o de la ignorancia y ve las cosas como realmente son. El budismo son las ense\u00f1anzas de Buda y sus experiencias interiores o comprensiones. Buda tiene 84 mil ense\u00f1anzas. Todas estas ense\u00f1anzas y su comprensi\u00f3n interior constituyen el Budismo.<\/p>\n<p><strong>Rituales.<\/strong><\/p>\n<p>El d\u00eda cae en el mes del Vaishaka del calendario Indio. Oraciones, sermones y recitaci\u00f3n sin parar de las escrituras Budistas resuenan en los monasterios, salones religiosos y casas. En los monasterios de Sikkim, los monjes sostienen lecturas que duran todo el d\u00eda de las escrituras ante la estatua de Buda. Ellos dejan que la gente escuche estos recitales, y tambi\u00e9n dejan que den regalos a los monjes y la estatua.<\/p>\n<p>La estatua de Buda, de hecho, recibe atenci\u00f3n especial en todas partes, con ofrendas de incienso, flores, velas y frutas. El \u00e1rbol Banyan \u2013 llamado el \u00e1rbol del Bodhi por su rol en la iluminaci\u00f3n de Buda \u2013 tambi\u00e9n recibe su justa parte de adornos con guirnaldas y coloridas banderas. La gente tambi\u00e9n esparce leche y agua con esencias en sus ra\u00edces y enciende hileras de l\u00e1mparas a su alrededor.<\/p>\n","protected":false},"excerpt":{"rendered":"<p>&#8216;Buda Jayanti&#8217; o &#8216;Buda Purnima&#8217; es el d\u00eda m\u00e1s importante para el budismo y commemora los tres eventos m\u00e1s significativos de la vida de Gautama Buda que ocurrieron en un mismo momento: su nacimiento, iluminaci\u00f3n y muerte (nirvana)&#8230;<\/p>\n","protected":false},"author":1,"featured_media":0,"comment_status":"open","ping_status":"open","sticky":false,"template":"","format":"standard","meta":{"footnotes":""},"categories":[143,10],"tags":[130,199,88,392,734,66],"class_list":["post-2559","post","type-post","status-publish","format-standard","hentry","category-festividades","category-mitologia-y-religion","tag-buda","tag-budismo","tag-festival","tag-festividades-2","tag-siddhartha","tag-vishnu"],"yoast_head":"<!-- This site is optimized with the Yoast SEO plugin v27.4 - https:\/\/yoast.com\/product\/yoast-seo-wordpress\/ -->\n<title>Buda Purnima, el aniversario de Buda<\/title>\n<meta name=\"robots\" content=\"index, follow, max-snippet:-1, max-image-preview:large, max-video-preview:-1\" \/>\n<link rel=\"canonical\" href=\"https:\/\/www.lasociedadgeografica.com\/blog\/mitologia-y-religion\/buda-purnima-jayanti-aniversario-de-buda\/\" \/>\n<meta property=\"og:locale\" content=\"es_ES\" \/>\n<meta property=\"og:type\" content=\"article\" \/>\n<meta property=\"og:title\" content=\"Buda Purnima, el aniversario de Buda\" \/>\n<meta property=\"og:description\" content=\"&#039;Buda Jayanti&#039; o &#039;Buda Purnima&#039; es el d\u00eda m\u00e1s importante para el budismo y commemora los tres eventos m\u00e1s significativos de la vida de Gautama Buda que ocurrieron en un mismo momento: su nacimiento, iluminaci\u00f3n y muerte (nirvana)...\" \/>\n<meta property=\"og:url\" content=\"https:\/\/www.lasociedadgeografica.com\/blog\/mitologia-y-religion\/buda-purnima-jayanti-aniversario-de-buda\/\" \/>\n<meta property=\"og:site_name\" content=\"Blog de viajes a India\" \/>\n<meta property=\"article:published_time\" content=\"2011-05-16T14:35:10+00:00\" \/>\n<meta property=\"article:modified_time\" content=\"2017-03-10T16:18:31+00:00\" \/>\n<meta property=\"og:image\" content=\"\/\/www.lasociedadgeografica.com\/blog\/uploads\/2010\/08\/siddharta-big.jpg\" \/>\n<meta name=\"author\" content=\"SGI\" \/>\n<meta name=\"twitter:label1\" content=\"Escrito por\" \/>\n\t<meta name=\"twitter:data1\" content=\"SGI\" \/>\n\t<meta name=\"twitter:label2\" content=\"Tiempo de lectura\" \/>\n\t<meta name=\"twitter:data2\" content=\"2 minutos\" \/>\n<script type=\"application\/ld+json\" class=\"yoast-schema-graph\">{\"@context\":\"https:\\\/\\\/schema.org\",\"@graph\":[{\"@type\":\"Article\",\"@id\":\"https:\\\/\\\/www.lasociedadgeografica.com\\\/blog\\\/mitologia-y-religion\\\/buda-purnima-jayanti-aniversario-de-buda\\\/#article\",\"isPartOf\":{\"@id\":\"https:\\\/\\\/www.lasociedadgeografica.com\\\/blog\\\/mitologia-y-religion\\\/buda-purnima-jayanti-aniversario-de-buda\\\/\"},\"author\":{\"name\":\"SGI\",\"@id\":\"https:\\\/\\\/www.lasociedadgeografica.com\\\/blog\\\/#\\\/schema\\\/person\\\/4eb706084ebada5acb6f674d895232d2\"},\"headline\":\"Buda Purnima, el aniversario de Buda\",\"datePublished\":\"2011-05-16T14:35:10+00:00\",\"dateModified\":\"2017-03-10T16:18:31+00:00\",\"mainEntityOfPage\":{\"@id\":\"https:\\\/\\\/www.lasociedadgeografica.com\\\/blog\\\/mitologia-y-religion\\\/buda-purnima-jayanti-aniversario-de-buda\\\/\"},\"wordCount\":427,\"commentCount\":2,\"keywords\":[\"Buda\",\"budismo\",\"festival\",\"festividades\",\"Siddhartha\",\"Vishnu\"],\"articleSection\":[\"Festividades\",\"Mitolog\u00eda y religi\u00f3n\"],\"inLanguage\":\"es\",\"potentialAction\":[{\"@type\":\"CommentAction\",\"name\":\"Comment\",\"target\":[\"https:\\\/\\\/www.lasociedadgeografica.com\\\/blog\\\/mitologia-y-religion\\\/buda-purnima-jayanti-aniversario-de-buda\\\/#respond\"]}]},{\"@type\":\"WebPage\",\"@id\":\"https:\\\/\\\/www.lasociedadgeografica.com\\\/blog\\\/mitologia-y-religion\\\/buda-purnima-jayanti-aniversario-de-buda\\\/\",\"url\":\"https:\\\/\\\/www.lasociedadgeografica.com\\\/blog\\\/mitologia-y-religion\\\/buda-purnima-jayanti-aniversario-de-buda\\\/\",\"name\":\"Buda Purnima, el aniversario de Buda\",\"isPartOf\":{\"@id\":\"https:\\\/\\\/www.lasociedadgeografica.com\\\/blog\\\/#website\"},\"datePublished\":\"2011-05-16T14:35:10+00:00\",\"dateModified\":\"2017-03-10T16:18:31+00:00\",\"author\":{\"@id\":\"https:\\\/\\\/www.lasociedadgeografica.com\\\/blog\\\/#\\\/schema\\\/person\\\/4eb706084ebada5acb6f674d895232d2\"},\"breadcrumb\":{\"@id\":\"https:\\\/\\\/www.lasociedadgeografica.com\\\/blog\\\/mitologia-y-religion\\\/buda-purnima-jayanti-aniversario-de-buda\\\/#breadcrumb\"},\"inLanguage\":\"es\",\"potentialAction\":[{\"@type\":\"ReadAction\",\"target\":[\"https:\\\/\\\/www.lasociedadgeografica.com\\\/blog\\\/mitologia-y-religion\\\/buda-purnima-jayanti-aniversario-de-buda\\\/\"]}]},{\"@type\":\"BreadcrumbList\",\"@id\":\"https:\\\/\\\/www.lasociedadgeografica.com\\\/blog\\\/mitologia-y-religion\\\/buda-purnima-jayanti-aniversario-de-buda\\\/#breadcrumb\",\"itemListElement\":[{\"@type\":\"ListItem\",\"position\":1,\"name\":\"Portada\",\"item\":\"https:\\\/\\\/www.lasociedadgeografica.com\\\/blog\\\/\"},{\"@type\":\"ListItem\",\"position\":2,\"name\":\"Buda Purnima, el aniversario de Buda\"}]},{\"@type\":\"WebSite\",\"@id\":\"https:\\\/\\\/www.lasociedadgeografica.com\\\/blog\\\/#website\",\"url\":\"https:\\\/\\\/www.lasociedadgeografica.com\\\/blog\\\/\",\"name\":\"Blog de viajes a India\",\"description\":\"Un lugar para Conocer India, con may\u00fasculas. El Blog de Sociedad Geogr\u00e1fica de las Indias.\",\"potentialAction\":[{\"@type\":\"SearchAction\",\"target\":{\"@type\":\"EntryPoint\",\"urlTemplate\":\"https:\\\/\\\/www.lasociedadgeografica.com\\\/blog\\\/?s={search_term_string}\"},\"query-input\":{\"@type\":\"PropertyValueSpecification\",\"valueRequired\":true,\"valueName\":\"search_term_string\"}}],\"inLanguage\":\"es\"},{\"@type\":\"Person\",\"@id\":\"https:\\\/\\\/www.lasociedadgeografica.com\\\/blog\\\/#\\\/schema\\\/person\\\/4eb706084ebada5acb6f674d895232d2\",\"name\":\"SGI\",\"image\":{\"@type\":\"ImageObject\",\"inLanguage\":\"es\",\"@id\":\"https:\\\/\\\/secure.gravatar.com\\\/avatar\\\/3b6518b4778a72cb0cada5ad3bf7536bf8fd05c7dc636ba9c80f95598fc13469?s=96&r=g\",\"url\":\"https:\\\/\\\/secure.gravatar.com\\\/avatar\\\/3b6518b4778a72cb0cada5ad3bf7536bf8fd05c7dc636ba9c80f95598fc13469?s=96&r=g\",\"contentUrl\":\"https:\\\/\\\/secure.gravatar.com\\\/avatar\\\/3b6518b4778a72cb0cada5ad3bf7536bf8fd05c7dc636ba9c80f95598fc13469?s=96&r=g\",\"caption\":\"SGI\"},\"description\":\"Sociedad Geogr\u00e1fica de las Indias, agencia especializada en viajes exclusivos y a medida a India. https:\\\/\\\/www.lasociedadgeografica.com\",\"sameAs\":[\"https:\\\/\\\/www.lasociedadgeografica.com\"],\"url\":\"https:\\\/\\\/www.lasociedadgeografica.com\\\/blog\\\/author\\\/admin\\\/\"}]}<\/script>\n<!-- \/ Yoast SEO plugin. -->","yoast_head_json":{"title":"Buda Purnima, el aniversario de Buda","robots":{"index":"index","follow":"follow","max-snippet":"max-snippet:-1","max-image-preview":"max-image-preview:large","max-video-preview":"max-video-preview:-1"},"canonical":"https:\/\/www.lasociedadgeografica.com\/blog\/mitologia-y-religion\/buda-purnima-jayanti-aniversario-de-buda\/","og_locale":"es_ES","og_type":"article","og_title":"Buda Purnima, el aniversario de Buda","og_description":"'Buda Jayanti' o 'Buda Purnima' es el d\u00eda m\u00e1s importante para el budismo y commemora los tres eventos m\u00e1s significativos de la vida de Gautama Buda que ocurrieron en un mismo momento: su nacimiento, iluminaci\u00f3n y muerte (nirvana)...","og_url":"https:\/\/www.lasociedadgeografica.com\/blog\/mitologia-y-religion\/buda-purnima-jayanti-aniversario-de-buda\/","og_site_name":"Blog de viajes a India","article_published_time":"2011-05-16T14:35:10+00:00","article_modified_time":"2017-03-10T16:18:31+00:00","og_image":[{"url":"\/\/www.lasociedadgeografica.com\/blog\/uploads\/2010\/08\/siddharta-big.jpg","type":"","width":"","height":""}],"author":"SGI","twitter_misc":{"Escrito por":"SGI","Tiempo de lectura":"2 minutos"},"schema":{"@context":"https:\/\/schema.org","@graph":[{"@type":"Article","@id":"https:\/\/www.lasociedadgeografica.com\/blog\/mitologia-y-religion\/buda-purnima-jayanti-aniversario-de-buda\/#article","isPartOf":{"@id":"https:\/\/www.lasociedadgeografica.com\/blog\/mitologia-y-religion\/buda-purnima-jayanti-aniversario-de-buda\/"},"author":{"name":"SGI","@id":"https:\/\/www.lasociedadgeografica.com\/blog\/#\/schema\/person\/4eb706084ebada5acb6f674d895232d2"},"headline":"Buda Purnima, el aniversario de Buda","datePublished":"2011-05-16T14:35:10+00:00","dateModified":"2017-03-10T16:18:31+00:00","mainEntityOfPage":{"@id":"https:\/\/www.lasociedadgeografica.com\/blog\/mitologia-y-religion\/buda-purnima-jayanti-aniversario-de-buda\/"},"wordCount":427,"commentCount":2,"keywords":["Buda","budismo","festival","festividades","Siddhartha","Vishnu"],"articleSection":["Festividades","Mitolog\u00eda y religi\u00f3n"],"inLanguage":"es","potentialAction":[{"@type":"CommentAction","name":"Comment","target":["https:\/\/www.lasociedadgeografica.com\/blog\/mitologia-y-religion\/buda-purnima-jayanti-aniversario-de-buda\/#respond"]}]},{"@type":"WebPage","@id":"https:\/\/www.lasociedadgeografica.com\/blog\/mitologia-y-religion\/buda-purnima-jayanti-aniversario-de-buda\/","url":"https:\/\/www.lasociedadgeografica.com\/blog\/mitologia-y-religion\/buda-purnima-jayanti-aniversario-de-buda\/","name":"Buda Purnima, el aniversario de Buda","isPartOf":{"@id":"https:\/\/www.lasociedadgeografica.com\/blog\/#website"},"datePublished":"2011-05-16T14:35:10+00:00","dateModified":"2017-03-10T16:18:31+00:00","author":{"@id":"https:\/\/www.lasociedadgeografica.com\/blog\/#\/schema\/person\/4eb706084ebada5acb6f674d895232d2"},"breadcrumb":{"@id":"https:\/\/www.lasociedadgeografica.com\/blog\/mitologia-y-religion\/buda-purnima-jayanti-aniversario-de-buda\/#breadcrumb"},"inLanguage":"es","potentialAction":[{"@type":"ReadAction","target":["https:\/\/www.lasociedadgeografica.com\/blog\/mitologia-y-religion\/buda-purnima-jayanti-aniversario-de-buda\/"]}]},{"@type":"BreadcrumbList","@id":"https:\/\/www.lasociedadgeografica.com\/blog\/mitologia-y-religion\/buda-purnima-jayanti-aniversario-de-buda\/#breadcrumb","itemListElement":[{"@type":"ListItem","position":1,"name":"Portada","item":"https:\/\/www.lasociedadgeografica.com\/blog\/"},{"@type":"ListItem","position":2,"name":"Buda Purnima, el aniversario de Buda"}]},{"@type":"WebSite","@id":"https:\/\/www.lasociedadgeografica.com\/blog\/#website","url":"https:\/\/www.lasociedadgeografica.com\/blog\/","name":"Blog de viajes a India","description":"Un lugar para Conocer India, con may\u00fasculas. El Blog de Sociedad Geogr\u00e1fica de las Indias.","potentialAction":[{"@type":"SearchAction","target":{"@type":"EntryPoint","urlTemplate":"https:\/\/www.lasociedadgeografica.com\/blog\/?s={search_term_string}"},"query-input":{"@type":"PropertyValueSpecification","valueRequired":true,"valueName":"search_term_string"}}],"inLanguage":"es"},{"@type":"Person","@id":"https:\/\/www.lasociedadgeografica.com\/blog\/#\/schema\/person\/4eb706084ebada5acb6f674d895232d2","name":"SGI","image":{"@type":"ImageObject","inLanguage":"es","@id":"https:\/\/secure.gravatar.com\/avatar\/3b6518b4778a72cb0cada5ad3bf7536bf8fd05c7dc636ba9c80f95598fc13469?s=96&r=g","url":"https:\/\/secure.gravatar.com\/avatar\/3b6518b4778a72cb0cada5ad3bf7536bf8fd05c7dc636ba9c80f95598fc13469?s=96&r=g","contentUrl":"https:\/\/secure.gravatar.com\/avatar\/3b6518b4778a72cb0cada5ad3bf7536bf8fd05c7dc636ba9c80f95598fc13469?s=96&r=g","caption":"SGI"},"description":"Sociedad Geogr\u00e1fica de las Indias, agencia especializada en viajes exclusivos y a medida a India. https:\/\/www.lasociedadgeografica.com","sameAs":["https:\/\/www.lasociedadgeografica.com"],"url":"https:\/\/www.lasociedadgeografica.com\/blog\/author\/admin\/"}]}},"_links":{"self":[{"href":"https:\/\/www.lasociedadgeografica.com\/blog\/wp-json\/wp\/v2\/posts\/2559","targetHints":{"allow":["GET"]}}],"collection":[{"href":"https:\/\/www.lasociedadgeografica.com\/blog\/wp-json\/wp\/v2\/posts"}],"about":[{"href":"https:\/\/www.lasociedadgeografica.com\/blog\/wp-json\/wp\/v2\/types\/post"}],"author":[{"embeddable":true,"href":"https:\/\/www.lasociedadgeografica.com\/blog\/wp-json\/wp\/v2\/users\/1"}],"replies":[{"embeddable":true,"href":"https:\/\/www.lasociedadgeografica.com\/blog\/wp-json\/wp\/v2\/comments?post=2559"}],"version-history":[{"count":11,"href":"https:\/\/www.lasociedadgeografica.com\/blog\/wp-json\/wp\/v2\/posts\/2559\/revisions"}],"predecessor-version":[{"id":14413,"href":"https:\/\/www.lasociedadgeografica.com\/blog\/wp-json\/wp\/v2\/posts\/2559\/revisions\/14413"}],"wp:attachment":[{"href":"https:\/\/www.lasociedadgeografica.com\/blog\/wp-json\/wp\/v2\/media?parent=2559"}],"wp:term":[{"taxonomy":"category","embeddable":true,"href":"https:\/\/www.lasociedadgeografica.com\/blog\/wp-json\/wp\/v2\/categories?post=2559"},{"taxonomy":"post_tag","embeddable":true,"href":"https:\/\/www.lasociedadgeografica.com\/blog\/wp-json\/wp\/v2\/tags?post=2559"}],"curies":[{"name":"wp","href":"https:\/\/api.w.org\/{rel}","templated":true}]}}