{"id":25645,"date":"2024-07-02T11:26:09","date_gmt":"2024-07-02T09:26:09","guid":{"rendered":"https:\/\/www.lasociedadgeografica.com\/blog\/?p=25645"},"modified":"2024-07-04T12:02:12","modified_gmt":"2024-07-04T10:02:12","slug":"como-viaja-pedro-el-director-de-comunicacion-de-sociedad-geografica-de-las-indias","status":"publish","type":"post","link":"https:\/\/www.lasociedadgeografica.com\/blog\/sgi\/como-viaja-pedro-el-director-de-comunicacion-de-sociedad-geografica-de-las-indias\/","title":{"rendered":"\u00bfC\u00f3mo viaja Pedro, el Director de Comunicaci\u00f3n de Sociedad Geogr\u00e1fica de las Indias?"},"content":{"rendered":"\n\n<div class=\"kk-star-ratings kksr-auto kksr-align-left kksr-valign-top\"\n    data-payload='{&quot;align&quot;:&quot;left&quot;,&quot;id&quot;:&quot;25645&quot;,&quot;slug&quot;:&quot;default&quot;,&quot;valign&quot;:&quot;top&quot;,&quot;ignore&quot;:&quot;&quot;,&quot;reference&quot;:&quot;auto&quot;,&quot;class&quot;:&quot;&quot;,&quot;count&quot;:&quot;9&quot;,&quot;legendonly&quot;:&quot;&quot;,&quot;readonly&quot;:&quot;&quot;,&quot;score&quot;:&quot;5&quot;,&quot;starsonly&quot;:&quot;&quot;,&quot;best&quot;:&quot;5&quot;,&quot;gap&quot;:&quot;6&quot;,&quot;greet&quot;:&quot;&quot;,&quot;legend&quot;:&quot;5\\\/5 - (9 votos)&quot;,&quot;size&quot;:&quot;22&quot;,&quot;title&quot;:&quot;\u00bfC\u00f3mo viaja Pedro, el Director de Comunicaci\u00f3n de Sociedad Geogr\u00e1fica de las Indias?&quot;,&quot;width&quot;:&quot;137&quot;,&quot;_legend&quot;:&quot;{score}\\\/{best} - ({count} {votes})&quot;,&quot;font_factor&quot;:&quot;1.25&quot;}'>\n            \n<div class=\"kksr-stars\">\n    \n<div class=\"kksr-stars-inactive\">\n            <div class=\"kksr-star\" data-star=\"1\" style=\"padding-right: 6px\">\n            \n\n<div class=\"kksr-icon\" style=\"width: 22px; height: 22px;\"><\/div>\n        <\/div>\n            <div class=\"kksr-star\" data-star=\"2\" style=\"padding-right: 6px\">\n            \n\n<div class=\"kksr-icon\" style=\"width: 22px; height: 22px;\"><\/div>\n        <\/div>\n            <div class=\"kksr-star\" data-star=\"3\" style=\"padding-right: 6px\">\n            \n\n<div class=\"kksr-icon\" style=\"width: 22px; height: 22px;\"><\/div>\n        <\/div>\n            <div class=\"kksr-star\" data-star=\"4\" style=\"padding-right: 6px\">\n            \n\n<div class=\"kksr-icon\" style=\"width: 22px; height: 22px;\"><\/div>\n        <\/div>\n            <div class=\"kksr-star\" data-star=\"5\" style=\"padding-right: 6px\">\n            \n\n<div class=\"kksr-icon\" style=\"width: 22px; height: 22px;\"><\/div>\n        <\/div>\n    <\/div>\n    \n<div class=\"kksr-stars-active\" style=\"width: 137px;\">\n            <div class=\"kksr-star\" style=\"padding-right: 6px\">\n            \n\n<div class=\"kksr-icon\" style=\"width: 22px; height: 22px;\"><\/div>\n        <\/div>\n            <div class=\"kksr-star\" style=\"padding-right: 6px\">\n            \n\n<div class=\"kksr-icon\" style=\"width: 22px; height: 22px;\"><\/div>\n        <\/div>\n            <div class=\"kksr-star\" style=\"padding-right: 6px\">\n            \n\n<div class=\"kksr-icon\" style=\"width: 22px; height: 22px;\"><\/div>\n        <\/div>\n            <div class=\"kksr-star\" style=\"padding-right: 6px\">\n            \n\n<div class=\"kksr-icon\" style=\"width: 22px; height: 22px;\"><\/div>\n        <\/div>\n            <div class=\"kksr-star\" style=\"padding-right: 6px\">\n            \n\n<div class=\"kksr-icon\" style=\"width: 22px; height: 22px;\"><\/div>\n        <\/div>\n    <\/div>\n<\/div>\n                \n\n<div class=\"kksr-legend\" style=\"font-size: 17.6px;\">\n            5\/5 - (9 votos)    <\/div>\n    <\/div>\n<p><img loading=\"lazy\" decoding=\"async\" class=\"aligncenter size-full wp-image-26078\" src=\"https:\/\/www.lasociedadgeografica.com\/blog\/uploads\/pedro-taj-mahal.png\" alt=\"Pedro-Taj-Mahal\" width=\"2677\" height=\"1746\" srcset=\"https:\/\/www.lasociedadgeografica.com\/blog\/uploads\/pedro-taj-mahal.png 2677w, https:\/\/www.lasociedadgeografica.com\/blog\/uploads\/pedro-taj-mahal-300x196.png 300w, https:\/\/www.lasociedadgeografica.com\/blog\/uploads\/pedro-taj-mahal-1024x668.png 1024w, https:\/\/www.lasociedadgeografica.com\/blog\/uploads\/pedro-taj-mahal-1536x1002.png 1536w, https:\/\/www.lasociedadgeografica.com\/blog\/uploads\/pedro-taj-mahal-2048x1336.png 2048w, https:\/\/www.lasociedadgeografica.com\/blog\/uploads\/pedro-taj-mahal-728x475.png 728w, https:\/\/www.lasociedadgeografica.com\/blog\/uploads\/pedro-taj-mahal-363x237.png 363w, https:\/\/www.lasociedadgeografica.com\/blog\/uploads\/pedro-taj-mahal-462x301.png 462w\" sizes=\"auto, (max-width: 2677px) 100vw, 2677px\" \/><\/p>\n<p>Pedro Gonz\u00e1lez Figuls es Director de Comunicaci\u00f3n de Sociedad Geogr\u00e1fica de las Indias y un aventurero nato: desde los fondos marinos de Maldivas hasta los templos de Indonesia, a Pedro le encanta todo lo que suponga un riesgo y todas esas primeras veces que regalan los viajes m\u00e1s apasionantes.<\/p>\n<p><!--more--><\/p>\n<p>Pedro Gonz\u00e1lez Figuls nos revela c\u00f3mo viaja, sus lugares favoritos y aquellas an\u00e9cdotas que te conectan con el viaje m\u00e1s divertido.<\/p>\n<p><strong>1.\u00bfCu\u00e1l es ese destino que nunca olvidar\u00edas?<\/strong><\/p>\n<p>Ser\u00eda dif\u00edcil quedarse con un solo destino. Te dar\u00e9 varios momentos que dif\u00edcilmente olvidar\u00e9:<br \/>\n<a name=\"smore-\"><\/a><\/p>\n<ul>\n<li>Recorrer en moto los asombrosos paisajes de Ladakh.<\/li>\n<li>Asistir a un festival de sacrificios en un templo perdido de Sri Lanka.<\/li>\n<li>Sobrevolar el Himalaya en Nepal.<\/li>\n<li>Tatuarme con Whang-Od (mujer de 108 a\u00f1os) en el perdido pueblo de Bontoc en Filipinas.<\/li>\n<li>Aurora Boreal en Kiruna.<\/li>\n<li>Subasta de atunes (de C\u00e1diz, curiosamente) en el antiguo (y ya inexistente) mercado de pescado Tsukiji de Jap\u00f3n.<\/li>\n<li>Mi primer viaje grande con mis padres y hermano a Egipto.<\/li>\n<\/ul>\n<p><img loading=\"lazy\" decoding=\"async\" class=\"aligncenter size-full wp-image-26072\" src=\"https:\/\/www.lasociedadgeografica.com\/blog\/uploads\/img-20170320-wa0014.jpg\" alt=\"Aurora Boreal en Kiruna\" width=\"1600\" height=\"1066\" srcset=\"https:\/\/www.lasociedadgeografica.com\/blog\/uploads\/img-20170320-wa0014.jpg 1600w, https:\/\/www.lasociedadgeografica.com\/blog\/uploads\/img-20170320-wa0014-300x200.jpg 300w, https:\/\/www.lasociedadgeografica.com\/blog\/uploads\/img-20170320-wa0014-1024x682.jpg 1024w, https:\/\/www.lasociedadgeografica.com\/blog\/uploads\/img-20170320-wa0014-1536x1023.jpg 1536w, https:\/\/www.lasociedadgeografica.com\/blog\/uploads\/img-20170320-wa0014-728x485.jpg 728w, https:\/\/www.lasociedadgeografica.com\/blog\/uploads\/img-20170320-wa0014-363x242.jpg 363w, https:\/\/www.lasociedadgeografica.com\/blog\/uploads\/img-20170320-wa0014-462x308.jpg 462w\" sizes=\"auto, (max-width: 1600px) 100vw, 1600px\" \/><\/p>\n<p>&nbsp;<\/p>\n<p><img loading=\"lazy\" decoding=\"async\" class=\"aligncenter size-full wp-image-26079\" src=\"https:\/\/www.lasociedadgeografica.com\/blog\/uploads\/img-20240621-wa0003.jpg\" alt=\"Whang-Od\" width=\"584\" height=\"1040\" srcset=\"https:\/\/www.lasociedadgeografica.com\/blog\/uploads\/img-20240621-wa0003.jpg 584w, https:\/\/www.lasociedadgeografica.com\/blog\/uploads\/img-20240621-wa0003-168x300.jpg 168w, https:\/\/www.lasociedadgeografica.com\/blog\/uploads\/img-20240621-wa0003-575x1024.jpg 575w, https:\/\/www.lasociedadgeografica.com\/blog\/uploads\/img-20240621-wa0003-363x646.jpg 363w, https:\/\/www.lasociedadgeografica.com\/blog\/uploads\/img-20240621-wa0003-462x823.jpg 462w\" sizes=\"auto, (max-width: 584px) 100vw, 584px\" \/><\/p>\n<p><strong>2. Si tuvieras que elegir un plato t\u00edpico de India, \u00bfcu\u00e1l ser\u00eda? \u00bfY d\u00f3nde?<\/strong><\/p>\n<p>Recordar\u00e9 siempre con mucho cari\u00f1o las dosas que Lakshmi nos preparaba por la ma\u00f1ana antes de empezar a descubrir los encantos de Kerala.<\/p>\n<p><img loading=\"lazy\" decoding=\"async\" class=\"aligncenter size-full wp-image-26074\" src=\"https:\/\/www.lasociedadgeografica.com\/blog\/uploads\/dosa-recipe-3.jpg\" alt=\"Dosa\" width=\"1200\" height=\"1200\" srcset=\"https:\/\/www.lasociedadgeografica.com\/blog\/uploads\/dosa-recipe-3.jpg 1200w, https:\/\/www.lasociedadgeografica.com\/blog\/uploads\/dosa-recipe-3-300x300.jpg 300w, https:\/\/www.lasociedadgeografica.com\/blog\/uploads\/dosa-recipe-3-1024x1024.jpg 1024w, https:\/\/www.lasociedadgeografica.com\/blog\/uploads\/dosa-recipe-3-150x150.jpg 150w, https:\/\/www.lasociedadgeografica.com\/blog\/uploads\/dosa-recipe-3-50x50.jpg 50w, https:\/\/www.lasociedadgeografica.com\/blog\/uploads\/dosa-recipe-3-728x728.jpg 728w, https:\/\/www.lasociedadgeografica.com\/blog\/uploads\/dosa-recipe-3-363x363.jpg 363w, https:\/\/www.lasociedadgeografica.com\/blog\/uploads\/dosa-recipe-3-462x462.jpg 462w, https:\/\/www.lasociedadgeografica.com\/blog\/uploads\/dosa-recipe-3-120x120.jpg 120w\" sizes=\"auto, (max-width: 1200px) 100vw, 1200px\" \/><\/p>\n<p><strong>3. La mejor experiencia a lomos de una moto.<\/strong><\/p>\n<p>Sin duda, recorrer Ladakh y Leh en moto. La variedad de paisajes, las inveros\u00edmiles aventuras que suced\u00edan en los bordes de la carretera \/ camino, la idiosincrasia de esa remota parte del pa\u00eds, las peripecias para poder conseguir cerveza al final del d\u00eda. La soledad, la belleza, el misticismo fusionados en una brisa acariciadora de alma.<\/p>\n<p><img loading=\"lazy\" decoding=\"async\" class=\"aligncenter size-full wp-image-26071\" src=\"https:\/\/www.lasociedadgeografica.com\/blog\/uploads\/img-20230912-101837-scaled.jpg\" alt=\"Ladakh en moto\" width=\"2560\" height=\"1129\" srcset=\"https:\/\/www.lasociedadgeografica.com\/blog\/uploads\/img-20230912-101837-scaled.jpg 2560w, https:\/\/www.lasociedadgeografica.com\/blog\/uploads\/img-20230912-101837-300x132.jpg 300w, https:\/\/www.lasociedadgeografica.com\/blog\/uploads\/img-20230912-101837-1024x451.jpg 1024w, https:\/\/www.lasociedadgeografica.com\/blog\/uploads\/img-20230912-101837-1536x677.jpg 1536w, https:\/\/www.lasociedadgeografica.com\/blog\/uploads\/img-20230912-101837-2048x903.jpg 2048w, https:\/\/www.lasociedadgeografica.com\/blog\/uploads\/img-20230912-101837-728x321.jpg 728w, https:\/\/www.lasociedadgeografica.com\/blog\/uploads\/img-20230912-101837-363x160.jpg 363w, https:\/\/www.lasociedadgeografica.com\/blog\/uploads\/img-20230912-101837-462x204.jpg 462w\" sizes=\"auto, (max-width: 2560px) 100vw, 2560px\" \/><\/p>\n<p><strong>4. Un momento en plena naturaleza que nunca olvidar\u00e1s<\/strong><\/p>\n<p>Probablemente sea el haber coronado el Montblanc. El trabajo en equipo necesario para hacerlo, las dificultades previas que fueron aconteci\u00e9ndose y la belleza de la gesta, sumado al compromiso social que decidimos aportar a la expedici\u00f3n lo hace un momento muy ic\u00f3nico en mi vida.<\/p>\n<p><img loading=\"lazy\" decoding=\"async\" class=\"aligncenter size-full wp-image-26069\" src=\"https:\/\/www.lasociedadgeografica.com\/blog\/uploads\/img-2784-scaled.jpg\" alt=\"\" width=\"2560\" height=\"1920\" srcset=\"https:\/\/www.lasociedadgeografica.com\/blog\/uploads\/img-2784-scaled.jpg 2560w, https:\/\/www.lasociedadgeografica.com\/blog\/uploads\/img-2784-300x225.jpg 300w, https:\/\/www.lasociedadgeografica.com\/blog\/uploads\/img-2784-1024x768.jpg 1024w, https:\/\/www.lasociedadgeografica.com\/blog\/uploads\/img-2784-1536x1152.jpg 1536w, https:\/\/www.lasociedadgeografica.com\/blog\/uploads\/img-2784-2048x1536.jpg 2048w, https:\/\/www.lasociedadgeografica.com\/blog\/uploads\/img-2784-728x546.jpg 728w, https:\/\/www.lasociedadgeografica.com\/blog\/uploads\/img-2784-363x272.jpg 363w, https:\/\/www.lasociedadgeografica.com\/blog\/uploads\/img-2784-462x347.jpg 462w\" sizes=\"auto, (max-width: 2560px) 100vw, 2560px\" \/><\/p>\n<p><strong>5. Un lugar de Sri Lanka<\/strong><\/p>\n<p>5:30 am de la ma\u00f1ana. Amanecer. Arugambay. En la peque\u00f1a barca de Kiyas. Pescando una langosta de 2.75 kg que luego en vez de vender a \u00abla compa\u00f1\u00eda\u00bb (encargada de exportarlas a otras partes del mundo donde se aprecia m\u00e1s ese manjar) decidimos qued\u00e1rnosla para cocinarla y degustarla a la brasa por la noche. Deliciosa!! Tuvimos que pegarle la pata rota a otra langosta con superglue antes de ir a \u00abla compa\u00f1\u00eda\u00bb a venderla, porque con las patas rotas, pagan menos. Sin duda toda una experiencia.<\/p>\n<p><img loading=\"lazy\" decoding=\"async\" class=\"aligncenter size-full wp-image-26070\" src=\"https:\/\/www.lasociedadgeografica.com\/blog\/uploads\/img-20230608-193902-scaled.jpg\" alt=\"Langosta\" width=\"2560\" height=\"1130\" srcset=\"https:\/\/www.lasociedadgeografica.com\/blog\/uploads\/img-20230608-193902-scaled.jpg 2560w, https:\/\/www.lasociedadgeografica.com\/blog\/uploads\/img-20230608-193902-300x132.jpg 300w, https:\/\/www.lasociedadgeografica.com\/blog\/uploads\/img-20230608-193902-1024x452.jpg 1024w, https:\/\/www.lasociedadgeografica.com\/blog\/uploads\/img-20230608-193902-1536x678.jpg 1536w, https:\/\/www.lasociedadgeografica.com\/blog\/uploads\/img-20230608-193902-2048x904.jpg 2048w, https:\/\/www.lasociedadgeografica.com\/blog\/uploads\/img-20230608-193902-728x321.jpg 728w, https:\/\/www.lasociedadgeografica.com\/blog\/uploads\/img-20230608-193902-363x160.jpg 363w, https:\/\/www.lasociedadgeografica.com\/blog\/uploads\/img-20230608-193902-462x204.jpg 462w\" sizes=\"auto, (max-width: 2560px) 100vw, 2560px\" \/><\/p>\n<p><strong>6. \u00bfY el mejor hotel?<\/strong><\/p>\n<p>Sin lugar a dudas, el Taj Lake Palace de Udaipur. No solo es la ciudad m\u00e1s rom\u00e1ntica del mundo (para mi gusto) sino que este hotel es la guinda del pastel. Un pastel llamado romanticismo. Ya solo la forma en la que tienes que acceder a \u00e9l (barca, \u00fanica y exclusivamente) y te reciben hace sentir que es un sitio especial y luego las habitaciones son fantas\u00eda pura. De los hoteles m\u00e1s espectaculares en los que he estado. Y que sin duda recomiendo a todo el mundo.<\/p>\n<p><img loading=\"lazy\" decoding=\"async\" class=\"aligncenter size-full wp-image-26075\" src=\"https:\/\/www.lasociedadgeografica.com\/blog\/uploads\/taj-lake-palace-udaipur.jpeg\" alt=\"Taj-Lake-Palace-Udaipur\" width=\"1024\" height=\"682\" srcset=\"https:\/\/www.lasociedadgeografica.com\/blog\/uploads\/taj-lake-palace-udaipur.jpeg 1024w, https:\/\/www.lasociedadgeografica.com\/blog\/uploads\/taj-lake-palace-udaipur-300x200.jpeg 300w, https:\/\/www.lasociedadgeografica.com\/blog\/uploads\/taj-lake-palace-udaipur-728x485.jpeg 728w, https:\/\/www.lasociedadgeografica.com\/blog\/uploads\/taj-lake-palace-udaipur-363x242.jpeg 363w, https:\/\/www.lasociedadgeografica.com\/blog\/uploads\/taj-lake-palace-udaipur-462x308.jpeg 462w\" sizes=\"auto, (max-width: 1024px) 100vw, 1024px\" \/><\/p>\n<p><strong>7. \u00bfQu\u00e9 debe saber una persona antes de viajar a India?<\/strong><\/p>\n<p>Pues dir\u00eda que no deber\u00eda saber nada. jajaj<\/p>\n<p>Que deber\u00eda dejarse llevar, sorprender y acoger.<\/p>\n<p>Que es un pa\u00eds que tiene demasiado que ofrecer como para ir con estereotipos, expectativas, ideas preconcebidas (buenas o malas).<\/p>\n<p>Viajar a India es m\u00e1s un estado mental que una transacci\u00f3n f\u00edsica.<\/p>\n<p>E independientemente de si piensas que te va a gustar o no, debes visitarla al menos una vez en la vida.<\/p>\n<p>Ya, luego, cuando reposes todo lo vivido, decidir\u00e1s&#8230;<\/p>\n<p>Decidir\u00e1s volver, claro.<\/p>\n<p>Porque uno, a India, siempre vuelve.<\/p>\n<p>Mental y\/o f\u00edsicamente.<\/p>\n<p>&nbsp;<\/p>\n<p><img loading=\"lazy\" decoding=\"async\" class=\"aligncenter size-full wp-image-25646\" src=\"https:\/\/www.lasociedadgeografica.com\/blog\/uploads\/1703603828634-scaled.jpg\" alt=\"\" width=\"1920\" height=\"2560\" srcset=\"https:\/\/www.lasociedadgeografica.com\/blog\/uploads\/1703603828634-scaled.jpg 1920w, https:\/\/www.lasociedadgeografica.com\/blog\/uploads\/1703603828634-225x300.jpg 225w, https:\/\/www.lasociedadgeografica.com\/blog\/uploads\/1703603828634-768x1024.jpg 768w, https:\/\/www.lasociedadgeografica.com\/blog\/uploads\/1703603828634-1152x1536.jpg 1152w, https:\/\/www.lasociedadgeografica.com\/blog\/uploads\/1703603828634-1536x2048.jpg 1536w, https:\/\/www.lasociedadgeografica.com\/blog\/uploads\/1703603828634-728x971.jpg 728w, https:\/\/www.lasociedadgeografica.com\/blog\/uploads\/1703603828634-363x484.jpg 363w, https:\/\/www.lasociedadgeografica.com\/blog\/uploads\/1703603828634-462x616.jpg 462w\" sizes=\"auto, (max-width: 1920px) 100vw, 1920px\" \/><\/p>\n<p>&nbsp;<\/p>\n","protected":false},"excerpt":{"rendered":"<p>Pedro Gonz\u00e1lez Figuls es Director de Comunicaci\u00f3n de Sociedad Geogr\u00e1fica de las Indias y un aventurero nato: desde los fondos marinos de Maldivas hasta los templos de Indonesia, a Pedro le encanta todo lo que &hellip;<\/p>\n","protected":false},"author":1,"featured_media":0,"comment_status":"open","ping_status":"open","sticky":false,"template":"","format":"standard","meta":{"footnotes":""},"categories":[14],"tags":[],"class_list":["post-25645","post","type-post","status-publish","format-standard","hentry","category-sgi"],"yoast_head":"<!-- This site is optimized with the Yoast SEO plugin v27.4 - https:\/\/yoast.com\/product\/yoast-seo-wordpress\/ -->\n<title>\u00bfC\u00f3mo viaja Pedro, el Director de Comunicaci\u00f3n de Sociedad Geogr\u00e1fica de las Indias?<\/title>\n<meta name=\"robots\" content=\"index, follow, max-snippet:-1, max-image-preview:large, max-video-preview:-1\" \/>\n<link rel=\"canonical\" href=\"https:\/\/www.lasociedadgeografica.com\/blog\/sgi\/como-viaja-pedro-el-director-de-comunicacion-de-sociedad-geografica-de-las-indias\/\" \/>\n<meta property=\"og:locale\" content=\"es_ES\" \/>\n<meta property=\"og:type\" content=\"article\" \/>\n<meta property=\"og:title\" content=\"\u00bfC\u00f3mo viaja Pedro, el Director de Comunicaci\u00f3n de Sociedad Geogr\u00e1fica de las Indias?\" \/>\n<meta property=\"og:description\" content=\"Pedro Gonz\u00e1lez Figuls es Director de Comunicaci\u00f3n de Sociedad Geogr\u00e1fica de las Indias y un aventurero nato: desde los fondos marinos de Maldivas hasta los templos de Indonesia, a Pedro le encanta todo lo que &hellip;\" \/>\n<meta property=\"og:url\" content=\"https:\/\/www.lasociedadgeografica.com\/blog\/sgi\/como-viaja-pedro-el-director-de-comunicacion-de-sociedad-geografica-de-las-indias\/\" \/>\n<meta property=\"og:site_name\" content=\"Blog de viajes a India\" \/>\n<meta property=\"article:published_time\" content=\"2024-07-02T09:26:09+00:00\" \/>\n<meta property=\"article:modified_time\" content=\"2024-07-04T10:02:12+00:00\" \/>\n<meta property=\"og:image\" content=\"https:\/\/www.lasociedadgeografica.com\/blog\/uploads\/pedro-taj-mahal.png\" \/>\n<meta name=\"author\" content=\"SGI\" \/>\n<meta name=\"twitter:label1\" content=\"Escrito por\" \/>\n\t<meta name=\"twitter:data1\" content=\"SGI\" \/>\n\t<meta name=\"twitter:label2\" content=\"Tiempo de lectura\" \/>\n\t<meta name=\"twitter:data2\" content=\"3 minutos\" \/>\n<script type=\"application\/ld+json\" class=\"yoast-schema-graph\">{\"@context\":\"https:\\\/\\\/schema.org\",\"@graph\":[{\"@type\":\"Article\",\"@id\":\"https:\\\/\\\/www.lasociedadgeografica.com\\\/blog\\\/sgi\\\/como-viaja-pedro-el-director-de-comunicacion-de-sociedad-geografica-de-las-indias\\\/#article\",\"isPartOf\":{\"@id\":\"https:\\\/\\\/www.lasociedadgeografica.com\\\/blog\\\/sgi\\\/como-viaja-pedro-el-director-de-comunicacion-de-sociedad-geografica-de-las-indias\\\/\"},\"author\":{\"name\":\"SGI\",\"@id\":\"https:\\\/\\\/www.lasociedadgeografica.com\\\/blog\\\/#\\\/schema\\\/person\\\/4eb706084ebada5acb6f674d895232d2\"},\"headline\":\"\u00bfC\u00f3mo viaja Pedro, el Director de Comunicaci\u00f3n de Sociedad Geogr\u00e1fica de las Indias?\",\"datePublished\":\"2024-07-02T09:26:09+00:00\",\"dateModified\":\"2024-07-04T10:02:12+00:00\",\"mainEntityOfPage\":{\"@id\":\"https:\\\/\\\/www.lasociedadgeografica.com\\\/blog\\\/sgi\\\/como-viaja-pedro-el-director-de-comunicacion-de-sociedad-geografica-de-las-indias\\\/\"},\"wordCount\":664,\"commentCount\":0,\"image\":{\"@id\":\"https:\\\/\\\/www.lasociedadgeografica.com\\\/blog\\\/sgi\\\/como-viaja-pedro-el-director-de-comunicacion-de-sociedad-geografica-de-las-indias\\\/#primaryimage\"},\"thumbnailUrl\":\"https:\\\/\\\/www.lasociedadgeografica.com\\\/blog\\\/uploads\\\/pedro-taj-mahal.png\",\"articleSection\":[\"SGI\"],\"inLanguage\":\"es\",\"potentialAction\":[{\"@type\":\"CommentAction\",\"name\":\"Comment\",\"target\":[\"https:\\\/\\\/www.lasociedadgeografica.com\\\/blog\\\/sgi\\\/como-viaja-pedro-el-director-de-comunicacion-de-sociedad-geografica-de-las-indias\\\/#respond\"]}]},{\"@type\":\"WebPage\",\"@id\":\"https:\\\/\\\/www.lasociedadgeografica.com\\\/blog\\\/sgi\\\/como-viaja-pedro-el-director-de-comunicacion-de-sociedad-geografica-de-las-indias\\\/\",\"url\":\"https:\\\/\\\/www.lasociedadgeografica.com\\\/blog\\\/sgi\\\/como-viaja-pedro-el-director-de-comunicacion-de-sociedad-geografica-de-las-indias\\\/\",\"name\":\"\u00bfC\u00f3mo viaja Pedro, el Director de Comunicaci\u00f3n de Sociedad Geogr\u00e1fica de las Indias?\",\"isPartOf\":{\"@id\":\"https:\\\/\\\/www.lasociedadgeografica.com\\\/blog\\\/#website\"},\"primaryImageOfPage\":{\"@id\":\"https:\\\/\\\/www.lasociedadgeografica.com\\\/blog\\\/sgi\\\/como-viaja-pedro-el-director-de-comunicacion-de-sociedad-geografica-de-las-indias\\\/#primaryimage\"},\"image\":{\"@id\":\"https:\\\/\\\/www.lasociedadgeografica.com\\\/blog\\\/sgi\\\/como-viaja-pedro-el-director-de-comunicacion-de-sociedad-geografica-de-las-indias\\\/#primaryimage\"},\"thumbnailUrl\":\"https:\\\/\\\/www.lasociedadgeografica.com\\\/blog\\\/uploads\\\/pedro-taj-mahal.png\",\"datePublished\":\"2024-07-02T09:26:09+00:00\",\"dateModified\":\"2024-07-04T10:02:12+00:00\",\"author\":{\"@id\":\"https:\\\/\\\/www.lasociedadgeografica.com\\\/blog\\\/#\\\/schema\\\/person\\\/4eb706084ebada5acb6f674d895232d2\"},\"breadcrumb\":{\"@id\":\"https:\\\/\\\/www.lasociedadgeografica.com\\\/blog\\\/sgi\\\/como-viaja-pedro-el-director-de-comunicacion-de-sociedad-geografica-de-las-indias\\\/#breadcrumb\"},\"inLanguage\":\"es\",\"potentialAction\":[{\"@type\":\"ReadAction\",\"target\":[\"https:\\\/\\\/www.lasociedadgeografica.com\\\/blog\\\/sgi\\\/como-viaja-pedro-el-director-de-comunicacion-de-sociedad-geografica-de-las-indias\\\/\"]}]},{\"@type\":\"ImageObject\",\"inLanguage\":\"es\",\"@id\":\"https:\\\/\\\/www.lasociedadgeografica.com\\\/blog\\\/sgi\\\/como-viaja-pedro-el-director-de-comunicacion-de-sociedad-geografica-de-las-indias\\\/#primaryimage\",\"url\":\"https:\\\/\\\/www.lasociedadgeografica.com\\\/blog\\\/uploads\\\/pedro-taj-mahal.png\",\"contentUrl\":\"https:\\\/\\\/www.lasociedadgeografica.com\\\/blog\\\/uploads\\\/pedro-taj-mahal.png\",\"width\":2677,\"height\":1746,\"caption\":\"Pedro-Taj-Mahal\"},{\"@type\":\"BreadcrumbList\",\"@id\":\"https:\\\/\\\/www.lasociedadgeografica.com\\\/blog\\\/sgi\\\/como-viaja-pedro-el-director-de-comunicacion-de-sociedad-geografica-de-las-indias\\\/#breadcrumb\",\"itemListElement\":[{\"@type\":\"ListItem\",\"position\":1,\"name\":\"Portada\",\"item\":\"https:\\\/\\\/www.lasociedadgeografica.com\\\/blog\\\/\"},{\"@type\":\"ListItem\",\"position\":2,\"name\":\"\u00bfC\u00f3mo viaja Pedro, el Director de Comunicaci\u00f3n de Sociedad Geogr\u00e1fica de las Indias?\"}]},{\"@type\":\"WebSite\",\"@id\":\"https:\\\/\\\/www.lasociedadgeografica.com\\\/blog\\\/#website\",\"url\":\"https:\\\/\\\/www.lasociedadgeografica.com\\\/blog\\\/\",\"name\":\"Blog de viajes a India\",\"description\":\"Un lugar para Conocer India, con may\u00fasculas. El Blog de Sociedad Geogr\u00e1fica de las Indias.\",\"potentialAction\":[{\"@type\":\"SearchAction\",\"target\":{\"@type\":\"EntryPoint\",\"urlTemplate\":\"https:\\\/\\\/www.lasociedadgeografica.com\\\/blog\\\/?s={search_term_string}\"},\"query-input\":{\"@type\":\"PropertyValueSpecification\",\"valueRequired\":true,\"valueName\":\"search_term_string\"}}],\"inLanguage\":\"es\"},{\"@type\":\"Person\",\"@id\":\"https:\\\/\\\/www.lasociedadgeografica.com\\\/blog\\\/#\\\/schema\\\/person\\\/4eb706084ebada5acb6f674d895232d2\",\"name\":\"SGI\",\"image\":{\"@type\":\"ImageObject\",\"inLanguage\":\"es\",\"@id\":\"https:\\\/\\\/secure.gravatar.com\\\/avatar\\\/3b6518b4778a72cb0cada5ad3bf7536bf8fd05c7dc636ba9c80f95598fc13469?s=96&r=g\",\"url\":\"https:\\\/\\\/secure.gravatar.com\\\/avatar\\\/3b6518b4778a72cb0cada5ad3bf7536bf8fd05c7dc636ba9c80f95598fc13469?s=96&r=g\",\"contentUrl\":\"https:\\\/\\\/secure.gravatar.com\\\/avatar\\\/3b6518b4778a72cb0cada5ad3bf7536bf8fd05c7dc636ba9c80f95598fc13469?s=96&r=g\",\"caption\":\"SGI\"},\"description\":\"Sociedad Geogr\u00e1fica de las Indias, agencia especializada en viajes exclusivos y a medida a India. https:\\\/\\\/www.lasociedadgeografica.com\",\"sameAs\":[\"https:\\\/\\\/www.lasociedadgeografica.com\"],\"url\":\"https:\\\/\\\/www.lasociedadgeografica.com\\\/blog\\\/author\\\/admin\\\/\"}]}<\/script>\n<!-- \/ Yoast SEO plugin. -->","yoast_head_json":{"title":"\u00bfC\u00f3mo viaja Pedro, el Director de Comunicaci\u00f3n de Sociedad Geogr\u00e1fica de las Indias?","robots":{"index":"index","follow":"follow","max-snippet":"max-snippet:-1","max-image-preview":"max-image-preview:large","max-video-preview":"max-video-preview:-1"},"canonical":"https:\/\/www.lasociedadgeografica.com\/blog\/sgi\/como-viaja-pedro-el-director-de-comunicacion-de-sociedad-geografica-de-las-indias\/","og_locale":"es_ES","og_type":"article","og_title":"\u00bfC\u00f3mo viaja Pedro, el Director de Comunicaci\u00f3n de Sociedad Geogr\u00e1fica de las Indias?","og_description":"Pedro Gonz\u00e1lez Figuls es Director de Comunicaci\u00f3n de Sociedad Geogr\u00e1fica de las Indias y un aventurero nato: desde los fondos marinos de Maldivas hasta los templos de Indonesia, a Pedro le encanta todo lo que &hellip;","og_url":"https:\/\/www.lasociedadgeografica.com\/blog\/sgi\/como-viaja-pedro-el-director-de-comunicacion-de-sociedad-geografica-de-las-indias\/","og_site_name":"Blog de viajes a India","article_published_time":"2024-07-02T09:26:09+00:00","article_modified_time":"2024-07-04T10:02:12+00:00","og_image":[{"url":"https:\/\/www.lasociedadgeografica.com\/blog\/uploads\/pedro-taj-mahal.png","type":"","width":"","height":""}],"author":"SGI","twitter_misc":{"Escrito por":"SGI","Tiempo de lectura":"3 minutos"},"schema":{"@context":"https:\/\/schema.org","@graph":[{"@type":"Article","@id":"https:\/\/www.lasociedadgeografica.com\/blog\/sgi\/como-viaja-pedro-el-director-de-comunicacion-de-sociedad-geografica-de-las-indias\/#article","isPartOf":{"@id":"https:\/\/www.lasociedadgeografica.com\/blog\/sgi\/como-viaja-pedro-el-director-de-comunicacion-de-sociedad-geografica-de-las-indias\/"},"author":{"name":"SGI","@id":"https:\/\/www.lasociedadgeografica.com\/blog\/#\/schema\/person\/4eb706084ebada5acb6f674d895232d2"},"headline":"\u00bfC\u00f3mo viaja Pedro, el Director de Comunicaci\u00f3n de Sociedad Geogr\u00e1fica de las Indias?","datePublished":"2024-07-02T09:26:09+00:00","dateModified":"2024-07-04T10:02:12+00:00","mainEntityOfPage":{"@id":"https:\/\/www.lasociedadgeografica.com\/blog\/sgi\/como-viaja-pedro-el-director-de-comunicacion-de-sociedad-geografica-de-las-indias\/"},"wordCount":664,"commentCount":0,"image":{"@id":"https:\/\/www.lasociedadgeografica.com\/blog\/sgi\/como-viaja-pedro-el-director-de-comunicacion-de-sociedad-geografica-de-las-indias\/#primaryimage"},"thumbnailUrl":"https:\/\/www.lasociedadgeografica.com\/blog\/uploads\/pedro-taj-mahal.png","articleSection":["SGI"],"inLanguage":"es","potentialAction":[{"@type":"CommentAction","name":"Comment","target":["https:\/\/www.lasociedadgeografica.com\/blog\/sgi\/como-viaja-pedro-el-director-de-comunicacion-de-sociedad-geografica-de-las-indias\/#respond"]}]},{"@type":"WebPage","@id":"https:\/\/www.lasociedadgeografica.com\/blog\/sgi\/como-viaja-pedro-el-director-de-comunicacion-de-sociedad-geografica-de-las-indias\/","url":"https:\/\/www.lasociedadgeografica.com\/blog\/sgi\/como-viaja-pedro-el-director-de-comunicacion-de-sociedad-geografica-de-las-indias\/","name":"\u00bfC\u00f3mo viaja Pedro, el Director de Comunicaci\u00f3n de Sociedad Geogr\u00e1fica de las Indias?","isPartOf":{"@id":"https:\/\/www.lasociedadgeografica.com\/blog\/#website"},"primaryImageOfPage":{"@id":"https:\/\/www.lasociedadgeografica.com\/blog\/sgi\/como-viaja-pedro-el-director-de-comunicacion-de-sociedad-geografica-de-las-indias\/#primaryimage"},"image":{"@id":"https:\/\/www.lasociedadgeografica.com\/blog\/sgi\/como-viaja-pedro-el-director-de-comunicacion-de-sociedad-geografica-de-las-indias\/#primaryimage"},"thumbnailUrl":"https:\/\/www.lasociedadgeografica.com\/blog\/uploads\/pedro-taj-mahal.png","datePublished":"2024-07-02T09:26:09+00:00","dateModified":"2024-07-04T10:02:12+00:00","author":{"@id":"https:\/\/www.lasociedadgeografica.com\/blog\/#\/schema\/person\/4eb706084ebada5acb6f674d895232d2"},"breadcrumb":{"@id":"https:\/\/www.lasociedadgeografica.com\/blog\/sgi\/como-viaja-pedro-el-director-de-comunicacion-de-sociedad-geografica-de-las-indias\/#breadcrumb"},"inLanguage":"es","potentialAction":[{"@type":"ReadAction","target":["https:\/\/www.lasociedadgeografica.com\/blog\/sgi\/como-viaja-pedro-el-director-de-comunicacion-de-sociedad-geografica-de-las-indias\/"]}]},{"@type":"ImageObject","inLanguage":"es","@id":"https:\/\/www.lasociedadgeografica.com\/blog\/sgi\/como-viaja-pedro-el-director-de-comunicacion-de-sociedad-geografica-de-las-indias\/#primaryimage","url":"https:\/\/www.lasociedadgeografica.com\/blog\/uploads\/pedro-taj-mahal.png","contentUrl":"https:\/\/www.lasociedadgeografica.com\/blog\/uploads\/pedro-taj-mahal.png","width":2677,"height":1746,"caption":"Pedro-Taj-Mahal"},{"@type":"BreadcrumbList","@id":"https:\/\/www.lasociedadgeografica.com\/blog\/sgi\/como-viaja-pedro-el-director-de-comunicacion-de-sociedad-geografica-de-las-indias\/#breadcrumb","itemListElement":[{"@type":"ListItem","position":1,"name":"Portada","item":"https:\/\/www.lasociedadgeografica.com\/blog\/"},{"@type":"ListItem","position":2,"name":"\u00bfC\u00f3mo viaja Pedro, el Director de Comunicaci\u00f3n de Sociedad Geogr\u00e1fica de las Indias?"}]},{"@type":"WebSite","@id":"https:\/\/www.lasociedadgeografica.com\/blog\/#website","url":"https:\/\/www.lasociedadgeografica.com\/blog\/","name":"Blog de viajes a India","description":"Un lugar para Conocer India, con may\u00fasculas. El Blog de Sociedad Geogr\u00e1fica de las Indias.","potentialAction":[{"@type":"SearchAction","target":{"@type":"EntryPoint","urlTemplate":"https:\/\/www.lasociedadgeografica.com\/blog\/?s={search_term_string}"},"query-input":{"@type":"PropertyValueSpecification","valueRequired":true,"valueName":"search_term_string"}}],"inLanguage":"es"},{"@type":"Person","@id":"https:\/\/www.lasociedadgeografica.com\/blog\/#\/schema\/person\/4eb706084ebada5acb6f674d895232d2","name":"SGI","image":{"@type":"ImageObject","inLanguage":"es","@id":"https:\/\/secure.gravatar.com\/avatar\/3b6518b4778a72cb0cada5ad3bf7536bf8fd05c7dc636ba9c80f95598fc13469?s=96&r=g","url":"https:\/\/secure.gravatar.com\/avatar\/3b6518b4778a72cb0cada5ad3bf7536bf8fd05c7dc636ba9c80f95598fc13469?s=96&r=g","contentUrl":"https:\/\/secure.gravatar.com\/avatar\/3b6518b4778a72cb0cada5ad3bf7536bf8fd05c7dc636ba9c80f95598fc13469?s=96&r=g","caption":"SGI"},"description":"Sociedad Geogr\u00e1fica de las Indias, agencia especializada en viajes exclusivos y a medida a India. https:\/\/www.lasociedadgeografica.com","sameAs":["https:\/\/www.lasociedadgeografica.com"],"url":"https:\/\/www.lasociedadgeografica.com\/blog\/author\/admin\/"}]}},"_links":{"self":[{"href":"https:\/\/www.lasociedadgeografica.com\/blog\/wp-json\/wp\/v2\/posts\/25645","targetHints":{"allow":["GET"]}}],"collection":[{"href":"https:\/\/www.lasociedadgeografica.com\/blog\/wp-json\/wp\/v2\/posts"}],"about":[{"href":"https:\/\/www.lasociedadgeografica.com\/blog\/wp-json\/wp\/v2\/types\/post"}],"author":[{"embeddable":true,"href":"https:\/\/www.lasociedadgeografica.com\/blog\/wp-json\/wp\/v2\/users\/1"}],"replies":[{"embeddable":true,"href":"https:\/\/www.lasociedadgeografica.com\/blog\/wp-json\/wp\/v2\/comments?post=25645"}],"version-history":[{"count":8,"href":"https:\/\/www.lasociedadgeografica.com\/blog\/wp-json\/wp\/v2\/posts\/25645\/revisions"}],"predecessor-version":[{"id":26085,"href":"https:\/\/www.lasociedadgeografica.com\/blog\/wp-json\/wp\/v2\/posts\/25645\/revisions\/26085"}],"wp:attachment":[{"href":"https:\/\/www.lasociedadgeografica.com\/blog\/wp-json\/wp\/v2\/media?parent=25645"}],"wp:term":[{"taxonomy":"category","embeddable":true,"href":"https:\/\/www.lasociedadgeografica.com\/blog\/wp-json\/wp\/v2\/categories?post=25645"},{"taxonomy":"post_tag","embeddable":true,"href":"https:\/\/www.lasociedadgeografica.com\/blog\/wp-json\/wp\/v2\/tags?post=25645"}],"curies":[{"name":"wp","href":"https:\/\/api.w.org\/{rel}","templated":true}]}}