{"id":26228,"date":"2024-10-07T11:47:46","date_gmt":"2024-10-07T09:47:46","guid":{"rendered":"https:\/\/www.lasociedadgeografica.com\/blog\/?p=26228"},"modified":"2024-10-10T10:49:14","modified_gmt":"2024-10-10T08:49:14","slug":"como-viaja-pablo-director-de-sociedad-geografica-de-las-indias","status":"publish","type":"post","link":"https:\/\/www.lasociedadgeografica.com\/blog\/sgi\/como-viaja-pablo-director-de-sociedad-geografica-de-las-indias\/","title":{"rendered":"\u00bfC\u00f3mo viaja Pablo, Director de Sociedad Geogr\u00e1fica de las Indias?"},"content":{"rendered":"\n\n<div class=\"kk-star-ratings kksr-auto kksr-align-left kksr-valign-top\"\n    data-payload='{&quot;align&quot;:&quot;left&quot;,&quot;id&quot;:&quot;26228&quot;,&quot;slug&quot;:&quot;default&quot;,&quot;valign&quot;:&quot;top&quot;,&quot;ignore&quot;:&quot;&quot;,&quot;reference&quot;:&quot;auto&quot;,&quot;class&quot;:&quot;&quot;,&quot;count&quot;:&quot;6&quot;,&quot;legendonly&quot;:&quot;&quot;,&quot;readonly&quot;:&quot;&quot;,&quot;score&quot;:&quot;5&quot;,&quot;starsonly&quot;:&quot;&quot;,&quot;best&quot;:&quot;5&quot;,&quot;gap&quot;:&quot;6&quot;,&quot;greet&quot;:&quot;&quot;,&quot;legend&quot;:&quot;5\\\/5 - (6 votos)&quot;,&quot;size&quot;:&quot;22&quot;,&quot;title&quot;:&quot;\u00bfC\u00f3mo viaja Pablo, Director de Sociedad Geogr\u00e1fica de las Indias?&quot;,&quot;width&quot;:&quot;137&quot;,&quot;_legend&quot;:&quot;{score}\\\/{best} - ({count} {votes})&quot;,&quot;font_factor&quot;:&quot;1.25&quot;}'>\n            \n<div class=\"kksr-stars\">\n    \n<div class=\"kksr-stars-inactive\">\n            <div class=\"kksr-star\" data-star=\"1\" style=\"padding-right: 6px\">\n            \n\n<div class=\"kksr-icon\" style=\"width: 22px; height: 22px;\"><\/div>\n        <\/div>\n            <div class=\"kksr-star\" data-star=\"2\" style=\"padding-right: 6px\">\n            \n\n<div class=\"kksr-icon\" style=\"width: 22px; height: 22px;\"><\/div>\n        <\/div>\n            <div class=\"kksr-star\" data-star=\"3\" style=\"padding-right: 6px\">\n            \n\n<div class=\"kksr-icon\" style=\"width: 22px; height: 22px;\"><\/div>\n        <\/div>\n            <div class=\"kksr-star\" data-star=\"4\" style=\"padding-right: 6px\">\n            \n\n<div class=\"kksr-icon\" style=\"width: 22px; height: 22px;\"><\/div>\n        <\/div>\n            <div class=\"kksr-star\" data-star=\"5\" style=\"padding-right: 6px\">\n            \n\n<div class=\"kksr-icon\" style=\"width: 22px; height: 22px;\"><\/div>\n        <\/div>\n    <\/div>\n    \n<div class=\"kksr-stars-active\" style=\"width: 137px;\">\n            <div class=\"kksr-star\" style=\"padding-right: 6px\">\n            \n\n<div class=\"kksr-icon\" style=\"width: 22px; height: 22px;\"><\/div>\n        <\/div>\n            <div class=\"kksr-star\" style=\"padding-right: 6px\">\n            \n\n<div class=\"kksr-icon\" style=\"width: 22px; height: 22px;\"><\/div>\n        <\/div>\n            <div class=\"kksr-star\" style=\"padding-right: 6px\">\n            \n\n<div class=\"kksr-icon\" style=\"width: 22px; height: 22px;\"><\/div>\n        <\/div>\n            <div class=\"kksr-star\" style=\"padding-right: 6px\">\n            \n\n<div class=\"kksr-icon\" style=\"width: 22px; height: 22px;\"><\/div>\n        <\/div>\n            <div class=\"kksr-star\" style=\"padding-right: 6px\">\n            \n\n<div class=\"kksr-icon\" style=\"width: 22px; height: 22px;\"><\/div>\n        <\/div>\n    <\/div>\n<\/div>\n                \n\n<div class=\"kksr-legend\" style=\"font-size: 17.6px;\">\n            5\/5 - (6 votos)    <\/div>\n    <\/div>\n<p><div id=\"attachment_26233\" class=\"wp-caption aligncenter\" style=\"width: 2560px\"><img loading=\"lazy\" decoding=\"async\" class=\"wp-image-26233 size-full\" src=\"https:\/\/www.lasociedadgeografica.com\/blog\/uploads\/p1000049-scaled.jpg\" alt=\"\" width=\"2560\" height=\"1920\" srcset=\"https:\/\/www.lasociedadgeografica.com\/blog\/uploads\/p1000049-scaled.jpg 2560w, https:\/\/www.lasociedadgeografica.com\/blog\/uploads\/p1000049-300x225.jpg 300w, https:\/\/www.lasociedadgeografica.com\/blog\/uploads\/p1000049-1024x768.jpg 1024w, https:\/\/www.lasociedadgeografica.com\/blog\/uploads\/p1000049-1536x1152.jpg 1536w, https:\/\/www.lasociedadgeografica.com\/blog\/uploads\/p1000049-2048x1536.jpg 2048w, https:\/\/www.lasociedadgeografica.com\/blog\/uploads\/p1000049-728x546.jpg 728w, https:\/\/www.lasociedadgeografica.com\/blog\/uploads\/p1000049-363x272.jpg 363w, https:\/\/www.lasociedadgeografica.com\/blog\/uploads\/p1000049-462x347.jpg 462w\" sizes=\"auto, (max-width: 2560px) 100vw, 2560px\" \/><p class=\"wp-caption-text\">Pablo Pascual, durante uno de sus primeros viajes a India.<\/p><\/div><br \/>\n<a name=\"smore-\"><\/a><br \/>\n<i><span class=\"entradilla\">Coraz\u00f3n de Sociedad Geogr\u00e1fica de las Indias, Pablo Pascual nos comparte las emociones de un pa\u00eds llamado India al que mira como un segundo hogar.<\/span><\/i><\/p>\n<p><!--more--><\/p>\n<div id=\"attachment_26238\" class=\"wp-caption aligncenter\" style=\"width: 1600px\"><img loading=\"lazy\" decoding=\"async\" class=\"size-full wp-image-26238\" src=\"https:\/\/www.lasociedadgeografica.com\/blog\/uploads\/fotos-002.jpg\" alt=\"\" width=\"1600\" height=\"1200\" srcset=\"https:\/\/www.lasociedadgeografica.com\/blog\/uploads\/fotos-002.jpg 1600w, https:\/\/www.lasociedadgeografica.com\/blog\/uploads\/fotos-002-300x225.jpg 300w, https:\/\/www.lasociedadgeografica.com\/blog\/uploads\/fotos-002-1024x768.jpg 1024w, https:\/\/www.lasociedadgeografica.com\/blog\/uploads\/fotos-002-1536x1152.jpg 1536w, https:\/\/www.lasociedadgeografica.com\/blog\/uploads\/fotos-002-728x546.jpg 728w, https:\/\/www.lasociedadgeografica.com\/blog\/uploads\/fotos-002-363x272.jpg 363w, https:\/\/www.lasociedadgeografica.com\/blog\/uploads\/fotos-002-462x347.jpg 462w\" sizes=\"auto, (max-width: 1600px) 100vw, 1600px\" \/><p class=\"wp-caption-text\">Pablo junto a Misal Ji, pilar fundamental de Sociedad Geogr\u00e1fica de las Indias, durante un reparto de mantas para el invierno en un internado de ni\u00f1os ciegos de India.<\/p><\/div>\n<p>Los kil\u00f3metros que separan a Pablo de su querida India son simplemente f\u00edsicos, las fronteras se han diluido. En el pa\u00eds del Taj Mahal hay semillas que anuncian una herencia emocional que acaricia la tierra y el cielo, sonrisas eternas que relucen en peque\u00f1os pueblos y tantas experiencias como huellas en el camino. Sociedad Geogr\u00e1fica de las Indias no se concibe sin Pablo, alma mater de un viaje que comenz\u00f3 hace muchos a\u00f1os y a\u00fan hoy prosigue con vocaci\u00f3n de eternidad. En mitad de esa traves\u00eda constante, Pablo hace un alto para hablarnos de India, sus miradas y reflexiones.<\/p>\n<p><strong>1) \u00bfC\u00f3mo recuerdas tu primera vez en India?<\/strong><\/p>\n<div id=\"attachment_26234\" class=\"wp-caption aligncenter\" style=\"width: 1920px\"><img loading=\"lazy\" decoding=\"async\" class=\"wp-image-26234 size-full\" src=\"https:\/\/www.lasociedadgeografica.com\/blog\/uploads\/p1000065-scaled.jpg\" alt=\"\" width=\"1920\" height=\"2560\" srcset=\"https:\/\/www.lasociedadgeografica.com\/blog\/uploads\/p1000065-scaled.jpg 1920w, https:\/\/www.lasociedadgeografica.com\/blog\/uploads\/p1000065-225x300.jpg 225w, https:\/\/www.lasociedadgeografica.com\/blog\/uploads\/p1000065-768x1024.jpg 768w, https:\/\/www.lasociedadgeografica.com\/blog\/uploads\/p1000065-1152x1536.jpg 1152w, https:\/\/www.lasociedadgeografica.com\/blog\/uploads\/p1000065-1536x2048.jpg 1536w, https:\/\/www.lasociedadgeografica.com\/blog\/uploads\/p1000065-728x971.jpg 728w, https:\/\/www.lasociedadgeografica.com\/blog\/uploads\/p1000065-363x484.jpg 363w, https:\/\/www.lasociedadgeografica.com\/blog\/uploads\/p1000065-462x616.jpg 462w\" sizes=\"auto, (max-width: 1920px) 100vw, 1920px\" \/><p class=\"wp-caption-text\">El factor humano: la clave que marca cualquier viaje a India.<\/p><\/div>\n<p>Durante mi primera vez en India asist\u00ed a la boda de unos chicos que se casaban en <a href=\"https:\/\/www.lasociedadgeografica.com\/blog\/viajes-india\/mejores-restaurantes-en-mumbai\/\" target=\"_blank\" rel=\"noopener\">Mumbai<\/a>. Recuerdo al padre de la novia, que era un oficial de aviaci\u00f3n del ej\u00e9rcito indio con un enorme bigote blanco, aquella casa colonial realmente peculiar y un elefante en plena calle. La sucesi\u00f3n de cuervos, perros y otros animales en <a href=\"https:\/\/www.lasociedadgeografica.com\/blog\/viajes-india\/lugares-desconocidos-mumbai\/\" target=\"_blank\" rel=\"noopener\">Elephanta Island<\/a>, el aroma de India que me acompa\u00f1ar\u00eda el resto de mi vida.<\/p>\n<p>Pero en concreto, tengo dos recuerdos muy v\u00edvidos y marcados: el primero procede de un descampado donde a alguien se le ocurri\u00f3 colocar un sem\u00e1foro. Yo ven\u00eda de cambiar pesetas por rupias y me devolvieron grandes fajos de billetes. Montado en el tuk tuk, un grupo de ni\u00f1os vino corriendo, se me cay\u00f3 uno de esos fajos, y uno de ellos me lo devolvi\u00f3.<\/p>\n<p>El segundo recuerdo procede de la isleta ubicada bajo el apartamento donde estaba alojado. All\u00ed viv\u00eda una familia y recuerdo los ojos del padre. Cada ma\u00f1ana, nos cruz\u00e1bamos la mirada y hab\u00eda en ello una exquisita humanidad por ambas partes, sin etiquetas de ricos o pobres. Esa mirada quiz\u00e1s fue la que me hizo volver a India.<\/p>\n<p><strong>2) \u00bfQu\u00e9 recomendar\u00edas a un viajero que quiera viajar a India antes de ir?<\/strong><\/p>\n<p>Le recomendar\u00eda que se dejase llevar y fluir. Si quieres ver documentales o pel\u00edculas antes de ir, es una opci\u00f3n; y si no quieres saber nada, tambi\u00e9n. Un primer viaje a India debe ser siempre experimental, sin fronteras entre sentimientos y emociones.<\/p>\n<div id=\"attachment_26236\" class=\"wp-caption aligncenter\" style=\"width: 2304px\"><img loading=\"lazy\" decoding=\"async\" class=\"wp-image-26236 size-full\" src=\"https:\/\/www.lasociedadgeografica.com\/blog\/uploads\/foto-fundacional-royal-india-travel-sgi.jpg\" alt=\"\" width=\"2304\" height=\"1728\" srcset=\"https:\/\/www.lasociedadgeografica.com\/blog\/uploads\/foto-fundacional-royal-india-travel-sgi.jpg 2304w, https:\/\/www.lasociedadgeografica.com\/blog\/uploads\/foto-fundacional-royal-india-travel-sgi-300x225.jpg 300w, https:\/\/www.lasociedadgeografica.com\/blog\/uploads\/foto-fundacional-royal-india-travel-sgi-1024x768.jpg 1024w, https:\/\/www.lasociedadgeografica.com\/blog\/uploads\/foto-fundacional-royal-india-travel-sgi-1536x1152.jpg 1536w, https:\/\/www.lasociedadgeografica.com\/blog\/uploads\/foto-fundacional-royal-india-travel-sgi-2048x1536.jpg 2048w, https:\/\/www.lasociedadgeografica.com\/blog\/uploads\/foto-fundacional-royal-india-travel-sgi-728x546.jpg 728w, https:\/\/www.lasociedadgeografica.com\/blog\/uploads\/foto-fundacional-royal-india-travel-sgi-363x272.jpg 363w, https:\/\/www.lasociedadgeografica.com\/blog\/uploads\/foto-fundacional-royal-india-travel-sgi-462x347.jpg 462w\" sizes=\"auto, (max-width: 2304px) 100vw, 2304px\" \/><p class=\"wp-caption-text\">Pablo y Marina en el &#8216;garaje fundacional&#8217; de Sociedad Geogr\u00e1fica de las Indias, hace casi 20 a\u00f1os.<\/p><\/div>\n<p><strong>3) Prejuicios sobre India que no son ciertos<\/strong><\/p>\n<p>El prejuicio cl\u00e1sico es que India es un pa\u00eds pobre, algo que no se corresponde con una naci\u00f3n cuyo PIB es uno de los mayores del mundo, por no hablar de su potencia nuclear o hitos como su desembarco en la cara sur de la Luna en verano de 2023. India es un pa\u00eds con un gran vigor.<\/p>\n<p>Otro prejuicio reside en la creencia de que es un pa\u00eds atrasado, pero tampoco es as\u00ed: tienen el mayor call center del mundo y es el mayor productor de software del mundo. Todo ello, sin olvidarnos de aspectos como la inteligencia artificial. Un viaje a India se convierte en algo memorable porque en un mismo d\u00eda puedes vivir en tres siglos diferentes. Son las caras de un caleidoscopio lleno de riqueza.<\/p>\n<p>Por \u00faltimo, el tercer prejuicio cl\u00e1sico engloba las enfermedades. Toda la humanidad ha pasado por una pandemia, India lo ha gestionado relativamente bien y el tema de salubridad y enfermedades, pues depende: puedes estar en los lugares m\u00e1s suntuosos del mundo pero tambi\u00e9n en otros m\u00e1s humildes.<\/p>\n<div id=\"attachment_26235\" class=\"wp-caption aligncenter\" style=\"width: 850px\"><img loading=\"lazy\" decoding=\"async\" class=\"wp-image-26235 size-full\" src=\"https:\/\/www.lasociedadgeografica.com\/blog\/uploads\/logosimbolo-copia.jpg\" alt=\"\" width=\"850\" height=\"728\" srcset=\"https:\/\/www.lasociedadgeografica.com\/blog\/uploads\/logosimbolo-copia.jpg 850w, https:\/\/www.lasociedadgeografica.com\/blog\/uploads\/logosimbolo-copia-300x257.jpg 300w, https:\/\/www.lasociedadgeografica.com\/blog\/uploads\/logosimbolo-copia-728x624.jpg 728w, https:\/\/www.lasociedadgeografica.com\/blog\/uploads\/logosimbolo-copia-363x311.jpg 363w, https:\/\/www.lasociedadgeografica.com\/blog\/uploads\/logosimbolo-copia-462x396.jpg 462w\" sizes=\"auto, (max-width: 850px) 100vw, 850px\" \/><p class=\"wp-caption-text\">Logo inicial de Sociedad Geogr\u00e1fica de las Indias<\/p><\/div>\n<p><strong>4) \u00bfC\u00f3mo act\u00faa el factor humano a la hora de elevar un viaje a su m\u00e1ximo potencial?<\/strong><\/p>\n<p>El factor humano es todo. Los destinos, las ciudades o las comidas no son m\u00e1s que hechos que, tras ser interpretados por un humano, pasan a convertirse en experiencias y, por ende, a formar parte de nuestras vidas. La forma en que el humano interpreta los hechos que vive es realmente donde est\u00e1 el misterio, con lo cual el factor humano lo es todo. Tanto durante el inicio como el desarrollo y el final, nosotros abogamos por construir una experiencia donde el factor humano siempre sea el centro. Cuando tratamos de dise\u00f1ar un viaje, en muchos casos este factor tiene un poder transformador, es un viaje que empieza y abre una dimensi\u00f3n de experiencias y conocimientos.<\/p>\n<p><strong>5) Un plato y un hotel en India<\/strong><\/p>\n<p><img loading=\"lazy\" decoding=\"async\" class=\"aligncenter size-full wp-image-26230\" src=\"https:\/\/www.lasociedadgeografica.com\/blog\/uploads\/310108547.jpg\" alt=\"\" width=\"1024\" height=\"683\" srcset=\"https:\/\/www.lasociedadgeografica.com\/blog\/uploads\/310108547.jpg 1024w, https:\/\/www.lasociedadgeografica.com\/blog\/uploads\/310108547-300x200.jpg 300w, https:\/\/www.lasociedadgeografica.com\/blog\/uploads\/310108547-728x486.jpg 728w, https:\/\/www.lasociedadgeografica.com\/blog\/uploads\/310108547-363x242.jpg 363w, https:\/\/www.lasociedadgeografica.com\/blog\/uploads\/310108547-462x308.jpg 462w\" sizes=\"auto, (max-width: 1024px) 100vw, 1024px\" \/><\/p>\n<p>Hay un plato que a m\u00ed me hace muy feliz y es la tortilla masala para desayunar, con chili y especias. Cuando desayuno esto con un poco de cilantro me resulta vibrante, fresco, una sensaci\u00f3n \u00fanica que me recuerda que estoy en India y tengo todo el d\u00eda por delante.<\/p>\n<p>Entre los hoteles, elegir\u00eda Raas Devigarh, en las inmediaciones de <a href=\"https:\/\/www.lasociedadgeografica.com\/blog\/viajes-india\/lago-pichola-udaipur-romantico\/\" target=\"_blank\" rel=\"noopener\">Udaipur<\/a>. Un maravilloso hotel al que se suma un contexto maravilloso como es el ecosistema del <a href=\"https:\/\/www.lasociedadgeografica.com\/blog\/viajes-india\/lugares-desconocidos-rajastan-india\/\" target=\"_blank\" rel=\"noopener\">Rajast\u00e1n<\/a> rural y Udaipur, una de las ciudades m\u00e1s bonitas de India. Es un lugar \u00fanico donde experimentar esa magia de los turbantes, los colores y la grandeza de otro tiempo en forma de fuerte. Un sitio totalmente delicioso.<\/p>\n<p><strong>6) \u00bfSiempre se vuelve a India?<\/strong><\/p>\n<p>Siempre se vuelve porque no puedes dejar de volver a lo que t\u00fa eres, ya que viajar por India es una experiencia que se adhiere en alguna zona rec\u00f3ndita del alma. Se vuelve a los colores, las sonrisas, las miradas&#8230; siempre se vuelve a ese lugar porque forma parte de ti.<\/p>\n<div class=\"SGIcontact\"><form id=\"sf_shortcode_SGIcontact_0F\" action=\"\/contacto\/\" method=\"post\" class=\"SGIcontactwidget_form\"><p style=\"text-align:center;font-style:italic;font-size:14px;padding-bottom:10px\" id=\"sf_shortcode_SGIcontact_0FP\">\u00bfQuieres que te dise\u00f1emos un viaje exclusivo al Subcontinente Indio?<\/p>\n<div style=\"text-align:center\" id=\"sf_shortcode_SGIcontact_0FD\"><input type=\"submit\" value=\"Cont\u00e1ctanos Aqu\u00ed\" \/>\n<\/div><\/form>\n<\/div>\n","protected":false},"excerpt":{"rendered":"<p>Coraz\u00f3n de Sociedad Geogr\u00e1fica de las Indias, Pablo Pascual nos comparte las emociones de un pa\u00eds llamado India al que mira como un segundo hogar.<\/p>\n","protected":false},"author":1,"featured_media":0,"comment_status":"open","ping_status":"open","sticky":false,"template":"","format":"standard","meta":{"footnotes":""},"categories":[14],"tags":[],"class_list":["post-26228","post","type-post","status-publish","format-standard","hentry","category-sgi"],"yoast_head":"<!-- This site is optimized with the Yoast SEO plugin v27.4 - https:\/\/yoast.com\/product\/yoast-seo-wordpress\/ -->\n<title>\u00bfC\u00f3mo viaja Pablo, Director de Sociedad Geogr\u00e1fica de las Indias?<\/title>\n<meta name=\"robots\" content=\"index, follow, max-snippet:-1, max-image-preview:large, max-video-preview:-1\" \/>\n<link rel=\"canonical\" href=\"https:\/\/www.lasociedadgeografica.com\/blog\/sgi\/como-viaja-pablo-director-de-sociedad-geografica-de-las-indias\/\" \/>\n<meta property=\"og:locale\" content=\"es_ES\" \/>\n<meta property=\"og:type\" content=\"article\" \/>\n<meta property=\"og:title\" content=\"\u00bfC\u00f3mo viaja Pablo, Director de Sociedad Geogr\u00e1fica de las Indias?\" \/>\n<meta property=\"og:description\" content=\"Coraz\u00f3n de Sociedad Geogr\u00e1fica de las Indias, Pablo Pascual nos comparte las emociones de un pa\u00eds llamado India al que mira como un segundo hogar.\" \/>\n<meta property=\"og:url\" content=\"https:\/\/www.lasociedadgeografica.com\/blog\/sgi\/como-viaja-pablo-director-de-sociedad-geografica-de-las-indias\/\" \/>\n<meta property=\"og:site_name\" content=\"Blog de viajes a India\" \/>\n<meta property=\"article:published_time\" content=\"2024-10-07T09:47:46+00:00\" \/>\n<meta property=\"article:modified_time\" content=\"2024-10-10T08:49:14+00:00\" \/>\n<meta property=\"og:image\" content=\"https:\/\/www.lasociedadgeografica.com\/blog\/uploads\/p1000049-scaled.jpg\" \/>\n<meta name=\"author\" content=\"SGI\" \/>\n<meta name=\"twitter:label1\" content=\"Escrito por\" \/>\n\t<meta name=\"twitter:data1\" content=\"SGI\" \/>\n\t<meta name=\"twitter:label2\" content=\"Tiempo de lectura\" \/>\n\t<meta name=\"twitter:data2\" content=\"5 minutos\" \/>\n<script type=\"application\/ld+json\" class=\"yoast-schema-graph\">{\"@context\":\"https:\\\/\\\/schema.org\",\"@graph\":[{\"@type\":\"Article\",\"@id\":\"https:\\\/\\\/www.lasociedadgeografica.com\\\/blog\\\/sgi\\\/como-viaja-pablo-director-de-sociedad-geografica-de-las-indias\\\/#article\",\"isPartOf\":{\"@id\":\"https:\\\/\\\/www.lasociedadgeografica.com\\\/blog\\\/sgi\\\/como-viaja-pablo-director-de-sociedad-geografica-de-las-indias\\\/\"},\"author\":{\"name\":\"SGI\",\"@id\":\"https:\\\/\\\/www.lasociedadgeografica.com\\\/blog\\\/#\\\/schema\\\/person\\\/4eb706084ebada5acb6f674d895232d2\"},\"headline\":\"\u00bfC\u00f3mo viaja Pablo, Director de Sociedad Geogr\u00e1fica de las Indias?\",\"datePublished\":\"2024-10-07T09:47:46+00:00\",\"dateModified\":\"2024-10-10T08:49:14+00:00\",\"mainEntityOfPage\":{\"@id\":\"https:\\\/\\\/www.lasociedadgeografica.com\\\/blog\\\/sgi\\\/como-viaja-pablo-director-de-sociedad-geografica-de-las-indias\\\/\"},\"wordCount\":1052,\"commentCount\":0,\"image\":{\"@id\":\"https:\\\/\\\/www.lasociedadgeografica.com\\\/blog\\\/sgi\\\/como-viaja-pablo-director-de-sociedad-geografica-de-las-indias\\\/#primaryimage\"},\"thumbnailUrl\":\"https:\\\/\\\/www.lasociedadgeografica.com\\\/blog\\\/uploads\\\/p1000049-scaled.jpg\",\"articleSection\":[\"SGI\"],\"inLanguage\":\"es\",\"potentialAction\":[{\"@type\":\"CommentAction\",\"name\":\"Comment\",\"target\":[\"https:\\\/\\\/www.lasociedadgeografica.com\\\/blog\\\/sgi\\\/como-viaja-pablo-director-de-sociedad-geografica-de-las-indias\\\/#respond\"]}]},{\"@type\":\"WebPage\",\"@id\":\"https:\\\/\\\/www.lasociedadgeografica.com\\\/blog\\\/sgi\\\/como-viaja-pablo-director-de-sociedad-geografica-de-las-indias\\\/\",\"url\":\"https:\\\/\\\/www.lasociedadgeografica.com\\\/blog\\\/sgi\\\/como-viaja-pablo-director-de-sociedad-geografica-de-las-indias\\\/\",\"name\":\"\u00bfC\u00f3mo viaja Pablo, Director de Sociedad Geogr\u00e1fica de las Indias?\",\"isPartOf\":{\"@id\":\"https:\\\/\\\/www.lasociedadgeografica.com\\\/blog\\\/#website\"},\"primaryImageOfPage\":{\"@id\":\"https:\\\/\\\/www.lasociedadgeografica.com\\\/blog\\\/sgi\\\/como-viaja-pablo-director-de-sociedad-geografica-de-las-indias\\\/#primaryimage\"},\"image\":{\"@id\":\"https:\\\/\\\/www.lasociedadgeografica.com\\\/blog\\\/sgi\\\/como-viaja-pablo-director-de-sociedad-geografica-de-las-indias\\\/#primaryimage\"},\"thumbnailUrl\":\"https:\\\/\\\/www.lasociedadgeografica.com\\\/blog\\\/uploads\\\/p1000049-scaled.jpg\",\"datePublished\":\"2024-10-07T09:47:46+00:00\",\"dateModified\":\"2024-10-10T08:49:14+00:00\",\"author\":{\"@id\":\"https:\\\/\\\/www.lasociedadgeografica.com\\\/blog\\\/#\\\/schema\\\/person\\\/4eb706084ebada5acb6f674d895232d2\"},\"breadcrumb\":{\"@id\":\"https:\\\/\\\/www.lasociedadgeografica.com\\\/blog\\\/sgi\\\/como-viaja-pablo-director-de-sociedad-geografica-de-las-indias\\\/#breadcrumb\"},\"inLanguage\":\"es\",\"potentialAction\":[{\"@type\":\"ReadAction\",\"target\":[\"https:\\\/\\\/www.lasociedadgeografica.com\\\/blog\\\/sgi\\\/como-viaja-pablo-director-de-sociedad-geografica-de-las-indias\\\/\"]}]},{\"@type\":\"ImageObject\",\"inLanguage\":\"es\",\"@id\":\"https:\\\/\\\/www.lasociedadgeografica.com\\\/blog\\\/sgi\\\/como-viaja-pablo-director-de-sociedad-geografica-de-las-indias\\\/#primaryimage\",\"url\":\"https:\\\/\\\/www.lasociedadgeografica.com\\\/blog\\\/uploads\\\/p1000049-scaled.jpg\",\"contentUrl\":\"https:\\\/\\\/www.lasociedadgeografica.com\\\/blog\\\/uploads\\\/p1000049-scaled.jpg\",\"width\":2560,\"height\":1920},{\"@type\":\"BreadcrumbList\",\"@id\":\"https:\\\/\\\/www.lasociedadgeografica.com\\\/blog\\\/sgi\\\/como-viaja-pablo-director-de-sociedad-geografica-de-las-indias\\\/#breadcrumb\",\"itemListElement\":[{\"@type\":\"ListItem\",\"position\":1,\"name\":\"Portada\",\"item\":\"https:\\\/\\\/www.lasociedadgeografica.com\\\/blog\\\/\"},{\"@type\":\"ListItem\",\"position\":2,\"name\":\"\u00bfC\u00f3mo viaja Pablo, Director de Sociedad Geogr\u00e1fica de las Indias?\"}]},{\"@type\":\"WebSite\",\"@id\":\"https:\\\/\\\/www.lasociedadgeografica.com\\\/blog\\\/#website\",\"url\":\"https:\\\/\\\/www.lasociedadgeografica.com\\\/blog\\\/\",\"name\":\"Blog de viajes a India\",\"description\":\"Un lugar para Conocer India, con may\u00fasculas. El Blog de Sociedad Geogr\u00e1fica de las Indias.\",\"potentialAction\":[{\"@type\":\"SearchAction\",\"target\":{\"@type\":\"EntryPoint\",\"urlTemplate\":\"https:\\\/\\\/www.lasociedadgeografica.com\\\/blog\\\/?s={search_term_string}\"},\"query-input\":{\"@type\":\"PropertyValueSpecification\",\"valueRequired\":true,\"valueName\":\"search_term_string\"}}],\"inLanguage\":\"es\"},{\"@type\":\"Person\",\"@id\":\"https:\\\/\\\/www.lasociedadgeografica.com\\\/blog\\\/#\\\/schema\\\/person\\\/4eb706084ebada5acb6f674d895232d2\",\"name\":\"SGI\",\"image\":{\"@type\":\"ImageObject\",\"inLanguage\":\"es\",\"@id\":\"https:\\\/\\\/secure.gravatar.com\\\/avatar\\\/3b6518b4778a72cb0cada5ad3bf7536bf8fd05c7dc636ba9c80f95598fc13469?s=96&r=g\",\"url\":\"https:\\\/\\\/secure.gravatar.com\\\/avatar\\\/3b6518b4778a72cb0cada5ad3bf7536bf8fd05c7dc636ba9c80f95598fc13469?s=96&r=g\",\"contentUrl\":\"https:\\\/\\\/secure.gravatar.com\\\/avatar\\\/3b6518b4778a72cb0cada5ad3bf7536bf8fd05c7dc636ba9c80f95598fc13469?s=96&r=g\",\"caption\":\"SGI\"},\"description\":\"Sociedad Geogr\u00e1fica de las Indias, agencia especializada en viajes exclusivos y a medida a India. https:\\\/\\\/www.lasociedadgeografica.com\",\"sameAs\":[\"https:\\\/\\\/www.lasociedadgeografica.com\"],\"url\":\"https:\\\/\\\/www.lasociedadgeografica.com\\\/blog\\\/author\\\/admin\\\/\"}]}<\/script>\n<!-- \/ Yoast SEO plugin. -->","yoast_head_json":{"title":"\u00bfC\u00f3mo viaja Pablo, Director de Sociedad Geogr\u00e1fica de las Indias?","robots":{"index":"index","follow":"follow","max-snippet":"max-snippet:-1","max-image-preview":"max-image-preview:large","max-video-preview":"max-video-preview:-1"},"canonical":"https:\/\/www.lasociedadgeografica.com\/blog\/sgi\/como-viaja-pablo-director-de-sociedad-geografica-de-las-indias\/","og_locale":"es_ES","og_type":"article","og_title":"\u00bfC\u00f3mo viaja Pablo, Director de Sociedad Geogr\u00e1fica de las Indias?","og_description":"Coraz\u00f3n de Sociedad Geogr\u00e1fica de las Indias, Pablo Pascual nos comparte las emociones de un pa\u00eds llamado India al que mira como un segundo hogar.","og_url":"https:\/\/www.lasociedadgeografica.com\/blog\/sgi\/como-viaja-pablo-director-de-sociedad-geografica-de-las-indias\/","og_site_name":"Blog de viajes a India","article_published_time":"2024-10-07T09:47:46+00:00","article_modified_time":"2024-10-10T08:49:14+00:00","og_image":[{"url":"https:\/\/www.lasociedadgeografica.com\/blog\/uploads\/p1000049-scaled.jpg","type":"","width":"","height":""}],"author":"SGI","twitter_misc":{"Escrito por":"SGI","Tiempo de lectura":"5 minutos"},"schema":{"@context":"https:\/\/schema.org","@graph":[{"@type":"Article","@id":"https:\/\/www.lasociedadgeografica.com\/blog\/sgi\/como-viaja-pablo-director-de-sociedad-geografica-de-las-indias\/#article","isPartOf":{"@id":"https:\/\/www.lasociedadgeografica.com\/blog\/sgi\/como-viaja-pablo-director-de-sociedad-geografica-de-las-indias\/"},"author":{"name":"SGI","@id":"https:\/\/www.lasociedadgeografica.com\/blog\/#\/schema\/person\/4eb706084ebada5acb6f674d895232d2"},"headline":"\u00bfC\u00f3mo viaja Pablo, Director de Sociedad Geogr\u00e1fica de las Indias?","datePublished":"2024-10-07T09:47:46+00:00","dateModified":"2024-10-10T08:49:14+00:00","mainEntityOfPage":{"@id":"https:\/\/www.lasociedadgeografica.com\/blog\/sgi\/como-viaja-pablo-director-de-sociedad-geografica-de-las-indias\/"},"wordCount":1052,"commentCount":0,"image":{"@id":"https:\/\/www.lasociedadgeografica.com\/blog\/sgi\/como-viaja-pablo-director-de-sociedad-geografica-de-las-indias\/#primaryimage"},"thumbnailUrl":"https:\/\/www.lasociedadgeografica.com\/blog\/uploads\/p1000049-scaled.jpg","articleSection":["SGI"],"inLanguage":"es","potentialAction":[{"@type":"CommentAction","name":"Comment","target":["https:\/\/www.lasociedadgeografica.com\/blog\/sgi\/como-viaja-pablo-director-de-sociedad-geografica-de-las-indias\/#respond"]}]},{"@type":"WebPage","@id":"https:\/\/www.lasociedadgeografica.com\/blog\/sgi\/como-viaja-pablo-director-de-sociedad-geografica-de-las-indias\/","url":"https:\/\/www.lasociedadgeografica.com\/blog\/sgi\/como-viaja-pablo-director-de-sociedad-geografica-de-las-indias\/","name":"\u00bfC\u00f3mo viaja Pablo, Director de Sociedad Geogr\u00e1fica de las Indias?","isPartOf":{"@id":"https:\/\/www.lasociedadgeografica.com\/blog\/#website"},"primaryImageOfPage":{"@id":"https:\/\/www.lasociedadgeografica.com\/blog\/sgi\/como-viaja-pablo-director-de-sociedad-geografica-de-las-indias\/#primaryimage"},"image":{"@id":"https:\/\/www.lasociedadgeografica.com\/blog\/sgi\/como-viaja-pablo-director-de-sociedad-geografica-de-las-indias\/#primaryimage"},"thumbnailUrl":"https:\/\/www.lasociedadgeografica.com\/blog\/uploads\/p1000049-scaled.jpg","datePublished":"2024-10-07T09:47:46+00:00","dateModified":"2024-10-10T08:49:14+00:00","author":{"@id":"https:\/\/www.lasociedadgeografica.com\/blog\/#\/schema\/person\/4eb706084ebada5acb6f674d895232d2"},"breadcrumb":{"@id":"https:\/\/www.lasociedadgeografica.com\/blog\/sgi\/como-viaja-pablo-director-de-sociedad-geografica-de-las-indias\/#breadcrumb"},"inLanguage":"es","potentialAction":[{"@type":"ReadAction","target":["https:\/\/www.lasociedadgeografica.com\/blog\/sgi\/como-viaja-pablo-director-de-sociedad-geografica-de-las-indias\/"]}]},{"@type":"ImageObject","inLanguage":"es","@id":"https:\/\/www.lasociedadgeografica.com\/blog\/sgi\/como-viaja-pablo-director-de-sociedad-geografica-de-las-indias\/#primaryimage","url":"https:\/\/www.lasociedadgeografica.com\/blog\/uploads\/p1000049-scaled.jpg","contentUrl":"https:\/\/www.lasociedadgeografica.com\/blog\/uploads\/p1000049-scaled.jpg","width":2560,"height":1920},{"@type":"BreadcrumbList","@id":"https:\/\/www.lasociedadgeografica.com\/blog\/sgi\/como-viaja-pablo-director-de-sociedad-geografica-de-las-indias\/#breadcrumb","itemListElement":[{"@type":"ListItem","position":1,"name":"Portada","item":"https:\/\/www.lasociedadgeografica.com\/blog\/"},{"@type":"ListItem","position":2,"name":"\u00bfC\u00f3mo viaja Pablo, Director de Sociedad Geogr\u00e1fica de las Indias?"}]},{"@type":"WebSite","@id":"https:\/\/www.lasociedadgeografica.com\/blog\/#website","url":"https:\/\/www.lasociedadgeografica.com\/blog\/","name":"Blog de viajes a India","description":"Un lugar para Conocer India, con may\u00fasculas. El Blog de Sociedad Geogr\u00e1fica de las Indias.","potentialAction":[{"@type":"SearchAction","target":{"@type":"EntryPoint","urlTemplate":"https:\/\/www.lasociedadgeografica.com\/blog\/?s={search_term_string}"},"query-input":{"@type":"PropertyValueSpecification","valueRequired":true,"valueName":"search_term_string"}}],"inLanguage":"es"},{"@type":"Person","@id":"https:\/\/www.lasociedadgeografica.com\/blog\/#\/schema\/person\/4eb706084ebada5acb6f674d895232d2","name":"SGI","image":{"@type":"ImageObject","inLanguage":"es","@id":"https:\/\/secure.gravatar.com\/avatar\/3b6518b4778a72cb0cada5ad3bf7536bf8fd05c7dc636ba9c80f95598fc13469?s=96&r=g","url":"https:\/\/secure.gravatar.com\/avatar\/3b6518b4778a72cb0cada5ad3bf7536bf8fd05c7dc636ba9c80f95598fc13469?s=96&r=g","contentUrl":"https:\/\/secure.gravatar.com\/avatar\/3b6518b4778a72cb0cada5ad3bf7536bf8fd05c7dc636ba9c80f95598fc13469?s=96&r=g","caption":"SGI"},"description":"Sociedad Geogr\u00e1fica de las Indias, agencia especializada en viajes exclusivos y a medida a India. https:\/\/www.lasociedadgeografica.com","sameAs":["https:\/\/www.lasociedadgeografica.com"],"url":"https:\/\/www.lasociedadgeografica.com\/blog\/author\/admin\/"}]}},"_links":{"self":[{"href":"https:\/\/www.lasociedadgeografica.com\/blog\/wp-json\/wp\/v2\/posts\/26228","targetHints":{"allow":["GET"]}}],"collection":[{"href":"https:\/\/www.lasociedadgeografica.com\/blog\/wp-json\/wp\/v2\/posts"}],"about":[{"href":"https:\/\/www.lasociedadgeografica.com\/blog\/wp-json\/wp\/v2\/types\/post"}],"author":[{"embeddable":true,"href":"https:\/\/www.lasociedadgeografica.com\/blog\/wp-json\/wp\/v2\/users\/1"}],"replies":[{"embeddable":true,"href":"https:\/\/www.lasociedadgeografica.com\/blog\/wp-json\/wp\/v2\/comments?post=26228"}],"version-history":[{"count":7,"href":"https:\/\/www.lasociedadgeografica.com\/blog\/wp-json\/wp\/v2\/posts\/26228\/revisions"}],"predecessor-version":[{"id":26320,"href":"https:\/\/www.lasociedadgeografica.com\/blog\/wp-json\/wp\/v2\/posts\/26228\/revisions\/26320"}],"wp:attachment":[{"href":"https:\/\/www.lasociedadgeografica.com\/blog\/wp-json\/wp\/v2\/media?parent=26228"}],"wp:term":[{"taxonomy":"category","embeddable":true,"href":"https:\/\/www.lasociedadgeografica.com\/blog\/wp-json\/wp\/v2\/categories?post=26228"},{"taxonomy":"post_tag","embeddable":true,"href":"https:\/\/www.lasociedadgeografica.com\/blog\/wp-json\/wp\/v2\/tags?post=26228"}],"curies":[{"name":"wp","href":"https:\/\/api.w.org\/{rel}","templated":true}]}}