{"id":26278,"date":"2024-11-06T14:06:25","date_gmt":"2024-11-06T13:06:25","guid":{"rendered":"https:\/\/www.lasociedadgeografica.com\/blog\/?p=26278"},"modified":"2025-01-18T11:57:13","modified_gmt":"2025-01-18T10:57:13","slug":"como-viaja-rafa-director-adjunto-de-sociedad-geografica-de-las-indias","status":"publish","type":"post","link":"https:\/\/www.lasociedadgeografica.com\/blog\/sgi\/como-viaja-rafa-director-adjunto-de-sociedad-geografica-de-las-indias\/","title":{"rendered":"\u00bfC\u00f3mo viaja Rafa, Director Adjunto de Sociedad Geogr\u00e1fica de las Indias?"},"content":{"rendered":"\n\n<div class=\"kk-star-ratings kksr-auto kksr-align-left kksr-valign-top\"\n    data-payload='{&quot;align&quot;:&quot;left&quot;,&quot;id&quot;:&quot;26278&quot;,&quot;slug&quot;:&quot;default&quot;,&quot;valign&quot;:&quot;top&quot;,&quot;ignore&quot;:&quot;&quot;,&quot;reference&quot;:&quot;auto&quot;,&quot;class&quot;:&quot;&quot;,&quot;count&quot;:&quot;5&quot;,&quot;legendonly&quot;:&quot;&quot;,&quot;readonly&quot;:&quot;&quot;,&quot;score&quot;:&quot;5&quot;,&quot;starsonly&quot;:&quot;&quot;,&quot;best&quot;:&quot;5&quot;,&quot;gap&quot;:&quot;6&quot;,&quot;greet&quot;:&quot;&quot;,&quot;legend&quot;:&quot;5\\\/5 - (5 votos)&quot;,&quot;size&quot;:&quot;22&quot;,&quot;title&quot;:&quot;\u00bfC\u00f3mo viaja Rafa, Director Adjunto de Sociedad Geogr\u00e1fica de las Indias?&quot;,&quot;width&quot;:&quot;137&quot;,&quot;_legend&quot;:&quot;{score}\\\/{best} - ({count} {votes})&quot;,&quot;font_factor&quot;:&quot;1.25&quot;}'>\n            \n<div class=\"kksr-stars\">\n    \n<div class=\"kksr-stars-inactive\">\n            <div class=\"kksr-star\" data-star=\"1\" style=\"padding-right: 6px\">\n            \n\n<div class=\"kksr-icon\" style=\"width: 22px; height: 22px;\"><\/div>\n        <\/div>\n            <div class=\"kksr-star\" data-star=\"2\" style=\"padding-right: 6px\">\n            \n\n<div class=\"kksr-icon\" style=\"width: 22px; height: 22px;\"><\/div>\n        <\/div>\n            <div class=\"kksr-star\" data-star=\"3\" style=\"padding-right: 6px\">\n            \n\n<div class=\"kksr-icon\" style=\"width: 22px; height: 22px;\"><\/div>\n        <\/div>\n            <div class=\"kksr-star\" data-star=\"4\" style=\"padding-right: 6px\">\n            \n\n<div class=\"kksr-icon\" style=\"width: 22px; height: 22px;\"><\/div>\n        <\/div>\n            <div class=\"kksr-star\" data-star=\"5\" style=\"padding-right: 6px\">\n            \n\n<div class=\"kksr-icon\" style=\"width: 22px; height: 22px;\"><\/div>\n        <\/div>\n    <\/div>\n    \n<div class=\"kksr-stars-active\" style=\"width: 137px;\">\n            <div class=\"kksr-star\" style=\"padding-right: 6px\">\n            \n\n<div class=\"kksr-icon\" style=\"width: 22px; height: 22px;\"><\/div>\n        <\/div>\n            <div class=\"kksr-star\" style=\"padding-right: 6px\">\n            \n\n<div class=\"kksr-icon\" style=\"width: 22px; height: 22px;\"><\/div>\n        <\/div>\n            <div class=\"kksr-star\" style=\"padding-right: 6px\">\n            \n\n<div class=\"kksr-icon\" style=\"width: 22px; height: 22px;\"><\/div>\n        <\/div>\n            <div class=\"kksr-star\" style=\"padding-right: 6px\">\n            \n\n<div class=\"kksr-icon\" style=\"width: 22px; height: 22px;\"><\/div>\n        <\/div>\n            <div class=\"kksr-star\" style=\"padding-right: 6px\">\n            \n\n<div class=\"kksr-icon\" style=\"width: 22px; height: 22px;\"><\/div>\n        <\/div>\n    <\/div>\n<\/div>\n                \n\n<div class=\"kksr-legend\" style=\"font-size: 17.6px;\">\n            5\/5 - (5 votos)    <\/div>\n    <\/div>\n<p><img loading=\"lazy\" decoding=\"async\" class=\"aligncenter wp-image-26279 \" src=\"https:\/\/www.lasociedadgeografica.com\/blog\/uploads\/whatsapp-image-2024-09-26-at-115652-1-e1727327825979.jpeg\" alt=\"\" width=\"497\" height=\"784\" srcset=\"https:\/\/www.lasociedadgeografica.com\/blog\/uploads\/whatsapp-image-2024-09-26-at-115652-1-e1727327825979.jpeg 900w, https:\/\/www.lasociedadgeografica.com\/blog\/uploads\/whatsapp-image-2024-09-26-at-115652-1-e1727327825979-190x300.jpeg 190w, https:\/\/www.lasociedadgeografica.com\/blog\/uploads\/whatsapp-image-2024-09-26-at-115652-1-e1727327825979-649x1024.jpeg 649w, https:\/\/www.lasociedadgeografica.com\/blog\/uploads\/whatsapp-image-2024-09-26-at-115652-1-e1727327825979-728x1149.jpeg 728w, https:\/\/www.lasociedadgeografica.com\/blog\/uploads\/whatsapp-image-2024-09-26-at-115652-1-e1727327825979-363x573.jpeg 363w, https:\/\/www.lasociedadgeografica.com\/blog\/uploads\/whatsapp-image-2024-09-26-at-115652-1-e1727327825979-462x729.jpeg 462w\" sizes=\"auto, (max-width: 497px) 100vw, 497px\" \/><\/p>\n<p><i><span class=\"entradilla\">Rafael De Le\u00f3n R\u00edos no es solo el Director Adjunto de Sociedad Geogr\u00e1fica de las Indias, sino un viajero empedernido que, ante todo, adora los peque\u00f1os grandes placeres.<\/span><\/i><\/p>\n<p><!--more--><\/p>\n<p>De Panam\u00e1 a India, de Maldivas a Marruecos, pero siempre con parada en su querida Costa del Sol Rafael, como buen <a href=\"https:\/\/www.lasociedadgeografica.com\/blog\/viajes-india\/a-donde-viajar-segun-tu-signo-del-zodiaco\/\">Tauro<\/a>, siempre disfruta de los placeres de la vida sin renunciar a la posibilidad de sentirse c\u00f3modo, como en casa. Un buen gin tonic, la brisa del mar, la compa\u00f1\u00eda de su esposa, todos esos aspectos personales que conforman la mejor (y m\u00e1s emocional) experiencia.<\/p>\n<p>Porque nadie mejor que un miembro de SGI para contarnos sus mejores recomendaciones, Rafael nos cuenta c\u00f3mo viaja y disfruta de ese hedonismo sano e inspirador.<\/p>\n<p><img loading=\"lazy\" decoding=\"async\" class=\"wp-image-26282 alignleft\" src=\"https:\/\/www.lasociedadgeografica.com\/blog\/uploads\/whatsapp-image-2024-09-26-at-115652-2.jpeg\" alt=\"\" width=\"191\" height=\"425\" srcset=\"https:\/\/www.lasociedadgeografica.com\/blog\/uploads\/whatsapp-image-2024-09-26-at-115652-2.jpeg 921w, https:\/\/www.lasociedadgeografica.com\/blog\/uploads\/whatsapp-image-2024-09-26-at-115652-2-135x300.jpeg 135w, https:\/\/www.lasociedadgeografica.com\/blog\/uploads\/whatsapp-image-2024-09-26-at-115652-2-461x1024.jpeg 461w, https:\/\/www.lasociedadgeografica.com\/blog\/uploads\/whatsapp-image-2024-09-26-at-115652-2-691x1536.jpeg 691w, https:\/\/www.lasociedadgeografica.com\/blog\/uploads\/whatsapp-image-2024-09-26-at-115652-2-728x1619.jpeg 728w, https:\/\/www.lasociedadgeografica.com\/blog\/uploads\/whatsapp-image-2024-09-26-at-115652-2-363x807.jpeg 363w, https:\/\/www.lasociedadgeografica.com\/blog\/uploads\/whatsapp-image-2024-09-26-at-115652-2-462x1027.jpeg 462w\" sizes=\"auto, (max-width: 191px) 100vw, 191px\" \/><\/p>\n<p><strong>1) Cu\u00e9ntanos Rafa, \u00bfcu\u00e1l es ese destino que nunca olvidar\u00edas?<\/strong><\/p>\n<p>Sin duda, <a href=\"https:\/\/www.lasociedadgeografica.com\/blog\/viajes-india\/que-ver-en-india-del-norte\/\" target=\"_blank\" rel=\"noopener\">India del Norte<\/a> porque es el lugar d\u00f3nde realic\u00e9 mi viaje de luna de miel. Desde Bombay a Udaipur, pasando por Devighar, Jaipur, Agra y Delhi, redescubrimos una India fascinante, inolvidable.<\/p>\n<p><strong>2) Si tuvieras que elegir un plato t\u00edpico de India, \u00bfcu\u00e1l ser\u00eda?<\/strong><\/p>\n<p>El Dal Makhan\u00ed (daal), el popular curry de lentejas, s\u00faper cremoso si puede ser. Y tambi\u00e9n tengo que decir que el Butter Chicken que mi esposa desayunaba, almorzaba y cenaba, era tambi\u00e9n incre\u00edble. Eso s\u00ed, mejor con un delicioso Butter Naan (t\u00edpico pan de India).<\/p>\n<p><strong>3) \u00bfQu\u00e9 alojamiento recomendar\u00eda para alguien que busque viajar a India?<\/strong><\/p>\n<p>The <a href=\"https:\/\/www.lasociedadgeografica.com\/blog\/hoteles\/the-taj-mahal-palace-en-mumbai-5-lujo\/\" target=\"_blank\" rel=\"noopener\">Taj Mahal Palace<\/a>, en Colaba, el famoso distrito de Mumbai. Cuentan con una habitaci\u00f3n con vistas a la Puerta de la India (Gateway of India) incre\u00edble. Adem\u00e1s, es un hotel d\u00f3nde se respira esa clase y excelencia tan caracter\u00edsticas en cada detalle.<\/p>\n<p><strong>4) Dinos el momento m\u00e1s especial que has vivido en un viaje.\u00a0<\/strong><\/p>\n<p>El paseo en barquito desde el embarcadero hasta el apeadero del <a href=\"https:\/\/www.lasociedadgeografica.com\/blog\/destinos\/una-noche-en-el-taj-lake-palace-de-udaipur-un-sueno-oriental-sociedad-geografica-de-las-indias\/\" target=\"_blank\" rel=\"noopener\">Taj Lake Palace<\/a> Udaipur a trav\u00e9s del Taj Lake.<\/p>\n<p><img loading=\"lazy\" decoding=\"async\" class=\"wp-image-26283 alignright\" src=\"https:\/\/www.lasociedadgeografica.com\/blog\/uploads\/whatsapp-image-2024-09-26-at-115653-e1727328806428.jpeg\" alt=\"\" width=\"192\" height=\"357\" srcset=\"https:\/\/www.lasociedadgeografica.com\/blog\/uploads\/whatsapp-image-2024-09-26-at-115653-e1727328806428.jpeg 900w, https:\/\/www.lasociedadgeografica.com\/blog\/uploads\/whatsapp-image-2024-09-26-at-115653-e1727328806428-161x300.jpeg 161w, https:\/\/www.lasociedadgeografica.com\/blog\/uploads\/whatsapp-image-2024-09-26-at-115653-e1727328806428-551x1024.jpeg 551w, https:\/\/www.lasociedadgeografica.com\/blog\/uploads\/whatsapp-image-2024-09-26-at-115653-e1727328806428-826x1536.jpeg 826w, https:\/\/www.lasociedadgeografica.com\/blog\/uploads\/whatsapp-image-2024-09-26-at-115653-e1727328806428-728x1353.jpeg 728w, https:\/\/www.lasociedadgeografica.com\/blog\/uploads\/whatsapp-image-2024-09-26-at-115653-e1727328806428-363x675.jpeg 363w, https:\/\/www.lasociedadgeografica.com\/blog\/uploads\/whatsapp-image-2024-09-26-at-115653-e1727328806428-462x859.jpeg 462w\" sizes=\"auto, (max-width: 192px) 100vw, 192px\" \/><\/p>\n<p><strong>5) \u00bfY un lugar inolvidable?<\/strong><\/p>\n<p>El Taj Mahal, en <a href=\"https:\/\/www.lasociedadgeografica.com\/blog\/sgi\/boda-nakul-natalia\/\" target=\"_blank\" rel=\"noopener\">Agra<\/a>. Hay muchos motivos, algunos indescriptibles, pero dir\u00eda que por el monumento en si, su significado, su arquitectura, su simetr\u00eda, su m\u00e1rmol, sus jardines y sus bulliciosos visitantes.<\/p>\n<p><strong>6) \u00bfQu\u00e9 sugerencia o consejo le dar\u00edas a alguien que nunca antes ha viajado a India?<\/strong><\/p>\n<p>Qua viaje a India y si es de la mano de SGI, mejor que mejor, ya que estar\u00e1 acompa\u00f1ado de un gu\u00eda SGI ADN 100%. No se arrepentir\u00e1, se lo prometo por la gloria de&#8230;<\/p>\n<p><strong>7) \u00bfQu\u00e9 representa el viaje para ti?<\/strong><\/p>\n<p>Experiencias que vivir in situ y rememorar al regreso por los siglos de los siglos, como aquel romance que llev\u00f3 a un pr\u00edncipe a construir un precioso mausoleo.<\/p>\n<p>&nbsp;<\/p>\n<p>&nbsp;<\/p>\n<div class=\"SGIcontact\"><form id=\"sf_shortcode_SGIcontact_0F\" action=\"\/contacto\/\" method=\"post\" class=\"SGIcontactwidget_form\"><p style=\"text-align:center;font-style:italic;font-size:14px;padding-bottom:10px\" id=\"sf_shortcode_SGIcontact_0FP\">\u00bfQuieres que te dise\u00f1emos un viaje exclusivo al Subcontinente Indio?<\/p>\n<div style=\"text-align:center\" id=\"sf_shortcode_SGIcontact_0FD\"><input type=\"submit\" value=\"Cont\u00e1ctanos Aqu\u00ed\" \/>\n<\/div><\/form>\n<\/div>\n","protected":false},"excerpt":{"rendered":"<p>Rafael De Le\u00f3n R\u00edos no es solo el Director Adjunto de Sociedad Geogr\u00e1fica de las Indias, sino un viajero empedernido que, ante todo, adora los peque\u00f1os grandes placeres.<\/p>\n","protected":false},"author":1,"featured_media":0,"comment_status":"open","ping_status":"open","sticky":false,"template":"","format":"standard","meta":{"footnotes":""},"categories":[14],"tags":[],"class_list":["post-26278","post","type-post","status-publish","format-standard","hentry","category-sgi"],"yoast_head":"<!-- This site is optimized with the Yoast SEO plugin v27.4 - https:\/\/yoast.com\/product\/yoast-seo-wordpress\/ -->\n<title>\u00bfC\u00f3mo viaja Rafa, Director Adjunto de Sociedad Geogr\u00e1fica de las Indias?<\/title>\n<meta name=\"description\" content=\"Rafael, Director Adjunto de SGI, nos cuenta sus rincones favoritos de India y esas peque\u00f1as grandes cosas que evocan los mejores viajes.\" \/>\n<meta name=\"robots\" content=\"index, follow, max-snippet:-1, max-image-preview:large, max-video-preview:-1\" \/>\n<link rel=\"canonical\" href=\"https:\/\/www.lasociedadgeografica.com\/blog\/sgi\/como-viaja-rafa-director-adjunto-de-sociedad-geografica-de-las-indias\/\" \/>\n<meta property=\"og:locale\" content=\"es_ES\" \/>\n<meta property=\"og:type\" content=\"article\" \/>\n<meta property=\"og:title\" content=\"\u00bfC\u00f3mo viaja Rafa, Director Adjunto de Sociedad Geogr\u00e1fica de las Indias?\" \/>\n<meta property=\"og:description\" content=\"Rafael, Director Adjunto de SGI, nos cuenta sus rincones favoritos de India y esas peque\u00f1as grandes cosas que evocan los mejores viajes.\" \/>\n<meta property=\"og:url\" content=\"https:\/\/www.lasociedadgeografica.com\/blog\/sgi\/como-viaja-rafa-director-adjunto-de-sociedad-geografica-de-las-indias\/\" \/>\n<meta property=\"og:site_name\" content=\"Blog de viajes a India\" \/>\n<meta property=\"article:published_time\" content=\"2024-11-06T13:06:25+00:00\" \/>\n<meta property=\"article:modified_time\" content=\"2025-01-18T10:57:13+00:00\" \/>\n<meta property=\"og:image\" content=\"https:\/\/www.lasociedadgeografica.com\/blog\/uploads\/whatsapp-image-2024-09-26-at-115652-1-e1727327825979.jpeg\" \/>\n\t<meta property=\"og:image:width\" content=\"900\" \/>\n\t<meta property=\"og:image:height\" content=\"1420\" \/>\n\t<meta property=\"og:image:type\" content=\"image\/jpeg\" \/>\n<meta name=\"author\" content=\"SGI\" \/>\n<meta name=\"twitter:label1\" content=\"Escrito por\" \/>\n\t<meta name=\"twitter:data1\" content=\"SGI\" \/>\n\t<meta name=\"twitter:label2\" content=\"Tiempo de lectura\" \/>\n\t<meta name=\"twitter:data2\" content=\"2 minutos\" \/>\n<script type=\"application\/ld+json\" class=\"yoast-schema-graph\">{\"@context\":\"https:\\\/\\\/schema.org\",\"@graph\":[{\"@type\":\"Article\",\"@id\":\"https:\\\/\\\/www.lasociedadgeografica.com\\\/blog\\\/sgi\\\/como-viaja-rafa-director-adjunto-de-sociedad-geografica-de-las-indias\\\/#article\",\"isPartOf\":{\"@id\":\"https:\\\/\\\/www.lasociedadgeografica.com\\\/blog\\\/sgi\\\/como-viaja-rafa-director-adjunto-de-sociedad-geografica-de-las-indias\\\/\"},\"author\":{\"name\":\"SGI\",\"@id\":\"https:\\\/\\\/www.lasociedadgeografica.com\\\/blog\\\/#\\\/schema\\\/person\\\/4eb706084ebada5acb6f674d895232d2\"},\"headline\":\"\u00bfC\u00f3mo viaja Rafa, Director Adjunto de Sociedad Geogr\u00e1fica de las Indias?\",\"datePublished\":\"2024-11-06T13:06:25+00:00\",\"dateModified\":\"2025-01-18T10:57:13+00:00\",\"mainEntityOfPage\":{\"@id\":\"https:\\\/\\\/www.lasociedadgeografica.com\\\/blog\\\/sgi\\\/como-viaja-rafa-director-adjunto-de-sociedad-geografica-de-las-indias\\\/\"},\"wordCount\":472,\"commentCount\":0,\"image\":{\"@id\":\"https:\\\/\\\/www.lasociedadgeografica.com\\\/blog\\\/sgi\\\/como-viaja-rafa-director-adjunto-de-sociedad-geografica-de-las-indias\\\/#primaryimage\"},\"thumbnailUrl\":\"https:\\\/\\\/www.lasociedadgeografica.com\\\/blog\\\/uploads\\\/whatsapp-image-2024-09-26-at-115652-1-e1727327825979.jpeg\",\"articleSection\":[\"SGI\"],\"inLanguage\":\"es\",\"potentialAction\":[{\"@type\":\"CommentAction\",\"name\":\"Comment\",\"target\":[\"https:\\\/\\\/www.lasociedadgeografica.com\\\/blog\\\/sgi\\\/como-viaja-rafa-director-adjunto-de-sociedad-geografica-de-las-indias\\\/#respond\"]}]},{\"@type\":\"WebPage\",\"@id\":\"https:\\\/\\\/www.lasociedadgeografica.com\\\/blog\\\/sgi\\\/como-viaja-rafa-director-adjunto-de-sociedad-geografica-de-las-indias\\\/\",\"url\":\"https:\\\/\\\/www.lasociedadgeografica.com\\\/blog\\\/sgi\\\/como-viaja-rafa-director-adjunto-de-sociedad-geografica-de-las-indias\\\/\",\"name\":\"\u00bfC\u00f3mo viaja Rafa, Director Adjunto de Sociedad Geogr\u00e1fica de las Indias?\",\"isPartOf\":{\"@id\":\"https:\\\/\\\/www.lasociedadgeografica.com\\\/blog\\\/#website\"},\"primaryImageOfPage\":{\"@id\":\"https:\\\/\\\/www.lasociedadgeografica.com\\\/blog\\\/sgi\\\/como-viaja-rafa-director-adjunto-de-sociedad-geografica-de-las-indias\\\/#primaryimage\"},\"image\":{\"@id\":\"https:\\\/\\\/www.lasociedadgeografica.com\\\/blog\\\/sgi\\\/como-viaja-rafa-director-adjunto-de-sociedad-geografica-de-las-indias\\\/#primaryimage\"},\"thumbnailUrl\":\"https:\\\/\\\/www.lasociedadgeografica.com\\\/blog\\\/uploads\\\/whatsapp-image-2024-09-26-at-115652-1-e1727327825979.jpeg\",\"datePublished\":\"2024-11-06T13:06:25+00:00\",\"dateModified\":\"2025-01-18T10:57:13+00:00\",\"author\":{\"@id\":\"https:\\\/\\\/www.lasociedadgeografica.com\\\/blog\\\/#\\\/schema\\\/person\\\/4eb706084ebada5acb6f674d895232d2\"},\"description\":\"Rafael, Director Adjunto de SGI, nos cuenta sus rincones favoritos de India y esas peque\u00f1as grandes cosas que evocan los mejores viajes.\",\"breadcrumb\":{\"@id\":\"https:\\\/\\\/www.lasociedadgeografica.com\\\/blog\\\/sgi\\\/como-viaja-rafa-director-adjunto-de-sociedad-geografica-de-las-indias\\\/#breadcrumb\"},\"inLanguage\":\"es\",\"potentialAction\":[{\"@type\":\"ReadAction\",\"target\":[\"https:\\\/\\\/www.lasociedadgeografica.com\\\/blog\\\/sgi\\\/como-viaja-rafa-director-adjunto-de-sociedad-geografica-de-las-indias\\\/\"]}]},{\"@type\":\"ImageObject\",\"inLanguage\":\"es\",\"@id\":\"https:\\\/\\\/www.lasociedadgeografica.com\\\/blog\\\/sgi\\\/como-viaja-rafa-director-adjunto-de-sociedad-geografica-de-las-indias\\\/#primaryimage\",\"url\":\"https:\\\/\\\/www.lasociedadgeografica.com\\\/blog\\\/uploads\\\/whatsapp-image-2024-09-26-at-115652-1-e1727327825979.jpeg\",\"contentUrl\":\"https:\\\/\\\/www.lasociedadgeografica.com\\\/blog\\\/uploads\\\/whatsapp-image-2024-09-26-at-115652-1-e1727327825979.jpeg\",\"width\":900,\"height\":1420},{\"@type\":\"BreadcrumbList\",\"@id\":\"https:\\\/\\\/www.lasociedadgeografica.com\\\/blog\\\/sgi\\\/como-viaja-rafa-director-adjunto-de-sociedad-geografica-de-las-indias\\\/#breadcrumb\",\"itemListElement\":[{\"@type\":\"ListItem\",\"position\":1,\"name\":\"Portada\",\"item\":\"https:\\\/\\\/www.lasociedadgeografica.com\\\/blog\\\/\"},{\"@type\":\"ListItem\",\"position\":2,\"name\":\"\u00bfC\u00f3mo viaja Rafa, Director Adjunto de Sociedad Geogr\u00e1fica de las Indias?\"}]},{\"@type\":\"WebSite\",\"@id\":\"https:\\\/\\\/www.lasociedadgeografica.com\\\/blog\\\/#website\",\"url\":\"https:\\\/\\\/www.lasociedadgeografica.com\\\/blog\\\/\",\"name\":\"Blog de viajes a India\",\"description\":\"Un lugar para Conocer India, con may\u00fasculas. El Blog de Sociedad Geogr\u00e1fica de las Indias.\",\"potentialAction\":[{\"@type\":\"SearchAction\",\"target\":{\"@type\":\"EntryPoint\",\"urlTemplate\":\"https:\\\/\\\/www.lasociedadgeografica.com\\\/blog\\\/?s={search_term_string}\"},\"query-input\":{\"@type\":\"PropertyValueSpecification\",\"valueRequired\":true,\"valueName\":\"search_term_string\"}}],\"inLanguage\":\"es\"},{\"@type\":\"Person\",\"@id\":\"https:\\\/\\\/www.lasociedadgeografica.com\\\/blog\\\/#\\\/schema\\\/person\\\/4eb706084ebada5acb6f674d895232d2\",\"name\":\"SGI\",\"image\":{\"@type\":\"ImageObject\",\"inLanguage\":\"es\",\"@id\":\"https:\\\/\\\/secure.gravatar.com\\\/avatar\\\/3b6518b4778a72cb0cada5ad3bf7536bf8fd05c7dc636ba9c80f95598fc13469?s=96&r=g\",\"url\":\"https:\\\/\\\/secure.gravatar.com\\\/avatar\\\/3b6518b4778a72cb0cada5ad3bf7536bf8fd05c7dc636ba9c80f95598fc13469?s=96&r=g\",\"contentUrl\":\"https:\\\/\\\/secure.gravatar.com\\\/avatar\\\/3b6518b4778a72cb0cada5ad3bf7536bf8fd05c7dc636ba9c80f95598fc13469?s=96&r=g\",\"caption\":\"SGI\"},\"description\":\"Sociedad Geogr\u00e1fica de las Indias, agencia especializada en viajes exclusivos y a medida a India. https:\\\/\\\/www.lasociedadgeografica.com\",\"sameAs\":[\"https:\\\/\\\/www.lasociedadgeografica.com\"],\"url\":\"https:\\\/\\\/www.lasociedadgeografica.com\\\/blog\\\/author\\\/admin\\\/\"}]}<\/script>\n<!-- \/ Yoast SEO plugin. -->","yoast_head_json":{"title":"\u00bfC\u00f3mo viaja Rafa, Director Adjunto de Sociedad Geogr\u00e1fica de las Indias?","description":"Rafael, Director Adjunto de SGI, nos cuenta sus rincones favoritos de India y esas peque\u00f1as grandes cosas que evocan los mejores viajes.","robots":{"index":"index","follow":"follow","max-snippet":"max-snippet:-1","max-image-preview":"max-image-preview:large","max-video-preview":"max-video-preview:-1"},"canonical":"https:\/\/www.lasociedadgeografica.com\/blog\/sgi\/como-viaja-rafa-director-adjunto-de-sociedad-geografica-de-las-indias\/","og_locale":"es_ES","og_type":"article","og_title":"\u00bfC\u00f3mo viaja Rafa, Director Adjunto de Sociedad Geogr\u00e1fica de las Indias?","og_description":"Rafael, Director Adjunto de SGI, nos cuenta sus rincones favoritos de India y esas peque\u00f1as grandes cosas que evocan los mejores viajes.","og_url":"https:\/\/www.lasociedadgeografica.com\/blog\/sgi\/como-viaja-rafa-director-adjunto-de-sociedad-geografica-de-las-indias\/","og_site_name":"Blog de viajes a India","article_published_time":"2024-11-06T13:06:25+00:00","article_modified_time":"2025-01-18T10:57:13+00:00","og_image":[{"width":900,"height":1420,"url":"https:\/\/www.lasociedadgeografica.com\/blog\/uploads\/whatsapp-image-2024-09-26-at-115652-1-e1727327825979.jpeg","type":"image\/jpeg"}],"author":"SGI","twitter_misc":{"Escrito por":"SGI","Tiempo de lectura":"2 minutos"},"schema":{"@context":"https:\/\/schema.org","@graph":[{"@type":"Article","@id":"https:\/\/www.lasociedadgeografica.com\/blog\/sgi\/como-viaja-rafa-director-adjunto-de-sociedad-geografica-de-las-indias\/#article","isPartOf":{"@id":"https:\/\/www.lasociedadgeografica.com\/blog\/sgi\/como-viaja-rafa-director-adjunto-de-sociedad-geografica-de-las-indias\/"},"author":{"name":"SGI","@id":"https:\/\/www.lasociedadgeografica.com\/blog\/#\/schema\/person\/4eb706084ebada5acb6f674d895232d2"},"headline":"\u00bfC\u00f3mo viaja Rafa, Director Adjunto de Sociedad Geogr\u00e1fica de las Indias?","datePublished":"2024-11-06T13:06:25+00:00","dateModified":"2025-01-18T10:57:13+00:00","mainEntityOfPage":{"@id":"https:\/\/www.lasociedadgeografica.com\/blog\/sgi\/como-viaja-rafa-director-adjunto-de-sociedad-geografica-de-las-indias\/"},"wordCount":472,"commentCount":0,"image":{"@id":"https:\/\/www.lasociedadgeografica.com\/blog\/sgi\/como-viaja-rafa-director-adjunto-de-sociedad-geografica-de-las-indias\/#primaryimage"},"thumbnailUrl":"https:\/\/www.lasociedadgeografica.com\/blog\/uploads\/whatsapp-image-2024-09-26-at-115652-1-e1727327825979.jpeg","articleSection":["SGI"],"inLanguage":"es","potentialAction":[{"@type":"CommentAction","name":"Comment","target":["https:\/\/www.lasociedadgeografica.com\/blog\/sgi\/como-viaja-rafa-director-adjunto-de-sociedad-geografica-de-las-indias\/#respond"]}]},{"@type":"WebPage","@id":"https:\/\/www.lasociedadgeografica.com\/blog\/sgi\/como-viaja-rafa-director-adjunto-de-sociedad-geografica-de-las-indias\/","url":"https:\/\/www.lasociedadgeografica.com\/blog\/sgi\/como-viaja-rafa-director-adjunto-de-sociedad-geografica-de-las-indias\/","name":"\u00bfC\u00f3mo viaja Rafa, Director Adjunto de Sociedad Geogr\u00e1fica de las Indias?","isPartOf":{"@id":"https:\/\/www.lasociedadgeografica.com\/blog\/#website"},"primaryImageOfPage":{"@id":"https:\/\/www.lasociedadgeografica.com\/blog\/sgi\/como-viaja-rafa-director-adjunto-de-sociedad-geografica-de-las-indias\/#primaryimage"},"image":{"@id":"https:\/\/www.lasociedadgeografica.com\/blog\/sgi\/como-viaja-rafa-director-adjunto-de-sociedad-geografica-de-las-indias\/#primaryimage"},"thumbnailUrl":"https:\/\/www.lasociedadgeografica.com\/blog\/uploads\/whatsapp-image-2024-09-26-at-115652-1-e1727327825979.jpeg","datePublished":"2024-11-06T13:06:25+00:00","dateModified":"2025-01-18T10:57:13+00:00","author":{"@id":"https:\/\/www.lasociedadgeografica.com\/blog\/#\/schema\/person\/4eb706084ebada5acb6f674d895232d2"},"description":"Rafael, Director Adjunto de SGI, nos cuenta sus rincones favoritos de India y esas peque\u00f1as grandes cosas que evocan los mejores viajes.","breadcrumb":{"@id":"https:\/\/www.lasociedadgeografica.com\/blog\/sgi\/como-viaja-rafa-director-adjunto-de-sociedad-geografica-de-las-indias\/#breadcrumb"},"inLanguage":"es","potentialAction":[{"@type":"ReadAction","target":["https:\/\/www.lasociedadgeografica.com\/blog\/sgi\/como-viaja-rafa-director-adjunto-de-sociedad-geografica-de-las-indias\/"]}]},{"@type":"ImageObject","inLanguage":"es","@id":"https:\/\/www.lasociedadgeografica.com\/blog\/sgi\/como-viaja-rafa-director-adjunto-de-sociedad-geografica-de-las-indias\/#primaryimage","url":"https:\/\/www.lasociedadgeografica.com\/blog\/uploads\/whatsapp-image-2024-09-26-at-115652-1-e1727327825979.jpeg","contentUrl":"https:\/\/www.lasociedadgeografica.com\/blog\/uploads\/whatsapp-image-2024-09-26-at-115652-1-e1727327825979.jpeg","width":900,"height":1420},{"@type":"BreadcrumbList","@id":"https:\/\/www.lasociedadgeografica.com\/blog\/sgi\/como-viaja-rafa-director-adjunto-de-sociedad-geografica-de-las-indias\/#breadcrumb","itemListElement":[{"@type":"ListItem","position":1,"name":"Portada","item":"https:\/\/www.lasociedadgeografica.com\/blog\/"},{"@type":"ListItem","position":2,"name":"\u00bfC\u00f3mo viaja Rafa, Director Adjunto de Sociedad Geogr\u00e1fica de las Indias?"}]},{"@type":"WebSite","@id":"https:\/\/www.lasociedadgeografica.com\/blog\/#website","url":"https:\/\/www.lasociedadgeografica.com\/blog\/","name":"Blog de viajes a India","description":"Un lugar para Conocer India, con may\u00fasculas. El Blog de Sociedad Geogr\u00e1fica de las Indias.","potentialAction":[{"@type":"SearchAction","target":{"@type":"EntryPoint","urlTemplate":"https:\/\/www.lasociedadgeografica.com\/blog\/?s={search_term_string}"},"query-input":{"@type":"PropertyValueSpecification","valueRequired":true,"valueName":"search_term_string"}}],"inLanguage":"es"},{"@type":"Person","@id":"https:\/\/www.lasociedadgeografica.com\/blog\/#\/schema\/person\/4eb706084ebada5acb6f674d895232d2","name":"SGI","image":{"@type":"ImageObject","inLanguage":"es","@id":"https:\/\/secure.gravatar.com\/avatar\/3b6518b4778a72cb0cada5ad3bf7536bf8fd05c7dc636ba9c80f95598fc13469?s=96&r=g","url":"https:\/\/secure.gravatar.com\/avatar\/3b6518b4778a72cb0cada5ad3bf7536bf8fd05c7dc636ba9c80f95598fc13469?s=96&r=g","contentUrl":"https:\/\/secure.gravatar.com\/avatar\/3b6518b4778a72cb0cada5ad3bf7536bf8fd05c7dc636ba9c80f95598fc13469?s=96&r=g","caption":"SGI"},"description":"Sociedad Geogr\u00e1fica de las Indias, agencia especializada en viajes exclusivos y a medida a India. https:\/\/www.lasociedadgeografica.com","sameAs":["https:\/\/www.lasociedadgeografica.com"],"url":"https:\/\/www.lasociedadgeografica.com\/blog\/author\/admin\/"}]}},"_links":{"self":[{"href":"https:\/\/www.lasociedadgeografica.com\/blog\/wp-json\/wp\/v2\/posts\/26278","targetHints":{"allow":["GET"]}}],"collection":[{"href":"https:\/\/www.lasociedadgeografica.com\/blog\/wp-json\/wp\/v2\/posts"}],"about":[{"href":"https:\/\/www.lasociedadgeografica.com\/blog\/wp-json\/wp\/v2\/types\/post"}],"author":[{"embeddable":true,"href":"https:\/\/www.lasociedadgeografica.com\/blog\/wp-json\/wp\/v2\/users\/1"}],"replies":[{"embeddable":true,"href":"https:\/\/www.lasociedadgeografica.com\/blog\/wp-json\/wp\/v2\/comments?post=26278"}],"version-history":[{"count":8,"href":"https:\/\/www.lasociedadgeografica.com\/blog\/wp-json\/wp\/v2\/posts\/26278\/revisions"}],"predecessor-version":[{"id":26562,"href":"https:\/\/www.lasociedadgeografica.com\/blog\/wp-json\/wp\/v2\/posts\/26278\/revisions\/26562"}],"wp:attachment":[{"href":"https:\/\/www.lasociedadgeografica.com\/blog\/wp-json\/wp\/v2\/media?parent=26278"}],"wp:term":[{"taxonomy":"category","embeddable":true,"href":"https:\/\/www.lasociedadgeografica.com\/blog\/wp-json\/wp\/v2\/categories?post=26278"},{"taxonomy":"post_tag","embeddable":true,"href":"https:\/\/www.lasociedadgeografica.com\/blog\/wp-json\/wp\/v2\/tags?post=26278"}],"curies":[{"name":"wp","href":"https:\/\/api.w.org\/{rel}","templated":true}]}}