{"id":269,"date":"2010-05-20T16:55:50","date_gmt":"2010-05-20T14:55:50","guid":{"rendered":"https:\/\/www.lasociedadgeografica.com\/blog\/?p=269"},"modified":"2020-06-24T20:40:04","modified_gmt":"2020-06-24T18:40:04","slug":"inedia-se-puede-vivir-sin-comer","status":"publish","type":"post","link":"https:\/\/www.lasociedadgeografica.com\/blog\/curiosidades\/inedia-se-puede-vivir-sin-comer\/","title":{"rendered":"\u201cInedia\u201d, \u00bfse puede vivir sin comer?"},"content":{"rendered":"\n\n<div class=\"kk-star-ratings kksr-auto kksr-align-left kksr-valign-top\"\n    data-payload='{&quot;align&quot;:&quot;left&quot;,&quot;id&quot;:&quot;269&quot;,&quot;slug&quot;:&quot;default&quot;,&quot;valign&quot;:&quot;top&quot;,&quot;ignore&quot;:&quot;&quot;,&quot;reference&quot;:&quot;auto&quot;,&quot;class&quot;:&quot;&quot;,&quot;count&quot;:&quot;1&quot;,&quot;legendonly&quot;:&quot;&quot;,&quot;readonly&quot;:&quot;&quot;,&quot;score&quot;:&quot;5&quot;,&quot;starsonly&quot;:&quot;&quot;,&quot;best&quot;:&quot;5&quot;,&quot;gap&quot;:&quot;6&quot;,&quot;greet&quot;:&quot;&quot;,&quot;legend&quot;:&quot;5\\\/5 - (1 voto)&quot;,&quot;size&quot;:&quot;22&quot;,&quot;title&quot;:&quot;\u201cInedia\u201d, \u00bfse puede vivir sin comer?&quot;,&quot;width&quot;:&quot;137&quot;,&quot;_legend&quot;:&quot;{score}\\\/{best} - ({count} {votes})&quot;,&quot;font_factor&quot;:&quot;1.25&quot;}'>\n            \n<div class=\"kksr-stars\">\n    \n<div class=\"kksr-stars-inactive\">\n            <div class=\"kksr-star\" data-star=\"1\" style=\"padding-right: 6px\">\n            \n\n<div class=\"kksr-icon\" style=\"width: 22px; height: 22px;\"><\/div>\n        <\/div>\n            <div class=\"kksr-star\" data-star=\"2\" style=\"padding-right: 6px\">\n            \n\n<div class=\"kksr-icon\" style=\"width: 22px; height: 22px;\"><\/div>\n        <\/div>\n            <div class=\"kksr-star\" data-star=\"3\" style=\"padding-right: 6px\">\n            \n\n<div class=\"kksr-icon\" style=\"width: 22px; height: 22px;\"><\/div>\n        <\/div>\n            <div class=\"kksr-star\" data-star=\"4\" style=\"padding-right: 6px\">\n            \n\n<div class=\"kksr-icon\" style=\"width: 22px; height: 22px;\"><\/div>\n        <\/div>\n            <div class=\"kksr-star\" data-star=\"5\" style=\"padding-right: 6px\">\n            \n\n<div class=\"kksr-icon\" style=\"width: 22px; height: 22px;\"><\/div>\n        <\/div>\n    <\/div>\n    \n<div class=\"kksr-stars-active\" style=\"width: 137px;\">\n            <div class=\"kksr-star\" style=\"padding-right: 6px\">\n            \n\n<div class=\"kksr-icon\" style=\"width: 22px; height: 22px;\"><\/div>\n        <\/div>\n            <div class=\"kksr-star\" style=\"padding-right: 6px\">\n            \n\n<div class=\"kksr-icon\" style=\"width: 22px; height: 22px;\"><\/div>\n        <\/div>\n            <div class=\"kksr-star\" style=\"padding-right: 6px\">\n            \n\n<div class=\"kksr-icon\" style=\"width: 22px; height: 22px;\"><\/div>\n        <\/div>\n            <div class=\"kksr-star\" style=\"padding-right: 6px\">\n            \n\n<div class=\"kksr-icon\" style=\"width: 22px; height: 22px;\"><\/div>\n        <\/div>\n            <div class=\"kksr-star\" style=\"padding-right: 6px\">\n            \n\n<div class=\"kksr-icon\" style=\"width: 22px; height: 22px;\"><\/div>\n        <\/div>\n    <\/div>\n<\/div>\n                \n\n<div class=\"kksr-legend\" style=\"font-size: 17.6px;\">\n            5\/5 - (1 voto)    <\/div>\n    <\/div>\n<p>Seg\u00fan el diccionario de la R.A.E. <a href=\"http:\/\/buscon.rae.es\/draeI\/SrvltConsulta?TIPO_BUS=3&amp;LEMA=inedia\">inedia<\/a> es \u00abla falta de alimentaci\u00f3n suficiente\u00bb o \u00abel estado de debilidad que aquella provoca\u00bb. En los pa\u00edses anglosajones tambi\u00e9n usan una palabra inventada en ingl\u00e9s llamada \u00abbreathtarian\u00bb, lo que podr\u00edamos traducir por algo as\u00ed como \u00abrespirariano\u00bb, es decir, que se alimenta del aire.<\/p>\n<p>En India, algunas personas han llevado esta palabra al extremo. Concretamente ha saltado la noticia a los medios de comunicaci\u00f3n internacionales de que en aquel pa\u00eds el \u00abfakir\u00bb u hombre santo, <a href=\"http:\/\/news.bbc.co.uk\/2\/hi\/south_asia\/3236118.stm\" target=\"_blank\" rel=\"noopener noreferrer\">Prahald Jani<\/a>, no ha comido ni bebido durante m\u00e1s de 60 a\u00f1os.<\/p>\n<p><div id=\"attachment_272\" class=\"wp-caption aligncenter\" style=\"width: 460px\"><a href=\"\/\/www.lasociedadgeografica.com\/blog\/uploads\/2010\/05\/Prahald-Jani1.jpg\"><img loading=\"lazy\" decoding=\"async\" title=\"Prahald Jani\" src=\"\/\/www.lasociedadgeografica.com\/blog\/uploads\/2010\/05\/Prahald-Jani1.jpg\" alt=\"Prahald Jani\" width=\"460\" height=\"148\" \/><\/a><p class=\"wp-caption-text\">Prahald Jani<\/p><\/div><br \/>\n<a name=\"smore-\"><\/a><br \/>\nEl se\u00f1or Jani, que tiene m\u00e1s de 70 a\u00f1os, ha permanecido 10 d\u00edas bajo observaci\u00f3n constante en el hospital Sterling de Ahmedabad, en el estado de Gujarat, al oeste de India. Durante este tiempo no ha consumido nada \u00abni siquiera ha orinado o defecado\u00bb, seg\u00fan palabras del gerente hospital, el doctor Dinesh Desai. Los doctores dicen que se encuentra en un buen estado tanto f\u00edsico como mental.<\/p>\n<p>La mayor\u00eda de las personas pueden vivir sin comer durante varias semanas consumiendo la energ\u00eda de las grasas y las prote\u00ednas almacenadas, pero el ser humano medio s\u00f3lo puede sobrevivir 3 \u00f3 4 d\u00edas sin beber. Los seguidores de los hombres sagrados de India y los ascetas frecuentemente les otorgan poderes extraordinarios, pero estos supuestos poderes son raramente investigados por la ciencia. Dice el Dr. Desai que las pruebas que se le han realizado apuntan a que se trata de uma persona \u00abf\u00edsicamente normal\u00bb.<\/p>\n<p>El se\u00f1or Jani, que pasa la mayor\u00eda del tiempo en una cueva cerca del <a href=\"http:\/\/www.ambajitemple.in\/\" target=\"_blank\" rel=\"noopener noreferrer\">templo Ambaji<\/a>, en el estado de Gujarat, pas\u00f3 10 d\u00edas en una habitaci\u00f3n de hospital especialmente preparada con un ba\u00f1o con las ca\u00f1er\u00edas selladas y bajo video vigilancia constante. Para ayudar a los doctores a eliminar sus dudas, el se\u00f1or Jani accedi\u00f3 a no tomar ba\u00f1o durante este tiempo. El \u00fanico flu\u00eddo que se le permit\u00eda utilizar era una peque\u00f1a cantidad de agua para lavarse los dientes. Se le daban 100 mililitros de agua, los cuales, una vez escupidos eran medidos para comprobar que no hab\u00eda bebido nada. La Asociaci\u00f3n de F\u00edsicos de Ahmedabad dijo que aunque no entrase agua en su cuerpo s\u00ed aparec\u00eda orina en su vejiga, siendo esta reabsorbida. Al final de este confinamiento los doctores no encontraron cambio alguno en su estado general salvo un ligero descenso de peso.<\/p>\n<div id=\"attachment_282\" class=\"wp-caption aligncenter\" style=\"width: 460px\"><a href=\"\/\/www.lasociedadgeografica.com\/blog\/uploads\/2010\/05\/Prahald-Jani2.jpg\"><img loading=\"lazy\" decoding=\"async\" class=\"size-full wp-image-282\" title=\"Prahald Jani en el hospital\" src=\"\/\/www.lasociedadgeografica.com\/blog\/uploads\/2010\/05\/Prahald-Jani2.jpg\" alt=\"Prahald Jani en el hospital\" width=\"460\" height=\"288\" srcset=\"https:\/\/www.lasociedadgeografica.com\/blog\/uploads\/2010\/05\/Prahald-Jani2.jpg 460w, https:\/\/www.lasociedadgeografica.com\/blog\/uploads\/2010\/05\/Prahald-Jani2-300x187.jpg 300w\" sizes=\"auto, (max-width: 460px) 100vw, 460px\" \/><\/a><p class=\"wp-caption-text\">Prahald Jani en el hospital<\/p><\/div>\n<p>\u00abNo siento necesidad de comer o beber\u00bb, dice el se\u00f1or Jani, quien argumenta que fue bendecido por los dioses a la edad de ocho a\u00f1os y que ha vivido en cuevas desde entonces. Este \u00ab<a href=\"https:\/\/www.lasociedadgeografica.com\/blog\/mitologia-y-religion\/los-sadhus\/\" target=\"_blank\" rel=\"noopener noreferrer\">sadhu<\/a>\u00bb (persona que renuncia a todos los v\u00ednculos que le unen a lo terrenal o material en la b\u00fasqueda de los verdaderos valores de la vida), se cri\u00f3 en una aldea en el distrito de Mesana y viste como un devoto de la diosa Ambaji (un sari rojo como vestido, arete en la nariz, brazalete y flores carmes\u00ed en el cabello). Tambi\u00e9n lleva la \u00abtika\u00bb de color vermell\u00f3n en su frente, elemento m\u00e1s t\u00edpico de las mujeres hind\u00faes casadas. Sus disc\u00edpulos le llaman \u00abmataji\u00bb o diosa.<\/p>\n<p>Prahald Jani dice que ha estado varias d\u00e9cadas sin comer ni beber debido a un orificio en su paladar. Sostiene que las gotas de agua se filtran a trav\u00e9s de este orificio sirvi\u00e9ndole de sustento. Bhiku Prajapati, uno de sus muchos seguidores, dice&#8230; \u00abnunca ha caido enfermo y continuar\u00e1 as\u00ed\u00bb.<\/p>\n<p>El doctor Urman Dhuruv en declaraciones a la BBC dijo que se est\u00e1 preparando un completo informe m\u00e9dico sobre los 10 d\u00edas de observaci\u00f3n del fakir. Los m\u00e9dicos declaman que ellos no pueden confirmar que este se\u00f1or haya estado sin comer ni beber durante d\u00e9cadas, pero que mediante la observaci\u00f3n de su evoluci\u00f3n en laboratorio esperan conocer m\u00e1s sobre el comportamiento del cuerpo humano. Se espera que los m\u00e9dicos le examinen de nuevo para tratar de resolver el misterio cient\u00edfico que se les ha planteado.<\/p>\n<p>Como an\u00e9cdota, decir que corren rumores en India de que el ej\u00e9rcito estar\u00eda investigando los hechos para intentar hacer un aprovechamiento militar de las supuestas virtudes de este simpar sadhu.<\/p>\n<p><span style=\"color: #808080;\"><em>&#8212;<br \/>\n<strong>Sobre el autor:<\/strong> <\/em><\/span><a href=\"https:\/\/www.lasociedadgeografica.com\/blog\/author\/jorge\/\"><span style=\"color: #808080;\"><em><strong><img loading=\"lazy\" decoding=\"async\" class=\"alignleft\" style=\"border: 0pt none; margin-right: 5px;\" title=\"Jorge \u00c1lvarez\" src=\"\/\/www.lasociedadgeografica.com\/blog\/wp-content\/authors\/Jorge-5.jpg\" alt=\"Jorge\" width=\"140\" height=\"119\" \/><\/strong><\/em><\/span><\/a><span style=\"color: #808080;\"><em><a href=\"https:\/\/www.lasociedadgeografica.com\/blog\/author\/jorge\/\" target=\"_blank\" rel=\"noopener noreferrer\">Jorge \u00c1lvarez<\/a> es Responsable de Producci\u00f3n de Sociedad Geogr\u00e1fica de las Indias. Su trayectoria entre mayoristas, minoristas, compa\u00f1\u00edas a\u00e9reas, alquiler de servicios de tierra o incluso de gu\u00eda acompa\u00f1ante le ha permitido tener hoy una visi\u00f3n global del sector y conocer de primera mano los distintos detalles que se necesitan para asegurar un viaje sin errores. Para m\u00e1s informaci\u00f3n: [<a href=\"\/\/www.lasociedadgeografica.com\/blog\/aboutsgi\/\">Qui\u00e9nes somos<\/a>]<br \/>\n<\/em><\/span><\/p>\n","protected":false},"excerpt":{"rendered":"<p>Algunas personas en India afirman se capaces de sobrevivir sin comer ni beber. Incluso algunos organismos oficiales han estudiado y certificado casos.<\/p>\n","protected":false},"author":5,"featured_media":0,"comment_status":"open","ping_status":"open","sticky":false,"template":"","format":"standard","meta":{"footnotes":""},"categories":[28],"tags":[556,42,41],"class_list":["post-269","post","type-post","status-publish","format-standard","hentry","category-curiosidades","tag-jorge-alvarez","tag-sadhu","tag-templo"],"yoast_head":"<!-- This site is optimized with the Yoast SEO plugin v27.4 - https:\/\/yoast.com\/product\/yoast-seo-wordpress\/ -->\n<title>\u201cInedia\u201d, \u00bfse puede vivir sin comer?<\/title>\n<meta name=\"description\" content=\"El &quot;fakir&quot; u hombre santo Prahald Jani asegura que estuvo sin comer ni beber durante m\u00e1s de 60 a\u00f1os. \u00bfEs posible pasar tanto tiempo sin comer ni beber?\" \/>\n<meta name=\"robots\" content=\"index, follow, max-snippet:-1, max-image-preview:large, max-video-preview:-1\" \/>\n<link rel=\"canonical\" href=\"https:\/\/www.lasociedadgeografica.com\/blog\/curiosidades\/inedia-se-puede-vivir-sin-comer\/\" \/>\n<meta property=\"og:locale\" content=\"es_ES\" \/>\n<meta property=\"og:type\" content=\"article\" \/>\n<meta property=\"og:title\" content=\"\u201cInedia\u201d, \u00bfse puede vivir sin comer?\" \/>\n<meta property=\"og:description\" content=\"El &quot;fakir&quot; u hombre santo Prahald Jani asegura que estuvo sin comer ni beber durante m\u00e1s de 60 a\u00f1os. \u00bfEs posible pasar tanto tiempo sin comer ni beber?\" \/>\n<meta property=\"og:url\" content=\"https:\/\/www.lasociedadgeografica.com\/blog\/curiosidades\/inedia-se-puede-vivir-sin-comer\/\" \/>\n<meta property=\"og:site_name\" content=\"Blog de viajes a India\" \/>\n<meta property=\"article:published_time\" content=\"2010-05-20T14:55:50+00:00\" \/>\n<meta property=\"article:modified_time\" content=\"2020-06-24T18:40:04+00:00\" \/>\n<meta property=\"og:image\" content=\"\/\/www.lasociedadgeografica.com\/blog\/uploads\/2010\/05\/Prahald-Jani1.jpg\" \/>\n<meta name=\"author\" content=\"Jorge \u00c1lvarez\" \/>\n<meta name=\"twitter:label1\" content=\"Escrito por\" \/>\n\t<meta name=\"twitter:data1\" content=\"Jorge \u00c1lvarez\" \/>\n\t<meta name=\"twitter:label2\" content=\"Tiempo de lectura\" \/>\n\t<meta name=\"twitter:data2\" content=\"4 minutos\" \/>\n<script type=\"application\/ld+json\" class=\"yoast-schema-graph\">{\"@context\":\"https:\\\/\\\/schema.org\",\"@graph\":[{\"@type\":\"Article\",\"@id\":\"https:\\\/\\\/www.lasociedadgeografica.com\\\/blog\\\/curiosidades\\\/inedia-se-puede-vivir-sin-comer\\\/#article\",\"isPartOf\":{\"@id\":\"https:\\\/\\\/www.lasociedadgeografica.com\\\/blog\\\/curiosidades\\\/inedia-se-puede-vivir-sin-comer\\\/\"},\"author\":{\"name\":\"Jorge \u00c1lvarez\",\"@id\":\"https:\\\/\\\/www.lasociedadgeografica.com\\\/blog\\\/#\\\/schema\\\/person\\\/531df9694b6a99f2eb29e4f5a12d3842\"},\"headline\":\"\u201cInedia\u201d, \u00bfse puede vivir sin comer?\",\"datePublished\":\"2010-05-20T14:55:50+00:00\",\"dateModified\":\"2020-06-24T18:40:04+00:00\",\"mainEntityOfPage\":{\"@id\":\"https:\\\/\\\/www.lasociedadgeografica.com\\\/blog\\\/curiosidades\\\/inedia-se-puede-vivir-sin-comer\\\/\"},\"wordCount\":837,\"commentCount\":2,\"keywords\":[\"Jorge \u00c1lvarez\",\"sadhu\",\"templo\"],\"articleSection\":[\"Curiosidades\"],\"inLanguage\":\"es\",\"potentialAction\":[{\"@type\":\"CommentAction\",\"name\":\"Comment\",\"target\":[\"https:\\\/\\\/www.lasociedadgeografica.com\\\/blog\\\/curiosidades\\\/inedia-se-puede-vivir-sin-comer\\\/#respond\"]}]},{\"@type\":\"WebPage\",\"@id\":\"https:\\\/\\\/www.lasociedadgeografica.com\\\/blog\\\/curiosidades\\\/inedia-se-puede-vivir-sin-comer\\\/\",\"url\":\"https:\\\/\\\/www.lasociedadgeografica.com\\\/blog\\\/curiosidades\\\/inedia-se-puede-vivir-sin-comer\\\/\",\"name\":\"\u201cInedia\u201d, \u00bfse puede vivir sin comer?\",\"isPartOf\":{\"@id\":\"https:\\\/\\\/www.lasociedadgeografica.com\\\/blog\\\/#website\"},\"datePublished\":\"2010-05-20T14:55:50+00:00\",\"dateModified\":\"2020-06-24T18:40:04+00:00\",\"author\":{\"@id\":\"https:\\\/\\\/www.lasociedadgeografica.com\\\/blog\\\/#\\\/schema\\\/person\\\/531df9694b6a99f2eb29e4f5a12d3842\"},\"description\":\"El \\\"fakir\\\" u hombre santo Prahald Jani asegura que estuvo sin comer ni beber durante m\u00e1s de 60 a\u00f1os. \u00bfEs posible pasar tanto tiempo sin comer ni beber?\",\"breadcrumb\":{\"@id\":\"https:\\\/\\\/www.lasociedadgeografica.com\\\/blog\\\/curiosidades\\\/inedia-se-puede-vivir-sin-comer\\\/#breadcrumb\"},\"inLanguage\":\"es\",\"potentialAction\":[{\"@type\":\"ReadAction\",\"target\":[\"https:\\\/\\\/www.lasociedadgeografica.com\\\/blog\\\/curiosidades\\\/inedia-se-puede-vivir-sin-comer\\\/\"]}]},{\"@type\":\"BreadcrumbList\",\"@id\":\"https:\\\/\\\/www.lasociedadgeografica.com\\\/blog\\\/curiosidades\\\/inedia-se-puede-vivir-sin-comer\\\/#breadcrumb\",\"itemListElement\":[{\"@type\":\"ListItem\",\"position\":1,\"name\":\"Portada\",\"item\":\"https:\\\/\\\/www.lasociedadgeografica.com\\\/blog\\\/\"},{\"@type\":\"ListItem\",\"position\":2,\"name\":\"\u201cInedia\u201d, \u00bfse puede vivir sin comer?\"}]},{\"@type\":\"WebSite\",\"@id\":\"https:\\\/\\\/www.lasociedadgeografica.com\\\/blog\\\/#website\",\"url\":\"https:\\\/\\\/www.lasociedadgeografica.com\\\/blog\\\/\",\"name\":\"Blog de viajes a India\",\"description\":\"Un lugar para Conocer India, con may\u00fasculas. El Blog de Sociedad Geogr\u00e1fica de las Indias.\",\"potentialAction\":[{\"@type\":\"SearchAction\",\"target\":{\"@type\":\"EntryPoint\",\"urlTemplate\":\"https:\\\/\\\/www.lasociedadgeografica.com\\\/blog\\\/?s={search_term_string}\"},\"query-input\":{\"@type\":\"PropertyValueSpecification\",\"valueRequired\":true,\"valueName\":\"search_term_string\"}}],\"inLanguage\":\"es\"},{\"@type\":\"Person\",\"@id\":\"https:\\\/\\\/www.lasociedadgeografica.com\\\/blog\\\/#\\\/schema\\\/person\\\/531df9694b6a99f2eb29e4f5a12d3842\",\"name\":\"Jorge \u00c1lvarez\",\"image\":{\"@type\":\"ImageObject\",\"inLanguage\":\"es\",\"@id\":\"https:\\\/\\\/secure.gravatar.com\\\/avatar\\\/?s=96&r=g\",\"url\":\"https:\\\/\\\/secure.gravatar.com\\\/avatar\\\/?s=96&r=g\",\"contentUrl\":\"https:\\\/\\\/secure.gravatar.com\\\/avatar\\\/?s=96&r=g\",\"caption\":\"Jorge \u00c1lvarez\"},\"description\":\"Antes de ser Responsable de Producci\u00f3n de Sociedad Geogr\u00e1fica de las Indias, Jorge ha recorrido un intenso camino en el mundo del viaje. Su trayectoria entre mayoristas, minoristas, compa\u00f1\u00edas a\u00e9reas, alquiler de servicios de tierra o incluso de gu\u00eda acompa\u00f1ante le ha permitido tener hoy una visi\u00f3n global del sector y conocer de primera mano los distintos detalles que se necesitan para asegurar un viaje sin errores. Adem\u00e1s es T\u00e9cnico Superior en Agencias de Viajes y en Informaci\u00f3n y Comercializaci\u00f3n Tur\u00edstica, aunque a \u00e9l le gusta definirse como un 4x4 del sector, amante de la naturaleza y la monta\u00f1a y ge\u00f3grafo aficionado.\",\"url\":\"https:\\\/\\\/www.lasociedadgeografica.com\\\/blog\\\/author\\\/jorge\\\/\"}]}<\/script>\n<!-- \/ Yoast SEO plugin. -->","yoast_head_json":{"title":"\u201cInedia\u201d, \u00bfse puede vivir sin comer?","description":"El \"fakir\" u hombre santo Prahald Jani asegura que estuvo sin comer ni beber durante m\u00e1s de 60 a\u00f1os. \u00bfEs posible pasar tanto tiempo sin comer ni beber?","robots":{"index":"index","follow":"follow","max-snippet":"max-snippet:-1","max-image-preview":"max-image-preview:large","max-video-preview":"max-video-preview:-1"},"canonical":"https:\/\/www.lasociedadgeografica.com\/blog\/curiosidades\/inedia-se-puede-vivir-sin-comer\/","og_locale":"es_ES","og_type":"article","og_title":"\u201cInedia\u201d, \u00bfse puede vivir sin comer?","og_description":"El \"fakir\" u hombre santo Prahald Jani asegura que estuvo sin comer ni beber durante m\u00e1s de 60 a\u00f1os. \u00bfEs posible pasar tanto tiempo sin comer ni beber?","og_url":"https:\/\/www.lasociedadgeografica.com\/blog\/curiosidades\/inedia-se-puede-vivir-sin-comer\/","og_site_name":"Blog de viajes a India","article_published_time":"2010-05-20T14:55:50+00:00","article_modified_time":"2020-06-24T18:40:04+00:00","og_image":[{"url":"\/\/www.lasociedadgeografica.com\/blog\/uploads\/2010\/05\/Prahald-Jani1.jpg","type":"","width":"","height":""}],"author":"Jorge \u00c1lvarez","twitter_misc":{"Escrito por":"Jorge \u00c1lvarez","Tiempo de lectura":"4 minutos"},"schema":{"@context":"https:\/\/schema.org","@graph":[{"@type":"Article","@id":"https:\/\/www.lasociedadgeografica.com\/blog\/curiosidades\/inedia-se-puede-vivir-sin-comer\/#article","isPartOf":{"@id":"https:\/\/www.lasociedadgeografica.com\/blog\/curiosidades\/inedia-se-puede-vivir-sin-comer\/"},"author":{"name":"Jorge \u00c1lvarez","@id":"https:\/\/www.lasociedadgeografica.com\/blog\/#\/schema\/person\/531df9694b6a99f2eb29e4f5a12d3842"},"headline":"\u201cInedia\u201d, \u00bfse puede vivir sin comer?","datePublished":"2010-05-20T14:55:50+00:00","dateModified":"2020-06-24T18:40:04+00:00","mainEntityOfPage":{"@id":"https:\/\/www.lasociedadgeografica.com\/blog\/curiosidades\/inedia-se-puede-vivir-sin-comer\/"},"wordCount":837,"commentCount":2,"keywords":["Jorge \u00c1lvarez","sadhu","templo"],"articleSection":["Curiosidades"],"inLanguage":"es","potentialAction":[{"@type":"CommentAction","name":"Comment","target":["https:\/\/www.lasociedadgeografica.com\/blog\/curiosidades\/inedia-se-puede-vivir-sin-comer\/#respond"]}]},{"@type":"WebPage","@id":"https:\/\/www.lasociedadgeografica.com\/blog\/curiosidades\/inedia-se-puede-vivir-sin-comer\/","url":"https:\/\/www.lasociedadgeografica.com\/blog\/curiosidades\/inedia-se-puede-vivir-sin-comer\/","name":"\u201cInedia\u201d, \u00bfse puede vivir sin comer?","isPartOf":{"@id":"https:\/\/www.lasociedadgeografica.com\/blog\/#website"},"datePublished":"2010-05-20T14:55:50+00:00","dateModified":"2020-06-24T18:40:04+00:00","author":{"@id":"https:\/\/www.lasociedadgeografica.com\/blog\/#\/schema\/person\/531df9694b6a99f2eb29e4f5a12d3842"},"description":"El \"fakir\" u hombre santo Prahald Jani asegura que estuvo sin comer ni beber durante m\u00e1s de 60 a\u00f1os. \u00bfEs posible pasar tanto tiempo sin comer ni beber?","breadcrumb":{"@id":"https:\/\/www.lasociedadgeografica.com\/blog\/curiosidades\/inedia-se-puede-vivir-sin-comer\/#breadcrumb"},"inLanguage":"es","potentialAction":[{"@type":"ReadAction","target":["https:\/\/www.lasociedadgeografica.com\/blog\/curiosidades\/inedia-se-puede-vivir-sin-comer\/"]}]},{"@type":"BreadcrumbList","@id":"https:\/\/www.lasociedadgeografica.com\/blog\/curiosidades\/inedia-se-puede-vivir-sin-comer\/#breadcrumb","itemListElement":[{"@type":"ListItem","position":1,"name":"Portada","item":"https:\/\/www.lasociedadgeografica.com\/blog\/"},{"@type":"ListItem","position":2,"name":"\u201cInedia\u201d, \u00bfse puede vivir sin comer?"}]},{"@type":"WebSite","@id":"https:\/\/www.lasociedadgeografica.com\/blog\/#website","url":"https:\/\/www.lasociedadgeografica.com\/blog\/","name":"Blog de viajes a India","description":"Un lugar para Conocer India, con may\u00fasculas. El Blog de Sociedad Geogr\u00e1fica de las Indias.","potentialAction":[{"@type":"SearchAction","target":{"@type":"EntryPoint","urlTemplate":"https:\/\/www.lasociedadgeografica.com\/blog\/?s={search_term_string}"},"query-input":{"@type":"PropertyValueSpecification","valueRequired":true,"valueName":"search_term_string"}}],"inLanguage":"es"},{"@type":"Person","@id":"https:\/\/www.lasociedadgeografica.com\/blog\/#\/schema\/person\/531df9694b6a99f2eb29e4f5a12d3842","name":"Jorge \u00c1lvarez","image":{"@type":"ImageObject","inLanguage":"es","@id":"https:\/\/secure.gravatar.com\/avatar\/?s=96&r=g","url":"https:\/\/secure.gravatar.com\/avatar\/?s=96&r=g","contentUrl":"https:\/\/secure.gravatar.com\/avatar\/?s=96&r=g","caption":"Jorge \u00c1lvarez"},"description":"Antes de ser Responsable de Producci\u00f3n de Sociedad Geogr\u00e1fica de las Indias, Jorge ha recorrido un intenso camino en el mundo del viaje. Su trayectoria entre mayoristas, minoristas, compa\u00f1\u00edas a\u00e9reas, alquiler de servicios de tierra o incluso de gu\u00eda acompa\u00f1ante le ha permitido tener hoy una visi\u00f3n global del sector y conocer de primera mano los distintos detalles que se necesitan para asegurar un viaje sin errores. Adem\u00e1s es T\u00e9cnico Superior en Agencias de Viajes y en Informaci\u00f3n y Comercializaci\u00f3n Tur\u00edstica, aunque a \u00e9l le gusta definirse como un 4x4 del sector, amante de la naturaleza y la monta\u00f1a y ge\u00f3grafo aficionado.","url":"https:\/\/www.lasociedadgeografica.com\/blog\/author\/jorge\/"}]}},"_links":{"self":[{"href":"https:\/\/www.lasociedadgeografica.com\/blog\/wp-json\/wp\/v2\/posts\/269","targetHints":{"allow":["GET"]}}],"collection":[{"href":"https:\/\/www.lasociedadgeografica.com\/blog\/wp-json\/wp\/v2\/posts"}],"about":[{"href":"https:\/\/www.lasociedadgeografica.com\/blog\/wp-json\/wp\/v2\/types\/post"}],"author":[{"embeddable":true,"href":"https:\/\/www.lasociedadgeografica.com\/blog\/wp-json\/wp\/v2\/users\/5"}],"replies":[{"embeddable":true,"href":"https:\/\/www.lasociedadgeografica.com\/blog\/wp-json\/wp\/v2\/comments?post=269"}],"version-history":[{"count":28,"href":"https:\/\/www.lasociedadgeografica.com\/blog\/wp-json\/wp\/v2\/posts\/269\/revisions"}],"predecessor-version":[{"id":21590,"href":"https:\/\/www.lasociedadgeografica.com\/blog\/wp-json\/wp\/v2\/posts\/269\/revisions\/21590"}],"wp:attachment":[{"href":"https:\/\/www.lasociedadgeografica.com\/blog\/wp-json\/wp\/v2\/media?parent=269"}],"wp:term":[{"taxonomy":"category","embeddable":true,"href":"https:\/\/www.lasociedadgeografica.com\/blog\/wp-json\/wp\/v2\/categories?post=269"},{"taxonomy":"post_tag","embeddable":true,"href":"https:\/\/www.lasociedadgeografica.com\/blog\/wp-json\/wp\/v2\/tags?post=269"}],"curies":[{"name":"wp","href":"https:\/\/api.w.org\/{rel}","templated":true}]}}