{"id":3485,"date":"2011-12-23T11:00:33","date_gmt":"2011-12-23T10:00:33","guid":{"rendered":"https:\/\/www.lasociedadgeografica.com\/blog\/?p=3485"},"modified":"2017-09-18T10:15:29","modified_gmt":"2017-09-18T08:15:29","slug":"como-visitar-la-fundacion-vicente-ferrer-sociedad-geografica-de-las-indias","status":"publish","type":"post","link":"https:\/\/www.lasociedadgeografica.com\/blog\/actividades\/como-visitar-la-fundacion-vicente-ferrer-sociedad-geografica-de-las-indias\/","title":{"rendered":"C\u00f3mo visitar la Fundaci\u00f3n Vicente Ferrer"},"content":{"rendered":"\n\n<div class=\"kk-star-ratings kksr-auto kksr-align-left kksr-valign-top\"\n    data-payload='{&quot;align&quot;:&quot;left&quot;,&quot;id&quot;:&quot;3485&quot;,&quot;slug&quot;:&quot;default&quot;,&quot;valign&quot;:&quot;top&quot;,&quot;ignore&quot;:&quot;&quot;,&quot;reference&quot;:&quot;auto&quot;,&quot;class&quot;:&quot;&quot;,&quot;count&quot;:&quot;3&quot;,&quot;legendonly&quot;:&quot;&quot;,&quot;readonly&quot;:&quot;&quot;,&quot;score&quot;:&quot;4&quot;,&quot;starsonly&quot;:&quot;&quot;,&quot;best&quot;:&quot;5&quot;,&quot;gap&quot;:&quot;6&quot;,&quot;greet&quot;:&quot;&quot;,&quot;legend&quot;:&quot;4\\\/5 - (3 votos)&quot;,&quot;size&quot;:&quot;22&quot;,&quot;title&quot;:&quot;C\u00f3mo visitar la Fundaci\u00f3n Vicente Ferrer&quot;,&quot;width&quot;:&quot;109&quot;,&quot;_legend&quot;:&quot;{score}\\\/{best} - ({count} {votes})&quot;,&quot;font_factor&quot;:&quot;1.25&quot;}'>\n            \n<div class=\"kksr-stars\">\n    \n<div class=\"kksr-stars-inactive\">\n            <div class=\"kksr-star\" data-star=\"1\" style=\"padding-right: 6px\">\n            \n\n<div class=\"kksr-icon\" style=\"width: 22px; height: 22px;\"><\/div>\n        <\/div>\n            <div class=\"kksr-star\" data-star=\"2\" style=\"padding-right: 6px\">\n            \n\n<div class=\"kksr-icon\" style=\"width: 22px; height: 22px;\"><\/div>\n        <\/div>\n            <div class=\"kksr-star\" data-star=\"3\" style=\"padding-right: 6px\">\n            \n\n<div class=\"kksr-icon\" style=\"width: 22px; height: 22px;\"><\/div>\n        <\/div>\n            <div class=\"kksr-star\" data-star=\"4\" style=\"padding-right: 6px\">\n            \n\n<div class=\"kksr-icon\" style=\"width: 22px; height: 22px;\"><\/div>\n        <\/div>\n            <div class=\"kksr-star\" data-star=\"5\" style=\"padding-right: 6px\">\n            \n\n<div class=\"kksr-icon\" style=\"width: 22px; height: 22px;\"><\/div>\n        <\/div>\n    <\/div>\n    \n<div class=\"kksr-stars-active\" style=\"width: 109px;\">\n            <div class=\"kksr-star\" style=\"padding-right: 6px\">\n            \n\n<div class=\"kksr-icon\" style=\"width: 22px; height: 22px;\"><\/div>\n        <\/div>\n            <div class=\"kksr-star\" style=\"padding-right: 6px\">\n            \n\n<div class=\"kksr-icon\" style=\"width: 22px; height: 22px;\"><\/div>\n        <\/div>\n            <div class=\"kksr-star\" style=\"padding-right: 6px\">\n            \n\n<div class=\"kksr-icon\" style=\"width: 22px; height: 22px;\"><\/div>\n        <\/div>\n            <div class=\"kksr-star\" style=\"padding-right: 6px\">\n            \n\n<div class=\"kksr-icon\" style=\"width: 22px; height: 22px;\"><\/div>\n        <\/div>\n            <div class=\"kksr-star\" style=\"padding-right: 6px\">\n            \n\n<div class=\"kksr-icon\" style=\"width: 22px; height: 22px;\"><\/div>\n        <\/div>\n    <\/div>\n<\/div>\n                \n\n<div class=\"kksr-legend\" style=\"font-size: 17.6px;\">\n            4\/5 - (3 votos)    <\/div>\n    <\/div>\n<p>Visitar los proyectos de la <a href=\"https:\/\/www.lasociedadgeografica.com\/blog\/actividades\/fundacion-vicente-ferrer-sociedad-geografica-de-las-indias\/\" target=\"_blank\" rel=\"noopener\">Fundaci\u00f3n Vicente Ferrer<\/a> en India es una actividad inolvidable y ofrece una perspectiva muy humana y emotiva del pa\u00eds y su gente, especialmente para aquellos\/as que ya son padrinos y conocen de cerca el trabajo de esta ONG.<br \/>\n<a href=\"\/\/www.lasociedadgeografica.com\"><em>Sociedad Geogr\u00e1fica de las Indias<\/em><\/a> incluye con frecuencia esta visita para clientes que lo solicitan, incluyendo los vuelos y traslados en coche privado desde\/hasta sus instalaciones en Anantapur. Sin embargo, la visita a la Fundaci\u00f3n Vicente Ferrer requiere unos tr\u00e1mites que s\u00f3lo pueden realizar las personas interesadas.<br \/>\nViajes o no con nosotros, ofrecemos aqu\u00ed algunas instrucciones para gestionar esta visita, junto con algunas respuestas a preguntas t\u00edpicas para organizar la actividad.<\/p>\n<p><div id=\"attachment_3488\" class=\"wp-caption aligncenter\" style=\"width: 478px\"><a href=\"\/\/www.lasociedadgeografica.com\/blog\/uploads\/2011\/10\/c-Nagappa-FVF.jpg\"><img loading=\"lazy\" decoding=\"async\" class=\"size-full wp-image-3488\" title=\"Escuela (c) Nagappa FVF\" src=\"\/\/www.lasociedadgeografica.com\/blog\/uploads\/2011\/10\/c-Nagappa-FVF.jpg\" alt=\"Escuela en FVF\" width=\"478\" height=\"321\" srcset=\"https:\/\/www.lasociedadgeografica.com\/blog\/uploads\/2011\/10\/c-Nagappa-FVF.jpg 580w, https:\/\/www.lasociedadgeografica.com\/blog\/uploads\/2011\/10\/c-Nagappa-FVF-300x201.jpg 300w\" sizes=\"auto, (max-width: 478px) 100vw, 478px\" \/><\/a><p class=\"wp-caption-text\">Foto: (c) Nagappa. FVF<\/p><\/div><br \/>\n<a name=\"smore-\"><\/a><br \/>\n&nbsp;<\/p>\n<p><strong>REQUISITOS Y CONDICIONES.<\/strong><br \/>\nPara solicitar la visita a la <a href=\"https:\/\/www.lasociedadgeografica.com\/blog\/actividades\/fundacion-vicente-ferrer-sociedad-geografica-de-las-indias\/\" target=\"_blank\" rel=\"noopener\">Fundaci\u00f3n Vicente Ferrer<\/a> hay que escribirles un email facilit\u00e1ndoles:<br \/>\n&#8211; N\u00famero de visitantes.<br \/>\n&#8211; Fecha y hora prevista de llegada a la Fundaci\u00f3n. Teniendo en cuenta que el traslado habitual es en coche desde Bangalore, indicad tambi\u00e9n la hora del vuelo en el que lleg\u00e1is.<br \/>\n&#8211; En el caso de tener alg\u00fan ni\u00f1o \/ ni\u00f1a apadrinado, se\u00f1alad vuestro n\u00famero de apadrinado.<br \/>\n&#8211; Si no sois padrinos, deb\u00e9is presentar con antelaci\u00f3n un impreso de solicitud cumplimentado.<\/p>\n<p>En <em>Sociedad Geogr\u00e1fica de las Indias<\/em> nos ocupamos de todos estos tr\u00e1mites, para aquellos clientes que lo deseen. Los que prefieran hacerlo por su cuenta deben solicitar los impresos, etc. contactando con la propia Fundaci\u00f3n Vicente Ferrer:<br \/>\n<a href=\"http:\/\/www.fundacionvicenteferrer.org\">http:\/\/www.fundacionvicenteferrer.org<\/a>\u00a0 \/\u00a0\u00a0 Tel\u00e9fono: (+34) 93 419 02 68<\/p>\n<p><strong><br \/>\nTRASLADOS<\/strong>.<br \/>\n&#8211; El traslado a las instalaciones de Fundaci\u00f3n Vicente Ferrer en Anantapur debe hacerlo cada viajero\/a por su cuenta o gestionarlo a trav\u00e9s de su agencia de viajes.<br \/>\n&#8211; Algunos padrinos acuerdan el traslado con Vicente Ferrer. En esos casos la Fundaci\u00f3n reserva un taxi que espera a los pasajeros en el aeropuerto y le lleva hasta Anantapur. El precio del taxi suele estar entre 3.000 y 4.000 rupias, que deber\u00e1 pagar el propio pasajero en ese momento (unos 50 \u00f3 60 euros).<br \/>\n&#8211; Una vez en la Fundaci\u00f3n, a la llegada hay un centro de visitantes donde se inscriben los pasajeros y el personal les explica c\u00f3mo funciona todo. Os dar\u00e1n una agenda con lo que van a hacer durante su estancia, etc.<\/p>\n<p><a href=\"http:\/\/www.fundacionvicenteferrer.org\/es\/donde-actuamos\"><img loading=\"lazy\" decoding=\"async\" class=\"aligncenter size-full wp-image-3486\" title=\"mapa-anantapur\" src=\"\/\/www.lasociedadgeografica.com\/blog\/uploads\/2011\/10\/mapa-anantapur.jpg\" alt=\"Localizaci\u00f3n de Anantapur\" width=\"475\" height=\"449\" srcset=\"https:\/\/www.lasociedadgeografica.com\/blog\/uploads\/2011\/10\/mapa-anantapur.jpg 475w, https:\/\/www.lasociedadgeografica.com\/blog\/uploads\/2011\/10\/mapa-anantapur-300x283.jpg 300w\" sizes=\"auto, (max-width: 475px) 100vw, 475px\" \/><\/a><\/p>\n<p><strong>LA ESTANCIA.<\/strong><br \/>\nLos <strong>alojamientos<\/strong> son en peque\u00f1os pero muy limpios y cuidados bungalows. Tienen capacidad para 2 personas y normalmente no hacen compartir habitaci\u00f3n a gente que no se conozca. Quiz\u00e1s s\u00ed pueda ocurrir durante el mes de agosto, mes en el que se producen m\u00e1s visitas.<br \/>\nCuenta con ba\u00f1o con ducha, papel higi\u00e9nico, toallas limpias y porche con tendedero por si alguien quiere lavar su ropa a mano.<br \/>\nEl alojamiento es gratuito para todos (padrinos y no padrinos). La estancia m\u00e1xima es de 3 noches \/ 4 d\u00edas.<\/p>\n<p>Los <strong>desayunos<\/strong> y las <strong>cenas<\/strong> se realizan en un comedor com\u00fan. Tienen comida de tipo buf\u00e9 (india y continental). En el comedor normalmente lo que se hacen son los<br \/>\ndesayunos y las cenas. La <strong>comida<\/strong> del mediod\u00eda suele ser en ruta, en el propio lugar que se est\u00e9 visitando (por ejemplo en el comedor de un hospital) o de picnic en alg\u00fan punto del camino. La comida se ofrece gratuitamente para padrinos y no padrinos.<\/p>\n<p><strong>ACTIVIDADES.<\/strong><br \/>\nLas actividades se organizan a la llegada y se comunican el primer d\u00eda a cada visitante. Depende de las fechas, n\u00famero de visitantes o de la propia actividad de los proyectos de la Fundaci\u00f3n en ese momento.<br \/>\nEn el caso de grupos grandes pueden tener una agenda expresamente para ellos. En el caso de visitantes individuales o familias normalmente les agrupar\u00e1n con otros visitantes.<br \/>\nSiempre tienen como gu\u00eda a una persona de la Fundaci\u00f3n en castellano.<\/p>\n<p>La operativa de las visitas suele ser m\u00e1s o menos la misma:<br \/>\n&#8211; Os citar\u00e1n alrededor de las 09:30h, tras el desayuno. Es muy importantes ser puntuales.<br \/>\n&#8211; Los visitantes salen en coches 4&#215;4 para ver los diferentes poblados, construcciones, escuelas, hospitales, etc.<br \/>\n&#8211; Los traslados duran entre 20 minutos y 2 horas y media, dependiendo del proyecto a visitar. La zona que se visita tiene un tama\u00f1o equivalente a C\u00e1ceres.<br \/>\n&#8211; El regreso suele ser alrededor de las 17:30 \u00f3 18:00h. A partir de ese momento los visitantes quedan libres hasta la cena. Es un buen momento para descansar, charlar con otros visitantes o incluso acercarse a la ciudad, Anantapur, que est\u00e1 a unos 15 minutos en rickshaw por unas 50 rupias (algo menos de 1 \u20ac).<br \/>\n&#8211; En ocasiones se puede ir a visitar la tumba de Vicente Ferrer, que est\u00e1 a unos 20 minutos.<\/p>\n<p><strong>VISITANDO A NUESTROS APADRINADOS.<\/strong><br \/>\nPara los <strong>padrinos<\/strong> se reserva al menos una ma\u00f1ana o una tarde para ver a sus apadrinados durante unas 2 \u00f3 3 horas.<br \/>\nSi quieren, el d\u00eda antes se les ofrece la posibilidad de pasar por Anantapur para hacer alguna compra para los ni\u00f1os\/as o sus padres\/madres en tiendas honestas.<br \/>\n<iframe loading=\"lazy\" src=\"\/\/www.youtube.com\/embed\/xxxnlgGOZUQ\" width=\"480\" height=\"274\" frameborder=\"0\"><\/iframe><br \/>\nPulsa <a href=\"http:\/\/www.youtube.com\/embed\/xxxnlgGOZUQ\">aqu\u00ed<\/a> si no puedes ver el video correctamente.<br \/>\n**Fotos: (c) Fundaci\u00f3n Vicente Ferrer.<br \/>\n<span style=\"color: #808080;\"><em>&#8212;<br \/>\n<strong>Sobre el autor:<\/strong> <\/em><\/span><a href=\"https:\/\/www.lasociedadgeografica.com\/blog\/author\/jorge\/\"><span style=\"color: #808080;\"><em><strong><img loading=\"lazy\" decoding=\"async\" class=\"alignleft\" style=\"border: 0pt none; margin-right: 5px;\" title=\"Jorge \u00c1lvarez\" src=\"\/\/www.lasociedadgeografica.com\/blog\/wp-content\/authors\/Jorge-5.jpg\" alt=\"Jorge\" width=\"140\" height=\"119\" \/><\/strong><\/em><\/span><\/a><span style=\"color: #808080;\"><em><a href=\"https:\/\/www.lasociedadgeografica.com\/blog\/author\/jorge\/\">Jorge \u00c1lvarez<\/a> es Responsable de Producci\u00f3n de Sociedad Geogr\u00e1fica de las Indias. Su trayectoria entre mayoristas, minoristas, compa\u00f1\u00edas a\u00e9reas, alquiler de servicios de tierra o incluso de gu\u00eda acompa\u00f1ante le ha permitido tener hoy una visi\u00f3n global del sector y conocer de primera mano los distintos detalles que se necesitan para asegurar un viaje sin errores. Para m\u00e1s informaci\u00f3n: [<a href=\"\/\/www.lasociedadgeografica.com\/blog\/aboutsgi\/\">Qui\u00e9nes somos<\/a>]<br \/>\n<\/em><\/span><\/p>\n","protected":false},"excerpt":{"rendered":"<p>Visitar la Fundaci\u00f3n Vicente Ferrer es una actividad inolvidable, especialmente para aquellos que ya son padrinos y conocen de cerca su trabajo. Ofrecemos aqu\u00ed algunas instrucciones para gestionar esta visita, junto con algunas respuestas t\u00edpicas para organizar la actividad.<\/p>\n","protected":false},"author":5,"featured_media":0,"comment_status":"open","ping_status":"open","sticky":false,"template":"","format":"standard","meta":{"footnotes":""},"categories":[3,1099,108],"tags":[444,1006,556,441],"class_list":["post-3485","post","type-post","status-publish","format-standard","hentry","category-actividades","category-destinos","category-solidaridad","tag-anantapur","tag-bangalore","tag-jorge-alvarez","tag-vicente-ferrer"],"yoast_head":"<!-- This site is optimized with the Yoast SEO plugin v27.4 - https:\/\/yoast.com\/product\/yoast-seo-wordpress\/ -->\n<title>C\u00f3mo visitar la Fundaci\u00f3n Vicente Ferrer<\/title>\n<meta name=\"robots\" content=\"index, follow, max-snippet:-1, max-image-preview:large, max-video-preview:-1\" \/>\n<link rel=\"canonical\" href=\"https:\/\/www.lasociedadgeografica.com\/blog\/actividades\/como-visitar-la-fundacion-vicente-ferrer-sociedad-geografica-de-las-indias\/\" \/>\n<meta property=\"og:locale\" content=\"es_ES\" \/>\n<meta property=\"og:type\" content=\"article\" \/>\n<meta property=\"og:title\" content=\"C\u00f3mo visitar la Fundaci\u00f3n Vicente Ferrer\" \/>\n<meta property=\"og:description\" content=\"Visitar la Fundaci\u00f3n Vicente Ferrer es una actividad inolvidable, especialmente para aquellos que ya son padrinos y conocen de cerca su trabajo. Ofrecemos aqu\u00ed algunas instrucciones para gestionar esta visita, junto con algunas respuestas t\u00edpicas para organizar la actividad.\" \/>\n<meta property=\"og:url\" content=\"https:\/\/www.lasociedadgeografica.com\/blog\/actividades\/como-visitar-la-fundacion-vicente-ferrer-sociedad-geografica-de-las-indias\/\" \/>\n<meta property=\"og:site_name\" content=\"Blog de viajes a India\" \/>\n<meta property=\"article:published_time\" content=\"2011-12-23T10:00:33+00:00\" \/>\n<meta property=\"article:modified_time\" content=\"2017-09-18T08:15:29+00:00\" \/>\n<meta property=\"og:image\" content=\"\/\/www.lasociedadgeografica.com\/blog\/uploads\/2011\/10\/c-Nagappa-FVF.jpg\" \/>\n<meta name=\"author\" content=\"Jorge \u00c1lvarez\" \/>\n<meta name=\"twitter:label1\" content=\"Escrito por\" \/>\n\t<meta name=\"twitter:data1\" content=\"Jorge \u00c1lvarez\" \/>\n\t<meta name=\"twitter:label2\" content=\"Tiempo de lectura\" \/>\n\t<meta name=\"twitter:data2\" content=\"5 minutos\" \/>\n<script type=\"application\/ld+json\" class=\"yoast-schema-graph\">{\"@context\":\"https:\\\/\\\/schema.org\",\"@graph\":[{\"@type\":\"Article\",\"@id\":\"https:\\\/\\\/www.lasociedadgeografica.com\\\/blog\\\/actividades\\\/como-visitar-la-fundacion-vicente-ferrer-sociedad-geografica-de-las-indias\\\/#article\",\"isPartOf\":{\"@id\":\"https:\\\/\\\/www.lasociedadgeografica.com\\\/blog\\\/actividades\\\/como-visitar-la-fundacion-vicente-ferrer-sociedad-geografica-de-las-indias\\\/\"},\"author\":{\"name\":\"Jorge \u00c1lvarez\",\"@id\":\"https:\\\/\\\/www.lasociedadgeografica.com\\\/blog\\\/#\\\/schema\\\/person\\\/531df9694b6a99f2eb29e4f5a12d3842\"},\"headline\":\"C\u00f3mo visitar la Fundaci\u00f3n Vicente Ferrer\",\"datePublished\":\"2011-12-23T10:00:33+00:00\",\"dateModified\":\"2017-09-18T08:15:29+00:00\",\"mainEntityOfPage\":{\"@id\":\"https:\\\/\\\/www.lasociedadgeografica.com\\\/blog\\\/actividades\\\/como-visitar-la-fundacion-vicente-ferrer-sociedad-geografica-de-las-indias\\\/\"},\"wordCount\":954,\"commentCount\":3,\"keywords\":[\"anantapur\",\"bangalore\",\"Jorge \u00c1lvarez\",\"vicente ferrer\"],\"articleSection\":[\"Actividades SGI\",\"Destinos\",\"Solidaridad\"],\"inLanguage\":\"es\",\"potentialAction\":[{\"@type\":\"CommentAction\",\"name\":\"Comment\",\"target\":[\"https:\\\/\\\/www.lasociedadgeografica.com\\\/blog\\\/actividades\\\/como-visitar-la-fundacion-vicente-ferrer-sociedad-geografica-de-las-indias\\\/#respond\"]}]},{\"@type\":\"WebPage\",\"@id\":\"https:\\\/\\\/www.lasociedadgeografica.com\\\/blog\\\/actividades\\\/como-visitar-la-fundacion-vicente-ferrer-sociedad-geografica-de-las-indias\\\/\",\"url\":\"https:\\\/\\\/www.lasociedadgeografica.com\\\/blog\\\/actividades\\\/como-visitar-la-fundacion-vicente-ferrer-sociedad-geografica-de-las-indias\\\/\",\"name\":\"C\u00f3mo visitar la Fundaci\u00f3n Vicente Ferrer\",\"isPartOf\":{\"@id\":\"https:\\\/\\\/www.lasociedadgeografica.com\\\/blog\\\/#website\"},\"datePublished\":\"2011-12-23T10:00:33+00:00\",\"dateModified\":\"2017-09-18T08:15:29+00:00\",\"author\":{\"@id\":\"https:\\\/\\\/www.lasociedadgeografica.com\\\/blog\\\/#\\\/schema\\\/person\\\/531df9694b6a99f2eb29e4f5a12d3842\"},\"breadcrumb\":{\"@id\":\"https:\\\/\\\/www.lasociedadgeografica.com\\\/blog\\\/actividades\\\/como-visitar-la-fundacion-vicente-ferrer-sociedad-geografica-de-las-indias\\\/#breadcrumb\"},\"inLanguage\":\"es\",\"potentialAction\":[{\"@type\":\"ReadAction\",\"target\":[\"https:\\\/\\\/www.lasociedadgeografica.com\\\/blog\\\/actividades\\\/como-visitar-la-fundacion-vicente-ferrer-sociedad-geografica-de-las-indias\\\/\"]}]},{\"@type\":\"BreadcrumbList\",\"@id\":\"https:\\\/\\\/www.lasociedadgeografica.com\\\/blog\\\/actividades\\\/como-visitar-la-fundacion-vicente-ferrer-sociedad-geografica-de-las-indias\\\/#breadcrumb\",\"itemListElement\":[{\"@type\":\"ListItem\",\"position\":1,\"name\":\"Portada\",\"item\":\"https:\\\/\\\/www.lasociedadgeografica.com\\\/blog\\\/\"},{\"@type\":\"ListItem\",\"position\":2,\"name\":\"C\u00f3mo visitar la Fundaci\u00f3n Vicente Ferrer\"}]},{\"@type\":\"WebSite\",\"@id\":\"https:\\\/\\\/www.lasociedadgeografica.com\\\/blog\\\/#website\",\"url\":\"https:\\\/\\\/www.lasociedadgeografica.com\\\/blog\\\/\",\"name\":\"Blog de viajes a India\",\"description\":\"Un lugar para Conocer India, con may\u00fasculas. El Blog de Sociedad Geogr\u00e1fica de las Indias.\",\"potentialAction\":[{\"@type\":\"SearchAction\",\"target\":{\"@type\":\"EntryPoint\",\"urlTemplate\":\"https:\\\/\\\/www.lasociedadgeografica.com\\\/blog\\\/?s={search_term_string}\"},\"query-input\":{\"@type\":\"PropertyValueSpecification\",\"valueRequired\":true,\"valueName\":\"search_term_string\"}}],\"inLanguage\":\"es\"},{\"@type\":\"Person\",\"@id\":\"https:\\\/\\\/www.lasociedadgeografica.com\\\/blog\\\/#\\\/schema\\\/person\\\/531df9694b6a99f2eb29e4f5a12d3842\",\"name\":\"Jorge \u00c1lvarez\",\"image\":{\"@type\":\"ImageObject\",\"inLanguage\":\"es\",\"@id\":\"https:\\\/\\\/secure.gravatar.com\\\/avatar\\\/?s=96&r=g\",\"url\":\"https:\\\/\\\/secure.gravatar.com\\\/avatar\\\/?s=96&r=g\",\"contentUrl\":\"https:\\\/\\\/secure.gravatar.com\\\/avatar\\\/?s=96&r=g\",\"caption\":\"Jorge \u00c1lvarez\"},\"description\":\"Antes de ser Responsable de Producci\u00f3n de Sociedad Geogr\u00e1fica de las Indias, Jorge ha recorrido un intenso camino en el mundo del viaje. Su trayectoria entre mayoristas, minoristas, compa\u00f1\u00edas a\u00e9reas, alquiler de servicios de tierra o incluso de gu\u00eda acompa\u00f1ante le ha permitido tener hoy una visi\u00f3n global del sector y conocer de primera mano los distintos detalles que se necesitan para asegurar un viaje sin errores. Adem\u00e1s es T\u00e9cnico Superior en Agencias de Viajes y en Informaci\u00f3n y Comercializaci\u00f3n Tur\u00edstica, aunque a \u00e9l le gusta definirse como un 4x4 del sector, amante de la naturaleza y la monta\u00f1a y ge\u00f3grafo aficionado.\",\"url\":\"https:\\\/\\\/www.lasociedadgeografica.com\\\/blog\\\/author\\\/jorge\\\/\"}]}<\/script>\n<!-- \/ Yoast SEO plugin. -->","yoast_head_json":{"title":"C\u00f3mo visitar la Fundaci\u00f3n Vicente Ferrer","robots":{"index":"index","follow":"follow","max-snippet":"max-snippet:-1","max-image-preview":"max-image-preview:large","max-video-preview":"max-video-preview:-1"},"canonical":"https:\/\/www.lasociedadgeografica.com\/blog\/actividades\/como-visitar-la-fundacion-vicente-ferrer-sociedad-geografica-de-las-indias\/","og_locale":"es_ES","og_type":"article","og_title":"C\u00f3mo visitar la Fundaci\u00f3n Vicente Ferrer","og_description":"Visitar la Fundaci\u00f3n Vicente Ferrer es una actividad inolvidable, especialmente para aquellos que ya son padrinos y conocen de cerca su trabajo. Ofrecemos aqu\u00ed algunas instrucciones para gestionar esta visita, junto con algunas respuestas t\u00edpicas para organizar la actividad.","og_url":"https:\/\/www.lasociedadgeografica.com\/blog\/actividades\/como-visitar-la-fundacion-vicente-ferrer-sociedad-geografica-de-las-indias\/","og_site_name":"Blog de viajes a India","article_published_time":"2011-12-23T10:00:33+00:00","article_modified_time":"2017-09-18T08:15:29+00:00","og_image":[{"url":"\/\/www.lasociedadgeografica.com\/blog\/uploads\/2011\/10\/c-Nagappa-FVF.jpg","type":"","width":"","height":""}],"author":"Jorge \u00c1lvarez","twitter_misc":{"Escrito por":"Jorge \u00c1lvarez","Tiempo de lectura":"5 minutos"},"schema":{"@context":"https:\/\/schema.org","@graph":[{"@type":"Article","@id":"https:\/\/www.lasociedadgeografica.com\/blog\/actividades\/como-visitar-la-fundacion-vicente-ferrer-sociedad-geografica-de-las-indias\/#article","isPartOf":{"@id":"https:\/\/www.lasociedadgeografica.com\/blog\/actividades\/como-visitar-la-fundacion-vicente-ferrer-sociedad-geografica-de-las-indias\/"},"author":{"name":"Jorge \u00c1lvarez","@id":"https:\/\/www.lasociedadgeografica.com\/blog\/#\/schema\/person\/531df9694b6a99f2eb29e4f5a12d3842"},"headline":"C\u00f3mo visitar la Fundaci\u00f3n Vicente Ferrer","datePublished":"2011-12-23T10:00:33+00:00","dateModified":"2017-09-18T08:15:29+00:00","mainEntityOfPage":{"@id":"https:\/\/www.lasociedadgeografica.com\/blog\/actividades\/como-visitar-la-fundacion-vicente-ferrer-sociedad-geografica-de-las-indias\/"},"wordCount":954,"commentCount":3,"keywords":["anantapur","bangalore","Jorge \u00c1lvarez","vicente ferrer"],"articleSection":["Actividades SGI","Destinos","Solidaridad"],"inLanguage":"es","potentialAction":[{"@type":"CommentAction","name":"Comment","target":["https:\/\/www.lasociedadgeografica.com\/blog\/actividades\/como-visitar-la-fundacion-vicente-ferrer-sociedad-geografica-de-las-indias\/#respond"]}]},{"@type":"WebPage","@id":"https:\/\/www.lasociedadgeografica.com\/blog\/actividades\/como-visitar-la-fundacion-vicente-ferrer-sociedad-geografica-de-las-indias\/","url":"https:\/\/www.lasociedadgeografica.com\/blog\/actividades\/como-visitar-la-fundacion-vicente-ferrer-sociedad-geografica-de-las-indias\/","name":"C\u00f3mo visitar la Fundaci\u00f3n Vicente Ferrer","isPartOf":{"@id":"https:\/\/www.lasociedadgeografica.com\/blog\/#website"},"datePublished":"2011-12-23T10:00:33+00:00","dateModified":"2017-09-18T08:15:29+00:00","author":{"@id":"https:\/\/www.lasociedadgeografica.com\/blog\/#\/schema\/person\/531df9694b6a99f2eb29e4f5a12d3842"},"breadcrumb":{"@id":"https:\/\/www.lasociedadgeografica.com\/blog\/actividades\/como-visitar-la-fundacion-vicente-ferrer-sociedad-geografica-de-las-indias\/#breadcrumb"},"inLanguage":"es","potentialAction":[{"@type":"ReadAction","target":["https:\/\/www.lasociedadgeografica.com\/blog\/actividades\/como-visitar-la-fundacion-vicente-ferrer-sociedad-geografica-de-las-indias\/"]}]},{"@type":"BreadcrumbList","@id":"https:\/\/www.lasociedadgeografica.com\/blog\/actividades\/como-visitar-la-fundacion-vicente-ferrer-sociedad-geografica-de-las-indias\/#breadcrumb","itemListElement":[{"@type":"ListItem","position":1,"name":"Portada","item":"https:\/\/www.lasociedadgeografica.com\/blog\/"},{"@type":"ListItem","position":2,"name":"C\u00f3mo visitar la Fundaci\u00f3n Vicente Ferrer"}]},{"@type":"WebSite","@id":"https:\/\/www.lasociedadgeografica.com\/blog\/#website","url":"https:\/\/www.lasociedadgeografica.com\/blog\/","name":"Blog de viajes a India","description":"Un lugar para Conocer India, con may\u00fasculas. El Blog de Sociedad Geogr\u00e1fica de las Indias.","potentialAction":[{"@type":"SearchAction","target":{"@type":"EntryPoint","urlTemplate":"https:\/\/www.lasociedadgeografica.com\/blog\/?s={search_term_string}"},"query-input":{"@type":"PropertyValueSpecification","valueRequired":true,"valueName":"search_term_string"}}],"inLanguage":"es"},{"@type":"Person","@id":"https:\/\/www.lasociedadgeografica.com\/blog\/#\/schema\/person\/531df9694b6a99f2eb29e4f5a12d3842","name":"Jorge \u00c1lvarez","image":{"@type":"ImageObject","inLanguage":"es","@id":"https:\/\/secure.gravatar.com\/avatar\/?s=96&r=g","url":"https:\/\/secure.gravatar.com\/avatar\/?s=96&r=g","contentUrl":"https:\/\/secure.gravatar.com\/avatar\/?s=96&r=g","caption":"Jorge \u00c1lvarez"},"description":"Antes de ser Responsable de Producci\u00f3n de Sociedad Geogr\u00e1fica de las Indias, Jorge ha recorrido un intenso camino en el mundo del viaje. Su trayectoria entre mayoristas, minoristas, compa\u00f1\u00edas a\u00e9reas, alquiler de servicios de tierra o incluso de gu\u00eda acompa\u00f1ante le ha permitido tener hoy una visi\u00f3n global del sector y conocer de primera mano los distintos detalles que se necesitan para asegurar un viaje sin errores. Adem\u00e1s es T\u00e9cnico Superior en Agencias de Viajes y en Informaci\u00f3n y Comercializaci\u00f3n Tur\u00edstica, aunque a \u00e9l le gusta definirse como un 4x4 del sector, amante de la naturaleza y la monta\u00f1a y ge\u00f3grafo aficionado.","url":"https:\/\/www.lasociedadgeografica.com\/blog\/author\/jorge\/"}]}},"_links":{"self":[{"href":"https:\/\/www.lasociedadgeografica.com\/blog\/wp-json\/wp\/v2\/posts\/3485","targetHints":{"allow":["GET"]}}],"collection":[{"href":"https:\/\/www.lasociedadgeografica.com\/blog\/wp-json\/wp\/v2\/posts"}],"about":[{"href":"https:\/\/www.lasociedadgeografica.com\/blog\/wp-json\/wp\/v2\/types\/post"}],"author":[{"embeddable":true,"href":"https:\/\/www.lasociedadgeografica.com\/blog\/wp-json\/wp\/v2\/users\/5"}],"replies":[{"embeddable":true,"href":"https:\/\/www.lasociedadgeografica.com\/blog\/wp-json\/wp\/v2\/comments?post=3485"}],"version-history":[{"count":13,"href":"https:\/\/www.lasociedadgeografica.com\/blog\/wp-json\/wp\/v2\/posts\/3485\/revisions"}],"predecessor-version":[{"id":15873,"href":"https:\/\/www.lasociedadgeografica.com\/blog\/wp-json\/wp\/v2\/posts\/3485\/revisions\/15873"}],"wp:attachment":[{"href":"https:\/\/www.lasociedadgeografica.com\/blog\/wp-json\/wp\/v2\/media?parent=3485"}],"wp:term":[{"taxonomy":"category","embeddable":true,"href":"https:\/\/www.lasociedadgeografica.com\/blog\/wp-json\/wp\/v2\/categories?post=3485"},{"taxonomy":"post_tag","embeddable":true,"href":"https:\/\/www.lasociedadgeografica.com\/blog\/wp-json\/wp\/v2\/tags?post=3485"}],"curies":[{"name":"wp","href":"https:\/\/api.w.org\/{rel}","templated":true}]}}