{"id":3596,"date":"2011-12-29T11:00:25","date_gmt":"2011-12-29T10:00:25","guid":{"rendered":"https:\/\/www.lasociedadgeografica.com\/blog\/?p=3596"},"modified":"2012-01-10T22:05:11","modified_gmt":"2012-01-10T21:05:11","slug":"y-pensar-que-me-lo-queria-perder-sociedad-geografica-de-las-indias","status":"publish","type":"post","link":"https:\/\/www.lasociedadgeografica.com\/blog\/viajeros\/y-pensar-que-me-lo-queria-perder-sociedad-geografica-de-las-indias\/","title":{"rendered":"Y pensar que me lo quer\u00eda perder&#8230;"},"content":{"rendered":"\n\n<div class=\"kk-star-ratings kksr-auto kksr-align-left kksr-valign-top\"\n    data-payload='{&quot;align&quot;:&quot;left&quot;,&quot;id&quot;:&quot;3596&quot;,&quot;slug&quot;:&quot;default&quot;,&quot;valign&quot;:&quot;top&quot;,&quot;ignore&quot;:&quot;&quot;,&quot;reference&quot;:&quot;auto&quot;,&quot;class&quot;:&quot;&quot;,&quot;count&quot;:&quot;0&quot;,&quot;legendonly&quot;:&quot;&quot;,&quot;readonly&quot;:&quot;&quot;,&quot;score&quot;:&quot;0&quot;,&quot;starsonly&quot;:&quot;&quot;,&quot;best&quot;:&quot;5&quot;,&quot;gap&quot;:&quot;6&quot;,&quot;greet&quot;:&quot;&quot;,&quot;legend&quot;:&quot;0\\\/5 - (0 votos)&quot;,&quot;size&quot;:&quot;22&quot;,&quot;title&quot;:&quot;Y pensar que me lo quer\u00eda perder...&quot;,&quot;width&quot;:&quot;0&quot;,&quot;_legend&quot;:&quot;{score}\\\/{best} - ({count} {votes})&quot;,&quot;font_factor&quot;:&quot;1.25&quot;}'>\n            \n<div class=\"kksr-stars\">\n    \n<div class=\"kksr-stars-inactive\">\n            <div class=\"kksr-star\" data-star=\"1\" style=\"padding-right: 6px\">\n            \n\n<div class=\"kksr-icon\" style=\"width: 22px; height: 22px;\"><\/div>\n        <\/div>\n            <div class=\"kksr-star\" data-star=\"2\" style=\"padding-right: 6px\">\n            \n\n<div class=\"kksr-icon\" style=\"width: 22px; height: 22px;\"><\/div>\n        <\/div>\n            <div class=\"kksr-star\" data-star=\"3\" style=\"padding-right: 6px\">\n            \n\n<div class=\"kksr-icon\" style=\"width: 22px; height: 22px;\"><\/div>\n        <\/div>\n            <div class=\"kksr-star\" data-star=\"4\" style=\"padding-right: 6px\">\n            \n\n<div class=\"kksr-icon\" style=\"width: 22px; height: 22px;\"><\/div>\n        <\/div>\n            <div class=\"kksr-star\" data-star=\"5\" style=\"padding-right: 6px\">\n            \n\n<div class=\"kksr-icon\" style=\"width: 22px; height: 22px;\"><\/div>\n        <\/div>\n    <\/div>\n    \n<div class=\"kksr-stars-active\" style=\"width: 0px;\">\n            <div class=\"kksr-star\" style=\"padding-right: 6px\">\n            \n\n<div class=\"kksr-icon\" style=\"width: 22px; height: 22px;\"><\/div>\n        <\/div>\n            <div class=\"kksr-star\" style=\"padding-right: 6px\">\n            \n\n<div class=\"kksr-icon\" style=\"width: 22px; height: 22px;\"><\/div>\n        <\/div>\n            <div class=\"kksr-star\" style=\"padding-right: 6px\">\n            \n\n<div class=\"kksr-icon\" style=\"width: 22px; height: 22px;\"><\/div>\n        <\/div>\n            <div class=\"kksr-star\" style=\"padding-right: 6px\">\n            \n\n<div class=\"kksr-icon\" style=\"width: 22px; height: 22px;\"><\/div>\n        <\/div>\n            <div class=\"kksr-star\" style=\"padding-right: 6px\">\n            \n\n<div class=\"kksr-icon\" style=\"width: 22px; height: 22px;\"><\/div>\n        <\/div>\n    <\/div>\n<\/div>\n                \n\n<div class=\"kksr-legend\" style=\"font-size: 17.6px;\">\n            <span class=\"kksr-muted\"><\/span>\n    <\/div>\n    <\/div>\n<p style=\"text-align: right;\"><strong>Por: Olivia Luengo.<\/strong><\/p>\n<p>Una vez en casa, (aunque no del todo porque parte del coraz\u00f3n se quedar\u00e1 para siempre en India), quer\u00eda escribirte para comentarte alguna cosa del viaje.<\/p>\n<p>Yo he venido encantada. Es verdad que viajaba sin apenas expectativas en un circuito que yo no hab\u00eda dise\u00f1ado, que me hab\u00eda encontrado hecho y al que no me cre\u00eda con derecho a poner ninguna pega. Los lugares que hemos visitado me han parecido dignos de ser conocidos, si bien quiz\u00e1s yo me lo hubiera tomado con algo m\u00e1s de calma, a lo mejor permanecer en alg\u00fan lugar un poco m\u00e1s de tiempo para poder respirar m\u00e1s profundamente el aire de ese incre\u00edble pais.<\/p>\n<p>Han sido muchas horas de autob\u00fas, que a m\u00ed me han resultado muy interesantes, ver India en sus <strong>carreteras<\/strong> a cuarenta por hora te permite conocer paisajes, pueblos, incluso gentes a las que descubres en sus faenas diarias en los arrozales, lavando la ropa en los r\u00edos, a las puertas de sus casas o en las plantaciones de t\u00e9. Ha habido algunas personas que lo han pasado mal porque se mareaban en la carretera, no s\u00e9 si sab\u00edan de lo largo (en el tiempo) de los trayectos, pero para futuros viajeros quiz\u00e1s ser\u00eda algo que deber\u00edais advertir m\u00e1s.<\/p>\n<p><div class=\"wp-caption aligncenter\" style=\"width: 477px\"><a href=\"http:\/\/www.flickr.com\/photos\/26742127@N04\/4768461450\/in\/set-72157624311351899\"><img loading=\"lazy\" decoding=\"async\" title=\"Pastor de b\u00fafalas en la India rural\" src=\"http:\/\/farm5.staticflickr.com\/4136\/4768461450_0756e86cfc.jpg\" alt=\"Pastor de b\u00fafalas en la India rural\" width=\"477\" height=\"427\" \/><\/a><p class=\"wp-caption-text\">Foto por \u00c1lvaro Maldonado, Sociedad Geogr\u00e1fica de las Indias<\/p><\/div><br \/>\n<a name=\"smore-\"><\/a><br \/>\nLos <strong>hoteles<\/strong> han sido pr\u00e1cticamente perfectos, ninguna pega.<\/p>\n<p>Con respecto a los <strong>gu\u00edas<\/strong> locales, la mayor\u00eda han sido encantadores, sobre todo el de Calcuta. Nuestro conductor principal (el que nos ha acompa\u00f1ado la mayor parte del viaje) y su retrovisor (as\u00ed es como llam\u00e1bamos al hombre que lo acompa\u00f1aba) han resultado estupendos y sinceramente creo que les debemos la vida despu\u00e9s de ver desde el primer asiento del autob\u00fas c\u00f3mo es el tr\u00e1fico en India.<\/p>\n<p>Una sola pega: a la gu\u00eda local de Madurai no s\u00e9 como calificarla. Os cuento, le preguntamos por una tienda para comprar <a href=\"https:\/\/www.lasociedadgeografica.com\/blog\/cultura\/sari-el-vestido-con-mas-de-5-000-anos-de-antiguedad\/\">sarees<\/a> e inmediatamente se ofreci\u00f3 a llev\u00e1rnoslos al hotel. Le dijimos que no, que prefer\u00edamos ver m\u00e1s variedad, pero ella insisti\u00f3. Nos llev\u00f3 unos cuantos sarees a una de las habitaciones pidi\u00e9ndonos que fu\u00e9ramos discretas, al final le compramos casi todos (5 \u00f3 6) a bastante buen precio. Al dia siguiente y con mejor luz comprobamos que eran todos usados. Vamos, que la espabilada nos coloc\u00f3 toda la traper\u00eda de la familia y renovaron vestuario a nuestro cargo. No pasa de ser una an\u00e9cdota m\u00e1s que ahora recordamos y nos hace gracia pero no deja de ser un comportamiento muy feo.<\/p>\n<p>En cuanto al gu\u00eda que nos ha acompa\u00f1ado todo el viaje habr\u00eda que darle una menci\u00f3n honor\u00edfica a la paciencia infinita. Los peque\u00f1os fallos que le hemos podido encontrar creo que son solo achacables a su juventud, pero nunca a su mala voluntad. Ha mantenido la calma en situaciones que rozaban lo surrealista, conservando siempre la sonrisa a pesar de que algun compa\u00f1ero del grupo se lo ha hecho pasar mal responsabiliz\u00e1dole de cambios en los planes de viaje que en absoluto eran debidos a su voluntad o a falta de profesionalidad. Muy al contrario, ante imprevistos surgidos en el plan de viaje ha encontrado alternativas de \u00faltima hora que me consta que no le ha sido f\u00e1cil conseguir. Nos ha acompa\u00f1ado con su visi\u00f3n de India, personal e \u00edntima, compartiendo con nosotros experiencias que nos han permitido conocer otro lado de la realidad de ese pais. Personalmente me ha parecido un chico maj\u00edsimo.<\/p>\n<p>A pesar de alg\u00fan elemento discordante, el grupo ha encajado bien, hemos tenido una relaci\u00f3n simp\u00e1tica, entra\u00f1able y enriquecedora. La \u00abgente de orden\u00bb ha conseguido llenarlo todo de optimismo, positividad y ganas de aprovechar incluso los imprevistos. \u00a1Que s\u00f3lo ten\u00edamos quince dias!<\/p>\n<p>Gracias a Dios no ha habido ning\u00fan percance serio: un par de ca\u00eddas sin mayores consecuencias y unas cuantas diarreas, creo que m\u00e1s debidas al Malarone (las pastillas para la malaria) que de tipo infeccioso, por lo breve de los episodios.<\/p>\n<div class=\"wp-caption aligncenter\" style=\"width: 477px\"><a href=\"http:\/\/www.flickr.com\/photos\/26742127@N04\/6279423218\/in\/set-72157617185634920\"><img loading=\"lazy\" decoding=\"async\" title=\"Retrato de mujer\" src=\"http:\/\/farm7.staticflickr.com\/6120\/6279423218_128f6b56c5.jpg\" alt=\"Retrato de mujer india\" width=\"477\" height=\"318\" \/><\/a><p class=\"wp-caption-text\">Foto cedida por Bel\u00e9n Serrano. www.belenserrano.com<\/p><\/div>\n<p>El <strong>clima<\/strong> ha sido magn\u00edfico, nos ha acompa\u00f1ado de forma perfecta, hasta el punto de que nos permiti\u00f3 disfrutar de un breve episodio de lluvia nocturna despu\u00e9s de la cena desde el porche de uno de los hoteles.<\/p>\n<p>En definitiva, un viaje casi perfecto, con un solo defecto, el mismo del que adolecen todos: son cortos y hay que regresar.<\/p>\n<p>Pero India es especial. No te das cuenta, pero se te mete en las venas como una infecci\u00f3n, y cuando vuelves a casa sigue creciendo y la echas cada vez m\u00e1s de menos. Encuentras a tu Espa\u00f1a triste, gris, vac\u00eda&#8230; le falta gente&#8230; y ruido&#8230; y color&#8230; y calor&#8230; y sonrisas&#8230;<\/p>\n<p>Y pensar que me lo quer\u00eda perder&#8230;<\/p>\n<p>Habr\u00e1 que volver&#8230;<\/p>\n<p>Muchas gracias por vuestra atenci\u00f3n. Un saludo muy afectuoso.<\/p>\n<p><em>Olivia Luengo.<\/em><\/p>\n<p>&nbsp;<\/p>\n<p>PD. Te voy a contar algo que ha podido ser de lo que m\u00e1s me ha calado de todo lo que he vivido all\u00ed. De las cosas que m\u00e1s he disfrutado en el viaje ha sido el poder hablar con la gente, las mujeres, los ni\u00f1os, los estudiantes&#8230;unos incluso me hicieron una entrevista y la grabaron en el m\u00f3vil&#8230; Como dice Susanita mi problema de comunicaci\u00f3n es no poder incomunicarme&#8230; hablo hasta con las piedras.<br \/>\nPues bien, en una visita a un templo me qued\u00e9 casi sin verle porque me sent\u00e9 a charlar con una mujer que se interes\u00f3 por mi vida, mi marido, mis hijos, mi trabajo&#8230; No hab\u00eda tenido oportunidad de ir a la escuela y su ingl\u00e9s era muy precario. Me invit\u00f3 a ir a su casa para poder ofrecerme algo de comer. Tuve que declinar la invitaci\u00f3n con pena porque me habr\u00eda encantado aceptarla y s\u00e9 que a ella le hubiera llenado de orgullo poder ofrecerme algo suyo. Cuando nos despedimos me pidi\u00f3: \u00abCuando vuelvas a tu casa h\u00e1blale a tu marido y a tus hijos de mi y cuando yo vuelva a la mia les hablar\u00e9 a mi marido y a mis hijos de ti \u00ab.<br \/>\nMe emocion\u00f3 profundamente y le dije \u00abBuena idea, as\u00ed yo me quedo un poco en India contigo y t\u00fa te vienes un poco a Espa\u00f1a conmigo\u00bb. Y sonri\u00f3 como lo hacen all\u00ed, con el alma.<br \/>\nEs la gente lo que hace de ese pais algo tan especial.<\/p>\n<p>&nbsp;<\/p>\n<p><em>*Sociedad Geogr\u00e1fica de las Indias cuenta con la autorizaci\u00f3n de Olivia para la publicaci\u00f3n de su carta de agradecimiento.<\/em><\/p>\n<p>&gt;&gt; Pulsa <a href=\"https:\/\/www.lasociedadgeografica.com\/blog\/viajeros\/opiniones-clientes-viaje-india-sociedad-geografica-de-las-indias\/\">aqu\u00ed<\/a> para leer opiniones y referencias de otros viajes de clientes <a href=\"https:\/\/www.lasociedadgeografica.com\/\">Sociedad Geogr\u00e1fica de las Indias<\/a>.<\/p>\n","protected":false},"excerpt":{"rendered":"<p>Por Olivia Luengo. \u00abUna vez en casa, (aunque no del todo porque parte del coraz\u00f3n se quedar\u00e1 para siempre en India), quer\u00eda escribirte para comentarte alguna cosa del viaje. Yo he venido encantada. Es verdad que viajaba sin apenas (&#8230;)\u00bb<\/p>\n","protected":false},"author":13,"featured_media":0,"comment_status":"open","ping_status":"open","sticky":false,"template":"","format":"standard","meta":{"footnotes":""},"categories":[15],"tags":[219,142,135,1038],"class_list":["post-3596","post","type-post","status-publish","format-standard","hentry","category-viajeros","tag-clientes","tag-guia","tag-hotel","tag-malarone"],"yoast_head":"<!-- This site is optimized with the Yoast SEO plugin v27.4 - https:\/\/yoast.com\/product\/yoast-seo-wordpress\/ -->\n<title>Y pensar que me lo quer\u00eda perder...<\/title>\n<meta name=\"robots\" content=\"index, follow, max-snippet:-1, max-image-preview:large, max-video-preview:-1\" \/>\n<link rel=\"canonical\" href=\"https:\/\/www.lasociedadgeografica.com\/blog\/viajeros\/y-pensar-que-me-lo-queria-perder-sociedad-geografica-de-las-indias\/\" \/>\n<meta property=\"og:locale\" content=\"es_ES\" \/>\n<meta property=\"og:type\" content=\"article\" \/>\n<meta property=\"og:title\" content=\"Y pensar que me lo quer\u00eda perder...\" \/>\n<meta property=\"og:description\" content=\"Por Olivia Luengo. &quot;Una vez en casa, (aunque no del todo porque parte del coraz\u00f3n se quedar\u00e1 para siempre en India), quer\u00eda escribirte para comentarte alguna cosa del viaje. Yo he venido encantada. Es verdad que viajaba sin apenas (...)&quot;\" \/>\n<meta property=\"og:url\" content=\"https:\/\/www.lasociedadgeografica.com\/blog\/viajeros\/y-pensar-que-me-lo-queria-perder-sociedad-geografica-de-las-indias\/\" \/>\n<meta property=\"og:site_name\" content=\"Blog de viajes a India\" \/>\n<meta property=\"article:published_time\" content=\"2011-12-29T10:00:25+00:00\" \/>\n<meta property=\"article:modified_time\" content=\"2012-01-10T21:05:11+00:00\" \/>\n<meta property=\"og:image\" content=\"http:\/\/farm5.staticflickr.com\/4136\/4768461450_0756e86cfc.jpg\" \/>\n<meta name=\"author\" content=\"Clientes\" \/>\n<meta name=\"twitter:label1\" content=\"Escrito por\" \/>\n\t<meta name=\"twitter:data1\" content=\"Clientes\" \/>\n\t<meta name=\"twitter:label2\" content=\"Tiempo de lectura\" \/>\n\t<meta name=\"twitter:data2\" content=\"6 minutos\" \/>\n<script type=\"application\/ld+json\" class=\"yoast-schema-graph\">{\"@context\":\"https:\\\/\\\/schema.org\",\"@graph\":[{\"@type\":\"Article\",\"@id\":\"https:\\\/\\\/www.lasociedadgeografica.com\\\/blog\\\/viajeros\\\/y-pensar-que-me-lo-queria-perder-sociedad-geografica-de-las-indias\\\/#article\",\"isPartOf\":{\"@id\":\"https:\\\/\\\/www.lasociedadgeografica.com\\\/blog\\\/viajeros\\\/y-pensar-que-me-lo-queria-perder-sociedad-geografica-de-las-indias\\\/\"},\"author\":{\"name\":\"Clientes\",\"@id\":\"https:\\\/\\\/www.lasociedadgeografica.com\\\/blog\\\/#\\\/schema\\\/person\\\/c0d723222d0a0e395ae17b156e3a436b\"},\"headline\":\"Y pensar que me lo quer\u00eda perder&#8230;\",\"datePublished\":\"2011-12-29T10:00:25+00:00\",\"dateModified\":\"2012-01-10T21:05:11+00:00\",\"mainEntityOfPage\":{\"@id\":\"https:\\\/\\\/www.lasociedadgeografica.com\\\/blog\\\/viajeros\\\/y-pensar-que-me-lo-queria-perder-sociedad-geografica-de-las-indias\\\/\"},\"wordCount\":1187,\"commentCount\":2,\"image\":{\"@id\":\"https:\\\/\\\/www.lasociedadgeografica.com\\\/blog\\\/viajeros\\\/y-pensar-que-me-lo-queria-perder-sociedad-geografica-de-las-indias\\\/#primaryimage\"},\"thumbnailUrl\":\"http:\\\/\\\/farm5.staticflickr.com\\\/4136\\\/4768461450_0756e86cfc.jpg\",\"keywords\":[\"clientes\",\"gu\u00eda\",\"hotel\",\"malarone\"],\"articleSection\":[\"Viajeros\"],\"inLanguage\":\"es\",\"potentialAction\":[{\"@type\":\"CommentAction\",\"name\":\"Comment\",\"target\":[\"https:\\\/\\\/www.lasociedadgeografica.com\\\/blog\\\/viajeros\\\/y-pensar-que-me-lo-queria-perder-sociedad-geografica-de-las-indias\\\/#respond\"]}]},{\"@type\":\"WebPage\",\"@id\":\"https:\\\/\\\/www.lasociedadgeografica.com\\\/blog\\\/viajeros\\\/y-pensar-que-me-lo-queria-perder-sociedad-geografica-de-las-indias\\\/\",\"url\":\"https:\\\/\\\/www.lasociedadgeografica.com\\\/blog\\\/viajeros\\\/y-pensar-que-me-lo-queria-perder-sociedad-geografica-de-las-indias\\\/\",\"name\":\"Y pensar que me lo quer\u00eda perder...\",\"isPartOf\":{\"@id\":\"https:\\\/\\\/www.lasociedadgeografica.com\\\/blog\\\/#website\"},\"primaryImageOfPage\":{\"@id\":\"https:\\\/\\\/www.lasociedadgeografica.com\\\/blog\\\/viajeros\\\/y-pensar-que-me-lo-queria-perder-sociedad-geografica-de-las-indias\\\/#primaryimage\"},\"image\":{\"@id\":\"https:\\\/\\\/www.lasociedadgeografica.com\\\/blog\\\/viajeros\\\/y-pensar-que-me-lo-queria-perder-sociedad-geografica-de-las-indias\\\/#primaryimage\"},\"thumbnailUrl\":\"http:\\\/\\\/farm5.staticflickr.com\\\/4136\\\/4768461450_0756e86cfc.jpg\",\"datePublished\":\"2011-12-29T10:00:25+00:00\",\"dateModified\":\"2012-01-10T21:05:11+00:00\",\"author\":{\"@id\":\"https:\\\/\\\/www.lasociedadgeografica.com\\\/blog\\\/#\\\/schema\\\/person\\\/c0d723222d0a0e395ae17b156e3a436b\"},\"breadcrumb\":{\"@id\":\"https:\\\/\\\/www.lasociedadgeografica.com\\\/blog\\\/viajeros\\\/y-pensar-que-me-lo-queria-perder-sociedad-geografica-de-las-indias\\\/#breadcrumb\"},\"inLanguage\":\"es\",\"potentialAction\":[{\"@type\":\"ReadAction\",\"target\":[\"https:\\\/\\\/www.lasociedadgeografica.com\\\/blog\\\/viajeros\\\/y-pensar-que-me-lo-queria-perder-sociedad-geografica-de-las-indias\\\/\"]}]},{\"@type\":\"ImageObject\",\"inLanguage\":\"es\",\"@id\":\"https:\\\/\\\/www.lasociedadgeografica.com\\\/blog\\\/viajeros\\\/y-pensar-que-me-lo-queria-perder-sociedad-geografica-de-las-indias\\\/#primaryimage\",\"url\":\"http:\\\/\\\/farm5.staticflickr.com\\\/4136\\\/4768461450_0756e86cfc.jpg\",\"contentUrl\":\"http:\\\/\\\/farm5.staticflickr.com\\\/4136\\\/4768461450_0756e86cfc.jpg\"},{\"@type\":\"BreadcrumbList\",\"@id\":\"https:\\\/\\\/www.lasociedadgeografica.com\\\/blog\\\/viajeros\\\/y-pensar-que-me-lo-queria-perder-sociedad-geografica-de-las-indias\\\/#breadcrumb\",\"itemListElement\":[{\"@type\":\"ListItem\",\"position\":1,\"name\":\"Portada\",\"item\":\"https:\\\/\\\/www.lasociedadgeografica.com\\\/blog\\\/\"},{\"@type\":\"ListItem\",\"position\":2,\"name\":\"Y pensar que me lo quer\u00eda perder&#8230;\"}]},{\"@type\":\"WebSite\",\"@id\":\"https:\\\/\\\/www.lasociedadgeografica.com\\\/blog\\\/#website\",\"url\":\"https:\\\/\\\/www.lasociedadgeografica.com\\\/blog\\\/\",\"name\":\"Blog de viajes a India\",\"description\":\"Un lugar para Conocer India, con may\u00fasculas. El Blog de Sociedad Geogr\u00e1fica de las Indias.\",\"potentialAction\":[{\"@type\":\"SearchAction\",\"target\":{\"@type\":\"EntryPoint\",\"urlTemplate\":\"https:\\\/\\\/www.lasociedadgeografica.com\\\/blog\\\/?s={search_term_string}\"},\"query-input\":{\"@type\":\"PropertyValueSpecification\",\"valueRequired\":true,\"valueName\":\"search_term_string\"}}],\"inLanguage\":\"es\"},{\"@type\":\"Person\",\"@id\":\"https:\\\/\\\/www.lasociedadgeografica.com\\\/blog\\\/#\\\/schema\\\/person\\\/c0d723222d0a0e395ae17b156e3a436b\",\"name\":\"Clientes\",\"image\":{\"@type\":\"ImageObject\",\"inLanguage\":\"es\",\"@id\":\"https:\\\/\\\/secure.gravatar.com\\\/avatar\\\/5b6a5b331ed392efa6ef0821fbe7fa08e6c52a2168ba366b7fdbae25000a6355?s=96&r=g\",\"url\":\"https:\\\/\\\/secure.gravatar.com\\\/avatar\\\/5b6a5b331ed392efa6ef0821fbe7fa08e6c52a2168ba366b7fdbae25000a6355?s=96&r=g\",\"contentUrl\":\"https:\\\/\\\/secure.gravatar.com\\\/avatar\\\/5b6a5b331ed392efa6ef0821fbe7fa08e6c52a2168ba366b7fdbae25000a6355?s=96&r=g\",\"caption\":\"Clientes\"},\"description\":\"Las personas que viajan con Sociedad Geogr\u00e1fica de las Indias est\u00e1n invitadas a contar sus experiencias y opiniones en los distintos canales disponibles, como este blog o nuestra comunidad de viajeros en Facebook. Inf\u00f3rmate sobre nuestros viajes en: http:\\\/\\\/www.lasociedadgeografica.com\",\"url\":\"https:\\\/\\\/www.lasociedadgeografica.com\\\/blog\\\/author\\\/clientes\\\/\"}]}<\/script>\n<!-- \/ Yoast SEO plugin. -->","yoast_head_json":{"title":"Y pensar que me lo quer\u00eda perder...","robots":{"index":"index","follow":"follow","max-snippet":"max-snippet:-1","max-image-preview":"max-image-preview:large","max-video-preview":"max-video-preview:-1"},"canonical":"https:\/\/www.lasociedadgeografica.com\/blog\/viajeros\/y-pensar-que-me-lo-queria-perder-sociedad-geografica-de-las-indias\/","og_locale":"es_ES","og_type":"article","og_title":"Y pensar que me lo quer\u00eda perder...","og_description":"Por Olivia Luengo. \"Una vez en casa, (aunque no del todo porque parte del coraz\u00f3n se quedar\u00e1 para siempre en India), quer\u00eda escribirte para comentarte alguna cosa del viaje. Yo he venido encantada. Es verdad que viajaba sin apenas (...)\"","og_url":"https:\/\/www.lasociedadgeografica.com\/blog\/viajeros\/y-pensar-que-me-lo-queria-perder-sociedad-geografica-de-las-indias\/","og_site_name":"Blog de viajes a India","article_published_time":"2011-12-29T10:00:25+00:00","article_modified_time":"2012-01-10T21:05:11+00:00","og_image":[{"url":"http:\/\/farm5.staticflickr.com\/4136\/4768461450_0756e86cfc.jpg","type":"","width":"","height":""}],"author":"Clientes","twitter_misc":{"Escrito por":"Clientes","Tiempo de lectura":"6 minutos"},"schema":{"@context":"https:\/\/schema.org","@graph":[{"@type":"Article","@id":"https:\/\/www.lasociedadgeografica.com\/blog\/viajeros\/y-pensar-que-me-lo-queria-perder-sociedad-geografica-de-las-indias\/#article","isPartOf":{"@id":"https:\/\/www.lasociedadgeografica.com\/blog\/viajeros\/y-pensar-que-me-lo-queria-perder-sociedad-geografica-de-las-indias\/"},"author":{"name":"Clientes","@id":"https:\/\/www.lasociedadgeografica.com\/blog\/#\/schema\/person\/c0d723222d0a0e395ae17b156e3a436b"},"headline":"Y pensar que me lo quer\u00eda perder&#8230;","datePublished":"2011-12-29T10:00:25+00:00","dateModified":"2012-01-10T21:05:11+00:00","mainEntityOfPage":{"@id":"https:\/\/www.lasociedadgeografica.com\/blog\/viajeros\/y-pensar-que-me-lo-queria-perder-sociedad-geografica-de-las-indias\/"},"wordCount":1187,"commentCount":2,"image":{"@id":"https:\/\/www.lasociedadgeografica.com\/blog\/viajeros\/y-pensar-que-me-lo-queria-perder-sociedad-geografica-de-las-indias\/#primaryimage"},"thumbnailUrl":"http:\/\/farm5.staticflickr.com\/4136\/4768461450_0756e86cfc.jpg","keywords":["clientes","gu\u00eda","hotel","malarone"],"articleSection":["Viajeros"],"inLanguage":"es","potentialAction":[{"@type":"CommentAction","name":"Comment","target":["https:\/\/www.lasociedadgeografica.com\/blog\/viajeros\/y-pensar-que-me-lo-queria-perder-sociedad-geografica-de-las-indias\/#respond"]}]},{"@type":"WebPage","@id":"https:\/\/www.lasociedadgeografica.com\/blog\/viajeros\/y-pensar-que-me-lo-queria-perder-sociedad-geografica-de-las-indias\/","url":"https:\/\/www.lasociedadgeografica.com\/blog\/viajeros\/y-pensar-que-me-lo-queria-perder-sociedad-geografica-de-las-indias\/","name":"Y pensar que me lo quer\u00eda perder...","isPartOf":{"@id":"https:\/\/www.lasociedadgeografica.com\/blog\/#website"},"primaryImageOfPage":{"@id":"https:\/\/www.lasociedadgeografica.com\/blog\/viajeros\/y-pensar-que-me-lo-queria-perder-sociedad-geografica-de-las-indias\/#primaryimage"},"image":{"@id":"https:\/\/www.lasociedadgeografica.com\/blog\/viajeros\/y-pensar-que-me-lo-queria-perder-sociedad-geografica-de-las-indias\/#primaryimage"},"thumbnailUrl":"http:\/\/farm5.staticflickr.com\/4136\/4768461450_0756e86cfc.jpg","datePublished":"2011-12-29T10:00:25+00:00","dateModified":"2012-01-10T21:05:11+00:00","author":{"@id":"https:\/\/www.lasociedadgeografica.com\/blog\/#\/schema\/person\/c0d723222d0a0e395ae17b156e3a436b"},"breadcrumb":{"@id":"https:\/\/www.lasociedadgeografica.com\/blog\/viajeros\/y-pensar-que-me-lo-queria-perder-sociedad-geografica-de-las-indias\/#breadcrumb"},"inLanguage":"es","potentialAction":[{"@type":"ReadAction","target":["https:\/\/www.lasociedadgeografica.com\/blog\/viajeros\/y-pensar-que-me-lo-queria-perder-sociedad-geografica-de-las-indias\/"]}]},{"@type":"ImageObject","inLanguage":"es","@id":"https:\/\/www.lasociedadgeografica.com\/blog\/viajeros\/y-pensar-que-me-lo-queria-perder-sociedad-geografica-de-las-indias\/#primaryimage","url":"http:\/\/farm5.staticflickr.com\/4136\/4768461450_0756e86cfc.jpg","contentUrl":"http:\/\/farm5.staticflickr.com\/4136\/4768461450_0756e86cfc.jpg"},{"@type":"BreadcrumbList","@id":"https:\/\/www.lasociedadgeografica.com\/blog\/viajeros\/y-pensar-que-me-lo-queria-perder-sociedad-geografica-de-las-indias\/#breadcrumb","itemListElement":[{"@type":"ListItem","position":1,"name":"Portada","item":"https:\/\/www.lasociedadgeografica.com\/blog\/"},{"@type":"ListItem","position":2,"name":"Y pensar que me lo quer\u00eda perder&#8230;"}]},{"@type":"WebSite","@id":"https:\/\/www.lasociedadgeografica.com\/blog\/#website","url":"https:\/\/www.lasociedadgeografica.com\/blog\/","name":"Blog de viajes a India","description":"Un lugar para Conocer India, con may\u00fasculas. El Blog de Sociedad Geogr\u00e1fica de las Indias.","potentialAction":[{"@type":"SearchAction","target":{"@type":"EntryPoint","urlTemplate":"https:\/\/www.lasociedadgeografica.com\/blog\/?s={search_term_string}"},"query-input":{"@type":"PropertyValueSpecification","valueRequired":true,"valueName":"search_term_string"}}],"inLanguage":"es"},{"@type":"Person","@id":"https:\/\/www.lasociedadgeografica.com\/blog\/#\/schema\/person\/c0d723222d0a0e395ae17b156e3a436b","name":"Clientes","image":{"@type":"ImageObject","inLanguage":"es","@id":"https:\/\/secure.gravatar.com\/avatar\/5b6a5b331ed392efa6ef0821fbe7fa08e6c52a2168ba366b7fdbae25000a6355?s=96&r=g","url":"https:\/\/secure.gravatar.com\/avatar\/5b6a5b331ed392efa6ef0821fbe7fa08e6c52a2168ba366b7fdbae25000a6355?s=96&r=g","contentUrl":"https:\/\/secure.gravatar.com\/avatar\/5b6a5b331ed392efa6ef0821fbe7fa08e6c52a2168ba366b7fdbae25000a6355?s=96&r=g","caption":"Clientes"},"description":"Las personas que viajan con Sociedad Geogr\u00e1fica de las Indias est\u00e1n invitadas a contar sus experiencias y opiniones en los distintos canales disponibles, como este blog o nuestra comunidad de viajeros en Facebook. Inf\u00f3rmate sobre nuestros viajes en: http:\/\/www.lasociedadgeografica.com","url":"https:\/\/www.lasociedadgeografica.com\/blog\/author\/clientes\/"}]}},"_links":{"self":[{"href":"https:\/\/www.lasociedadgeografica.com\/blog\/wp-json\/wp\/v2\/posts\/3596","targetHints":{"allow":["GET"]}}],"collection":[{"href":"https:\/\/www.lasociedadgeografica.com\/blog\/wp-json\/wp\/v2\/posts"}],"about":[{"href":"https:\/\/www.lasociedadgeografica.com\/blog\/wp-json\/wp\/v2\/types\/post"}],"author":[{"embeddable":true,"href":"https:\/\/www.lasociedadgeografica.com\/blog\/wp-json\/wp\/v2\/users\/13"}],"replies":[{"embeddable":true,"href":"https:\/\/www.lasociedadgeografica.com\/blog\/wp-json\/wp\/v2\/comments?post=3596"}],"version-history":[{"count":7,"href":"https:\/\/www.lasociedadgeografica.com\/blog\/wp-json\/wp\/v2\/posts\/3596\/revisions"}],"predecessor-version":[{"id":3791,"href":"https:\/\/www.lasociedadgeografica.com\/blog\/wp-json\/wp\/v2\/posts\/3596\/revisions\/3791"}],"wp:attachment":[{"href":"https:\/\/www.lasociedadgeografica.com\/blog\/wp-json\/wp\/v2\/media?parent=3596"}],"wp:term":[{"taxonomy":"category","embeddable":true,"href":"https:\/\/www.lasociedadgeografica.com\/blog\/wp-json\/wp\/v2\/categories?post=3596"},{"taxonomy":"post_tag","embeddable":true,"href":"https:\/\/www.lasociedadgeografica.com\/blog\/wp-json\/wp\/v2\/tags?post=3596"}],"curies":[{"name":"wp","href":"https:\/\/api.w.org\/{rel}","templated":true}]}}