{"id":4122,"date":"2012-05-03T12:22:21","date_gmt":"2012-05-03T10:22:21","guid":{"rendered":"https:\/\/www.lasociedadgeografica.com\/blog\/?p=4122"},"modified":"2017-09-21T13:10:41","modified_gmt":"2017-09-21T11:10:41","slug":"mi-primer-contacto-con-el-yoga","status":"publish","type":"post","link":"https:\/\/www.lasociedadgeografica.com\/blog\/deporte\/mi-primer-contacto-con-el-yoga\/","title":{"rendered":"Mi primer contacto con el yoga"},"content":{"rendered":"\n\n<div class=\"kk-star-ratings kksr-auto kksr-align-left kksr-valign-top\"\n    data-payload='{&quot;align&quot;:&quot;left&quot;,&quot;id&quot;:&quot;4122&quot;,&quot;slug&quot;:&quot;default&quot;,&quot;valign&quot;:&quot;top&quot;,&quot;ignore&quot;:&quot;&quot;,&quot;reference&quot;:&quot;auto&quot;,&quot;class&quot;:&quot;&quot;,&quot;count&quot;:&quot;0&quot;,&quot;legendonly&quot;:&quot;&quot;,&quot;readonly&quot;:&quot;&quot;,&quot;score&quot;:&quot;0&quot;,&quot;starsonly&quot;:&quot;&quot;,&quot;best&quot;:&quot;5&quot;,&quot;gap&quot;:&quot;6&quot;,&quot;greet&quot;:&quot;&quot;,&quot;legend&quot;:&quot;0\\\/5 - (0 votos)&quot;,&quot;size&quot;:&quot;22&quot;,&quot;title&quot;:&quot;Mi primer contacto con el yoga&quot;,&quot;width&quot;:&quot;0&quot;,&quot;_legend&quot;:&quot;{score}\\\/{best} - ({count} {votes})&quot;,&quot;font_factor&quot;:&quot;1.25&quot;}'>\n            \n<div class=\"kksr-stars\">\n    \n<div class=\"kksr-stars-inactive\">\n            <div class=\"kksr-star\" data-star=\"1\" style=\"padding-right: 6px\">\n            \n\n<div class=\"kksr-icon\" style=\"width: 22px; height: 22px;\"><\/div>\n        <\/div>\n            <div class=\"kksr-star\" data-star=\"2\" style=\"padding-right: 6px\">\n            \n\n<div class=\"kksr-icon\" style=\"width: 22px; height: 22px;\"><\/div>\n        <\/div>\n            <div class=\"kksr-star\" data-star=\"3\" style=\"padding-right: 6px\">\n            \n\n<div class=\"kksr-icon\" style=\"width: 22px; height: 22px;\"><\/div>\n        <\/div>\n            <div class=\"kksr-star\" data-star=\"4\" style=\"padding-right: 6px\">\n            \n\n<div class=\"kksr-icon\" style=\"width: 22px; height: 22px;\"><\/div>\n        <\/div>\n            <div class=\"kksr-star\" data-star=\"5\" style=\"padding-right: 6px\">\n            \n\n<div class=\"kksr-icon\" style=\"width: 22px; height: 22px;\"><\/div>\n        <\/div>\n    <\/div>\n    \n<div class=\"kksr-stars-active\" style=\"width: 0px;\">\n            <div class=\"kksr-star\" style=\"padding-right: 6px\">\n            \n\n<div class=\"kksr-icon\" style=\"width: 22px; height: 22px;\"><\/div>\n        <\/div>\n            <div class=\"kksr-star\" style=\"padding-right: 6px\">\n            \n\n<div class=\"kksr-icon\" style=\"width: 22px; height: 22px;\"><\/div>\n        <\/div>\n            <div class=\"kksr-star\" style=\"padding-right: 6px\">\n            \n\n<div class=\"kksr-icon\" style=\"width: 22px; height: 22px;\"><\/div>\n        <\/div>\n            <div class=\"kksr-star\" style=\"padding-right: 6px\">\n            \n\n<div class=\"kksr-icon\" style=\"width: 22px; height: 22px;\"><\/div>\n        <\/div>\n            <div class=\"kksr-star\" style=\"padding-right: 6px\">\n            \n\n<div class=\"kksr-icon\" style=\"width: 22px; height: 22px;\"><\/div>\n        <\/div>\n    <\/div>\n<\/div>\n                \n\n<div class=\"kksr-legend\" style=\"font-size: 17.6px;\">\n            <span class=\"kksr-muted\"><\/span>\n    <\/div>\n    <\/div>\n<p>Mi madre comenz\u00f3 a practicar <a href=\"https:\/\/www.lasociedadgeografica.com\/blog\/deporte\/introduccion-al-yoga-sociedad-geografica-de-las-indias\/\" target=\"_blank\" rel=\"noopener\">yoga<\/a> justo el mismo a\u00f1o de mi nacimiento. Para recuperarse del parto, decidi\u00f3 ponerse en forma en un centro de Zaragoza llamado<em> Instituto Norlan<\/em>. All\u00ed, una de las entrenadoras le recomend\u00f3 las sesiones de yoga. <strong>Por entonces, mi madre no sab\u00eda nada acerca del yoga, pero, por alg\u00fan motivo, decidi\u00f3 probar. Al llegar a clase el primer d\u00eda, el profesor le pregunt\u00f3: \u201c\u00bfPor qu\u00e9 vienes a hacer yoga?\u201d. Mi madre no supo qu\u00e9 contestar. Al acabar la clase pens\u00f3: \u201cEsto es justo lo que estaba buscando\u201d. Todav\u00eda hoy, a sus 74 a\u00f1os, sigue practicando la meditaci\u00f3n.<\/strong><\/p>\n<p>Aquel profesor de yoga era <strong>Angel Peir\u00f3<\/strong>. \u00c9l fue el primer maestro de yoga que hubo en Zaragoza. Con el tiempo, \u00c1ngel dej\u00f3 el <em>Instituto Norlan<\/em> y fund\u00f3 una escuela de hatha yoga junto con su mujer Manuela. Se llamaba <em>Shadana<\/em>. Mi madre, como era de esperar, se inscribi\u00f3. Algunas veces, cuando no ten\u00eda con quien dejarme, me llevaba con ella a <em>Sadhana<\/em>. El viaje en su seiscientos naranja descapotable siempre anunciaba una aventura nueva. Mientras ella estaba en clase, yo me quedaba con Manuela, la dulce Manuela, en una salita con olor a incienso y bizcocho reci\u00e9n horneado en la que todos los muebles estaban a ras de suelo. All\u00ed, sentadas sobre cojines, merend\u00e1bamos galletas integrales caseras con sabor a naranja y ve\u00edamos fotos de sus viajes a India. \u00c1ngel y Manuela, eran (y son) personas hechas de otra pasta, de esas que parecen estar siempre en su sitio y en perfecta armon\u00eda con lo todo que les rodea.<\/p>\n<p><div id=\"attachment_4123\" class=\"wp-caption aligncenter\" style=\"width: 479px\"><a href=\"\/\/www.lasociedadgeografica.com\/blog\/uploads\/2012\/04\/nona-yoga-sadhana-zaragoza.jpg\"><img loading=\"lazy\" decoding=\"async\" class=\" wp-image-4123\" title=\"Nona en Yoga Sadhana Zaragoza\" src=\"\/\/www.lasociedadgeografica.com\/blog\/uploads\/2012\/04\/nona-yoga-sadhana-zaragoza.jpg\" alt=\"Nona en Yoga Sadhana Zaragoza\" width=\"479\" height=\"323\" srcset=\"https:\/\/www.lasociedadgeografica.com\/blog\/uploads\/2012\/04\/nona-yoga-sadhana-zaragoza.jpg 686w, https:\/\/www.lasociedadgeografica.com\/blog\/uploads\/2012\/04\/nona-yoga-sadhana-zaragoza-300x202.jpg 300w\" sizes=\"auto, (max-width: 479px) 100vw, 479px\" \/><\/a><p class=\"wp-caption-text\">Nona en clase de yoga. &#8216;Sadhana&#8217;, Zaragoza<\/p><\/div><br \/>\n<a name=\"smore-\"><\/a><br \/>\nEl inter\u00e9s de mi madre por el universo del yoga crec\u00eda cada d\u00eda. Decidi\u00f3 dedicar m\u00e1s tiempo a su aprendizaje por lo que, adem\u00e1s de acudir a las clases colectivas en <em>Sadhana<\/em>, empez\u00f3 a recibir clases particulares en la Masunca, la casa de Zaragoza donde viv\u00edamos durante la temporada estival, desde mayo hasta octubre. Siete mil metros cuadrados de terreno en los que se inclu\u00edan un pinar y una gran piscina. Tambi\u00e9n un huerto. Los recuerdos de la vida en la Masunca vuelven a m\u00ed en forma de olores. El de los tomates reci\u00e9n arrancados de la tomatera, el de la ropa de verano reci\u00e9n sacada del armario, el del c\u00e9sped reci\u00e9n cortado. Todo tan reciente\u2026 \u00bfY las clases de yoga?, \u00bfa qu\u00e9 ol\u00edan las clases de yoga? Sin duda, a incienso.<\/p>\n<p>El olor a s\u00e1ndalo y jazm\u00edn anunciaba que esa tarde tocaba yoga en casa. Sonaba el timbre, ladraba un perro y mi madre sal\u00eda a recibir a \u00c1ngel. Juntos avanzaban hasta el sal\u00f3n, atravesando nubes de incienso. \u00c1ngel, erguido y sereno, parec\u00eda caminar por encima de aquel humo blanco. Sentados en el suelo sobre sus esteras empezaban la clase. Yo entraba detr\u00e1s y, con curiosidad infantil y silencio absoluto, me quedaba observando la escena desde un rinc\u00f3n. A m\u00ed, que siempre fui una ni\u00f1a m\u00edstica y solitaria, me gustaba aquella paz. Tanto que, a\u00f1os m\u00e1s tarde, quise apuntarme a las clases de yoga infantil en <em>Sadhana<\/em>. Tras los asanas, posturas de hatha yoga que yo trataba de imitar, llegaba la hora la hora de meditar. <strong>Yo, atenta a las instrucciones de \u00c1ngel, me tend\u00eda en el suelo, relajaba mi cuerpo de los pies a la cabeza, respiraba hondo y comenzaba a pensar en nada. El resultado, para m\u00ed, era una reconfortante siesta.<\/strong><\/p>\n<p>En el verano de 1977 mi madre fue a un retiro de yoga en Collbat\u00f3, un municipio de la comarca del Bajo Llobregat en Catalu\u00f1a. Una vez m\u00e1s, me llev\u00f3 con ella. <a href=\"http:\/\/www.yogavanlysebeth.com\"><strong>Andr\u00e9 Van Lysebeth<\/strong><\/a> era el maestro que dirig\u00eda aquel seminario.<strong> Para \u00e9l el yoga no consist\u00eda en complicadas acrobacias, sino en \u201centrar en comunicaci\u00f3n con el propio cuerpo, penetrarlo en conciencia, transfigurarlo, espiritualizarlo\u201d<\/strong>. Yo era, junto con el hijo de uno de los maestros, la \u00fanica ni\u00f1a que hab\u00eda en aquel lugar. As\u00ed que all\u00ed andaba yo, entre adultos meditabundos entregados a la espiritualizaci\u00f3n de sus cuerpos. Recuerdo que ya entonces pens\u00e9 que a los m\u00edsticos occidentales les faltaba desparpajo y les sobraba pesadumbre. Sigo pensando lo mismo de ciertos personajes.<\/p>\n<div id=\"attachment_4124\" class=\"wp-caption aligncenter\" style=\"width: 480px\"><a href=\"\/\/www.lasociedadgeografica.com\/blog\/uploads\/2012\/04\/seminario-yoga-collbato.jpg\"><img loading=\"lazy\" decoding=\"async\" class=\" wp-image-4124\" title=\"Seminario de yoga en Collbat\u00f3\" src=\"\/\/www.lasociedadgeografica.com\/blog\/uploads\/2012\/04\/seminario-yoga-collbato.jpg\" alt=\"Seminario de yoga en Collbat\u00f3\" width=\"480\" height=\"336\" srcset=\"https:\/\/www.lasociedadgeografica.com\/blog\/uploads\/2012\/04\/seminario-yoga-collbato.jpg 603w, https:\/\/www.lasociedadgeografica.com\/blog\/uploads\/2012\/04\/seminario-yoga-collbato-300x210.jpg 300w\" sizes=\"auto, (max-width: 480px) 100vw, 480px\" \/><\/a><p class=\"wp-caption-text\">Seminario de yoga en Collbat\u00f3<\/p><\/div>\n<p>Volvamos al retiro de Collbat\u00f3. All\u00ed, entre pinares mediterr\u00e1neos, estaba yo, como si tal cosa, practicando \u201c<a href=\"https:\/\/www.lasociedadgeografica.com\/blog\/curiosidades\/hatha-yoga-jala-neti\/\">jala neti<\/a>\u201d con la ayuda de dos amigas de mi madre. Hablamos de una pr\u00e1ctica originaria de India, con m\u00e1s de tres mil a\u00f1os de antig\u00fcedad, que <strong>consiste limpiar el conducto nasal introduciendo agua salada por un orificio y sac\u00e1ndolo por el otro<\/strong>.<\/p>\n<p>El yoga, en particular el hatha yoga, posee un extenso repertorio de t\u00e9cnicas de purificaci\u00f3n corporal (kriyas) que intentan mantener el cuerpo, en tanto que instrumento de manifestaci\u00f3n de la vida, en \u00f3ptimo funcionamiento.<\/p>\n<p>Pues bien, esta pr\u00e1ctica en concreto permite, seg\u00fan dicen, mejorar la capacidad respiratoria (cantidad y calidad), ayudar a prevenir y mejorar muchos tipos de des\u00f3rdenes como alergias, congesti\u00f3n nasal, resfriados, asma, sinusitis, bloqueos nasales cr\u00f3nicos, respiraci\u00f3n por la boca e incrementar la energ\u00eda vital de todo el organismo. En definitiva, y seg\u00fan el Gheranda Samhita (un manual de hatha yoga del siglo XVII), con esta pr\u00e1ctica \u201cse curan los des\u00f3rdenes debidos a la flema y aumenta la visi\u00f3n interior\u201d.<\/p>\n<p>Despu\u00e9s de aquel retiro, mi madre sigui\u00f3 insistiendo en los beneficios de practicar \u201cjala neti\u201d en casa, hasta que yo decid\u00ed abandonar. La verdad, no conoc\u00eda a uno s\u00f3lo de mis amigos o compa\u00f1eros de clase a los que instaran a hacer una cosa tan rara. Aunque, para raro lo de los rusos que, seg\u00fan he sabido, lo han convertido en un ins\u00f3lito deporte de competici\u00f3n en el que son l\u00edderes mundiales. Sin embargo hoy, que nadie me dice lo que tengo que hacer, reconozco las virtudes de esta pr\u00e1ctica que he retomado en forma de \u201cRhinomer\u201d. Al final, las madres siempre tienen raz\u00f3n. Altamente recomendada.<\/p>\n<p><span style=\"color: #808080;\"><em><br \/>\n<\/em><\/span><br \/>\n<span style=\"color: #808080;\"><em>&#8212;<br \/>\n<strong>Sobre la autora:<\/strong> <\/em><\/span><a href=\"https:\/\/www.lasociedadgeografica.com\/blog\/author\/nona_rubio\/\"><span style=\"color: #808080;\"><em><strong><img loading=\"lazy\" decoding=\"async\" class=\"alignleft\" style=\"border: 0pt none; margin-right: 5px;\" title=\"Nona Rubio\" src=\"\/\/www.lasociedadgeografica.com\/blog\/wp-content\/authors\/nona_rubio-8.jpg\" alt=\"Nona\" width=\"104\" height=\"90\" \/><\/strong><\/em><\/span><\/a><span style=\"color: #808080;\"><em><a href=\"https:\/\/www.lasociedadgeografica.com\/blog\/author\/nona_rubio\/\">Nona Rubio<\/a> es colaboradora de Sociedad Geogr\u00e1fica de las Indias. Le apasiona viajar y nos cuenta historias que hablan de un pa\u00eds inabarcable con el que hay que ser paciente si lo que pretendemos es conocerlo por dentro. Para m\u00e1s informaci\u00f3n: [<a href=\"\/\/www.lasociedadgeografica.com\/blog\/aboutsgi\/\">Qui\u00e9nes somos<\/a>]<br \/>\n<\/em><\/span><\/p>\n","protected":false},"excerpt":{"rendered":"<p>Nona Rubio rememora sus primeros contactos con el yoga, de ni\u00f1a, acompa\u00f1ando a su madre. Aquellos olores nuevos y naturales, las galletas integrales, las primeras asanas y el descubrimiento de aquella disciplina y aquella meditaci\u00f3n que, normalmente, se convert\u00eda en una reconfortante siesta&#8230;<\/p>\n","protected":false},"author":8,"featured_media":0,"comment_status":"open","ping_status":"open","sticky":false,"template":"","format":"standard","meta":{"footnotes":""},"categories":[1413],"tags":[1153,510,1157,1154,1156,553,1155,233],"class_list":["post-4122","post","type-post","status-publish","format-standard","hentry","category-deporte","tag-angel-peiro","tag-asanas","tag-gheranda-samhita","tag-instituto-norlan","tag-jala-neti","tag-nona-rubio","tag-shadana","tag-yoga"],"yoast_head":"<!-- This site is optimized with the Yoast SEO plugin v27.4 - https:\/\/yoast.com\/product\/yoast-seo-wordpress\/ -->\n<title>Mi primer contacto con el yoga<\/title>\n<meta name=\"robots\" content=\"index, follow, max-snippet:-1, max-image-preview:large, max-video-preview:-1\" \/>\n<link rel=\"canonical\" href=\"https:\/\/www.lasociedadgeografica.com\/blog\/deporte\/mi-primer-contacto-con-el-yoga\/\" \/>\n<meta property=\"og:locale\" content=\"es_ES\" \/>\n<meta property=\"og:type\" content=\"article\" \/>\n<meta property=\"og:title\" content=\"Mi primer contacto con el yoga\" \/>\n<meta property=\"og:description\" content=\"Nona Rubio rememora sus primeros contactos con el yoga, de ni\u00f1a, acompa\u00f1ando a su madre. Aquellos olores nuevos y naturales, las galletas integrales, las primeras asanas y el descubrimiento de aquella disciplina y aquella meditaci\u00f3n que, normalmente, se convert\u00eda en una reconfortante siesta...\" \/>\n<meta property=\"og:url\" content=\"https:\/\/www.lasociedadgeografica.com\/blog\/deporte\/mi-primer-contacto-con-el-yoga\/\" \/>\n<meta property=\"og:site_name\" content=\"Blog de viajes a India\" \/>\n<meta property=\"article:published_time\" content=\"2012-05-03T10:22:21+00:00\" \/>\n<meta property=\"article:modified_time\" content=\"2017-09-21T11:10:41+00:00\" \/>\n<meta property=\"og:image\" content=\"\/\/www.lasociedadgeografica.com\/blog\/uploads\/2012\/04\/nona-yoga-sadhana-zaragoza.jpg\" \/>\n<meta name=\"author\" content=\"Nona Rubio\" \/>\n<meta name=\"twitter:label1\" content=\"Escrito por\" \/>\n\t<meta name=\"twitter:data1\" content=\"Nona Rubio\" \/>\n\t<meta name=\"twitter:label2\" content=\"Tiempo de lectura\" \/>\n\t<meta name=\"twitter:data2\" content=\"6 minutos\" \/>\n<script type=\"application\/ld+json\" class=\"yoast-schema-graph\">{\"@context\":\"https:\\\/\\\/schema.org\",\"@graph\":[{\"@type\":\"Article\",\"@id\":\"https:\\\/\\\/www.lasociedadgeografica.com\\\/blog\\\/deporte\\\/mi-primer-contacto-con-el-yoga\\\/#article\",\"isPartOf\":{\"@id\":\"https:\\\/\\\/www.lasociedadgeografica.com\\\/blog\\\/deporte\\\/mi-primer-contacto-con-el-yoga\\\/\"},\"author\":{\"name\":\"Nona Rubio\",\"@id\":\"https:\\\/\\\/www.lasociedadgeografica.com\\\/blog\\\/#\\\/schema\\\/person\\\/b3f7515b0befa8a16343ebf3bf602f0e\"},\"headline\":\"Mi primer contacto con el yoga\",\"datePublished\":\"2012-05-03T10:22:21+00:00\",\"dateModified\":\"2017-09-21T11:10:41+00:00\",\"mainEntityOfPage\":{\"@id\":\"https:\\\/\\\/www.lasociedadgeografica.com\\\/blog\\\/deporte\\\/mi-primer-contacto-con-el-yoga\\\/\"},\"wordCount\":1114,\"commentCount\":1,\"keywords\":[\"Angel Peir\u00f3\",\"asanas\",\"Gheranda Samhita\",\"Instituto Norlan\",\"jala neti\",\"Nona Rubio\",\"Shadana\",\"yoga\"],\"articleSection\":[\"Deporte\"],\"inLanguage\":\"es\",\"potentialAction\":[{\"@type\":\"CommentAction\",\"name\":\"Comment\",\"target\":[\"https:\\\/\\\/www.lasociedadgeografica.com\\\/blog\\\/deporte\\\/mi-primer-contacto-con-el-yoga\\\/#respond\"]}]},{\"@type\":\"WebPage\",\"@id\":\"https:\\\/\\\/www.lasociedadgeografica.com\\\/blog\\\/deporte\\\/mi-primer-contacto-con-el-yoga\\\/\",\"url\":\"https:\\\/\\\/www.lasociedadgeografica.com\\\/blog\\\/deporte\\\/mi-primer-contacto-con-el-yoga\\\/\",\"name\":\"Mi primer contacto con el yoga\",\"isPartOf\":{\"@id\":\"https:\\\/\\\/www.lasociedadgeografica.com\\\/blog\\\/#website\"},\"datePublished\":\"2012-05-03T10:22:21+00:00\",\"dateModified\":\"2017-09-21T11:10:41+00:00\",\"author\":{\"@id\":\"https:\\\/\\\/www.lasociedadgeografica.com\\\/blog\\\/#\\\/schema\\\/person\\\/b3f7515b0befa8a16343ebf3bf602f0e\"},\"breadcrumb\":{\"@id\":\"https:\\\/\\\/www.lasociedadgeografica.com\\\/blog\\\/deporte\\\/mi-primer-contacto-con-el-yoga\\\/#breadcrumb\"},\"inLanguage\":\"es\",\"potentialAction\":[{\"@type\":\"ReadAction\",\"target\":[\"https:\\\/\\\/www.lasociedadgeografica.com\\\/blog\\\/deporte\\\/mi-primer-contacto-con-el-yoga\\\/\"]}]},{\"@type\":\"BreadcrumbList\",\"@id\":\"https:\\\/\\\/www.lasociedadgeografica.com\\\/blog\\\/deporte\\\/mi-primer-contacto-con-el-yoga\\\/#breadcrumb\",\"itemListElement\":[{\"@type\":\"ListItem\",\"position\":1,\"name\":\"Portada\",\"item\":\"https:\\\/\\\/www.lasociedadgeografica.com\\\/blog\\\/\"},{\"@type\":\"ListItem\",\"position\":2,\"name\":\"Mi primer contacto con el yoga\"}]},{\"@type\":\"WebSite\",\"@id\":\"https:\\\/\\\/www.lasociedadgeografica.com\\\/blog\\\/#website\",\"url\":\"https:\\\/\\\/www.lasociedadgeografica.com\\\/blog\\\/\",\"name\":\"Blog de viajes a India\",\"description\":\"Un lugar para Conocer India, con may\u00fasculas. El Blog de Sociedad Geogr\u00e1fica de las Indias.\",\"potentialAction\":[{\"@type\":\"SearchAction\",\"target\":{\"@type\":\"EntryPoint\",\"urlTemplate\":\"https:\\\/\\\/www.lasociedadgeografica.com\\\/blog\\\/?s={search_term_string}\"},\"query-input\":{\"@type\":\"PropertyValueSpecification\",\"valueRequired\":true,\"valueName\":\"search_term_string\"}}],\"inLanguage\":\"es\"},{\"@type\":\"Person\",\"@id\":\"https:\\\/\\\/www.lasociedadgeografica.com\\\/blog\\\/#\\\/schema\\\/person\\\/b3f7515b0befa8a16343ebf3bf602f0e\",\"name\":\"Nona Rubio\",\"image\":{\"@type\":\"ImageObject\",\"inLanguage\":\"es\",\"@id\":\"https:\\\/\\\/secure.gravatar.com\\\/avatar\\\/1bf18ee7fde0e9d49eab0aea4940b9c7efe777788dd6cddc8e6c52f980cdf262?s=96&r=g\",\"url\":\"https:\\\/\\\/secure.gravatar.com\\\/avatar\\\/1bf18ee7fde0e9d49eab0aea4940b9c7efe777788dd6cddc8e6c52f980cdf262?s=96&r=g\",\"contentUrl\":\"https:\\\/\\\/secure.gravatar.com\\\/avatar\\\/1bf18ee7fde0e9d49eab0aea4940b9c7efe777788dd6cddc8e6c52f980cdf262?s=96&r=g\",\"caption\":\"Nona Rubio\"},\"description\":\"A Nona no le gusta viajar. Le apasiona viajar. Y tambi\u00e9n contar sus viajes en diferentes formatos. Desde un cuaderno de bit\u00e1cora de una expedici\u00f3n al Himalaya acompa\u00f1ando al alpinista aragon\u00e9s Carlos Pauner hasta los 4.900 metros de altura; a los guiones de su propia serie de viajes \u201cEl Camino m\u00e1s Largo\u201d (GeoPlaneta TV). La primera vez que puso un pie en India supo que repetir\u00eda. Su flechazo con el segundo pa\u00eds m\u00e1s poblado del mundo fue inmediato. Y eso que Nona no es amiga de las multitudes. Pero lo de India es otra historia. Por eso ahora est\u00e1 aqu\u00ed. Para seguir contando historias que hablan de un pa\u00eds inabarcable con el que hay que ser paciente si lo que pretendemos es conocerlo por dentro. + info: nonarubio\",\"sameAs\":[\"http:\\\/\\\/nonarubio.musacomunica.es\\\/\"],\"url\":\"https:\\\/\\\/www.lasociedadgeografica.com\\\/blog\\\/author\\\/nona_rubio\\\/\"}]}<\/script>\n<!-- \/ Yoast SEO plugin. -->","yoast_head_json":{"title":"Mi primer contacto con el yoga","robots":{"index":"index","follow":"follow","max-snippet":"max-snippet:-1","max-image-preview":"max-image-preview:large","max-video-preview":"max-video-preview:-1"},"canonical":"https:\/\/www.lasociedadgeografica.com\/blog\/deporte\/mi-primer-contacto-con-el-yoga\/","og_locale":"es_ES","og_type":"article","og_title":"Mi primer contacto con el yoga","og_description":"Nona Rubio rememora sus primeros contactos con el yoga, de ni\u00f1a, acompa\u00f1ando a su madre. Aquellos olores nuevos y naturales, las galletas integrales, las primeras asanas y el descubrimiento de aquella disciplina y aquella meditaci\u00f3n que, normalmente, se convert\u00eda en una reconfortante siesta...","og_url":"https:\/\/www.lasociedadgeografica.com\/blog\/deporte\/mi-primer-contacto-con-el-yoga\/","og_site_name":"Blog de viajes a India","article_published_time":"2012-05-03T10:22:21+00:00","article_modified_time":"2017-09-21T11:10:41+00:00","og_image":[{"url":"\/\/www.lasociedadgeografica.com\/blog\/uploads\/2012\/04\/nona-yoga-sadhana-zaragoza.jpg","type":"","width":"","height":""}],"author":"Nona Rubio","twitter_misc":{"Escrito por":"Nona Rubio","Tiempo de lectura":"6 minutos"},"schema":{"@context":"https:\/\/schema.org","@graph":[{"@type":"Article","@id":"https:\/\/www.lasociedadgeografica.com\/blog\/deporte\/mi-primer-contacto-con-el-yoga\/#article","isPartOf":{"@id":"https:\/\/www.lasociedadgeografica.com\/blog\/deporte\/mi-primer-contacto-con-el-yoga\/"},"author":{"name":"Nona Rubio","@id":"https:\/\/www.lasociedadgeografica.com\/blog\/#\/schema\/person\/b3f7515b0befa8a16343ebf3bf602f0e"},"headline":"Mi primer contacto con el yoga","datePublished":"2012-05-03T10:22:21+00:00","dateModified":"2017-09-21T11:10:41+00:00","mainEntityOfPage":{"@id":"https:\/\/www.lasociedadgeografica.com\/blog\/deporte\/mi-primer-contacto-con-el-yoga\/"},"wordCount":1114,"commentCount":1,"keywords":["Angel Peir\u00f3","asanas","Gheranda Samhita","Instituto Norlan","jala neti","Nona Rubio","Shadana","yoga"],"articleSection":["Deporte"],"inLanguage":"es","potentialAction":[{"@type":"CommentAction","name":"Comment","target":["https:\/\/www.lasociedadgeografica.com\/blog\/deporte\/mi-primer-contacto-con-el-yoga\/#respond"]}]},{"@type":"WebPage","@id":"https:\/\/www.lasociedadgeografica.com\/blog\/deporte\/mi-primer-contacto-con-el-yoga\/","url":"https:\/\/www.lasociedadgeografica.com\/blog\/deporte\/mi-primer-contacto-con-el-yoga\/","name":"Mi primer contacto con el yoga","isPartOf":{"@id":"https:\/\/www.lasociedadgeografica.com\/blog\/#website"},"datePublished":"2012-05-03T10:22:21+00:00","dateModified":"2017-09-21T11:10:41+00:00","author":{"@id":"https:\/\/www.lasociedadgeografica.com\/blog\/#\/schema\/person\/b3f7515b0befa8a16343ebf3bf602f0e"},"breadcrumb":{"@id":"https:\/\/www.lasociedadgeografica.com\/blog\/deporte\/mi-primer-contacto-con-el-yoga\/#breadcrumb"},"inLanguage":"es","potentialAction":[{"@type":"ReadAction","target":["https:\/\/www.lasociedadgeografica.com\/blog\/deporte\/mi-primer-contacto-con-el-yoga\/"]}]},{"@type":"BreadcrumbList","@id":"https:\/\/www.lasociedadgeografica.com\/blog\/deporte\/mi-primer-contacto-con-el-yoga\/#breadcrumb","itemListElement":[{"@type":"ListItem","position":1,"name":"Portada","item":"https:\/\/www.lasociedadgeografica.com\/blog\/"},{"@type":"ListItem","position":2,"name":"Mi primer contacto con el yoga"}]},{"@type":"WebSite","@id":"https:\/\/www.lasociedadgeografica.com\/blog\/#website","url":"https:\/\/www.lasociedadgeografica.com\/blog\/","name":"Blog de viajes a India","description":"Un lugar para Conocer India, con may\u00fasculas. El Blog de Sociedad Geogr\u00e1fica de las Indias.","potentialAction":[{"@type":"SearchAction","target":{"@type":"EntryPoint","urlTemplate":"https:\/\/www.lasociedadgeografica.com\/blog\/?s={search_term_string}"},"query-input":{"@type":"PropertyValueSpecification","valueRequired":true,"valueName":"search_term_string"}}],"inLanguage":"es"},{"@type":"Person","@id":"https:\/\/www.lasociedadgeografica.com\/blog\/#\/schema\/person\/b3f7515b0befa8a16343ebf3bf602f0e","name":"Nona Rubio","image":{"@type":"ImageObject","inLanguage":"es","@id":"https:\/\/secure.gravatar.com\/avatar\/1bf18ee7fde0e9d49eab0aea4940b9c7efe777788dd6cddc8e6c52f980cdf262?s=96&r=g","url":"https:\/\/secure.gravatar.com\/avatar\/1bf18ee7fde0e9d49eab0aea4940b9c7efe777788dd6cddc8e6c52f980cdf262?s=96&r=g","contentUrl":"https:\/\/secure.gravatar.com\/avatar\/1bf18ee7fde0e9d49eab0aea4940b9c7efe777788dd6cddc8e6c52f980cdf262?s=96&r=g","caption":"Nona Rubio"},"description":"A Nona no le gusta viajar. Le apasiona viajar. Y tambi\u00e9n contar sus viajes en diferentes formatos. Desde un cuaderno de bit\u00e1cora de una expedici\u00f3n al Himalaya acompa\u00f1ando al alpinista aragon\u00e9s Carlos Pauner hasta los 4.900 metros de altura; a los guiones de su propia serie de viajes \u201cEl Camino m\u00e1s Largo\u201d (GeoPlaneta TV). La primera vez que puso un pie en India supo que repetir\u00eda. Su flechazo con el segundo pa\u00eds m\u00e1s poblado del mundo fue inmediato. Y eso que Nona no es amiga de las multitudes. Pero lo de India es otra historia. Por eso ahora est\u00e1 aqu\u00ed. Para seguir contando historias que hablan de un pa\u00eds inabarcable con el que hay que ser paciente si lo que pretendemos es conocerlo por dentro. + info: nonarubio","sameAs":["http:\/\/nonarubio.musacomunica.es\/"],"url":"https:\/\/www.lasociedadgeografica.com\/blog\/author\/nona_rubio\/"}]}},"_links":{"self":[{"href":"https:\/\/www.lasociedadgeografica.com\/blog\/wp-json\/wp\/v2\/posts\/4122","targetHints":{"allow":["GET"]}}],"collection":[{"href":"https:\/\/www.lasociedadgeografica.com\/blog\/wp-json\/wp\/v2\/posts"}],"about":[{"href":"https:\/\/www.lasociedadgeografica.com\/blog\/wp-json\/wp\/v2\/types\/post"}],"author":[{"embeddable":true,"href":"https:\/\/www.lasociedadgeografica.com\/blog\/wp-json\/wp\/v2\/users\/8"}],"replies":[{"embeddable":true,"href":"https:\/\/www.lasociedadgeografica.com\/blog\/wp-json\/wp\/v2\/comments?post=4122"}],"version-history":[{"count":5,"href":"https:\/\/www.lasociedadgeografica.com\/blog\/wp-json\/wp\/v2\/posts\/4122\/revisions"}],"predecessor-version":[{"id":16019,"href":"https:\/\/www.lasociedadgeografica.com\/blog\/wp-json\/wp\/v2\/posts\/4122\/revisions\/16019"}],"wp:attachment":[{"href":"https:\/\/www.lasociedadgeografica.com\/blog\/wp-json\/wp\/v2\/media?parent=4122"}],"wp:term":[{"taxonomy":"category","embeddable":true,"href":"https:\/\/www.lasociedadgeografica.com\/blog\/wp-json\/wp\/v2\/categories?post=4122"},{"taxonomy":"post_tag","embeddable":true,"href":"https:\/\/www.lasociedadgeografica.com\/blog\/wp-json\/wp\/v2\/tags?post=4122"}],"curies":[{"name":"wp","href":"https:\/\/api.w.org\/{rel}","templated":true}]}}