{"id":534,"date":"2010-06-22T19:00:48","date_gmt":"2010-06-22T17:00:48","guid":{"rendered":"https:\/\/www.lasociedadgeografica.com\/blog\/?p=534"},"modified":"2011-03-25T17:24:11","modified_gmt":"2011-03-25T16:24:11","slug":"el-pueblo-gitano-origen-india","status":"publish","type":"post","link":"https:\/\/www.lasociedadgeografica.com\/blog\/curiosidades\/el-pueblo-gitano-origen-india\/","title":{"rendered":"El pueblo gitano\u2026 \u00bfviene de India?"},"content":{"rendered":"\n\n<div class=\"kk-star-ratings kksr-auto kksr-align-left kksr-valign-top\"\n    data-payload='{&quot;align&quot;:&quot;left&quot;,&quot;id&quot;:&quot;534&quot;,&quot;slug&quot;:&quot;default&quot;,&quot;valign&quot;:&quot;top&quot;,&quot;ignore&quot;:&quot;&quot;,&quot;reference&quot;:&quot;auto&quot;,&quot;class&quot;:&quot;&quot;,&quot;count&quot;:&quot;15&quot;,&quot;legendonly&quot;:&quot;&quot;,&quot;readonly&quot;:&quot;&quot;,&quot;score&quot;:&quot;4.2&quot;,&quot;starsonly&quot;:&quot;&quot;,&quot;best&quot;:&quot;5&quot;,&quot;gap&quot;:&quot;6&quot;,&quot;greet&quot;:&quot;&quot;,&quot;legend&quot;:&quot;4.2\\\/5 - (15 votos)&quot;,&quot;size&quot;:&quot;22&quot;,&quot;title&quot;:&quot;El pueblo gitano\u2026 \u00bfviene de India?&quot;,&quot;width&quot;:&quot;114.6&quot;,&quot;_legend&quot;:&quot;{score}\\\/{best} - ({count} {votes})&quot;,&quot;font_factor&quot;:&quot;1.25&quot;}'>\n            \n<div class=\"kksr-stars\">\n    \n<div class=\"kksr-stars-inactive\">\n            <div class=\"kksr-star\" data-star=\"1\" style=\"padding-right: 6px\">\n            \n\n<div class=\"kksr-icon\" style=\"width: 22px; height: 22px;\"><\/div>\n        <\/div>\n            <div class=\"kksr-star\" data-star=\"2\" style=\"padding-right: 6px\">\n            \n\n<div class=\"kksr-icon\" style=\"width: 22px; height: 22px;\"><\/div>\n        <\/div>\n            <div class=\"kksr-star\" data-star=\"3\" style=\"padding-right: 6px\">\n            \n\n<div class=\"kksr-icon\" style=\"width: 22px; height: 22px;\"><\/div>\n        <\/div>\n            <div class=\"kksr-star\" data-star=\"4\" style=\"padding-right: 6px\">\n            \n\n<div class=\"kksr-icon\" style=\"width: 22px; height: 22px;\"><\/div>\n        <\/div>\n            <div class=\"kksr-star\" data-star=\"5\" style=\"padding-right: 6px\">\n            \n\n<div class=\"kksr-icon\" style=\"width: 22px; height: 22px;\"><\/div>\n        <\/div>\n    <\/div>\n    \n<div class=\"kksr-stars-active\" style=\"width: 114.6px;\">\n            <div class=\"kksr-star\" style=\"padding-right: 6px\">\n            \n\n<div class=\"kksr-icon\" style=\"width: 22px; height: 22px;\"><\/div>\n        <\/div>\n            <div class=\"kksr-star\" style=\"padding-right: 6px\">\n            \n\n<div class=\"kksr-icon\" style=\"width: 22px; height: 22px;\"><\/div>\n        <\/div>\n            <div class=\"kksr-star\" style=\"padding-right: 6px\">\n            \n\n<div class=\"kksr-icon\" style=\"width: 22px; height: 22px;\"><\/div>\n        <\/div>\n            <div class=\"kksr-star\" style=\"padding-right: 6px\">\n            \n\n<div class=\"kksr-icon\" style=\"width: 22px; height: 22px;\"><\/div>\n        <\/div>\n            <div class=\"kksr-star\" style=\"padding-right: 6px\">\n            \n\n<div class=\"kksr-icon\" style=\"width: 22px; height: 22px;\"><\/div>\n        <\/div>\n    <\/div>\n<\/div>\n                \n\n<div class=\"kksr-legend\" style=\"font-size: 17.6px;\">\n            4.2\/5 - (15 votos)    <\/div>\n    <\/div>\n<p><div class=\"wp-caption aligncenter\" style=\"width: 333px\"><a href=\"http:\/\/www.flickr.com\/photos\/26742127@N04\/4729195925\/\"><img loading=\"lazy\" decoding=\"async\" src=\"http:\/\/farm2.static.flickr.com\/1399\/4729195925_72d307010e.jpg\" alt=\"Mujer gitana rajastan\u00ed, bailando\" width=\"333\" height=\"500\" \/><\/a><p class=\"wp-caption-text\">Foto: \u00c1lvaro Maldonado, Sociedad Geogr\u00e1fica de las Indias.<\/p><\/div><br \/>\n<a name=\"smore-\"><\/a><br \/>\nPrimero decir que el objetivo de este art\u00edculo no pretende ser divulgativo, ni mucho menos. De los ensayos se encargan los historiadores, ling\u00fcistas, etn\u00f3logos, etc. Se trata m\u00e1s bien de, modestamente, plantear un asunto a mi parecer bastante desconocido y curioso, y a ser posible, destapar a ese peque\u00f1o investigador que todos llevamos dentro.<\/p>\n<p><strong>\u00bfPor qu\u00e9 hablar del origen indio del pueblo gitano? <\/strong><\/p>\n<p>Hac\u00eda tiempo que ya hab\u00eda o\u00eddo teor\u00edas sobre el supuesto origen indio o en Oriente Medio de los gitanos, pero la verdad es que nunca me hab\u00eda planteado nada m\u00e1s all\u00e1 de un \u00ab\u00a1qu\u00e9 curioso!\u00bb.<br \/>\nRecuerdo que durante <a href=\"http:\/\/www.ifema.es\/ferias\/fitur\/default.html\" target=\"_blank\">FITUR <\/a>2008, en uno de esos escasos momentos en los que\u00a0 la feria te permite darte un respiro, una se\u00f1ora india de cierta edad me pidi\u00f3 sentarse a descansar en mi <em>stand<\/em>. Tras una larga jornada, parec\u00eda que al cuerpo le apetec\u00eda un poco de conversaci\u00f3n vanal con un desconocido. La se\u00f1ora, de aspecto entra\u00f1able, tom\u00f3 la inciativa y comenz\u00f3 a hablar de lo que le hab\u00eda parecido la feria y de las similitudes que encontraba entre los espa\u00f1oles y los indios. En un momento dado de la conversaci\u00f3n me dijo que hab\u00eda varias <strong>palabras en castellano que ten\u00edan un origen claramente indio<\/strong>; entre otros ejemplos, dijo la palabra \u00abarmar\u00ed\u00bb -transcribo literalmente lo que entend\u00ed-, refiri\u00e9ndose a nuestra palabra armario. Me dijo que aquella palabra probablemente fue tra\u00edda desde India por los gitanos. Aquello me pareci\u00f3 curios\u00edsimo.<\/p>\n<p><strong>Mi primer viaje a India.<\/strong><\/p>\n<p>Cuando tuve la oportunidad de visitar India por primera vez, una de las cosas que m\u00e1s me llam\u00f3 la atenci\u00f3n era el aspecto de los indios. La verdad es que la variedad de tonalidades de piel, rasgos f\u00edsicos, estaturas, complexiones y vestimentas hac\u00eda honor a la diversidad que esperaba de un subcontinente con \u00a1m\u00e1s de un mill\u00f3n cien mil habitantes! No obstante, los rasgos predominantes me parec\u00edan muy similares a los de los gitanos espa\u00f1oles de hoy en d\u00eda.<br \/>\nDurante el viaje intent\u00e9 aprender el m\u00e1ximo de palabras en hindi posible, aunque en realidad no s\u00e9 si vali\u00f3 la pena ya que, como dec\u00eda mi abuelo, duraron en mi cabeza tres d\u00edas&#8230; \u201cantes de ayer, ayer y hoy\u201d.<br \/>\nPor supuesto, las palabras que m\u00e1s llamaban mi atenci\u00f3n eran las que ten\u00edan una similitud clara con nuestro idioma. Encontr\u00e9 algunas como candil o c\u00e1ntaro \u2013no sabr\u00eda transcribir c\u00f3mo lo dec\u00edan ellos, pero era realmente similar-.<br \/>\nM\u00e1s que probablemente todas estas palabras \u201csimilares\u201d tengan que ver con el origen s\u00e1nscrito de muchas palabras de las lenguas indoeuropeas, y no tanto con las posibles aportaciones \u00ab<a href=\"http:\/\/es.wikipedia.org\/wiki\/Cal%C3%B3\" target=\"_blank\">cal\u00f3<\/a>\u00bb al castellano.<\/p>\n<p>Estando en India, tuve la oportunidad de entrevistarme con much\u00edsimas personas, pero en profundidad con muy pocas; una de \u00e9stas \u00faltimas\u00a0 fue el <em>Front Office Manager<\/em> de hotel <a href=\"http:\/\/www.radisson.com\/varanasiin\" target=\"_blank\">Radisson de Varanasi<\/a>, el se\u00f1or Brijesh Singh. Nuestro anfitri\u00f3n en el hotel muy amablemente nos invito a almorzar. Al igual que suele ocurrir en Espa\u00f1a, durante la sobremesa surgi\u00f3 la conversaci\u00f3n informal, momento que yo aprovech\u00e9 para seguir curioseando.\u00a0 \u201c\u00bfSab\u00eda que en Espa\u00f1a hay mucha gente de etnia <em>gipsy <\/em>y que, supuestamente, tienen un origen indio?\u201d le pregunt\u00e9.<br \/>\nPoco a poco empezamos a entrar en calor con el transcurso de la conversaci\u00f3n y surgieron \u201ccoincidencias\u201d curiosas. Comenc\u00e9 a decirle apellidos \u201ct\u00edpicamente gitanos\u201d y, al llegar a Salazar, me dijo \u201c\u00bfc\u00f3mo? \u00bfcomo?\u201d; \u201cSalazar\u201d repet\u00ed. Resulta que hay un pueblo en el estado de Rajast\u00e1n, cerca de <a href=\"http:\/\/whc.unesco.org\/en\/list\/255\" target=\"_blank\">Fatehpur Sikri<\/a> llamado Salasar.<br \/>\nFue bonito reforzar la idea del v\u00ednculo entre nuestras culturas, aunque fuese \u201ccon calzador\u201d y sin ning\u00fan rigor cient\u00edfico. En un momento dado de la conversaci\u00f3n el se\u00f1or Singh me pregunt\u00f3 \u201c\u00bfpero como es esa gente f\u00edsicamente?\u201d, cosa que a mi me hizo mucha gracia, ya que \u00e9l mismo era el vivo retrato de cualquier persona perteneciente al pueblo gitano espa\u00f1ol.<\/p>\n<p>Cuando llegu\u00e9 a Espa\u00f1a, escuch\u00e9 una entrevista en <a href=\"http:\/\/rosavientos.es\/\" target=\"_blank\">La Rosa de los Vientos<\/a> de Onda Cero, que hac\u00eda Bruno Carde\u00f1osa al presidente de una asociaci\u00f3n del pueblo gitano, si no recuerdo mal, dependiente del gobierno, pero de cuyo nombre no consigo acordarme. Este se\u00f1or difundi\u00f3 en antena la teor\u00eda de que el pueblo gitano, n\u00f3mada por excelencia, procede de India, m\u00e1s concretamente de la regi\u00f3n del <a href=\"http:\/\/en.wikipedia.org\/wiki\/Punjab_%28Indian_state%29\" target=\"_blank\">Punjab<\/a>.<\/p>\n<p><strong>Un poco de historia.<\/strong><\/p>\n<p><a href=\"\/\/www.lasociedadgeografica.com\/blog\/uploads\/2010\/06\/origen_gitanos.jpg\"><img loading=\"lazy\" decoding=\"async\" class=\"alignleft size-medium wp-image-538\" style=\"margin-right: 6px;\" title=\"Origen hist\u00f3rico del pueblo gitano\" src=\"\/\/www.lasociedadgeografica.com\/blog\/uploads\/2010\/06\/origen_gitanos-300x236.jpg\" alt=\"El mapa muestra el recorrido del pueblo gitano desde Punjab hasta Espa\u00f1a, a lo largo de los siglos.\" width=\"300\" height=\"236\" \/><\/a>El t\u00e9rmino espa\u00f1ol \u00abgitano\u00bb parece ser una corrupci\u00f3n de <em>egiptano<\/em>, aplicado a este pueblo por la creencia err\u00f3nea de que proced\u00eda de Egipto. En el siglo XVIII, el estudio de la lengua roman\u00ed, propia de los gitanos, confirm\u00f3 que se trataba de una lengua \u00edndica, muy similar al punjab\u00ed o al hindi occidental. Esto indicaba que el origen del pueblo gitano se halla en el noroeste del subcontinente indio, en la zona en la que actualmente se encuentra la frontera entre los estados modernos de India y Pakist\u00e1n, posiblemente de la regi\u00f3n del Punjab. Este descubrimiento ling\u00fc\u00edstico se ha visto adem\u00e1s respaldado por estudios gen\u00e9ticos.<br \/>\nLo que es aceptado por la mayor\u00eda de los investigadores es que los roman\u00edes podr\u00edan haber abandonado la India en torno al a\u00f1o 1000 y haber atravesado lo que ahora es Afganist\u00e1n, Ir\u00e1n, Armenia y Turqu\u00eda.<\/p>\n<p><strong>Para m\u00e1s informaci\u00f3n: <\/strong><br \/>\n&gt; Sigue leyendo un poco de historia: <a href=\"http:\/\/es.wikipedia.org\/wiki\/Pueblo_gitano\" target=\"_blank\">en la Wikipedia<\/a> \/ en la web <a href=\"http:\/\/www.unionromani.org\/pueblo_es.htm\" target=\"_blank\">Uni\u00f3n Roman\u00ed<\/a>.<br \/>\n&gt; Interesante ensayo sobre el origen del pueblo gitano, en <a href=\"http:\/\/www.imninalu.net\/Rom-gitanos.htm\" target=\"_blank\">esta p\u00e1gina<\/a>.<\/p>\n<p><span style=\"color: #808080;\"><em>&#8212;<br \/>\n<strong>Sobre el autor:<\/strong> <\/em><\/span><a href=\"https:\/\/www.lasociedadgeografica.com\/blog\/author\/jorge\/\"><span style=\"color: #808080;\"><em><strong><img loading=\"lazy\" decoding=\"async\" class=\"alignleft\" style=\"border: 0pt none; margin-right: 5px;\" title=\"Jorge \u00c1lvarez\" src=\"https:\/\/www.lasociedadgeografica.com\/blog\/wp-content\/authors\/Jorge-5.jpg\" alt=\"Jorge\" width=\"140\" height=\"119\" \/><\/strong><\/em><\/span><\/a><span style=\"color: #808080;\"><em><a href=\"https:\/\/www.lasociedadgeografica.com\/blog\/author\/jorge\/\">Jorge \u00c1lvarez<\/a> es Responsable de Producci\u00f3n de Sociedad Geogr\u00e1fica de las Indias. Su trayectoria entre mayoristas, minoristas, compa\u00f1\u00edas a\u00e9reas, alquiler de servicios de tierra o incluso de gu\u00eda acompa\u00f1ante le ha permitido tener hoy una visi\u00f3n global del sector y conocer de primera mano los distintos detalles que se necesitan para asegurar un viaje sin errores. Para m\u00e1s informaci\u00f3n: [<a href=\"https:\/\/www.lasociedadgeografica.com\/blog\/aboutsgi\/\">Qui\u00e9nes somos<\/a>]<br \/>\n<\/em><\/span><\/p>\n","protected":false},"excerpt":{"rendered":"<p>Existen varias teor\u00edas sobre el origen del pueblo gitano. En este art\u00edculo me centrar\u00e9 en una de las m\u00e1s aceptadas: el pueblo gitano es originario del Indost\u00e1n.<\/p>\n","protected":false},"author":5,"featured_media":0,"comment_status":"open","ping_status":"open","sticky":false,"template":"","format":"standard","meta":{"footnotes":""},"categories":[28,430],"tags":[106,103,104,556,107,105],"class_list":["post-534","post","type-post","status-publish","format-standard","hentry","category-curiosidades","category-historia-2","tag-fatehpur-sikri","tag-gitanos","tag-indostan","tag-jorge-alvarez","tag-punjab","tag-rajastan"],"yoast_head":"<!-- This site is optimized with the Yoast SEO plugin v27.4 - https:\/\/yoast.com\/product\/yoast-seo-wordpress\/ -->\n<title>El pueblo gitano\u2026 \u00bfviene de India?<\/title>\n<meta name=\"robots\" content=\"index, follow, max-snippet:-1, max-image-preview:large, max-video-preview:-1\" \/>\n<link rel=\"canonical\" href=\"https:\/\/www.lasociedadgeografica.com\/blog\/curiosidades\/el-pueblo-gitano-origen-india\/\" \/>\n<meta property=\"og:locale\" content=\"es_ES\" \/>\n<meta property=\"og:type\" content=\"article\" \/>\n<meta property=\"og:title\" content=\"El pueblo gitano\u2026 \u00bfviene de India?\" \/>\n<meta property=\"og:description\" content=\"Existen varias teor\u00edas sobre el origen del pueblo gitano. En este art\u00edculo me centrar\u00e9 en una de las m\u00e1s aceptadas: el pueblo gitano es originario del Indost\u00e1n.\" \/>\n<meta property=\"og:url\" content=\"https:\/\/www.lasociedadgeografica.com\/blog\/curiosidades\/el-pueblo-gitano-origen-india\/\" \/>\n<meta property=\"og:site_name\" content=\"Blog de viajes a India\" \/>\n<meta property=\"article:published_time\" content=\"2010-06-22T17:00:48+00:00\" \/>\n<meta property=\"article:modified_time\" content=\"2011-03-25T16:24:11+00:00\" \/>\n<meta property=\"og:image\" content=\"http:\/\/farm2.static.flickr.com\/1399\/4729195925_72d307010e.jpg\" \/>\n<meta name=\"author\" content=\"Jorge \u00c1lvarez\" \/>\n<meta name=\"twitter:label1\" content=\"Escrito por\" \/>\n\t<meta name=\"twitter:data1\" content=\"Jorge \u00c1lvarez\" \/>\n\t<meta name=\"twitter:label2\" content=\"Tiempo de lectura\" \/>\n\t<meta name=\"twitter:data2\" content=\"5 minutos\" \/>\n<script type=\"application\/ld+json\" class=\"yoast-schema-graph\">{\"@context\":\"https:\\\/\\\/schema.org\",\"@graph\":[{\"@type\":\"Article\",\"@id\":\"https:\\\/\\\/www.lasociedadgeografica.com\\\/blog\\\/curiosidades\\\/el-pueblo-gitano-origen-india\\\/#article\",\"isPartOf\":{\"@id\":\"https:\\\/\\\/www.lasociedadgeografica.com\\\/blog\\\/curiosidades\\\/el-pueblo-gitano-origen-india\\\/\"},\"author\":{\"name\":\"Jorge \u00c1lvarez\",\"@id\":\"https:\\\/\\\/www.lasociedadgeografica.com\\\/blog\\\/#\\\/schema\\\/person\\\/531df9694b6a99f2eb29e4f5a12d3842\"},\"headline\":\"El pueblo gitano\u2026 \u00bfviene de India?\",\"datePublished\":\"2010-06-22T17:00:48+00:00\",\"dateModified\":\"2011-03-25T16:24:11+00:00\",\"mainEntityOfPage\":{\"@id\":\"https:\\\/\\\/www.lasociedadgeografica.com\\\/blog\\\/curiosidades\\\/el-pueblo-gitano-origen-india\\\/\"},\"wordCount\":1058,\"commentCount\":11,\"image\":{\"@id\":\"https:\\\/\\\/www.lasociedadgeografica.com\\\/blog\\\/curiosidades\\\/el-pueblo-gitano-origen-india\\\/#primaryimage\"},\"thumbnailUrl\":\"http:\\\/\\\/farm2.static.flickr.com\\\/1399\\\/4729195925_72d307010e.jpg\",\"keywords\":[\"fatehpur sikri\",\"gitanos\",\"indost\u00e1n\",\"Jorge \u00c1lvarez\",\"punjab\",\"rajast\u00e1n\"],\"articleSection\":[\"Curiosidades\",\"Historia\"],\"inLanguage\":\"es\",\"potentialAction\":[{\"@type\":\"CommentAction\",\"name\":\"Comment\",\"target\":[\"https:\\\/\\\/www.lasociedadgeografica.com\\\/blog\\\/curiosidades\\\/el-pueblo-gitano-origen-india\\\/#respond\"]}]},{\"@type\":\"WebPage\",\"@id\":\"https:\\\/\\\/www.lasociedadgeografica.com\\\/blog\\\/curiosidades\\\/el-pueblo-gitano-origen-india\\\/\",\"url\":\"https:\\\/\\\/www.lasociedadgeografica.com\\\/blog\\\/curiosidades\\\/el-pueblo-gitano-origen-india\\\/\",\"name\":\"El pueblo gitano\u2026 \u00bfviene de India?\",\"isPartOf\":{\"@id\":\"https:\\\/\\\/www.lasociedadgeografica.com\\\/blog\\\/#website\"},\"primaryImageOfPage\":{\"@id\":\"https:\\\/\\\/www.lasociedadgeografica.com\\\/blog\\\/curiosidades\\\/el-pueblo-gitano-origen-india\\\/#primaryimage\"},\"image\":{\"@id\":\"https:\\\/\\\/www.lasociedadgeografica.com\\\/blog\\\/curiosidades\\\/el-pueblo-gitano-origen-india\\\/#primaryimage\"},\"thumbnailUrl\":\"http:\\\/\\\/farm2.static.flickr.com\\\/1399\\\/4729195925_72d307010e.jpg\",\"datePublished\":\"2010-06-22T17:00:48+00:00\",\"dateModified\":\"2011-03-25T16:24:11+00:00\",\"author\":{\"@id\":\"https:\\\/\\\/www.lasociedadgeografica.com\\\/blog\\\/#\\\/schema\\\/person\\\/531df9694b6a99f2eb29e4f5a12d3842\"},\"breadcrumb\":{\"@id\":\"https:\\\/\\\/www.lasociedadgeografica.com\\\/blog\\\/curiosidades\\\/el-pueblo-gitano-origen-india\\\/#breadcrumb\"},\"inLanguage\":\"es\",\"potentialAction\":[{\"@type\":\"ReadAction\",\"target\":[\"https:\\\/\\\/www.lasociedadgeografica.com\\\/blog\\\/curiosidades\\\/el-pueblo-gitano-origen-india\\\/\"]}]},{\"@type\":\"ImageObject\",\"inLanguage\":\"es\",\"@id\":\"https:\\\/\\\/www.lasociedadgeografica.com\\\/blog\\\/curiosidades\\\/el-pueblo-gitano-origen-india\\\/#primaryimage\",\"url\":\"http:\\\/\\\/farm2.static.flickr.com\\\/1399\\\/4729195925_72d307010e.jpg\",\"contentUrl\":\"http:\\\/\\\/farm2.static.flickr.com\\\/1399\\\/4729195925_72d307010e.jpg\"},{\"@type\":\"BreadcrumbList\",\"@id\":\"https:\\\/\\\/www.lasociedadgeografica.com\\\/blog\\\/curiosidades\\\/el-pueblo-gitano-origen-india\\\/#breadcrumb\",\"itemListElement\":[{\"@type\":\"ListItem\",\"position\":1,\"name\":\"Portada\",\"item\":\"https:\\\/\\\/www.lasociedadgeografica.com\\\/blog\\\/\"},{\"@type\":\"ListItem\",\"position\":2,\"name\":\"El pueblo gitano\u2026 \u00bfviene de India?\"}]},{\"@type\":\"WebSite\",\"@id\":\"https:\\\/\\\/www.lasociedadgeografica.com\\\/blog\\\/#website\",\"url\":\"https:\\\/\\\/www.lasociedadgeografica.com\\\/blog\\\/\",\"name\":\"Blog de viajes a India\",\"description\":\"Un lugar para Conocer India, con may\u00fasculas. El Blog de Sociedad Geogr\u00e1fica de las Indias.\",\"potentialAction\":[{\"@type\":\"SearchAction\",\"target\":{\"@type\":\"EntryPoint\",\"urlTemplate\":\"https:\\\/\\\/www.lasociedadgeografica.com\\\/blog\\\/?s={search_term_string}\"},\"query-input\":{\"@type\":\"PropertyValueSpecification\",\"valueRequired\":true,\"valueName\":\"search_term_string\"}}],\"inLanguage\":\"es\"},{\"@type\":\"Person\",\"@id\":\"https:\\\/\\\/www.lasociedadgeografica.com\\\/blog\\\/#\\\/schema\\\/person\\\/531df9694b6a99f2eb29e4f5a12d3842\",\"name\":\"Jorge \u00c1lvarez\",\"image\":{\"@type\":\"ImageObject\",\"inLanguage\":\"es\",\"@id\":\"https:\\\/\\\/secure.gravatar.com\\\/avatar\\\/?s=96&r=g\",\"url\":\"https:\\\/\\\/secure.gravatar.com\\\/avatar\\\/?s=96&r=g\",\"contentUrl\":\"https:\\\/\\\/secure.gravatar.com\\\/avatar\\\/?s=96&r=g\",\"caption\":\"Jorge \u00c1lvarez\"},\"description\":\"Antes de ser Responsable de Producci\u00f3n de Sociedad Geogr\u00e1fica de las Indias, Jorge ha recorrido un intenso camino en el mundo del viaje. Su trayectoria entre mayoristas, minoristas, compa\u00f1\u00edas a\u00e9reas, alquiler de servicios de tierra o incluso de gu\u00eda acompa\u00f1ante le ha permitido tener hoy una visi\u00f3n global del sector y conocer de primera mano los distintos detalles que se necesitan para asegurar un viaje sin errores. Adem\u00e1s es T\u00e9cnico Superior en Agencias de Viajes y en Informaci\u00f3n y Comercializaci\u00f3n Tur\u00edstica, aunque a \u00e9l le gusta definirse como un 4x4 del sector, amante de la naturaleza y la monta\u00f1a y ge\u00f3grafo aficionado.\",\"url\":\"https:\\\/\\\/www.lasociedadgeografica.com\\\/blog\\\/author\\\/jorge\\\/\"}]}<\/script>\n<!-- \/ Yoast SEO plugin. -->","yoast_head_json":{"title":"El pueblo gitano\u2026 \u00bfviene de India?","robots":{"index":"index","follow":"follow","max-snippet":"max-snippet:-1","max-image-preview":"max-image-preview:large","max-video-preview":"max-video-preview:-1"},"canonical":"https:\/\/www.lasociedadgeografica.com\/blog\/curiosidades\/el-pueblo-gitano-origen-india\/","og_locale":"es_ES","og_type":"article","og_title":"El pueblo gitano\u2026 \u00bfviene de India?","og_description":"Existen varias teor\u00edas sobre el origen del pueblo gitano. En este art\u00edculo me centrar\u00e9 en una de las m\u00e1s aceptadas: el pueblo gitano es originario del Indost\u00e1n.","og_url":"https:\/\/www.lasociedadgeografica.com\/blog\/curiosidades\/el-pueblo-gitano-origen-india\/","og_site_name":"Blog de viajes a India","article_published_time":"2010-06-22T17:00:48+00:00","article_modified_time":"2011-03-25T16:24:11+00:00","og_image":[{"url":"http:\/\/farm2.static.flickr.com\/1399\/4729195925_72d307010e.jpg","type":"","width":"","height":""}],"author":"Jorge \u00c1lvarez","twitter_misc":{"Escrito por":"Jorge \u00c1lvarez","Tiempo de lectura":"5 minutos"},"schema":{"@context":"https:\/\/schema.org","@graph":[{"@type":"Article","@id":"https:\/\/www.lasociedadgeografica.com\/blog\/curiosidades\/el-pueblo-gitano-origen-india\/#article","isPartOf":{"@id":"https:\/\/www.lasociedadgeografica.com\/blog\/curiosidades\/el-pueblo-gitano-origen-india\/"},"author":{"name":"Jorge \u00c1lvarez","@id":"https:\/\/www.lasociedadgeografica.com\/blog\/#\/schema\/person\/531df9694b6a99f2eb29e4f5a12d3842"},"headline":"El pueblo gitano\u2026 \u00bfviene de India?","datePublished":"2010-06-22T17:00:48+00:00","dateModified":"2011-03-25T16:24:11+00:00","mainEntityOfPage":{"@id":"https:\/\/www.lasociedadgeografica.com\/blog\/curiosidades\/el-pueblo-gitano-origen-india\/"},"wordCount":1058,"commentCount":11,"image":{"@id":"https:\/\/www.lasociedadgeografica.com\/blog\/curiosidades\/el-pueblo-gitano-origen-india\/#primaryimage"},"thumbnailUrl":"http:\/\/farm2.static.flickr.com\/1399\/4729195925_72d307010e.jpg","keywords":["fatehpur sikri","gitanos","indost\u00e1n","Jorge \u00c1lvarez","punjab","rajast\u00e1n"],"articleSection":["Curiosidades","Historia"],"inLanguage":"es","potentialAction":[{"@type":"CommentAction","name":"Comment","target":["https:\/\/www.lasociedadgeografica.com\/blog\/curiosidades\/el-pueblo-gitano-origen-india\/#respond"]}]},{"@type":"WebPage","@id":"https:\/\/www.lasociedadgeografica.com\/blog\/curiosidades\/el-pueblo-gitano-origen-india\/","url":"https:\/\/www.lasociedadgeografica.com\/blog\/curiosidades\/el-pueblo-gitano-origen-india\/","name":"El pueblo gitano\u2026 \u00bfviene de India?","isPartOf":{"@id":"https:\/\/www.lasociedadgeografica.com\/blog\/#website"},"primaryImageOfPage":{"@id":"https:\/\/www.lasociedadgeografica.com\/blog\/curiosidades\/el-pueblo-gitano-origen-india\/#primaryimage"},"image":{"@id":"https:\/\/www.lasociedadgeografica.com\/blog\/curiosidades\/el-pueblo-gitano-origen-india\/#primaryimage"},"thumbnailUrl":"http:\/\/farm2.static.flickr.com\/1399\/4729195925_72d307010e.jpg","datePublished":"2010-06-22T17:00:48+00:00","dateModified":"2011-03-25T16:24:11+00:00","author":{"@id":"https:\/\/www.lasociedadgeografica.com\/blog\/#\/schema\/person\/531df9694b6a99f2eb29e4f5a12d3842"},"breadcrumb":{"@id":"https:\/\/www.lasociedadgeografica.com\/blog\/curiosidades\/el-pueblo-gitano-origen-india\/#breadcrumb"},"inLanguage":"es","potentialAction":[{"@type":"ReadAction","target":["https:\/\/www.lasociedadgeografica.com\/blog\/curiosidades\/el-pueblo-gitano-origen-india\/"]}]},{"@type":"ImageObject","inLanguage":"es","@id":"https:\/\/www.lasociedadgeografica.com\/blog\/curiosidades\/el-pueblo-gitano-origen-india\/#primaryimage","url":"http:\/\/farm2.static.flickr.com\/1399\/4729195925_72d307010e.jpg","contentUrl":"http:\/\/farm2.static.flickr.com\/1399\/4729195925_72d307010e.jpg"},{"@type":"BreadcrumbList","@id":"https:\/\/www.lasociedadgeografica.com\/blog\/curiosidades\/el-pueblo-gitano-origen-india\/#breadcrumb","itemListElement":[{"@type":"ListItem","position":1,"name":"Portada","item":"https:\/\/www.lasociedadgeografica.com\/blog\/"},{"@type":"ListItem","position":2,"name":"El pueblo gitano\u2026 \u00bfviene de India?"}]},{"@type":"WebSite","@id":"https:\/\/www.lasociedadgeografica.com\/blog\/#website","url":"https:\/\/www.lasociedadgeografica.com\/blog\/","name":"Blog de viajes a India","description":"Un lugar para Conocer India, con may\u00fasculas. El Blog de Sociedad Geogr\u00e1fica de las Indias.","potentialAction":[{"@type":"SearchAction","target":{"@type":"EntryPoint","urlTemplate":"https:\/\/www.lasociedadgeografica.com\/blog\/?s={search_term_string}"},"query-input":{"@type":"PropertyValueSpecification","valueRequired":true,"valueName":"search_term_string"}}],"inLanguage":"es"},{"@type":"Person","@id":"https:\/\/www.lasociedadgeografica.com\/blog\/#\/schema\/person\/531df9694b6a99f2eb29e4f5a12d3842","name":"Jorge \u00c1lvarez","image":{"@type":"ImageObject","inLanguage":"es","@id":"https:\/\/secure.gravatar.com\/avatar\/?s=96&r=g","url":"https:\/\/secure.gravatar.com\/avatar\/?s=96&r=g","contentUrl":"https:\/\/secure.gravatar.com\/avatar\/?s=96&r=g","caption":"Jorge \u00c1lvarez"},"description":"Antes de ser Responsable de Producci\u00f3n de Sociedad Geogr\u00e1fica de las Indias, Jorge ha recorrido un intenso camino en el mundo del viaje. Su trayectoria entre mayoristas, minoristas, compa\u00f1\u00edas a\u00e9reas, alquiler de servicios de tierra o incluso de gu\u00eda acompa\u00f1ante le ha permitido tener hoy una visi\u00f3n global del sector y conocer de primera mano los distintos detalles que se necesitan para asegurar un viaje sin errores. Adem\u00e1s es T\u00e9cnico Superior en Agencias de Viajes y en Informaci\u00f3n y Comercializaci\u00f3n Tur\u00edstica, aunque a \u00e9l le gusta definirse como un 4x4 del sector, amante de la naturaleza y la monta\u00f1a y ge\u00f3grafo aficionado.","url":"https:\/\/www.lasociedadgeografica.com\/blog\/author\/jorge\/"}]}},"_links":{"self":[{"href":"https:\/\/www.lasociedadgeografica.com\/blog\/wp-json\/wp\/v2\/posts\/534","targetHints":{"allow":["GET"]}}],"collection":[{"href":"https:\/\/www.lasociedadgeografica.com\/blog\/wp-json\/wp\/v2\/posts"}],"about":[{"href":"https:\/\/www.lasociedadgeografica.com\/blog\/wp-json\/wp\/v2\/types\/post"}],"author":[{"embeddable":true,"href":"https:\/\/www.lasociedadgeografica.com\/blog\/wp-json\/wp\/v2\/users\/5"}],"replies":[{"embeddable":true,"href":"https:\/\/www.lasociedadgeografica.com\/blog\/wp-json\/wp\/v2\/comments?post=534"}],"version-history":[{"count":18,"href":"https:\/\/www.lasociedadgeografica.com\/blog\/wp-json\/wp\/v2\/posts\/534\/revisions"}],"predecessor-version":[{"id":2616,"href":"https:\/\/www.lasociedadgeografica.com\/blog\/wp-json\/wp\/v2\/posts\/534\/revisions\/2616"}],"wp:attachment":[{"href":"https:\/\/www.lasociedadgeografica.com\/blog\/wp-json\/wp\/v2\/media?parent=534"}],"wp:term":[{"taxonomy":"category","embeddable":true,"href":"https:\/\/www.lasociedadgeografica.com\/blog\/wp-json\/wp\/v2\/categories?post=534"},{"taxonomy":"post_tag","embeddable":true,"href":"https:\/\/www.lasociedadgeografica.com\/blog\/wp-json\/wp\/v2\/tags?post=534"}],"curies":[{"name":"wp","href":"https:\/\/api.w.org\/{rel}","templated":true}]}}