{"id":547,"date":"2010-06-28T20:47:52","date_gmt":"2010-06-28T18:47:52","guid":{"rendered":"https:\/\/www.lasociedadgeografica.com\/blog\/?p=547"},"modified":"2017-05-31T10:16:41","modified_gmt":"2017-05-31T08:16:41","slug":"survival-minadios-de-la-montana","status":"publish","type":"post","link":"https:\/\/www.lasociedadgeografica.com\/blog\/solidaridad\/survival-minadios-de-la-montana\/","title":{"rendered":"El Dios de la Monta\u00f1a"},"content":{"rendered":"\n\n<div class=\"kk-star-ratings kksr-auto kksr-align-left kksr-valign-top\"\n    data-payload='{&quot;align&quot;:&quot;left&quot;,&quot;id&quot;:&quot;547&quot;,&quot;slug&quot;:&quot;default&quot;,&quot;valign&quot;:&quot;top&quot;,&quot;ignore&quot;:&quot;&quot;,&quot;reference&quot;:&quot;auto&quot;,&quot;class&quot;:&quot;&quot;,&quot;count&quot;:&quot;1&quot;,&quot;legendonly&quot;:&quot;&quot;,&quot;readonly&quot;:&quot;&quot;,&quot;score&quot;:&quot;5&quot;,&quot;starsonly&quot;:&quot;&quot;,&quot;best&quot;:&quot;5&quot;,&quot;gap&quot;:&quot;6&quot;,&quot;greet&quot;:&quot;&quot;,&quot;legend&quot;:&quot;5\\\/5 - (1 voto)&quot;,&quot;size&quot;:&quot;22&quot;,&quot;title&quot;:&quot;El Dios de la Monta\u00f1a&quot;,&quot;width&quot;:&quot;137&quot;,&quot;_legend&quot;:&quot;{score}\\\/{best} - ({count} {votes})&quot;,&quot;font_factor&quot;:&quot;1.25&quot;}'>\n            \n<div class=\"kksr-stars\">\n    \n<div class=\"kksr-stars-inactive\">\n            <div class=\"kksr-star\" data-star=\"1\" style=\"padding-right: 6px\">\n            \n\n<div class=\"kksr-icon\" style=\"width: 22px; height: 22px;\"><\/div>\n        <\/div>\n            <div class=\"kksr-star\" data-star=\"2\" style=\"padding-right: 6px\">\n            \n\n<div class=\"kksr-icon\" style=\"width: 22px; height: 22px;\"><\/div>\n        <\/div>\n            <div class=\"kksr-star\" data-star=\"3\" style=\"padding-right: 6px\">\n            \n\n<div class=\"kksr-icon\" style=\"width: 22px; height: 22px;\"><\/div>\n        <\/div>\n            <div class=\"kksr-star\" data-star=\"4\" style=\"padding-right: 6px\">\n            \n\n<div class=\"kksr-icon\" style=\"width: 22px; height: 22px;\"><\/div>\n        <\/div>\n            <div class=\"kksr-star\" data-star=\"5\" style=\"padding-right: 6px\">\n            \n\n<div class=\"kksr-icon\" style=\"width: 22px; height: 22px;\"><\/div>\n        <\/div>\n    <\/div>\n    \n<div class=\"kksr-stars-active\" style=\"width: 137px;\">\n            <div class=\"kksr-star\" style=\"padding-right: 6px\">\n            \n\n<div class=\"kksr-icon\" style=\"width: 22px; height: 22px;\"><\/div>\n        <\/div>\n            <div class=\"kksr-star\" style=\"padding-right: 6px\">\n            \n\n<div class=\"kksr-icon\" style=\"width: 22px; height: 22px;\"><\/div>\n        <\/div>\n            <div class=\"kksr-star\" style=\"padding-right: 6px\">\n            \n\n<div class=\"kksr-icon\" style=\"width: 22px; height: 22px;\"><\/div>\n        <\/div>\n            <div class=\"kksr-star\" style=\"padding-right: 6px\">\n            \n\n<div class=\"kksr-icon\" style=\"width: 22px; height: 22px;\"><\/div>\n        <\/div>\n            <div class=\"kksr-star\" style=\"padding-right: 6px\">\n            \n\n<div class=\"kksr-icon\" style=\"width: 22px; height: 22px;\"><\/div>\n        <\/div>\n    <\/div>\n<\/div>\n                \n\n<div class=\"kksr-legend\" style=\"font-size: 17.6px;\">\n            5\/5 - (1 voto)    <\/div>\n    <\/div>\n<p>Los Dongria Kondh son uno de los pueblos ind\u00edgenas m\u00e1s remotos de la India. Viven en las colinas de <a href=\"http:\/\/maps.google.es\/maps?q=Niyamgiri+orissa&amp;oe=utf-8&amp;client=firefox-a&amp;ie=UTF8&amp;hl=es&amp;hq=Niyamgiri+orissa&amp;hnear=&amp;ll=19.55979,82.770996&amp;spn=9.060383,21.643066&amp;t=h&amp;z=6\">Niyamgiri<\/a>, en el estado de Orissa, y veneran una monta\u00f1a como a un Dios.<\/p>\n<p>Actualmente su estilo de vida est\u00e1 amenazado desde que una multinacional quiere destruir la monta\u00f1a para instalar una mina a cielo abierto. La ONG <a href=\"http:\/\/www.survival.es\/\" target=\"_blank\" rel=\"noopener noreferrer\">Survival Internacional<\/a> ha lanzado una campa\u00f1a para la defensa del modo de vida de este primitivo pueblo de India. En el v\u00eddeo hay una muestra de la pel\u00edcula producida para tal fin: <a href=\"http:\/\/www.survival.es\/peliculas\/lamina\" target=\"_blank\" rel=\"noopener noreferrer\">La Mina<\/a>.<\/p>\n<p><object id=\"tribalchannel-player\" name=\"tribalchannel-player\" width=\"480\" height=\"270\" classid=\"clsid:D27CDB6E-AE6D-11cf-96B8-444553540000\"><param name=\"movie\" value=\"http:\/\/assets.survivalinternational.org\/flash\/syndicated-player.swf\" \/><param name=\"allowFullScreen\" value=\"true\" \/><param name=\"wmode\" value=\"opaque\" \/><param name=\"bgcolor\" value=\"111111\" \/><param name=\"allowScriptAccess\" value=\"always\" \/><param name=\"flashvars\" value=\"config=http:\/\/assets-production.survivalinternational.org\/films\/116\/config.xml\" \/><embed id=\"tribalchannel-player\" type=\"application\/x-shockwave-flash\" width=\"480\" height=\"270\" src=\"\/\/assets.survivalinternational.org\/flash\/syndicated-player.swf\" name=\"tribalchannel-player\" allowfullscreen=\"allowfullscreen\" wmode=\"opaque\" bgcolor=\"111111\" allowscriptaccess=\"always\" flashvars=\"config=http:\/\/assets-production.survivalinternational.org\/films\/116\/config.xml\" \/><\/object><\/p>\n<p>Si a ti tambi\u00e9n te preocupa, <a href=\"http:\/\/www.survival.es\/actua\/cartas\/dongria\" target=\"_blank\" rel=\"noopener noreferrer\">puedes actuar<\/a>.<\/p>\n<p><span style=\"color: #808080;\"><em>&#8212;<br \/>\n<strong>Sobre el autor:<\/strong> <\/em><\/span><a href=\"https:\/\/www.lasociedadgeografica.com\/blog\/author\/pablo\/\"><span style=\"color: #808080;\"><em><strong><img loading=\"lazy\" decoding=\"async\" class=\"alignleft\" style=\"border: 0pt none; margin-right: 5px;\" title=\"Pablo Pascual\" src=\"\/\/www.lasociedadgeografica.com\/blog\/wp-content\/authors\/Pablo-12.jpg\" alt=\"Pablo\" width=\"70\" height=\"92\" \/><\/strong><\/em><\/span><\/a><span style=\"color: #808080;\"><em><a href=\"https:\/\/www.lasociedadgeografica.com\/blog\/author\/pablo\/\">Pablo Pascual<\/a> es Director de Sociedad Geogr\u00e1fica de las Indias. Gran conocedor de India, Pablo se obstin\u00f3 en ofrecer lo que a \u00e9l le gustar\u00eda encontrar en el sector de agencias de viajes tradicionales: especialistas por destino con un solo prop\u00f3sito, la calidad. Para m\u00e1s informaci\u00f3n: [<a href=\"\/\/www.lasociedadgeografica.com\/blog\/aboutsgi\/\">Qui\u00e9nes somos<\/a>]<br \/>\n<\/em><\/span><\/p>\n","protected":false},"excerpt":{"rendered":"<p>Los Dongria Kondh son uno de los pueblos ind\u00edgenas m\u00e1s remotos de la India. Viven en las colinas de Niyamgiri, en el estado de Orissa, y veneran una monta\u00f1a como a un Dios.<\/p>\n","protected":false},"author":7,"featured_media":0,"comment_status":"open","ping_status":"open","sticky":false,"template":"","format":"standard","meta":{"footnotes":""},"categories":[108],"tags":[111,110,109,559],"class_list":["post-547","post","type-post","status-publish","format-standard","hentry","category-solidaridad","tag-indigenas","tag-ong","tag-orissa","tag-pablo-pascual"],"yoast_head":"<!-- This site is optimized with the Yoast SEO plugin v27.4 - https:\/\/yoast.com\/product\/yoast-seo-wordpress\/ -->\n<title>El Dios de la Monta\u00f1a<\/title>\n<meta name=\"robots\" content=\"index, follow, max-snippet:-1, max-image-preview:large, max-video-preview:-1\" \/>\n<link rel=\"canonical\" href=\"https:\/\/www.lasociedadgeografica.com\/blog\/solidaridad\/survival-minadios-de-la-montana\/\" \/>\n<meta property=\"og:locale\" content=\"es_ES\" \/>\n<meta property=\"og:type\" content=\"article\" \/>\n<meta property=\"og:title\" content=\"El Dios de la Monta\u00f1a\" \/>\n<meta property=\"og:description\" content=\"Los Dongria Kondh son uno de los pueblos ind\u00edgenas m\u00e1s remotos de la India. Viven en las colinas de Niyamgiri, en el estado de Orissa, y veneran una monta\u00f1a como a un Dios.\" \/>\n<meta property=\"og:url\" content=\"https:\/\/www.lasociedadgeografica.com\/blog\/solidaridad\/survival-minadios-de-la-montana\/\" \/>\n<meta property=\"og:site_name\" content=\"Blog de viajes a India\" \/>\n<meta property=\"article:published_time\" content=\"2010-06-28T18:47:52+00:00\" \/>\n<meta property=\"article:modified_time\" content=\"2017-05-31T08:16:41+00:00\" \/>\n<meta property=\"og:image\" content=\"\/\/www.lasociedadgeografica.com\/blog\/wp-content\/authors\/Pablo-12.jpg\" \/>\n<meta name=\"author\" content=\"Pablo Pascual\" \/>\n<meta name=\"twitter:label1\" content=\"Escrito por\" \/>\n\t<meta name=\"twitter:data1\" content=\"Pablo Pascual\" \/>\n\t<meta name=\"twitter:label2\" content=\"Tiempo de lectura\" \/>\n\t<meta name=\"twitter:data2\" content=\"1 minuto\" \/>\n<script type=\"application\/ld+json\" class=\"yoast-schema-graph\">{\"@context\":\"https:\\\/\\\/schema.org\",\"@graph\":[{\"@type\":\"Article\",\"@id\":\"https:\\\/\\\/www.lasociedadgeografica.com\\\/blog\\\/solidaridad\\\/survival-minadios-de-la-montana\\\/#article\",\"isPartOf\":{\"@id\":\"https:\\\/\\\/www.lasociedadgeografica.com\\\/blog\\\/solidaridad\\\/survival-minadios-de-la-montana\\\/\"},\"author\":{\"name\":\"Pablo Pascual\",\"@id\":\"https:\\\/\\\/www.lasociedadgeografica.com\\\/blog\\\/#\\\/schema\\\/person\\\/be753b67357545cd3cb2a09b5c6f761c\"},\"headline\":\"El Dios de la Monta\u00f1a\",\"datePublished\":\"2010-06-28T18:47:52+00:00\",\"dateModified\":\"2017-05-31T08:16:41+00:00\",\"mainEntityOfPage\":{\"@id\":\"https:\\\/\\\/www.lasociedadgeografica.com\\\/blog\\\/solidaridad\\\/survival-minadios-de-la-montana\\\/\"},\"wordCount\":171,\"commentCount\":1,\"keywords\":[\"ind\u00edgenas\",\"ong\",\"orissa\",\"Pablo Pascual\"],\"articleSection\":[\"Solidaridad\"],\"inLanguage\":\"es\",\"potentialAction\":[{\"@type\":\"CommentAction\",\"name\":\"Comment\",\"target\":[\"https:\\\/\\\/www.lasociedadgeografica.com\\\/blog\\\/solidaridad\\\/survival-minadios-de-la-montana\\\/#respond\"]}]},{\"@type\":\"WebPage\",\"@id\":\"https:\\\/\\\/www.lasociedadgeografica.com\\\/blog\\\/solidaridad\\\/survival-minadios-de-la-montana\\\/\",\"url\":\"https:\\\/\\\/www.lasociedadgeografica.com\\\/blog\\\/solidaridad\\\/survival-minadios-de-la-montana\\\/\",\"name\":\"El Dios de la Monta\u00f1a\",\"isPartOf\":{\"@id\":\"https:\\\/\\\/www.lasociedadgeografica.com\\\/blog\\\/#website\"},\"datePublished\":\"2010-06-28T18:47:52+00:00\",\"dateModified\":\"2017-05-31T08:16:41+00:00\",\"author\":{\"@id\":\"https:\\\/\\\/www.lasociedadgeografica.com\\\/blog\\\/#\\\/schema\\\/person\\\/be753b67357545cd3cb2a09b5c6f761c\"},\"breadcrumb\":{\"@id\":\"https:\\\/\\\/www.lasociedadgeografica.com\\\/blog\\\/solidaridad\\\/survival-minadios-de-la-montana\\\/#breadcrumb\"},\"inLanguage\":\"es\",\"potentialAction\":[{\"@type\":\"ReadAction\",\"target\":[\"https:\\\/\\\/www.lasociedadgeografica.com\\\/blog\\\/solidaridad\\\/survival-minadios-de-la-montana\\\/\"]}]},{\"@type\":\"BreadcrumbList\",\"@id\":\"https:\\\/\\\/www.lasociedadgeografica.com\\\/blog\\\/solidaridad\\\/survival-minadios-de-la-montana\\\/#breadcrumb\",\"itemListElement\":[{\"@type\":\"ListItem\",\"position\":1,\"name\":\"Portada\",\"item\":\"https:\\\/\\\/www.lasociedadgeografica.com\\\/blog\\\/\"},{\"@type\":\"ListItem\",\"position\":2,\"name\":\"El Dios de la Monta\u00f1a\"}]},{\"@type\":\"WebSite\",\"@id\":\"https:\\\/\\\/www.lasociedadgeografica.com\\\/blog\\\/#website\",\"url\":\"https:\\\/\\\/www.lasociedadgeografica.com\\\/blog\\\/\",\"name\":\"Blog de viajes a India\",\"description\":\"Un lugar para Conocer India, con may\u00fasculas. El Blog de Sociedad Geogr\u00e1fica de las Indias.\",\"potentialAction\":[{\"@type\":\"SearchAction\",\"target\":{\"@type\":\"EntryPoint\",\"urlTemplate\":\"https:\\\/\\\/www.lasociedadgeografica.com\\\/blog\\\/?s={search_term_string}\"},\"query-input\":{\"@type\":\"PropertyValueSpecification\",\"valueRequired\":true,\"valueName\":\"search_term_string\"}}],\"inLanguage\":\"es\"},{\"@type\":\"Person\",\"@id\":\"https:\\\/\\\/www.lasociedadgeografica.com\\\/blog\\\/#\\\/schema\\\/person\\\/be753b67357545cd3cb2a09b5c6f761c\",\"name\":\"Pablo Pascual\",\"image\":{\"@type\":\"ImageObject\",\"inLanguage\":\"es\",\"@id\":\"https:\\\/\\\/secure.gravatar.com\\\/avatar\\\/2ecca6daa354c5a67488ff5753ce287a929de632ec99c6b3591aeca7456e6600?s=96&r=g\",\"url\":\"https:\\\/\\\/secure.gravatar.com\\\/avatar\\\/2ecca6daa354c5a67488ff5753ce287a929de632ec99c6b3591aeca7456e6600?s=96&r=g\",\"contentUrl\":\"https:\\\/\\\/secure.gravatar.com\\\/avatar\\\/2ecca6daa354c5a67488ff5753ce287a929de632ec99c6b3591aeca7456e6600?s=96&r=g\",\"caption\":\"Pablo Pascual\"},\"description\":\"La fe mueve monta\u00f1as\u2026y crea empresas. Tras una intensa experiencia en direcci\u00f3n de empresas, Pablo se obstin\u00f3 en ofrecer lo que a \u00e9l le gustar\u00eda encontrar en el sector de agencias de viajes tradicionales: especialistas por destino con un solo prop\u00f3sito, la calidad. Amante de la vida y los amigos, trabaja convencido de que cada persona, cada cliente, merece lo mejor. Supervisa cada detalle y gestiona el equipo de profesionales que forman Sociedad Geogr\u00e1fica de las Indias, su orgullo.\",\"url\":\"https:\\\/\\\/www.lasociedadgeografica.com\\\/blog\\\/author\\\/pablo\\\/\"}]}<\/script>\n<!-- \/ Yoast SEO plugin. -->","yoast_head_json":{"title":"El Dios de la Monta\u00f1a","robots":{"index":"index","follow":"follow","max-snippet":"max-snippet:-1","max-image-preview":"max-image-preview:large","max-video-preview":"max-video-preview:-1"},"canonical":"https:\/\/www.lasociedadgeografica.com\/blog\/solidaridad\/survival-minadios-de-la-montana\/","og_locale":"es_ES","og_type":"article","og_title":"El Dios de la Monta\u00f1a","og_description":"Los Dongria Kondh son uno de los pueblos ind\u00edgenas m\u00e1s remotos de la India. Viven en las colinas de Niyamgiri, en el estado de Orissa, y veneran una monta\u00f1a como a un Dios.","og_url":"https:\/\/www.lasociedadgeografica.com\/blog\/solidaridad\/survival-minadios-de-la-montana\/","og_site_name":"Blog de viajes a India","article_published_time":"2010-06-28T18:47:52+00:00","article_modified_time":"2017-05-31T08:16:41+00:00","og_image":[{"url":"\/\/www.lasociedadgeografica.com\/blog\/wp-content\/authors\/Pablo-12.jpg","type":"","width":"","height":""}],"author":"Pablo Pascual","twitter_misc":{"Escrito por":"Pablo Pascual","Tiempo de lectura":"1 minuto"},"schema":{"@context":"https:\/\/schema.org","@graph":[{"@type":"Article","@id":"https:\/\/www.lasociedadgeografica.com\/blog\/solidaridad\/survival-minadios-de-la-montana\/#article","isPartOf":{"@id":"https:\/\/www.lasociedadgeografica.com\/blog\/solidaridad\/survival-minadios-de-la-montana\/"},"author":{"name":"Pablo Pascual","@id":"https:\/\/www.lasociedadgeografica.com\/blog\/#\/schema\/person\/be753b67357545cd3cb2a09b5c6f761c"},"headline":"El Dios de la Monta\u00f1a","datePublished":"2010-06-28T18:47:52+00:00","dateModified":"2017-05-31T08:16:41+00:00","mainEntityOfPage":{"@id":"https:\/\/www.lasociedadgeografica.com\/blog\/solidaridad\/survival-minadios-de-la-montana\/"},"wordCount":171,"commentCount":1,"keywords":["ind\u00edgenas","ong","orissa","Pablo Pascual"],"articleSection":["Solidaridad"],"inLanguage":"es","potentialAction":[{"@type":"CommentAction","name":"Comment","target":["https:\/\/www.lasociedadgeografica.com\/blog\/solidaridad\/survival-minadios-de-la-montana\/#respond"]}]},{"@type":"WebPage","@id":"https:\/\/www.lasociedadgeografica.com\/blog\/solidaridad\/survival-minadios-de-la-montana\/","url":"https:\/\/www.lasociedadgeografica.com\/blog\/solidaridad\/survival-minadios-de-la-montana\/","name":"El Dios de la Monta\u00f1a","isPartOf":{"@id":"https:\/\/www.lasociedadgeografica.com\/blog\/#website"},"datePublished":"2010-06-28T18:47:52+00:00","dateModified":"2017-05-31T08:16:41+00:00","author":{"@id":"https:\/\/www.lasociedadgeografica.com\/blog\/#\/schema\/person\/be753b67357545cd3cb2a09b5c6f761c"},"breadcrumb":{"@id":"https:\/\/www.lasociedadgeografica.com\/blog\/solidaridad\/survival-minadios-de-la-montana\/#breadcrumb"},"inLanguage":"es","potentialAction":[{"@type":"ReadAction","target":["https:\/\/www.lasociedadgeografica.com\/blog\/solidaridad\/survival-minadios-de-la-montana\/"]}]},{"@type":"BreadcrumbList","@id":"https:\/\/www.lasociedadgeografica.com\/blog\/solidaridad\/survival-minadios-de-la-montana\/#breadcrumb","itemListElement":[{"@type":"ListItem","position":1,"name":"Portada","item":"https:\/\/www.lasociedadgeografica.com\/blog\/"},{"@type":"ListItem","position":2,"name":"El Dios de la Monta\u00f1a"}]},{"@type":"WebSite","@id":"https:\/\/www.lasociedadgeografica.com\/blog\/#website","url":"https:\/\/www.lasociedadgeografica.com\/blog\/","name":"Blog de viajes a India","description":"Un lugar para Conocer India, con may\u00fasculas. El Blog de Sociedad Geogr\u00e1fica de las Indias.","potentialAction":[{"@type":"SearchAction","target":{"@type":"EntryPoint","urlTemplate":"https:\/\/www.lasociedadgeografica.com\/blog\/?s={search_term_string}"},"query-input":{"@type":"PropertyValueSpecification","valueRequired":true,"valueName":"search_term_string"}}],"inLanguage":"es"},{"@type":"Person","@id":"https:\/\/www.lasociedadgeografica.com\/blog\/#\/schema\/person\/be753b67357545cd3cb2a09b5c6f761c","name":"Pablo Pascual","image":{"@type":"ImageObject","inLanguage":"es","@id":"https:\/\/secure.gravatar.com\/avatar\/2ecca6daa354c5a67488ff5753ce287a929de632ec99c6b3591aeca7456e6600?s=96&r=g","url":"https:\/\/secure.gravatar.com\/avatar\/2ecca6daa354c5a67488ff5753ce287a929de632ec99c6b3591aeca7456e6600?s=96&r=g","contentUrl":"https:\/\/secure.gravatar.com\/avatar\/2ecca6daa354c5a67488ff5753ce287a929de632ec99c6b3591aeca7456e6600?s=96&r=g","caption":"Pablo Pascual"},"description":"La fe mueve monta\u00f1as\u2026y crea empresas. Tras una intensa experiencia en direcci\u00f3n de empresas, Pablo se obstin\u00f3 en ofrecer lo que a \u00e9l le gustar\u00eda encontrar en el sector de agencias de viajes tradicionales: especialistas por destino con un solo prop\u00f3sito, la calidad. Amante de la vida y los amigos, trabaja convencido de que cada persona, cada cliente, merece lo mejor. Supervisa cada detalle y gestiona el equipo de profesionales que forman Sociedad Geogr\u00e1fica de las Indias, su orgullo.","url":"https:\/\/www.lasociedadgeografica.com\/blog\/author\/pablo\/"}]}},"_links":{"self":[{"href":"https:\/\/www.lasociedadgeografica.com\/blog\/wp-json\/wp\/v2\/posts\/547","targetHints":{"allow":["GET"]}}],"collection":[{"href":"https:\/\/www.lasociedadgeografica.com\/blog\/wp-json\/wp\/v2\/posts"}],"about":[{"href":"https:\/\/www.lasociedadgeografica.com\/blog\/wp-json\/wp\/v2\/types\/post"}],"author":[{"embeddable":true,"href":"https:\/\/www.lasociedadgeografica.com\/blog\/wp-json\/wp\/v2\/users\/7"}],"replies":[{"embeddable":true,"href":"https:\/\/www.lasociedadgeografica.com\/blog\/wp-json\/wp\/v2\/comments?post=547"}],"version-history":[{"count":12,"href":"https:\/\/www.lasociedadgeografica.com\/blog\/wp-json\/wp\/v2\/posts\/547\/revisions"}],"predecessor-version":[{"id":15007,"href":"https:\/\/www.lasociedadgeografica.com\/blog\/wp-json\/wp\/v2\/posts\/547\/revisions\/15007"}],"wp:attachment":[{"href":"https:\/\/www.lasociedadgeografica.com\/blog\/wp-json\/wp\/v2\/media?parent=547"}],"wp:term":[{"taxonomy":"category","embeddable":true,"href":"https:\/\/www.lasociedadgeografica.com\/blog\/wp-json\/wp\/v2\/categories?post=547"},{"taxonomy":"post_tag","embeddable":true,"href":"https:\/\/www.lasociedadgeografica.com\/blog\/wp-json\/wp\/v2\/tags?post=547"}],"curies":[{"name":"wp","href":"https:\/\/api.w.org\/{rel}","templated":true}]}}