{"id":6598,"date":"2014-06-20T09:00:12","date_gmt":"2014-06-20T07:00:12","guid":{"rendered":"https:\/\/www.lasociedadgeografica.com\/blog\/?p=6598"},"modified":"2014-06-26T17:15:52","modified_gmt":"2014-06-26T15:15:52","slug":"danza-con-mascaras-en-los-tsechu-de-butan","status":"publish","type":"post","link":"https:\/\/www.lasociedadgeografica.com\/blog\/cultura\/danza-con-mascaras-en-los-tsechu-de-butan\/","title":{"rendered":"Danza con m\u00e1scaras en los Tsechu de But\u00e1n"},"content":{"rendered":"\n\n<div class=\"kk-star-ratings kksr-auto kksr-align-left kksr-valign-top\"\n    data-payload='{&quot;align&quot;:&quot;left&quot;,&quot;id&quot;:&quot;6598&quot;,&quot;slug&quot;:&quot;default&quot;,&quot;valign&quot;:&quot;top&quot;,&quot;ignore&quot;:&quot;&quot;,&quot;reference&quot;:&quot;auto&quot;,&quot;class&quot;:&quot;&quot;,&quot;count&quot;:&quot;6&quot;,&quot;legendonly&quot;:&quot;&quot;,&quot;readonly&quot;:&quot;&quot;,&quot;score&quot;:&quot;4.8&quot;,&quot;starsonly&quot;:&quot;&quot;,&quot;best&quot;:&quot;5&quot;,&quot;gap&quot;:&quot;6&quot;,&quot;greet&quot;:&quot;&quot;,&quot;legend&quot;:&quot;4.8\\\/5 - (6 votos)&quot;,&quot;size&quot;:&quot;22&quot;,&quot;title&quot;:&quot;Danza con m\u00e1scaras en los Tsechu de But\u00e1n&quot;,&quot;width&quot;:&quot;131.4&quot;,&quot;_legend&quot;:&quot;{score}\\\/{best} - ({count} {votes})&quot;,&quot;font_factor&quot;:&quot;1.25&quot;}'>\n            \n<div class=\"kksr-stars\">\n    \n<div class=\"kksr-stars-inactive\">\n            <div class=\"kksr-star\" data-star=\"1\" style=\"padding-right: 6px\">\n            \n\n<div class=\"kksr-icon\" style=\"width: 22px; height: 22px;\"><\/div>\n        <\/div>\n            <div class=\"kksr-star\" data-star=\"2\" style=\"padding-right: 6px\">\n            \n\n<div class=\"kksr-icon\" style=\"width: 22px; height: 22px;\"><\/div>\n        <\/div>\n            <div class=\"kksr-star\" data-star=\"3\" style=\"padding-right: 6px\">\n            \n\n<div class=\"kksr-icon\" style=\"width: 22px; height: 22px;\"><\/div>\n        <\/div>\n            <div class=\"kksr-star\" data-star=\"4\" style=\"padding-right: 6px\">\n            \n\n<div class=\"kksr-icon\" style=\"width: 22px; height: 22px;\"><\/div>\n        <\/div>\n            <div class=\"kksr-star\" data-star=\"5\" style=\"padding-right: 6px\">\n            \n\n<div class=\"kksr-icon\" style=\"width: 22px; height: 22px;\"><\/div>\n        <\/div>\n    <\/div>\n    \n<div class=\"kksr-stars-active\" style=\"width: 131.4px;\">\n            <div class=\"kksr-star\" style=\"padding-right: 6px\">\n            \n\n<div class=\"kksr-icon\" style=\"width: 22px; height: 22px;\"><\/div>\n        <\/div>\n            <div class=\"kksr-star\" style=\"padding-right: 6px\">\n            \n\n<div class=\"kksr-icon\" style=\"width: 22px; height: 22px;\"><\/div>\n        <\/div>\n            <div class=\"kksr-star\" style=\"padding-right: 6px\">\n            \n\n<div class=\"kksr-icon\" style=\"width: 22px; height: 22px;\"><\/div>\n        <\/div>\n            <div class=\"kksr-star\" style=\"padding-right: 6px\">\n            \n\n<div class=\"kksr-icon\" style=\"width: 22px; height: 22px;\"><\/div>\n        <\/div>\n            <div class=\"kksr-star\" style=\"padding-right: 6px\">\n            \n\n<div class=\"kksr-icon\" style=\"width: 22px; height: 22px;\"><\/div>\n        <\/div>\n    <\/div>\n<\/div>\n                \n\n<div class=\"kksr-legend\" style=\"font-size: 17.6px;\">\n            4.8\/5 - (6 votos)    <\/div>\n    <\/div>\n<p style=\"text-align: justify;\">Escrito por: Eva del Amo<\/p>\n<p style=\"text-align: justify;\">Asistir a uno de los <a title=\"Tsechus: los coloridos festivales de But\u00e1n\" href=\"https:\/\/www.lasociedadgeografica.com\/blog\/sgi\/tsechus-festivales-de-butan\/\" target=\"_blank\">Tsechu<\/a> o festivales religiosos anuales que se celebran en But\u00e1n es adentrarse en una explosi\u00f3n de color, y todo ello al comp\u00e1s del fren\u00e9tico ritmo de los platillos y los tambores.<\/p>\n<p style=\"text-align: justify;\">But\u00e1n celebra sus fiestas religiosas anuales con gran fervor popular. Los Tsechu, que significan, literalmente, \u201cdiez d\u00edas\u201d, son <b>las fiestas m\u00e1s importantes<\/b> de los diecis\u00e9is distritos o dzongs con que cuenta el pa\u00eds. Habitualmente tienen lugar entre los meses de abril y noviembre, y <b>todo el pueblo se vuelca en su celebraci\u00f3n<\/b>, especialmente en Paro, Timbu, Wangdu Phodrang, Mongar y Tashigang, donde tienen lugar los festivales m\u00e1s importantes.<\/p>\n<p><div id=\"attachment_6599\" class=\"wp-caption aligncenter\" style=\"width: 430px\"><a href=\"\/\/www.lasociedadgeografica.com\/blog\/uploads\/2014\/04\/Post-2-Danza-con-sombreros-negros-en-las-Tsechu-de-Butan-2-cStephen-Shepard.jpg\"><img loading=\"lazy\" decoding=\"async\" class=\" wp-image-6599  \" alt=\"\u00a9 Stephen Shepard\" src=\"\/\/www.lasociedadgeografica.com\/blog\/uploads\/2014\/04\/Post-2-Danza-con-sombreros-negros-en-las-Tsechu-de-Butan-2-cStephen-Shepard-1024x768.jpg\" width=\"430\" height=\"323\" srcset=\"https:\/\/www.lasociedadgeografica.com\/blog\/uploads\/2014\/04\/Post-2-Danza-con-sombreros-negros-en-las-Tsechu-de-Butan-2-cStephen-Shepard-1024x768.jpg 1024w, https:\/\/www.lasociedadgeografica.com\/blog\/uploads\/2014\/04\/Post-2-Danza-con-sombreros-negros-en-las-Tsechu-de-Butan-2-cStephen-Shepard-300x225.jpg 300w\" sizes=\"auto, (max-width: 430px) 100vw, 430px\" \/><\/a><p class=\"wp-caption-text\">\u00a9 Stephen Shepard<\/p><\/div><br \/>\n<a name=\"smore-\"><\/a><\/p>\n<p style=\"text-align: justify;\">Campesinos de las aldeas cercanas recorren los valles y se concentran en el punto donde se celebra la fiesta para honrar a los grandes maestros budistas, divertirse, ver las danzas t\u00edpicas, asistir al mercado e incluso cerrar transacciones comerciales beneficiosas para todas las partes.<\/p>\n<p style=\"text-align: justify;\">Es un ambiente festivo en el que, adem\u00e1s de renovar la fe, uno se puede olvidarse de su rutina diaria por unos d\u00edas. Los muchachos solteros buscan pareja entre las j\u00f3venes, que se han puesto sus mejores galas para la ocasi\u00f3n, o simplemente comen y beben con sus amigos en buena compa\u00f1\u00eda. En esta fiesta, <b>lo religioso se mezcla con lo profano<\/b>, y entre risas, bromas y c\u00e1nticos, se da gracias por todas las cosas buenas recibidas durante el a\u00f1o.<\/p>\n<div id=\"attachment_6603\" class=\"wp-caption aligncenter\" style=\"width: 430px\"><a href=\"\/\/www.lasociedadgeografica.com\/blog\/uploads\/2014\/04\/Post-2-Danza-con-mascaras-y-espadas-en-los-Tsechu-de-Butan-cStephen-Shepard.jpg\"><img loading=\"lazy\" decoding=\"async\" class=\" wp-image-6603  \" alt=\"\u00a9 Stephen Shepard\" src=\"\/\/www.lasociedadgeografica.com\/blog\/uploads\/2014\/04\/Post-2-Danza-con-mascaras-y-espadas-en-los-Tsechu-de-Butan-cStephen-Shepard-1024x768.jpg\" width=\"430\" height=\"323\" srcset=\"https:\/\/www.lasociedadgeografica.com\/blog\/uploads\/2014\/04\/Post-2-Danza-con-mascaras-y-espadas-en-los-Tsechu-de-Butan-cStephen-Shepard-1024x768.jpg 1024w, https:\/\/www.lasociedadgeografica.com\/blog\/uploads\/2014\/04\/Post-2-Danza-con-mascaras-y-espadas-en-los-Tsechu-de-Butan-cStephen-Shepard-300x225.jpg 300w\" sizes=\"auto, (max-width: 430px) 100vw, 430px\" \/><\/a><p class=\"wp-caption-text\">\u00a9 Stephen Shepard<\/p><\/div>\n<p style=\"text-align: justify;\">Estos festivales ofrecen al viajero la oportunidad de observar de primera mano la cultura del pa\u00eds, especialmente a trav\u00e9s de las bellas ofrecidas por los monjes, que ir\u00e1n adornados con <b>sombreros, m\u00e1scaras y espadas<\/b>. Simbolizando las principales deidades y los m\u00e1s malvados demonios, as\u00ed como fant\u00e1sticos animales, los danzantes instruyen a la poblaci\u00f3n sobre las ense\u00f1anzas de Buda o conmemoran las haza\u00f1as de Padmasambhava a trav\u00e9s de un <b>enfervorecido<\/b> <b>baile, que es transmitido de generaci\u00f3n en generaci\u00f3n<\/b>.<\/p>\n<div id=\"attachment_6605\" class=\"wp-caption aligncenter\" style=\"width: 430px\"><a href=\"\/\/www.lasociedadgeografica.com\/blog\/uploads\/2014\/04\/Post-2-Danza-con-sombreros-negros-en-los-Tsechu-de-Butan-cStephen-Shepard.jpg\"><img loading=\"lazy\" decoding=\"async\" class=\" wp-image-6605  \" alt=\"\u00a9 Stephen Shepard\" src=\"\/\/www.lasociedadgeografica.com\/blog\/uploads\/2014\/04\/Post-2-Danza-con-sombreros-negros-en-los-Tsechu-de-Butan-cStephen-Shepard-1024x768.jpg\" width=\"430\" height=\"323\" srcset=\"https:\/\/www.lasociedadgeografica.com\/blog\/uploads\/2014\/04\/Post-2-Danza-con-sombreros-negros-en-los-Tsechu-de-Butan-cStephen-Shepard-1024x768.jpg 1024w, https:\/\/www.lasociedadgeografica.com\/blog\/uploads\/2014\/04\/Post-2-Danza-con-sombreros-negros-en-los-Tsechu-de-Butan-cStephen-Shepard-300x225.jpg 300w\" sizes=\"auto, (max-width: 430px) 100vw, 430px\" \/><\/a><p class=\"wp-caption-text\">\u00a9 Stephen Shepard<\/p><\/div>\n<p style=\"text-align: justify;\">Cada d\u00eda se celebran una o m\u00e1s danzas diferentes, pero las m\u00e1s conocidas son los bailes del sombrero negro con los tambores, los del Ging, aquellos en donde bailan los enmascarados, y los que tienen lugar justo <b>cuando sacan las thangkas, uno de los momentos m\u00e1s esperados de las fiestas.<\/b><\/p>\n<div id=\"attachment_6604\" class=\"wp-caption aligncenter\" style=\"width: 442px\"><a href=\"\/\/www.lasociedadgeografica.com\/blog\/uploads\/2014\/04\/Post-2-Thangkas-de-Butan-cMario-Biondi.jpg\"><img loading=\"lazy\" decoding=\"async\" class=\" wp-image-6604   \" alt=\"\u00a9 Mario Biondi\" src=\"\/\/www.lasociedadgeografica.com\/blog\/uploads\/2014\/04\/Post-2-Thangkas-de-Butan-cMario-Biondi-1024x838.jpg\" width=\"442\" height=\"362\" srcset=\"https:\/\/www.lasociedadgeografica.com\/blog\/uploads\/2014\/04\/Post-2-Thangkas-de-Butan-cMario-Biondi-1024x838.jpg 1024w, https:\/\/www.lasociedadgeografica.com\/blog\/uploads\/2014\/04\/Post-2-Thangkas-de-Butan-cMario-Biondi-300x245.jpg 300w, https:\/\/www.lasociedadgeografica.com\/blog\/uploads\/2014\/04\/Post-2-Thangkas-de-Butan-cMario-Biondi.jpg 1221w\" sizes=\"auto, (max-width: 442px) 100vw, 442px\" \/><\/a><p class=\"wp-caption-text\">\u00a9 Mario Biondi<\/p><\/div>\n<p style=\"text-align: justify;\">Estas gigantescas pinturas con tapices bordados a mano, que pueden tener hasta 30 metros de altura, suelen representar a Gur\u00fa Rinpoche sentado entre deidades. <b>Dicen que con solo mirarlas ya est\u00e1s libre de pecado y del mal karma<\/b>, pero son tan delicadas que no puede darles la luz directa del sol. Cuando est\u00e1 a punto de amanecer, las thangkas se enrollan y se guardan hasta el a\u00f1o que viene, pero los danzantes siguen bailando. De hecho, no dejar\u00e1n de hacerlo hasta que no terminen las fiestas. \u00bfQui\u00e9n dijo cansancio?<\/p>\n","protected":false},"excerpt":{"rendered":"<p>Escrito por: Eva del Amo Asistir a uno de los Tsechu o festivales religiosos anuales que se celebran en But\u00e1n es adentrarse en una explosi\u00f3n de color, y todo ello al comp\u00e1s del fren\u00e9tico ritmo &hellip;<\/p>\n","protected":false},"author":1,"featured_media":0,"comment_status":"open","ping_status":"open","sticky":false,"template":"","format":"standard","meta":{"footnotes":""},"categories":[4,143,10,14],"tags":[1652,1653,1646,1654,1645,1643,1655,1649,1516,1650,1651,1647,1644,1648],"class_list":["post-6598","post","type-post","status-publish","format-standard","hentry","category-cultura","category-festividades","category-mitologia-y-religion","category-sgi","tag-bailes-del-sombrero-negro","tag-bailes-tradicionales-de-butan","tag-cultura-de-butan","tag-danzas-de-butan","tag-festivales-de-butan","tag-fietas-de-butan","tag-guru-rinpoche","tag-mongar","tag-paro","tag-tashigang","tag-thangkas","tag-timbu","tag-tsechu","tag-wangdu-phodrang"],"yoast_head":"<!-- This site is optimized with the Yoast SEO plugin v27.4 - https:\/\/yoast.com\/product\/yoast-seo-wordpress\/ -->\n<title>Danza con m\u00e1scaras en los Tsechu de But\u00e1n<\/title>\n<meta name=\"robots\" content=\"index, follow, max-snippet:-1, max-image-preview:large, max-video-preview:-1\" \/>\n<link rel=\"canonical\" href=\"https:\/\/www.lasociedadgeografica.com\/blog\/cultura\/danza-con-mascaras-en-los-tsechu-de-butan\/\" \/>\n<meta property=\"og:locale\" content=\"es_ES\" \/>\n<meta property=\"og:type\" content=\"article\" \/>\n<meta property=\"og:title\" content=\"Danza con m\u00e1scaras en los Tsechu de But\u00e1n\" \/>\n<meta property=\"og:description\" content=\"Escrito por: Eva del Amo Asistir a uno de los Tsechu o festivales religiosos anuales que se celebran en But\u00e1n es adentrarse en una explosi\u00f3n de color, y todo ello al comp\u00e1s del fren\u00e9tico ritmo &hellip;\" \/>\n<meta property=\"og:url\" content=\"https:\/\/www.lasociedadgeografica.com\/blog\/cultura\/danza-con-mascaras-en-los-tsechu-de-butan\/\" \/>\n<meta property=\"og:site_name\" content=\"Blog de viajes a India\" \/>\n<meta property=\"article:published_time\" content=\"2014-06-20T07:00:12+00:00\" \/>\n<meta property=\"article:modified_time\" content=\"2014-06-26T15:15:52+00:00\" \/>\n<meta property=\"og:image\" content=\"\/\/www.lasociedadgeografica.com\/blog\/uploads\/2014\/04\/Post-2-Danza-con-sombreros-negros-en-las-Tsechu-de-Butan-2-cStephen-Shepard-1024x768.jpg\" \/>\n<meta name=\"author\" content=\"SGI\" \/>\n<meta name=\"twitter:label1\" content=\"Escrito por\" \/>\n\t<meta name=\"twitter:data1\" content=\"SGI\" \/>\n\t<meta name=\"twitter:label2\" content=\"Tiempo de lectura\" \/>\n\t<meta name=\"twitter:data2\" content=\"3 minutos\" \/>\n<script type=\"application\/ld+json\" class=\"yoast-schema-graph\">{\"@context\":\"https:\\\/\\\/schema.org\",\"@graph\":[{\"@type\":\"Article\",\"@id\":\"https:\\\/\\\/www.lasociedadgeografica.com\\\/blog\\\/cultura\\\/danza-con-mascaras-en-los-tsechu-de-butan\\\/#article\",\"isPartOf\":{\"@id\":\"https:\\\/\\\/www.lasociedadgeografica.com\\\/blog\\\/cultura\\\/danza-con-mascaras-en-los-tsechu-de-butan\\\/\"},\"author\":{\"name\":\"SGI\",\"@id\":\"https:\\\/\\\/www.lasociedadgeografica.com\\\/blog\\\/#\\\/schema\\\/person\\\/4eb706084ebada5acb6f674d895232d2\"},\"headline\":\"Danza con m\u00e1scaras en los Tsechu de But\u00e1n\",\"datePublished\":\"2014-06-20T07:00:12+00:00\",\"dateModified\":\"2014-06-26T15:15:52+00:00\",\"mainEntityOfPage\":{\"@id\":\"https:\\\/\\\/www.lasociedadgeografica.com\\\/blog\\\/cultura\\\/danza-con-mascaras-en-los-tsechu-de-butan\\\/\"},\"wordCount\":533,\"commentCount\":0,\"keywords\":[\"bailes del sombrero negro\",\"bailes tradicionales de But\u00e1n\",\"cultura de But\u00e1n\",\"danzas de But\u00e1n\",\"festivales de But\u00e1n\",\"fietas de But\u00e1n\",\"Gur\u00fa Rinpoche\",\"Mongar\",\"Paro\",\"Tashigang\",\"thangkas\",\"Timbu\",\"Tsechu\",\"Wangdu Phodrang\"],\"articleSection\":[\"Cultura\",\"Festividades\",\"Mitolog\u00eda y religi\u00f3n\",\"SGI\"],\"inLanguage\":\"es\",\"potentialAction\":[{\"@type\":\"CommentAction\",\"name\":\"Comment\",\"target\":[\"https:\\\/\\\/www.lasociedadgeografica.com\\\/blog\\\/cultura\\\/danza-con-mascaras-en-los-tsechu-de-butan\\\/#respond\"]}]},{\"@type\":\"WebPage\",\"@id\":\"https:\\\/\\\/www.lasociedadgeografica.com\\\/blog\\\/cultura\\\/danza-con-mascaras-en-los-tsechu-de-butan\\\/\",\"url\":\"https:\\\/\\\/www.lasociedadgeografica.com\\\/blog\\\/cultura\\\/danza-con-mascaras-en-los-tsechu-de-butan\\\/\",\"name\":\"Danza con m\u00e1scaras en los Tsechu de But\u00e1n\",\"isPartOf\":{\"@id\":\"https:\\\/\\\/www.lasociedadgeografica.com\\\/blog\\\/#website\"},\"datePublished\":\"2014-06-20T07:00:12+00:00\",\"dateModified\":\"2014-06-26T15:15:52+00:00\",\"author\":{\"@id\":\"https:\\\/\\\/www.lasociedadgeografica.com\\\/blog\\\/#\\\/schema\\\/person\\\/4eb706084ebada5acb6f674d895232d2\"},\"breadcrumb\":{\"@id\":\"https:\\\/\\\/www.lasociedadgeografica.com\\\/blog\\\/cultura\\\/danza-con-mascaras-en-los-tsechu-de-butan\\\/#breadcrumb\"},\"inLanguage\":\"es\",\"potentialAction\":[{\"@type\":\"ReadAction\",\"target\":[\"https:\\\/\\\/www.lasociedadgeografica.com\\\/blog\\\/cultura\\\/danza-con-mascaras-en-los-tsechu-de-butan\\\/\"]}]},{\"@type\":\"BreadcrumbList\",\"@id\":\"https:\\\/\\\/www.lasociedadgeografica.com\\\/blog\\\/cultura\\\/danza-con-mascaras-en-los-tsechu-de-butan\\\/#breadcrumb\",\"itemListElement\":[{\"@type\":\"ListItem\",\"position\":1,\"name\":\"Portada\",\"item\":\"https:\\\/\\\/www.lasociedadgeografica.com\\\/blog\\\/\"},{\"@type\":\"ListItem\",\"position\":2,\"name\":\"Danza con m\u00e1scaras en los Tsechu de But\u00e1n\"}]},{\"@type\":\"WebSite\",\"@id\":\"https:\\\/\\\/www.lasociedadgeografica.com\\\/blog\\\/#website\",\"url\":\"https:\\\/\\\/www.lasociedadgeografica.com\\\/blog\\\/\",\"name\":\"Blog de viajes a India\",\"description\":\"Un lugar para Conocer India, con may\u00fasculas. El Blog de Sociedad Geogr\u00e1fica de las Indias.\",\"potentialAction\":[{\"@type\":\"SearchAction\",\"target\":{\"@type\":\"EntryPoint\",\"urlTemplate\":\"https:\\\/\\\/www.lasociedadgeografica.com\\\/blog\\\/?s={search_term_string}\"},\"query-input\":{\"@type\":\"PropertyValueSpecification\",\"valueRequired\":true,\"valueName\":\"search_term_string\"}}],\"inLanguage\":\"es\"},{\"@type\":\"Person\",\"@id\":\"https:\\\/\\\/www.lasociedadgeografica.com\\\/blog\\\/#\\\/schema\\\/person\\\/4eb706084ebada5acb6f674d895232d2\",\"name\":\"SGI\",\"image\":{\"@type\":\"ImageObject\",\"inLanguage\":\"es\",\"@id\":\"https:\\\/\\\/secure.gravatar.com\\\/avatar\\\/3b6518b4778a72cb0cada5ad3bf7536bf8fd05c7dc636ba9c80f95598fc13469?s=96&r=g\",\"url\":\"https:\\\/\\\/secure.gravatar.com\\\/avatar\\\/3b6518b4778a72cb0cada5ad3bf7536bf8fd05c7dc636ba9c80f95598fc13469?s=96&r=g\",\"contentUrl\":\"https:\\\/\\\/secure.gravatar.com\\\/avatar\\\/3b6518b4778a72cb0cada5ad3bf7536bf8fd05c7dc636ba9c80f95598fc13469?s=96&r=g\",\"caption\":\"SGI\"},\"description\":\"Sociedad Geogr\u00e1fica de las Indias, agencia especializada en viajes exclusivos y a medida a India. https:\\\/\\\/www.lasociedadgeografica.com\",\"sameAs\":[\"https:\\\/\\\/www.lasociedadgeografica.com\"],\"url\":\"https:\\\/\\\/www.lasociedadgeografica.com\\\/blog\\\/author\\\/admin\\\/\"}]}<\/script>\n<!-- \/ Yoast SEO plugin. -->","yoast_head_json":{"title":"Danza con m\u00e1scaras en los Tsechu de But\u00e1n","robots":{"index":"index","follow":"follow","max-snippet":"max-snippet:-1","max-image-preview":"max-image-preview:large","max-video-preview":"max-video-preview:-1"},"canonical":"https:\/\/www.lasociedadgeografica.com\/blog\/cultura\/danza-con-mascaras-en-los-tsechu-de-butan\/","og_locale":"es_ES","og_type":"article","og_title":"Danza con m\u00e1scaras en los Tsechu de But\u00e1n","og_description":"Escrito por: Eva del Amo Asistir a uno de los Tsechu o festivales religiosos anuales que se celebran en But\u00e1n es adentrarse en una explosi\u00f3n de color, y todo ello al comp\u00e1s del fren\u00e9tico ritmo &hellip;","og_url":"https:\/\/www.lasociedadgeografica.com\/blog\/cultura\/danza-con-mascaras-en-los-tsechu-de-butan\/","og_site_name":"Blog de viajes a India","article_published_time":"2014-06-20T07:00:12+00:00","article_modified_time":"2014-06-26T15:15:52+00:00","og_image":[{"url":"\/\/www.lasociedadgeografica.com\/blog\/uploads\/2014\/04\/Post-2-Danza-con-sombreros-negros-en-las-Tsechu-de-Butan-2-cStephen-Shepard-1024x768.jpg","type":"","width":"","height":""}],"author":"SGI","twitter_misc":{"Escrito por":"SGI","Tiempo de lectura":"3 minutos"},"schema":{"@context":"https:\/\/schema.org","@graph":[{"@type":"Article","@id":"https:\/\/www.lasociedadgeografica.com\/blog\/cultura\/danza-con-mascaras-en-los-tsechu-de-butan\/#article","isPartOf":{"@id":"https:\/\/www.lasociedadgeografica.com\/blog\/cultura\/danza-con-mascaras-en-los-tsechu-de-butan\/"},"author":{"name":"SGI","@id":"https:\/\/www.lasociedadgeografica.com\/blog\/#\/schema\/person\/4eb706084ebada5acb6f674d895232d2"},"headline":"Danza con m\u00e1scaras en los Tsechu de But\u00e1n","datePublished":"2014-06-20T07:00:12+00:00","dateModified":"2014-06-26T15:15:52+00:00","mainEntityOfPage":{"@id":"https:\/\/www.lasociedadgeografica.com\/blog\/cultura\/danza-con-mascaras-en-los-tsechu-de-butan\/"},"wordCount":533,"commentCount":0,"keywords":["bailes del sombrero negro","bailes tradicionales de But\u00e1n","cultura de But\u00e1n","danzas de But\u00e1n","festivales de But\u00e1n","fietas de But\u00e1n","Gur\u00fa Rinpoche","Mongar","Paro","Tashigang","thangkas","Timbu","Tsechu","Wangdu Phodrang"],"articleSection":["Cultura","Festividades","Mitolog\u00eda y religi\u00f3n","SGI"],"inLanguage":"es","potentialAction":[{"@type":"CommentAction","name":"Comment","target":["https:\/\/www.lasociedadgeografica.com\/blog\/cultura\/danza-con-mascaras-en-los-tsechu-de-butan\/#respond"]}]},{"@type":"WebPage","@id":"https:\/\/www.lasociedadgeografica.com\/blog\/cultura\/danza-con-mascaras-en-los-tsechu-de-butan\/","url":"https:\/\/www.lasociedadgeografica.com\/blog\/cultura\/danza-con-mascaras-en-los-tsechu-de-butan\/","name":"Danza con m\u00e1scaras en los Tsechu de But\u00e1n","isPartOf":{"@id":"https:\/\/www.lasociedadgeografica.com\/blog\/#website"},"datePublished":"2014-06-20T07:00:12+00:00","dateModified":"2014-06-26T15:15:52+00:00","author":{"@id":"https:\/\/www.lasociedadgeografica.com\/blog\/#\/schema\/person\/4eb706084ebada5acb6f674d895232d2"},"breadcrumb":{"@id":"https:\/\/www.lasociedadgeografica.com\/blog\/cultura\/danza-con-mascaras-en-los-tsechu-de-butan\/#breadcrumb"},"inLanguage":"es","potentialAction":[{"@type":"ReadAction","target":["https:\/\/www.lasociedadgeografica.com\/blog\/cultura\/danza-con-mascaras-en-los-tsechu-de-butan\/"]}]},{"@type":"BreadcrumbList","@id":"https:\/\/www.lasociedadgeografica.com\/blog\/cultura\/danza-con-mascaras-en-los-tsechu-de-butan\/#breadcrumb","itemListElement":[{"@type":"ListItem","position":1,"name":"Portada","item":"https:\/\/www.lasociedadgeografica.com\/blog\/"},{"@type":"ListItem","position":2,"name":"Danza con m\u00e1scaras en los Tsechu de But\u00e1n"}]},{"@type":"WebSite","@id":"https:\/\/www.lasociedadgeografica.com\/blog\/#website","url":"https:\/\/www.lasociedadgeografica.com\/blog\/","name":"Blog de viajes a India","description":"Un lugar para Conocer India, con may\u00fasculas. El Blog de Sociedad Geogr\u00e1fica de las Indias.","potentialAction":[{"@type":"SearchAction","target":{"@type":"EntryPoint","urlTemplate":"https:\/\/www.lasociedadgeografica.com\/blog\/?s={search_term_string}"},"query-input":{"@type":"PropertyValueSpecification","valueRequired":true,"valueName":"search_term_string"}}],"inLanguage":"es"},{"@type":"Person","@id":"https:\/\/www.lasociedadgeografica.com\/blog\/#\/schema\/person\/4eb706084ebada5acb6f674d895232d2","name":"SGI","image":{"@type":"ImageObject","inLanguage":"es","@id":"https:\/\/secure.gravatar.com\/avatar\/3b6518b4778a72cb0cada5ad3bf7536bf8fd05c7dc636ba9c80f95598fc13469?s=96&r=g","url":"https:\/\/secure.gravatar.com\/avatar\/3b6518b4778a72cb0cada5ad3bf7536bf8fd05c7dc636ba9c80f95598fc13469?s=96&r=g","contentUrl":"https:\/\/secure.gravatar.com\/avatar\/3b6518b4778a72cb0cada5ad3bf7536bf8fd05c7dc636ba9c80f95598fc13469?s=96&r=g","caption":"SGI"},"description":"Sociedad Geogr\u00e1fica de las Indias, agencia especializada en viajes exclusivos y a medida a India. https:\/\/www.lasociedadgeografica.com","sameAs":["https:\/\/www.lasociedadgeografica.com"],"url":"https:\/\/www.lasociedadgeografica.com\/blog\/author\/admin\/"}]}},"_links":{"self":[{"href":"https:\/\/www.lasociedadgeografica.com\/blog\/wp-json\/wp\/v2\/posts\/6598","targetHints":{"allow":["GET"]}}],"collection":[{"href":"https:\/\/www.lasociedadgeografica.com\/blog\/wp-json\/wp\/v2\/posts"}],"about":[{"href":"https:\/\/www.lasociedadgeografica.com\/blog\/wp-json\/wp\/v2\/types\/post"}],"author":[{"embeddable":true,"href":"https:\/\/www.lasociedadgeografica.com\/blog\/wp-json\/wp\/v2\/users\/1"}],"replies":[{"embeddable":true,"href":"https:\/\/www.lasociedadgeografica.com\/blog\/wp-json\/wp\/v2\/comments?post=6598"}],"version-history":[{"count":7,"href":"https:\/\/www.lasociedadgeografica.com\/blog\/wp-json\/wp\/v2\/posts\/6598\/revisions"}],"predecessor-version":[{"id":7279,"href":"https:\/\/www.lasociedadgeografica.com\/blog\/wp-json\/wp\/v2\/posts\/6598\/revisions\/7279"}],"wp:attachment":[{"href":"https:\/\/www.lasociedadgeografica.com\/blog\/wp-json\/wp\/v2\/media?parent=6598"}],"wp:term":[{"taxonomy":"category","embeddable":true,"href":"https:\/\/www.lasociedadgeografica.com\/blog\/wp-json\/wp\/v2\/categories?post=6598"},{"taxonomy":"post_tag","embeddable":true,"href":"https:\/\/www.lasociedadgeografica.com\/blog\/wp-json\/wp\/v2\/tags?post=6598"}],"curies":[{"name":"wp","href":"https:\/\/api.w.org\/{rel}","templated":true}]}}