{"id":7315,"date":"2014-07-04T09:00:48","date_gmt":"2014-07-04T07:00:48","guid":{"rendered":"https:\/\/www.lasociedadgeografica.com\/blog\/?p=7315"},"modified":"2014-08-12T10:16:19","modified_gmt":"2014-08-12T08:16:19","slug":"cachemira-la-historia-de-un-pais-en-conflicto","status":"publish","type":"post","link":"https:\/\/www.lasociedadgeografica.com\/blog\/sgi\/cachemira-la-historia-de-un-pais-en-conflicto\/","title":{"rendered":"Cachemira, la historia de un pa\u00eds en conflicto"},"content":{"rendered":"\n\n<div class=\"kk-star-ratings kksr-auto kksr-align-left kksr-valign-top\"\n    data-payload='{&quot;align&quot;:&quot;left&quot;,&quot;id&quot;:&quot;7315&quot;,&quot;slug&quot;:&quot;default&quot;,&quot;valign&quot;:&quot;top&quot;,&quot;ignore&quot;:&quot;&quot;,&quot;reference&quot;:&quot;auto&quot;,&quot;class&quot;:&quot;&quot;,&quot;count&quot;:&quot;72&quot;,&quot;legendonly&quot;:&quot;&quot;,&quot;readonly&quot;:&quot;&quot;,&quot;score&quot;:&quot;4.2&quot;,&quot;starsonly&quot;:&quot;&quot;,&quot;best&quot;:&quot;5&quot;,&quot;gap&quot;:&quot;6&quot;,&quot;greet&quot;:&quot;&quot;,&quot;legend&quot;:&quot;4.2\\\/5 - (72 votos)&quot;,&quot;size&quot;:&quot;22&quot;,&quot;title&quot;:&quot;Cachemira, la historia de un pa\u00eds en conflicto&quot;,&quot;width&quot;:&quot;114.6&quot;,&quot;_legend&quot;:&quot;{score}\\\/{best} - ({count} {votes})&quot;,&quot;font_factor&quot;:&quot;1.25&quot;}'>\n            \n<div class=\"kksr-stars\">\n    \n<div class=\"kksr-stars-inactive\">\n            <div class=\"kksr-star\" data-star=\"1\" style=\"padding-right: 6px\">\n            \n\n<div class=\"kksr-icon\" style=\"width: 22px; height: 22px;\"><\/div>\n        <\/div>\n            <div class=\"kksr-star\" data-star=\"2\" style=\"padding-right: 6px\">\n            \n\n<div class=\"kksr-icon\" style=\"width: 22px; height: 22px;\"><\/div>\n        <\/div>\n            <div class=\"kksr-star\" data-star=\"3\" style=\"padding-right: 6px\">\n            \n\n<div class=\"kksr-icon\" style=\"width: 22px; height: 22px;\"><\/div>\n        <\/div>\n            <div class=\"kksr-star\" data-star=\"4\" style=\"padding-right: 6px\">\n            \n\n<div class=\"kksr-icon\" style=\"width: 22px; height: 22px;\"><\/div>\n        <\/div>\n            <div class=\"kksr-star\" data-star=\"5\" style=\"padding-right: 6px\">\n            \n\n<div class=\"kksr-icon\" style=\"width: 22px; height: 22px;\"><\/div>\n        <\/div>\n    <\/div>\n    \n<div class=\"kksr-stars-active\" style=\"width: 114.6px;\">\n            <div class=\"kksr-star\" style=\"padding-right: 6px\">\n            \n\n<div class=\"kksr-icon\" style=\"width: 22px; height: 22px;\"><\/div>\n        <\/div>\n            <div class=\"kksr-star\" style=\"padding-right: 6px\">\n            \n\n<div class=\"kksr-icon\" style=\"width: 22px; height: 22px;\"><\/div>\n        <\/div>\n            <div class=\"kksr-star\" style=\"padding-right: 6px\">\n            \n\n<div class=\"kksr-icon\" style=\"width: 22px; height: 22px;\"><\/div>\n        <\/div>\n            <div class=\"kksr-star\" style=\"padding-right: 6px\">\n            \n\n<div class=\"kksr-icon\" style=\"width: 22px; height: 22px;\"><\/div>\n        <\/div>\n            <div class=\"kksr-star\" style=\"padding-right: 6px\">\n            \n\n<div class=\"kksr-icon\" style=\"width: 22px; height: 22px;\"><\/div>\n        <\/div>\n    <\/div>\n<\/div>\n                \n\n<div class=\"kksr-legend\" style=\"font-size: 17.6px;\">\n            4.2\/5 - (72 votos)    <\/div>\n    <\/div>\n<p style=\"text-align: justify;\">Escrito por: Esther Pardo<\/p>\n<p style=\"text-align: justify;\">Hay lugares en el mundo que, pese a la belleza de sus tierras, parecen destinados a no encontrar la paz. Cachemira es uno de ellos. Su historia y su hermoso paisaje est\u00e1n asociados a la lucha, desde que en 1947 <a title=\"15 de agosto. D\u00eda de la Independencia India\" href=\"https:\/\/www.lasociedadgeografica.com\/blog\/festividades\/15-agosto-dia-de-la-independencia-india-sociedad-geografica-de-las-indias\/\" target=\"_blank\">India y Pakist\u00e1n lograran su independencia<\/a> y ambos desearan anexionar a su territorio un pedazo del para\u00edso en la tierra.<\/p>\n<p><div id=\"attachment_7316\" class=\"wp-caption aligncenter\" style=\"width: 486px\"><a href=\"\/\/www.lasociedadgeografica.com\/blog\/uploads\/2014\/07\/POST-3-PAISAJE-NATURAL-DE-GULMARG-CHACHEMIRA-c-Shabasharat-.jpg\" target=\"_blank\"><img loading=\"lazy\" decoding=\"async\" class=\" wp-image-7316    \" title=\"PAISAJE NATURAL DE GULMARG, CACHEMIRA\" src=\"\/\/www.lasociedadgeografica.com\/blog\/uploads\/2014\/07\/POST-3-PAISAJE-NATURAL-DE-GULMARG-CHACHEMIRA-c-Shabasharat-.jpg\" alt=\"PAISAJE NATURAL DE GULMARG, CACHEMIRA\" width=\"486\" height=\"365\" srcset=\"https:\/\/www.lasociedadgeografica.com\/blog\/uploads\/2014\/07\/POST-3-PAISAJE-NATURAL-DE-GULMARG-CHACHEMIRA-c-Shabasharat-.jpg 1024w, https:\/\/www.lasociedadgeografica.com\/blog\/uploads\/2014\/07\/POST-3-PAISAJE-NATURAL-DE-GULMARG-CHACHEMIRA-c-Shabasharat--300x225.jpg 300w\" sizes=\"auto, (max-width: 486px) 100vw, 486px\" \/><\/a><p class=\"wp-caption-text\">\u00a9 Shabasharat<\/p><\/div><br \/>\n<a name=\"smore-\"><\/a><\/p>\n<p style=\"text-align: justify;\">Ocupada por ej\u00e9rcitos, escenario de guerra de guerrillas y terrorismo desde hace m\u00e1s de 60 a\u00f1os, todo lo bueno que parec\u00eda estar destinado a Cachemira se frustr\u00f3 por los deseos de conquista de sus vecinos. Cuando el Imperio Brit\u00e1nico sali\u00f3 del subcontinente indio, se produjo la partici\u00f3n del mismo entre las zonas de mayor\u00eda hind\u00fa (India) y las de preeminencia isl\u00e1mica (Pakist\u00e1n). Sin embargo, la regi\u00f3n de Cachemira situada entre ambas (al norte de India y al este de Pakist\u00e1n), pese a ser mayoritariamente musulmana, ten\u00eda un gobernante hind\u00fa, y ambos nuevos pa\u00edses decidieron que esta zona fronteriza estrat\u00e9gica era una petici\u00f3n irrenunciable para ambos. Por ello, nunca se llev\u00f3 a cabo el refer\u00e9ndum propuesto en principio para que los propios cachemires decidieran sobre su futuro.<\/p>\n<p style=\"text-align: justify;\"><a href=\"\/\/www.lasociedadgeografica.com\/blog\/uploads\/2014\/07\/640px-Kashmir_map_big.jpg\" target=\"_blank\"><img loading=\"lazy\" decoding=\"async\" class=\"alignleft  wp-image-7317\" title=\"Mapa de Cachemira\" src=\"\/\/www.lasociedadgeografica.com\/blog\/uploads\/2014\/07\/640px-Kashmir_map_big.jpg\" alt=\"Kashmir_map_big\" width=\"167\" height=\"194\" \/><\/a>As\u00ed comenz\u00f3 la primera guerra que finaliz\u00f3 en 1948 marcando una L\u00ednea de Control que delimita las posiciones de los ej\u00e9rcitos de ambas potencias. A este primer conflicto b\u00e9lico se le unieron otras dos guerras indo-pakistan\u00edes (1965 y 1971, esta \u00faltima por la separaci\u00f3n de Bangladesh), y a punto estuvo de celebrarse una cuarta en 2002, cuando ambas potencias ya contaban con armamento nuclear, por lo que tuvieron a todo el continente en vilo ante la que pudo haber sido la primera guerra at\u00f3mica.<\/p>\n<p style=\"text-align: justify;\">En la actualidad, India ocupa un 45% del territorio mientras que Pakist\u00e1n hace lo propio con un tercio y China con el resto de territorio, obtenido tras un conflicto con India en 1962.<\/p>\n<div id=\"attachment_7319\" class=\"wp-caption aligncenter\" style=\"width: 486px\"><a href=\"\/\/www.lasociedadgeografica.com\/blog\/uploads\/2014\/07\/India-Amarnath-Kashmir-c-sandeepachetan.jpg\" target=\"_blank\"><img loading=\"lazy\" decoding=\"async\" class=\" wp-image-7319    \" title=\"India, Amarnath, Kashmir\" src=\"\/\/www.lasociedadgeografica.com\/blog\/uploads\/2014\/07\/India-Amarnath-Kashmir-c-sandeepachetan.jpg\" alt=\"India, Amarnath, Kashmir\" width=\"486\" height=\"325\" srcset=\"https:\/\/www.lasociedadgeografica.com\/blog\/uploads\/2014\/07\/India-Amarnath-Kashmir-c-sandeepachetan.jpg 1024w, https:\/\/www.lasociedadgeografica.com\/blog\/uploads\/2014\/07\/India-Amarnath-Kashmir-c-sandeepachetan-300x200.jpg 300w\" sizes=\"auto, (max-width: 486px) 100vw, 486px\" \/><\/a><p class=\"wp-caption-text\"><a href=\"http:\/\/sandeepachetan.com\/\" target=\"_blank\">\u00a9 sandeepachetan.com<\/a><\/p><\/div>\n<p style=\"text-align: justify;\">Las familias cachemires, casi todas marcadas por el conflicto, contin\u00faan con el deseo de independizarse de los dos yugos que la someten desde 1947. De ah\u00ed, que pasaran de ser partidarios de uno u otro bando, a optar por sus propios intereses independentistas en los a\u00f1os 80, provocando el estallido en 1989 de una revuelta contra la presencia india en el Estado de Jammu-Cachemira. Fue entonces cuando Pakist\u00e1n trat\u00f3 de transformar estos movimientos de independencia por unos de anexi\u00f3n a su territorio. No lo consiguieron. La represi\u00f3n por parte del gobierno indio fue brutal, tanto en esa d\u00e9cada como en los 90, y enfri\u00f3, m\u00e1s si cabe, las relaciones con Islamabad, acus\u00e1ndoles de apoyar y suministrar armas a los independentistas.<\/p>\n<div id=\"attachment_7322\" class=\"wp-caption aligncenter\" style=\"width: 486px\"><a href=\"\/\/www.lasociedadgeografica.com\/blog\/uploads\/2014\/07\/POST-3-c-sandeepachetan.com_.jpg\" target=\"_blank\"><img loading=\"lazy\" decoding=\"async\" class=\" wp-image-7322    \" title=\"Mountain Landscape - Karsha monastery, Karsha, Zanskar, India\" src=\"\/\/www.lasociedadgeografica.com\/blog\/uploads\/2014\/07\/POST-3-c-sandeepachetan.com_.jpg\" alt=\"Mountain Landscape - Karsha monastery, Karsha, Zanskar, India\" width=\"486\" height=\"97\" srcset=\"https:\/\/www.lasociedadgeografica.com\/blog\/uploads\/2014\/07\/POST-3-c-sandeepachetan.com_.jpg 1024w, https:\/\/www.lasociedadgeografica.com\/blog\/uploads\/2014\/07\/POST-3-c-sandeepachetan.com_-300x59.jpg 300w\" sizes=\"auto, (max-width: 486px) 100vw, 486px\" \/><\/a><p class=\"wp-caption-text\"><a href=\"http:\/\/sandeepachetan.com\/\" target=\"_blank\">\u00a9 sandeepachetan.com<\/a><\/p><\/div>\n<p style=\"text-align: justify;\">En la actualidad, ni en Pakist\u00e1n ni en India hay deseos de dejarla libre, pese a que se respire cierta calma en el polvor\u00edn. \u201cEl Valle Feliz\u201d, como era denominado por los ingleses, todav\u00eda sigue anhelando libertad para poder disfrutar en calma del verdor de sus valles, del azul limpio del cielo y de las blancas cumbres del Himalaya, sin que bajo ese paisaje se esconda la muerte.<\/p>\n","protected":false},"excerpt":{"rendered":"<p>Escrito por: Esther Pardo Hay lugares en el mundo que, pese a la belleza de sus tierras, parecen destinados a no encontrar la paz. Cachemira es uno de ellos. Su historia y su hermoso paisaje &hellip;<\/p>\n","protected":false},"author":1,"featured_media":0,"comment_status":"open","ping_status":"open","sticky":false,"template":"","format":"standard","meta":{"footnotes":""},"categories":[1099,430,14],"tags":[2048,2053,641,442,2049,2042,2050,147,144,1220,2043,2041,2051,2044,325,2047,2046,2045,2052],"class_list":["post-7315","post","type-post","status-publish","format-standard","hentry","category-destinos","category-historia-2","category-sgi","tag-2048","tag-anexion","tag-cachemira","tag-china","tag-conflicto-belico","tag-el-valle-feliz","tag-guerras-indo-pakistanies","tag-imperio-britanico","tag-independencia","tag-india","tag-islamabad","tag-jammu-cachemira","tag-linea-de-control","tag-movimientos-independentistas","tag-pakistan","tag-paraiso","tag-primera-guerra-atomica","tag-represion","tag-separacion-de-bangladesh"],"yoast_head":"<!-- This site is optimized with the Yoast SEO plugin v27.4 - https:\/\/yoast.com\/product\/yoast-seo-wordpress\/ -->\n<title>Cachemira, la historia de un pa\u00eds en conflicto<\/title>\n<meta name=\"robots\" content=\"index, follow, max-snippet:-1, max-image-preview:large, max-video-preview:-1\" \/>\n<link rel=\"canonical\" href=\"https:\/\/www.lasociedadgeografica.com\/blog\/sgi\/cachemira-la-historia-de-un-pais-en-conflicto\/\" \/>\n<meta property=\"og:locale\" content=\"es_ES\" \/>\n<meta property=\"og:type\" content=\"article\" \/>\n<meta property=\"og:title\" content=\"Cachemira, la historia de un pa\u00eds en conflicto\" \/>\n<meta property=\"og:description\" content=\"Escrito por: Esther Pardo Hay lugares en el mundo que, pese a la belleza de sus tierras, parecen destinados a no encontrar la paz. Cachemira es uno de ellos. Su historia y su hermoso paisaje &hellip;\" \/>\n<meta property=\"og:url\" content=\"https:\/\/www.lasociedadgeografica.com\/blog\/sgi\/cachemira-la-historia-de-un-pais-en-conflicto\/\" \/>\n<meta property=\"og:site_name\" content=\"Blog de viajes a India\" \/>\n<meta property=\"article:published_time\" content=\"2014-07-04T07:00:48+00:00\" \/>\n<meta property=\"article:modified_time\" content=\"2014-08-12T08:16:19+00:00\" \/>\n<meta property=\"og:image\" content=\"\/\/www.lasociedadgeografica.com\/blog\/uploads\/2014\/07\/POST-3-PAISAJE-NATURAL-DE-GULMARG-CHACHEMIRA-c-Shabasharat-.jpg\" \/>\n<meta name=\"author\" content=\"SGI\" \/>\n<meta name=\"twitter:label1\" content=\"Escrito por\" \/>\n\t<meta name=\"twitter:data1\" content=\"SGI\" \/>\n\t<meta name=\"twitter:label2\" content=\"Tiempo de lectura\" \/>\n\t<meta name=\"twitter:data2\" content=\"3 minutos\" \/>\n<script type=\"application\/ld+json\" class=\"yoast-schema-graph\">{\"@context\":\"https:\\\/\\\/schema.org\",\"@graph\":[{\"@type\":\"Article\",\"@id\":\"https:\\\/\\\/www.lasociedadgeografica.com\\\/blog\\\/sgi\\\/cachemira-la-historia-de-un-pais-en-conflicto\\\/#article\",\"isPartOf\":{\"@id\":\"https:\\\/\\\/www.lasociedadgeografica.com\\\/blog\\\/sgi\\\/cachemira-la-historia-de-un-pais-en-conflicto\\\/\"},\"author\":{\"name\":\"SGI\",\"@id\":\"https:\\\/\\\/www.lasociedadgeografica.com\\\/blog\\\/#\\\/schema\\\/person\\\/4eb706084ebada5acb6f674d895232d2\"},\"headline\":\"Cachemira, la historia de un pa\u00eds en conflicto\",\"datePublished\":\"2014-07-04T07:00:48+00:00\",\"dateModified\":\"2014-08-12T08:16:19+00:00\",\"mainEntityOfPage\":{\"@id\":\"https:\\\/\\\/www.lasociedadgeografica.com\\\/blog\\\/sgi\\\/cachemira-la-historia-de-un-pais-en-conflicto\\\/\"},\"wordCount\":555,\"commentCount\":1,\"keywords\":[\"1947\",\"anexi\u00f3n\",\"Cachemira\",\"china\",\"conflicto b\u00e9lico\",\"El Valle Feliz\",\"guerras indo-pakistan\u00edes\",\"imperio brit\u00e1nico\",\"independencia\",\"India\",\"Islamabad\",\"Jammu-Cachemira\",\"L\u00ednea de Control\",\"movimientos independentistas\",\"pakist\u00e1n\",\"para\u00edso\",\"primera guerra at\u00f3mica\",\"represi\u00f3n\",\"separaci\u00f3n de Bangladesh\"],\"articleSection\":[\"Destinos\",\"Historia\",\"SGI\"],\"inLanguage\":\"es\",\"potentialAction\":[{\"@type\":\"CommentAction\",\"name\":\"Comment\",\"target\":[\"https:\\\/\\\/www.lasociedadgeografica.com\\\/blog\\\/sgi\\\/cachemira-la-historia-de-un-pais-en-conflicto\\\/#respond\"]}]},{\"@type\":\"WebPage\",\"@id\":\"https:\\\/\\\/www.lasociedadgeografica.com\\\/blog\\\/sgi\\\/cachemira-la-historia-de-un-pais-en-conflicto\\\/\",\"url\":\"https:\\\/\\\/www.lasociedadgeografica.com\\\/blog\\\/sgi\\\/cachemira-la-historia-de-un-pais-en-conflicto\\\/\",\"name\":\"Cachemira, la historia de un pa\u00eds en conflicto\",\"isPartOf\":{\"@id\":\"https:\\\/\\\/www.lasociedadgeografica.com\\\/blog\\\/#website\"},\"datePublished\":\"2014-07-04T07:00:48+00:00\",\"dateModified\":\"2014-08-12T08:16:19+00:00\",\"author\":{\"@id\":\"https:\\\/\\\/www.lasociedadgeografica.com\\\/blog\\\/#\\\/schema\\\/person\\\/4eb706084ebada5acb6f674d895232d2\"},\"breadcrumb\":{\"@id\":\"https:\\\/\\\/www.lasociedadgeografica.com\\\/blog\\\/sgi\\\/cachemira-la-historia-de-un-pais-en-conflicto\\\/#breadcrumb\"},\"inLanguage\":\"es\",\"potentialAction\":[{\"@type\":\"ReadAction\",\"target\":[\"https:\\\/\\\/www.lasociedadgeografica.com\\\/blog\\\/sgi\\\/cachemira-la-historia-de-un-pais-en-conflicto\\\/\"]}]},{\"@type\":\"BreadcrumbList\",\"@id\":\"https:\\\/\\\/www.lasociedadgeografica.com\\\/blog\\\/sgi\\\/cachemira-la-historia-de-un-pais-en-conflicto\\\/#breadcrumb\",\"itemListElement\":[{\"@type\":\"ListItem\",\"position\":1,\"name\":\"Portada\",\"item\":\"https:\\\/\\\/www.lasociedadgeografica.com\\\/blog\\\/\"},{\"@type\":\"ListItem\",\"position\":2,\"name\":\"Cachemira, la historia de un pa\u00eds en conflicto\"}]},{\"@type\":\"WebSite\",\"@id\":\"https:\\\/\\\/www.lasociedadgeografica.com\\\/blog\\\/#website\",\"url\":\"https:\\\/\\\/www.lasociedadgeografica.com\\\/blog\\\/\",\"name\":\"Blog de viajes a India\",\"description\":\"Un lugar para Conocer India, con may\u00fasculas. El Blog de Sociedad Geogr\u00e1fica de las Indias.\",\"potentialAction\":[{\"@type\":\"SearchAction\",\"target\":{\"@type\":\"EntryPoint\",\"urlTemplate\":\"https:\\\/\\\/www.lasociedadgeografica.com\\\/blog\\\/?s={search_term_string}\"},\"query-input\":{\"@type\":\"PropertyValueSpecification\",\"valueRequired\":true,\"valueName\":\"search_term_string\"}}],\"inLanguage\":\"es\"},{\"@type\":\"Person\",\"@id\":\"https:\\\/\\\/www.lasociedadgeografica.com\\\/blog\\\/#\\\/schema\\\/person\\\/4eb706084ebada5acb6f674d895232d2\",\"name\":\"SGI\",\"image\":{\"@type\":\"ImageObject\",\"inLanguage\":\"es\",\"@id\":\"https:\\\/\\\/secure.gravatar.com\\\/avatar\\\/3b6518b4778a72cb0cada5ad3bf7536bf8fd05c7dc636ba9c80f95598fc13469?s=96&r=g\",\"url\":\"https:\\\/\\\/secure.gravatar.com\\\/avatar\\\/3b6518b4778a72cb0cada5ad3bf7536bf8fd05c7dc636ba9c80f95598fc13469?s=96&r=g\",\"contentUrl\":\"https:\\\/\\\/secure.gravatar.com\\\/avatar\\\/3b6518b4778a72cb0cada5ad3bf7536bf8fd05c7dc636ba9c80f95598fc13469?s=96&r=g\",\"caption\":\"SGI\"},\"description\":\"Sociedad Geogr\u00e1fica de las Indias, agencia especializada en viajes exclusivos y a medida a India. https:\\\/\\\/www.lasociedadgeografica.com\",\"sameAs\":[\"https:\\\/\\\/www.lasociedadgeografica.com\"],\"url\":\"https:\\\/\\\/www.lasociedadgeografica.com\\\/blog\\\/author\\\/admin\\\/\"}]}<\/script>\n<!-- \/ Yoast SEO plugin. -->","yoast_head_json":{"title":"Cachemira, la historia de un pa\u00eds en conflicto","robots":{"index":"index","follow":"follow","max-snippet":"max-snippet:-1","max-image-preview":"max-image-preview:large","max-video-preview":"max-video-preview:-1"},"canonical":"https:\/\/www.lasociedadgeografica.com\/blog\/sgi\/cachemira-la-historia-de-un-pais-en-conflicto\/","og_locale":"es_ES","og_type":"article","og_title":"Cachemira, la historia de un pa\u00eds en conflicto","og_description":"Escrito por: Esther Pardo Hay lugares en el mundo que, pese a la belleza de sus tierras, parecen destinados a no encontrar la paz. Cachemira es uno de ellos. Su historia y su hermoso paisaje &hellip;","og_url":"https:\/\/www.lasociedadgeografica.com\/blog\/sgi\/cachemira-la-historia-de-un-pais-en-conflicto\/","og_site_name":"Blog de viajes a India","article_published_time":"2014-07-04T07:00:48+00:00","article_modified_time":"2014-08-12T08:16:19+00:00","og_image":[{"url":"\/\/www.lasociedadgeografica.com\/blog\/uploads\/2014\/07\/POST-3-PAISAJE-NATURAL-DE-GULMARG-CHACHEMIRA-c-Shabasharat-.jpg","type":"","width":"","height":""}],"author":"SGI","twitter_misc":{"Escrito por":"SGI","Tiempo de lectura":"3 minutos"},"schema":{"@context":"https:\/\/schema.org","@graph":[{"@type":"Article","@id":"https:\/\/www.lasociedadgeografica.com\/blog\/sgi\/cachemira-la-historia-de-un-pais-en-conflicto\/#article","isPartOf":{"@id":"https:\/\/www.lasociedadgeografica.com\/blog\/sgi\/cachemira-la-historia-de-un-pais-en-conflicto\/"},"author":{"name":"SGI","@id":"https:\/\/www.lasociedadgeografica.com\/blog\/#\/schema\/person\/4eb706084ebada5acb6f674d895232d2"},"headline":"Cachemira, la historia de un pa\u00eds en conflicto","datePublished":"2014-07-04T07:00:48+00:00","dateModified":"2014-08-12T08:16:19+00:00","mainEntityOfPage":{"@id":"https:\/\/www.lasociedadgeografica.com\/blog\/sgi\/cachemira-la-historia-de-un-pais-en-conflicto\/"},"wordCount":555,"commentCount":1,"keywords":["1947","anexi\u00f3n","Cachemira","china","conflicto b\u00e9lico","El Valle Feliz","guerras indo-pakistan\u00edes","imperio brit\u00e1nico","independencia","India","Islamabad","Jammu-Cachemira","L\u00ednea de Control","movimientos independentistas","pakist\u00e1n","para\u00edso","primera guerra at\u00f3mica","represi\u00f3n","separaci\u00f3n de Bangladesh"],"articleSection":["Destinos","Historia","SGI"],"inLanguage":"es","potentialAction":[{"@type":"CommentAction","name":"Comment","target":["https:\/\/www.lasociedadgeografica.com\/blog\/sgi\/cachemira-la-historia-de-un-pais-en-conflicto\/#respond"]}]},{"@type":"WebPage","@id":"https:\/\/www.lasociedadgeografica.com\/blog\/sgi\/cachemira-la-historia-de-un-pais-en-conflicto\/","url":"https:\/\/www.lasociedadgeografica.com\/blog\/sgi\/cachemira-la-historia-de-un-pais-en-conflicto\/","name":"Cachemira, la historia de un pa\u00eds en conflicto","isPartOf":{"@id":"https:\/\/www.lasociedadgeografica.com\/blog\/#website"},"datePublished":"2014-07-04T07:00:48+00:00","dateModified":"2014-08-12T08:16:19+00:00","author":{"@id":"https:\/\/www.lasociedadgeografica.com\/blog\/#\/schema\/person\/4eb706084ebada5acb6f674d895232d2"},"breadcrumb":{"@id":"https:\/\/www.lasociedadgeografica.com\/blog\/sgi\/cachemira-la-historia-de-un-pais-en-conflicto\/#breadcrumb"},"inLanguage":"es","potentialAction":[{"@type":"ReadAction","target":["https:\/\/www.lasociedadgeografica.com\/blog\/sgi\/cachemira-la-historia-de-un-pais-en-conflicto\/"]}]},{"@type":"BreadcrumbList","@id":"https:\/\/www.lasociedadgeografica.com\/blog\/sgi\/cachemira-la-historia-de-un-pais-en-conflicto\/#breadcrumb","itemListElement":[{"@type":"ListItem","position":1,"name":"Portada","item":"https:\/\/www.lasociedadgeografica.com\/blog\/"},{"@type":"ListItem","position":2,"name":"Cachemira, la historia de un pa\u00eds en conflicto"}]},{"@type":"WebSite","@id":"https:\/\/www.lasociedadgeografica.com\/blog\/#website","url":"https:\/\/www.lasociedadgeografica.com\/blog\/","name":"Blog de viajes a India","description":"Un lugar para Conocer India, con may\u00fasculas. El Blog de Sociedad Geogr\u00e1fica de las Indias.","potentialAction":[{"@type":"SearchAction","target":{"@type":"EntryPoint","urlTemplate":"https:\/\/www.lasociedadgeografica.com\/blog\/?s={search_term_string}"},"query-input":{"@type":"PropertyValueSpecification","valueRequired":true,"valueName":"search_term_string"}}],"inLanguage":"es"},{"@type":"Person","@id":"https:\/\/www.lasociedadgeografica.com\/blog\/#\/schema\/person\/4eb706084ebada5acb6f674d895232d2","name":"SGI","image":{"@type":"ImageObject","inLanguage":"es","@id":"https:\/\/secure.gravatar.com\/avatar\/3b6518b4778a72cb0cada5ad3bf7536bf8fd05c7dc636ba9c80f95598fc13469?s=96&r=g","url":"https:\/\/secure.gravatar.com\/avatar\/3b6518b4778a72cb0cada5ad3bf7536bf8fd05c7dc636ba9c80f95598fc13469?s=96&r=g","contentUrl":"https:\/\/secure.gravatar.com\/avatar\/3b6518b4778a72cb0cada5ad3bf7536bf8fd05c7dc636ba9c80f95598fc13469?s=96&r=g","caption":"SGI"},"description":"Sociedad Geogr\u00e1fica de las Indias, agencia especializada en viajes exclusivos y a medida a India. https:\/\/www.lasociedadgeografica.com","sameAs":["https:\/\/www.lasociedadgeografica.com"],"url":"https:\/\/www.lasociedadgeografica.com\/blog\/author\/admin\/"}]}},"_links":{"self":[{"href":"https:\/\/www.lasociedadgeografica.com\/blog\/wp-json\/wp\/v2\/posts\/7315","targetHints":{"allow":["GET"]}}],"collection":[{"href":"https:\/\/www.lasociedadgeografica.com\/blog\/wp-json\/wp\/v2\/posts"}],"about":[{"href":"https:\/\/www.lasociedadgeografica.com\/blog\/wp-json\/wp\/v2\/types\/post"}],"author":[{"embeddable":true,"href":"https:\/\/www.lasociedadgeografica.com\/blog\/wp-json\/wp\/v2\/users\/1"}],"replies":[{"embeddable":true,"href":"https:\/\/www.lasociedadgeografica.com\/blog\/wp-json\/wp\/v2\/comments?post=7315"}],"version-history":[{"count":9,"href":"https:\/\/www.lasociedadgeografica.com\/blog\/wp-json\/wp\/v2\/posts\/7315\/revisions"}],"predecessor-version":[{"id":7732,"href":"https:\/\/www.lasociedadgeografica.com\/blog\/wp-json\/wp\/v2\/posts\/7315\/revisions\/7732"}],"wp:attachment":[{"href":"https:\/\/www.lasociedadgeografica.com\/blog\/wp-json\/wp\/v2\/media?parent=7315"}],"wp:term":[{"taxonomy":"category","embeddable":true,"href":"https:\/\/www.lasociedadgeografica.com\/blog\/wp-json\/wp\/v2\/categories?post=7315"},{"taxonomy":"post_tag","embeddable":true,"href":"https:\/\/www.lasociedadgeografica.com\/blog\/wp-json\/wp\/v2\/tags?post=7315"}],"curies":[{"name":"wp","href":"https:\/\/api.w.org\/{rel}","templated":true}]}}