{"id":879,"date":"2010-09-17T16:40:36","date_gmt":"2010-09-17T14:40:36","guid":{"rendered":"https:\/\/www.lasociedadgeografica.com\/blog\/?p=879"},"modified":"2017-05-31T12:11:28","modified_gmt":"2017-05-31T10:11:28","slug":"viajar-avion-clase-turista-business-primera","status":"publish","type":"post","link":"https:\/\/www.lasociedadgeografica.com\/blog\/informacion-util\/viajar-avion-clase-turista-business-primera\/","title":{"rendered":"\u00bfC\u00f3mo viajar en avi\u00f3n? Turista, \u201cBusiness\u201d y Primera"},"content":{"rendered":"\n\n<div class=\"kk-star-ratings kksr-auto kksr-align-left kksr-valign-top\"\n    data-payload='{&quot;align&quot;:&quot;left&quot;,&quot;id&quot;:&quot;879&quot;,&quot;slug&quot;:&quot;default&quot;,&quot;valign&quot;:&quot;top&quot;,&quot;ignore&quot;:&quot;&quot;,&quot;reference&quot;:&quot;auto&quot;,&quot;class&quot;:&quot;&quot;,&quot;count&quot;:&quot;1&quot;,&quot;legendonly&quot;:&quot;&quot;,&quot;readonly&quot;:&quot;&quot;,&quot;score&quot;:&quot;5&quot;,&quot;starsonly&quot;:&quot;&quot;,&quot;best&quot;:&quot;5&quot;,&quot;gap&quot;:&quot;6&quot;,&quot;greet&quot;:&quot;&quot;,&quot;legend&quot;:&quot;5\\\/5 - (1 voto)&quot;,&quot;size&quot;:&quot;22&quot;,&quot;title&quot;:&quot;\u00bfC\u00f3mo viajar en avi\u00f3n? Turista, \u201cBusiness\u201d y Primera&quot;,&quot;width&quot;:&quot;137&quot;,&quot;_legend&quot;:&quot;{score}\\\/{best} - ({count} {votes})&quot;,&quot;font_factor&quot;:&quot;1.25&quot;}'>\n            \n<div class=\"kksr-stars\">\n    \n<div class=\"kksr-stars-inactive\">\n            <div class=\"kksr-star\" data-star=\"1\" style=\"padding-right: 6px\">\n            \n\n<div class=\"kksr-icon\" style=\"width: 22px; height: 22px;\"><\/div>\n        <\/div>\n            <div class=\"kksr-star\" data-star=\"2\" style=\"padding-right: 6px\">\n            \n\n<div class=\"kksr-icon\" style=\"width: 22px; height: 22px;\"><\/div>\n        <\/div>\n            <div class=\"kksr-star\" data-star=\"3\" style=\"padding-right: 6px\">\n            \n\n<div class=\"kksr-icon\" style=\"width: 22px; height: 22px;\"><\/div>\n        <\/div>\n            <div class=\"kksr-star\" data-star=\"4\" style=\"padding-right: 6px\">\n            \n\n<div class=\"kksr-icon\" style=\"width: 22px; height: 22px;\"><\/div>\n        <\/div>\n            <div class=\"kksr-star\" data-star=\"5\" style=\"padding-right: 6px\">\n            \n\n<div class=\"kksr-icon\" style=\"width: 22px; height: 22px;\"><\/div>\n        <\/div>\n    <\/div>\n    \n<div class=\"kksr-stars-active\" style=\"width: 137px;\">\n            <div class=\"kksr-star\" style=\"padding-right: 6px\">\n            \n\n<div class=\"kksr-icon\" style=\"width: 22px; height: 22px;\"><\/div>\n        <\/div>\n            <div class=\"kksr-star\" style=\"padding-right: 6px\">\n            \n\n<div class=\"kksr-icon\" style=\"width: 22px; height: 22px;\"><\/div>\n        <\/div>\n            <div class=\"kksr-star\" style=\"padding-right: 6px\">\n            \n\n<div class=\"kksr-icon\" style=\"width: 22px; height: 22px;\"><\/div>\n        <\/div>\n            <div class=\"kksr-star\" style=\"padding-right: 6px\">\n            \n\n<div class=\"kksr-icon\" style=\"width: 22px; height: 22px;\"><\/div>\n        <\/div>\n            <div class=\"kksr-star\" style=\"padding-right: 6px\">\n            \n\n<div class=\"kksr-icon\" style=\"width: 22px; height: 22px;\"><\/div>\n        <\/div>\n    <\/div>\n<\/div>\n                \n\n<div class=\"kksr-legend\" style=\"font-size: 17.6px;\">\n            5\/5 - (1 voto)    <\/div>\n    <\/div>\n<p>Desde que el transporte regular de personas existe, las compa\u00f1\u00edas de transporte de todo tipo han buscado la manera de adaptarse a las necesidades de\u00a0sus clientes, tanto en precio como en confort. Las aerol\u00edneas en este sentido no se han quedado a la zaga. Desde que la aviaci\u00f3n moderna ha conseguido poner en el aire grandes aparatos que, hoy en d\u00eda, son capaces de transportar hasta 1.000 personas, la adaptaci\u00f3n del servicio a las necesidades se ha vuelto inevitable.<\/p>\n<p>Probablemente las personas \u201cde a pie\u201d no nos damos cuenta, pero, por ejemplo, <strong>la configuraci\u00f3n de asientos de un avi\u00f3n influye y mucho en la explotaci\u00f3n econ\u00f3mica del aparato<\/strong> (car\u00edsimo por otro lado) <strong>y, por supuesto, en la comodidad de\u00a0los pasajeros e incluso del personal\u00a0que va a bordo<\/strong>.<br \/>\nPara que nos hagamos una idea, un aparato Boeing 747-400 (uno de las aeronaves m\u00e1s vendidas de la historia), puede transportar entre 416 y 524 pasajeros (es decir, un 25% de diferencia) dependiendo de la configuraci\u00f3n de asientos y de si el avi\u00f3n se subdivide en dos o tres categor\u00edas o clases, entre otras cosas.<\/p>\n<p><div id=\"attachment_1252\" class=\"wp-caption aligncenter\" style=\"width: 367px\"><a href=\"http:\/\/www.flickr.com\/photos\/javiersite\/1115881862\/\"><img loading=\"lazy\" decoding=\"async\" class=\"size-full wp-image-1252\" title=\"cheap_cheap\" src=\"\/\/www.lasociedadgeografica.com\/blog\/uploads\/2010\/09\/cheap_cheap.jpg\" alt=\"\u00a1Vuelos muy baratos! Por Javier Rodr\u00edguez (&quot;Elcactusjack&quot;)\" width=\"367\" height=\"421\" srcset=\"https:\/\/www.lasociedadgeografica.com\/blog\/uploads\/2010\/09\/cheap_cheap.jpg 428w, https:\/\/www.lasociedadgeografica.com\/blog\/uploads\/2010\/09\/cheap_cheap-261x300.jpg 261w\" sizes=\"auto, (max-width: 367px) 100vw, 367px\" \/><\/a><p class=\"wp-caption-text\">Ilustraci\u00f3n: Javier Rodr\u00edguez (\u00abElcactusjack\u00bb), en Flickr.<\/p><\/div><br \/>\n<a name=\"smore-\"><\/a><br \/>\nEn los vuelos regionales, en ocasiones, encontramos una \u00fanica categor\u00eda, la conocida <em>clase <strong>Turista<\/strong><\/em>, tambi\u00e9n llamada <em>Econ\u00f3mica <\/em>(probablemente derivaci\u00f3n de la voz inglesa \u00abEconomy\u00bb).<br \/>\nEn los dom\u00e9sticos y continentales, lo cl\u00e1sico es encontrar, adem\u00e1s, una categor\u00eda un poco m\u00e1s confortable, la <em>Preferente<\/em>, m\u00e1s conocida com\u00fanmente por \u201c<strong>Business<\/strong>\u201d.<br \/>\nEn cuanto a los vuelos transcontinentales y para los clientes m\u00e1s exigentes, normalmente tambi\u00e9n existe la <em>Primera <\/em>o \u201c<strong>First Class<\/strong>\u201d, la cual, supone un salto cualitativo y de exclusividad importante.<\/p>\n<p>La <strong>tendencia <\/strong>actual de las compa\u00f1\u00edas de bandera, sobre todo las europeas, es a <strong>subdividir a\u00fan m\u00e1s la configuraci\u00f3n de asientos de los aviones y los servicios de a bordo en un intento de adaptarse a las necesidades de cada pasajero<\/strong>. De este modo, existen categor\u00edas intermedias que no son puramente ni Turista ni Preferente ni Primera. Claro ejemplo de esta tendencia es la compa\u00f1\u00eda <a href=\"http:\/\/www.airfrance.es\" target=\"_blank\" rel=\"noopener noreferrer\">Air France<\/a>, que subdivide sus categor\u00edas de la siguiente forma:<\/p>\n<p><em>Voyageur<\/em>: ser\u00eda el equivalente a la cl\u00e1sica Turista. Incluye atenciones como comidas, prensa, un peque\u00f1o kit con toallitas, m\u00e1scara&#8230; as\u00ed como auriculares, una peque\u00f1a manta, almohada, etc.<\/p>\n<p><em>Aliz\u00e9<\/em>: \u00e9sta es una clase de las intermedias a las que nos refer\u00edamos antes. Se ofrece b\u00e1sicamente en los aviones Boeing 777 y en los 747, m\u00e1s conocidos como \u201cJumbos\u201d. En estos \u00faltimos, como ocurre con la Preferente en la mayor\u00eda de las compa\u00f1\u00edas, a los pasajeros se les ubica en la planta de arriba, en la joroba del avi\u00f3n. En cuanto a la ergonom\u00eda y el espacio, los asientos ganan en distancia entre s\u00ed y en el \u00e1ngulo hasta el cual se pueden reclinar los respaldos. Se complementa con detalles de calidad como reposabrazos en piel, reposapi\u00e9s con masaje integrado&#8230;<\/p>\n<p><em>Premium Voyageur<\/em>: est\u00e1 separada del resto de clases por paneles para mayor intimidad e insonorizaci\u00f3n. El n\u00famero de asientos es limitado, habiendo tan s\u00f3lo 3 filas. Seg\u00fan datos de la propia compa\u00f1\u00eda, la diferencia de espacio con respecto a la clase Voyageur es de un 20% m\u00e1s tanto para la distancia con el asiento de enfrente como de anchura de asiento. El respaldo se reclina sobre s\u00ed mismo, de tal modo que no se compromete la comodidad de otros pasajeros, disponiendo asimismo de reposacabezas regulable. Otros elementos extra ser\u00edan los compartimentos portaobjetos, la pantalla t\u00e1ctil de 26 cm., toma el\u00e9ctrica para el port\u00e1til o dispositivos electr\u00f3nicos, etc. Los pasajeros de la Premium adem\u00e1s tienen acceso a la sala VIP de los aeropuertos.<\/p>\n<p style=\"text-align: left;\">Affaires: la principal diferencia con respecto a la categor\u00eda anterior es que el asiento, que mide 2 metros cuando est\u00e1 estirado; es decir, se convierte en cama.<\/p>\n<p><img loading=\"lazy\" decoding=\"async\" class=\"size-full wp-image-1251 aligncenter\" title=\"first_air_france\" src=\"\/\/www.lasociedadgeografica.com\/blog\/uploads\/2010\/09\/first_air_france.jpg\" alt=\"First Class, Air France\" width=\"420\" height=\"250\" srcset=\"https:\/\/www.lasociedadgeografica.com\/blog\/uploads\/2010\/09\/first_air_france.jpg 420w, https:\/\/www.lasociedadgeografica.com\/blog\/uploads\/2010\/09\/first_air_france-300x178.jpg 300w\" sizes=\"auto, (max-width: 420px) 100vw, 420px\" \/><\/p>\n<p><em>La<\/em> <em>Premi\u00e9re<\/em>: es decir, la Primera, la joya de la corona. La configuraci\u00f3n de esta cabina est\u00e1 compuesta por tan s\u00f3lo entre 5 y 9 asientos, teniendo todos ellos acceso directo al pasillo. Otra de las peculiaridades es que tiene una banqueta frente al asiento para que el pasajero pueda recibir, sin moverse del sitio a otras personas, para por ejemplo, preparar una reuni\u00f3n de negocios. Para que nadie se quede \u00aboffline\u00bb durante el vuelo, existen tel\u00e9fonos individuales en todos los asientos. Evidentemente, los TCP o Tripulantes de Cabina de Pasajeros est\u00e1n constantemente pendientes de las necesidades de los afortunados que pueden permitirse viajar de este modo.<\/p>\n<p>Objetivamente, todos los vuelos llegan al mismo destino y a la misma hora&#8230; pero quiz\u00e1s, como dec\u00eda aquel, \u00ablo importante es el camino\u00bb. En este caso, el trayecto.<\/p>\n<p>&nbsp;<\/p>\n<p><span style=\"color: #808080;\"><em>&#8212;<br \/>\n<strong>Sobre el autor:<\/strong> <\/em><\/span><a href=\"https:\/\/www.lasociedadgeografica.com\/blog\/author\/jorge\/\"><span style=\"color: #808080;\"><em><strong><img loading=\"lazy\" decoding=\"async\" class=\"alignleft\" style=\"border: 0pt none; margin-right: 5px;\" title=\"Jorge \u00c1lvarez\" src=\"\/\/www.lasociedadgeografica.com\/blog\/wp-content\/authors\/Jorge-5.jpg\" alt=\"Jorge\" width=\"140\" height=\"119\" \/><\/strong><\/em><\/span><\/a><span style=\"color: #808080;\"><em><a href=\"https:\/\/www.lasociedadgeografica.com\/blog\/author\/jorge\/\">Jorge \u00c1lvarez<\/a> es Responsable de Producci\u00f3n de Sociedad Geogr\u00e1fica de las Indias. Su trayectoria entre mayoristas, minoristas, compa\u00f1\u00edas a\u00e9reas, alquiler de servicios de tierra o incluso de gu\u00eda acompa\u00f1ante le ha permitido tener hoy una visi\u00f3n global del sector y conocer de primera mano los distintos detalles que se necesitan para asegurar un viaje sin errores. Para m\u00e1s informaci\u00f3n: [<a href=\"\/\/www.lasociedadgeografica.com\/blog\/aboutsgi\/\">Qui\u00e9nes somos<\/a>]<br \/>\n<\/em><\/span><\/p>\n","protected":false},"excerpt":{"rendered":"<p>Como todos sabemos, en los vuelos comerciales hay distintas categor\u00edas. El vuelo nos lleva al mismo destino y en el mismo tiempo, pero la categor\u00eda elegida nos aporta una serie de servicios y valores a\u00f1adidos&#8230;<\/p>\n","protected":false},"author":5,"featured_media":0,"comment_status":"open","ping_status":"open","sticky":false,"template":"","format":"standard","meta":{"footnotes":""},"categories":[1235,291],"tags":[305,298,303,138,297,294,296,293,556,301,299,306,304,295,292,302,300],"class_list":["post-879","post","type-post","status-publish","format-standard","hentry","category-informacion-util","category-lujo","tag-affaires","tag-air-france","tag-alize","tag-avion","tag-boeing","tag-business","tag-economy","tag-first-class","tag-jorge-alvarez","tag-jumbo","tag-preferente","tag-premiere","tag-premium-voyageur","tag-primera","tag-turista","tag-voyageur","tag-vuelo"],"yoast_head":"<!-- This site is optimized with the Yoast SEO plugin v27.4 - https:\/\/yoast.com\/product\/yoast-seo-wordpress\/ -->\n<title>\u00bfC\u00f3mo viajar en avi\u00f3n? Turista, \u201cBusiness\u201d y Primera<\/title>\n<meta name=\"robots\" content=\"index, follow, max-snippet:-1, max-image-preview:large, max-video-preview:-1\" \/>\n<link rel=\"canonical\" href=\"https:\/\/www.lasociedadgeografica.com\/blog\/informacion-util\/viajar-avion-clase-turista-business-primera\/\" \/>\n<meta property=\"og:locale\" content=\"es_ES\" \/>\n<meta property=\"og:type\" content=\"article\" \/>\n<meta property=\"og:title\" content=\"\u00bfC\u00f3mo viajar en avi\u00f3n? Turista, \u201cBusiness\u201d y Primera\" \/>\n<meta property=\"og:description\" content=\"Como todos sabemos, en los vuelos comerciales hay distintas categor\u00edas. El vuelo nos lleva al mismo destino y en el mismo tiempo, pero la categor\u00eda elegida nos aporta una serie de servicios y valores a\u00f1adidos...\" \/>\n<meta property=\"og:url\" content=\"https:\/\/www.lasociedadgeografica.com\/blog\/informacion-util\/viajar-avion-clase-turista-business-primera\/\" \/>\n<meta property=\"og:site_name\" content=\"Blog de viajes a India\" \/>\n<meta property=\"article:published_time\" content=\"2010-09-17T14:40:36+00:00\" \/>\n<meta property=\"article:modified_time\" content=\"2017-05-31T10:11:28+00:00\" \/>\n<meta property=\"og:image\" content=\"\/\/www.lasociedadgeografica.com\/blog\/uploads\/2010\/09\/cheap_cheap.jpg\" \/>\n<meta name=\"author\" content=\"Jorge \u00c1lvarez\" \/>\n<meta name=\"twitter:label1\" content=\"Escrito por\" \/>\n\t<meta name=\"twitter:data1\" content=\"Jorge \u00c1lvarez\" \/>\n\t<meta name=\"twitter:label2\" content=\"Tiempo de lectura\" \/>\n\t<meta name=\"twitter:data2\" content=\"4 minutos\" \/>\n<script type=\"application\/ld+json\" class=\"yoast-schema-graph\">{\"@context\":\"https:\\\/\\\/schema.org\",\"@graph\":[{\"@type\":\"Article\",\"@id\":\"https:\\\/\\\/www.lasociedadgeografica.com\\\/blog\\\/informacion-util\\\/viajar-avion-clase-turista-business-primera\\\/#article\",\"isPartOf\":{\"@id\":\"https:\\\/\\\/www.lasociedadgeografica.com\\\/blog\\\/informacion-util\\\/viajar-avion-clase-turista-business-primera\\\/\"},\"author\":{\"name\":\"Jorge \u00c1lvarez\",\"@id\":\"https:\\\/\\\/www.lasociedadgeografica.com\\\/blog\\\/#\\\/schema\\\/person\\\/531df9694b6a99f2eb29e4f5a12d3842\"},\"headline\":\"\u00bfC\u00f3mo viajar en avi\u00f3n? Turista, \u201cBusiness\u201d y Primera\",\"datePublished\":\"2010-09-17T14:40:36+00:00\",\"dateModified\":\"2017-05-31T10:11:28+00:00\",\"mainEntityOfPage\":{\"@id\":\"https:\\\/\\\/www.lasociedadgeografica.com\\\/blog\\\/informacion-util\\\/viajar-avion-clase-turista-business-primera\\\/\"},\"wordCount\":906,\"commentCount\":2,\"keywords\":[\"Affaires\",\"air france\",\"Aliz\u00e9\",\"avi\u00f3n\",\"boeing\",\"business\",\"economy\",\"first class\",\"Jorge \u00c1lvarez\",\"jumbo\",\"preferente\",\"Premi\u00e9re\",\"Premium Voyageur\",\"primera\",\"turista\",\"Voyageur\",\"vuelo\"],\"articleSection\":[\"Informaci\u00f3n \u00fatil\",\"Lujo\"],\"inLanguage\":\"es\",\"potentialAction\":[{\"@type\":\"CommentAction\",\"name\":\"Comment\",\"target\":[\"https:\\\/\\\/www.lasociedadgeografica.com\\\/blog\\\/informacion-util\\\/viajar-avion-clase-turista-business-primera\\\/#respond\"]}]},{\"@type\":\"WebPage\",\"@id\":\"https:\\\/\\\/www.lasociedadgeografica.com\\\/blog\\\/informacion-util\\\/viajar-avion-clase-turista-business-primera\\\/\",\"url\":\"https:\\\/\\\/www.lasociedadgeografica.com\\\/blog\\\/informacion-util\\\/viajar-avion-clase-turista-business-primera\\\/\",\"name\":\"\u00bfC\u00f3mo viajar en avi\u00f3n? Turista, \u201cBusiness\u201d y Primera\",\"isPartOf\":{\"@id\":\"https:\\\/\\\/www.lasociedadgeografica.com\\\/blog\\\/#website\"},\"datePublished\":\"2010-09-17T14:40:36+00:00\",\"dateModified\":\"2017-05-31T10:11:28+00:00\",\"author\":{\"@id\":\"https:\\\/\\\/www.lasociedadgeografica.com\\\/blog\\\/#\\\/schema\\\/person\\\/531df9694b6a99f2eb29e4f5a12d3842\"},\"breadcrumb\":{\"@id\":\"https:\\\/\\\/www.lasociedadgeografica.com\\\/blog\\\/informacion-util\\\/viajar-avion-clase-turista-business-primera\\\/#breadcrumb\"},\"inLanguage\":\"es\",\"potentialAction\":[{\"@type\":\"ReadAction\",\"target\":[\"https:\\\/\\\/www.lasociedadgeografica.com\\\/blog\\\/informacion-util\\\/viajar-avion-clase-turista-business-primera\\\/\"]}]},{\"@type\":\"BreadcrumbList\",\"@id\":\"https:\\\/\\\/www.lasociedadgeografica.com\\\/blog\\\/informacion-util\\\/viajar-avion-clase-turista-business-primera\\\/#breadcrumb\",\"itemListElement\":[{\"@type\":\"ListItem\",\"position\":1,\"name\":\"Portada\",\"item\":\"https:\\\/\\\/www.lasociedadgeografica.com\\\/blog\\\/\"},{\"@type\":\"ListItem\",\"position\":2,\"name\":\"\u00bfC\u00f3mo viajar en avi\u00f3n? Turista, \u201cBusiness\u201d y Primera\"}]},{\"@type\":\"WebSite\",\"@id\":\"https:\\\/\\\/www.lasociedadgeografica.com\\\/blog\\\/#website\",\"url\":\"https:\\\/\\\/www.lasociedadgeografica.com\\\/blog\\\/\",\"name\":\"Blog de viajes a India\",\"description\":\"Un lugar para Conocer India, con may\u00fasculas. El Blog de Sociedad Geogr\u00e1fica de las Indias.\",\"potentialAction\":[{\"@type\":\"SearchAction\",\"target\":{\"@type\":\"EntryPoint\",\"urlTemplate\":\"https:\\\/\\\/www.lasociedadgeografica.com\\\/blog\\\/?s={search_term_string}\"},\"query-input\":{\"@type\":\"PropertyValueSpecification\",\"valueRequired\":true,\"valueName\":\"search_term_string\"}}],\"inLanguage\":\"es\"},{\"@type\":\"Person\",\"@id\":\"https:\\\/\\\/www.lasociedadgeografica.com\\\/blog\\\/#\\\/schema\\\/person\\\/531df9694b6a99f2eb29e4f5a12d3842\",\"name\":\"Jorge \u00c1lvarez\",\"image\":{\"@type\":\"ImageObject\",\"inLanguage\":\"es\",\"@id\":\"https:\\\/\\\/secure.gravatar.com\\\/avatar\\\/?s=96&r=g\",\"url\":\"https:\\\/\\\/secure.gravatar.com\\\/avatar\\\/?s=96&r=g\",\"contentUrl\":\"https:\\\/\\\/secure.gravatar.com\\\/avatar\\\/?s=96&r=g\",\"caption\":\"Jorge \u00c1lvarez\"},\"description\":\"Antes de ser Responsable de Producci\u00f3n de Sociedad Geogr\u00e1fica de las Indias, Jorge ha recorrido un intenso camino en el mundo del viaje. Su trayectoria entre mayoristas, minoristas, compa\u00f1\u00edas a\u00e9reas, alquiler de servicios de tierra o incluso de gu\u00eda acompa\u00f1ante le ha permitido tener hoy una visi\u00f3n global del sector y conocer de primera mano los distintos detalles que se necesitan para asegurar un viaje sin errores. Adem\u00e1s es T\u00e9cnico Superior en Agencias de Viajes y en Informaci\u00f3n y Comercializaci\u00f3n Tur\u00edstica, aunque a \u00e9l le gusta definirse como un 4x4 del sector, amante de la naturaleza y la monta\u00f1a y ge\u00f3grafo aficionado.\",\"url\":\"https:\\\/\\\/www.lasociedadgeografica.com\\\/blog\\\/author\\\/jorge\\\/\"}]}<\/script>\n<!-- \/ Yoast SEO plugin. -->","yoast_head_json":{"title":"\u00bfC\u00f3mo viajar en avi\u00f3n? Turista, \u201cBusiness\u201d y Primera","robots":{"index":"index","follow":"follow","max-snippet":"max-snippet:-1","max-image-preview":"max-image-preview:large","max-video-preview":"max-video-preview:-1"},"canonical":"https:\/\/www.lasociedadgeografica.com\/blog\/informacion-util\/viajar-avion-clase-turista-business-primera\/","og_locale":"es_ES","og_type":"article","og_title":"\u00bfC\u00f3mo viajar en avi\u00f3n? Turista, \u201cBusiness\u201d y Primera","og_description":"Como todos sabemos, en los vuelos comerciales hay distintas categor\u00edas. El vuelo nos lleva al mismo destino y en el mismo tiempo, pero la categor\u00eda elegida nos aporta una serie de servicios y valores a\u00f1adidos...","og_url":"https:\/\/www.lasociedadgeografica.com\/blog\/informacion-util\/viajar-avion-clase-turista-business-primera\/","og_site_name":"Blog de viajes a India","article_published_time":"2010-09-17T14:40:36+00:00","article_modified_time":"2017-05-31T10:11:28+00:00","og_image":[{"url":"\/\/www.lasociedadgeografica.com\/blog\/uploads\/2010\/09\/cheap_cheap.jpg","type":"","width":"","height":""}],"author":"Jorge \u00c1lvarez","twitter_misc":{"Escrito por":"Jorge \u00c1lvarez","Tiempo de lectura":"4 minutos"},"schema":{"@context":"https:\/\/schema.org","@graph":[{"@type":"Article","@id":"https:\/\/www.lasociedadgeografica.com\/blog\/informacion-util\/viajar-avion-clase-turista-business-primera\/#article","isPartOf":{"@id":"https:\/\/www.lasociedadgeografica.com\/blog\/informacion-util\/viajar-avion-clase-turista-business-primera\/"},"author":{"name":"Jorge \u00c1lvarez","@id":"https:\/\/www.lasociedadgeografica.com\/blog\/#\/schema\/person\/531df9694b6a99f2eb29e4f5a12d3842"},"headline":"\u00bfC\u00f3mo viajar en avi\u00f3n? Turista, \u201cBusiness\u201d y Primera","datePublished":"2010-09-17T14:40:36+00:00","dateModified":"2017-05-31T10:11:28+00:00","mainEntityOfPage":{"@id":"https:\/\/www.lasociedadgeografica.com\/blog\/informacion-util\/viajar-avion-clase-turista-business-primera\/"},"wordCount":906,"commentCount":2,"keywords":["Affaires","air france","Aliz\u00e9","avi\u00f3n","boeing","business","economy","first class","Jorge \u00c1lvarez","jumbo","preferente","Premi\u00e9re","Premium Voyageur","primera","turista","Voyageur","vuelo"],"articleSection":["Informaci\u00f3n \u00fatil","Lujo"],"inLanguage":"es","potentialAction":[{"@type":"CommentAction","name":"Comment","target":["https:\/\/www.lasociedadgeografica.com\/blog\/informacion-util\/viajar-avion-clase-turista-business-primera\/#respond"]}]},{"@type":"WebPage","@id":"https:\/\/www.lasociedadgeografica.com\/blog\/informacion-util\/viajar-avion-clase-turista-business-primera\/","url":"https:\/\/www.lasociedadgeografica.com\/blog\/informacion-util\/viajar-avion-clase-turista-business-primera\/","name":"\u00bfC\u00f3mo viajar en avi\u00f3n? Turista, \u201cBusiness\u201d y Primera","isPartOf":{"@id":"https:\/\/www.lasociedadgeografica.com\/blog\/#website"},"datePublished":"2010-09-17T14:40:36+00:00","dateModified":"2017-05-31T10:11:28+00:00","author":{"@id":"https:\/\/www.lasociedadgeografica.com\/blog\/#\/schema\/person\/531df9694b6a99f2eb29e4f5a12d3842"},"breadcrumb":{"@id":"https:\/\/www.lasociedadgeografica.com\/blog\/informacion-util\/viajar-avion-clase-turista-business-primera\/#breadcrumb"},"inLanguage":"es","potentialAction":[{"@type":"ReadAction","target":["https:\/\/www.lasociedadgeografica.com\/blog\/informacion-util\/viajar-avion-clase-turista-business-primera\/"]}]},{"@type":"BreadcrumbList","@id":"https:\/\/www.lasociedadgeografica.com\/blog\/informacion-util\/viajar-avion-clase-turista-business-primera\/#breadcrumb","itemListElement":[{"@type":"ListItem","position":1,"name":"Portada","item":"https:\/\/www.lasociedadgeografica.com\/blog\/"},{"@type":"ListItem","position":2,"name":"\u00bfC\u00f3mo viajar en avi\u00f3n? Turista, \u201cBusiness\u201d y Primera"}]},{"@type":"WebSite","@id":"https:\/\/www.lasociedadgeografica.com\/blog\/#website","url":"https:\/\/www.lasociedadgeografica.com\/blog\/","name":"Blog de viajes a India","description":"Un lugar para Conocer India, con may\u00fasculas. El Blog de Sociedad Geogr\u00e1fica de las Indias.","potentialAction":[{"@type":"SearchAction","target":{"@type":"EntryPoint","urlTemplate":"https:\/\/www.lasociedadgeografica.com\/blog\/?s={search_term_string}"},"query-input":{"@type":"PropertyValueSpecification","valueRequired":true,"valueName":"search_term_string"}}],"inLanguage":"es"},{"@type":"Person","@id":"https:\/\/www.lasociedadgeografica.com\/blog\/#\/schema\/person\/531df9694b6a99f2eb29e4f5a12d3842","name":"Jorge \u00c1lvarez","image":{"@type":"ImageObject","inLanguage":"es","@id":"https:\/\/secure.gravatar.com\/avatar\/?s=96&r=g","url":"https:\/\/secure.gravatar.com\/avatar\/?s=96&r=g","contentUrl":"https:\/\/secure.gravatar.com\/avatar\/?s=96&r=g","caption":"Jorge \u00c1lvarez"},"description":"Antes de ser Responsable de Producci\u00f3n de Sociedad Geogr\u00e1fica de las Indias, Jorge ha recorrido un intenso camino en el mundo del viaje. Su trayectoria entre mayoristas, minoristas, compa\u00f1\u00edas a\u00e9reas, alquiler de servicios de tierra o incluso de gu\u00eda acompa\u00f1ante le ha permitido tener hoy una visi\u00f3n global del sector y conocer de primera mano los distintos detalles que se necesitan para asegurar un viaje sin errores. Adem\u00e1s es T\u00e9cnico Superior en Agencias de Viajes y en Informaci\u00f3n y Comercializaci\u00f3n Tur\u00edstica, aunque a \u00e9l le gusta definirse como un 4x4 del sector, amante de la naturaleza y la monta\u00f1a y ge\u00f3grafo aficionado.","url":"https:\/\/www.lasociedadgeografica.com\/blog\/author\/jorge\/"}]}},"_links":{"self":[{"href":"https:\/\/www.lasociedadgeografica.com\/blog\/wp-json\/wp\/v2\/posts\/879","targetHints":{"allow":["GET"]}}],"collection":[{"href":"https:\/\/www.lasociedadgeografica.com\/blog\/wp-json\/wp\/v2\/posts"}],"about":[{"href":"https:\/\/www.lasociedadgeografica.com\/blog\/wp-json\/wp\/v2\/types\/post"}],"author":[{"embeddable":true,"href":"https:\/\/www.lasociedadgeografica.com\/blog\/wp-json\/wp\/v2\/users\/5"}],"replies":[{"embeddable":true,"href":"https:\/\/www.lasociedadgeografica.com\/blog\/wp-json\/wp\/v2\/comments?post=879"}],"version-history":[{"count":17,"href":"https:\/\/www.lasociedadgeografica.com\/blog\/wp-json\/wp\/v2\/posts\/879\/revisions"}],"predecessor-version":[{"id":15085,"href":"https:\/\/www.lasociedadgeografica.com\/blog\/wp-json\/wp\/v2\/posts\/879\/revisions\/15085"}],"wp:attachment":[{"href":"https:\/\/www.lasociedadgeografica.com\/blog\/wp-json\/wp\/v2\/media?parent=879"}],"wp:term":[{"taxonomy":"category","embeddable":true,"href":"https:\/\/www.lasociedadgeografica.com\/blog\/wp-json\/wp\/v2\/categories?post=879"},{"taxonomy":"post_tag","embeddable":true,"href":"https:\/\/www.lasociedadgeografica.com\/blog\/wp-json\/wp\/v2\/tags?post=879"}],"curies":[{"name":"wp","href":"https:\/\/api.w.org\/{rel}","templated":true}]}}