{"id":8954,"date":"2015-03-02T09:00:40","date_gmt":"2015-03-02T08:00:40","guid":{"rendered":"https:\/\/www.lasociedadgeografica.com\/blog\/?p=8954"},"modified":"2015-02-27T12:29:58","modified_gmt":"2015-02-27T11:29:58","slug":"eid-al-fitr-fin-de-ramadan","status":"publish","type":"post","link":"https:\/\/www.lasociedadgeografica.com\/blog\/sgi\/eid-al-fitr-fin-de-ramadan\/","title":{"rendered":"Eid-al-Fitr, fin de Ramad\u00e1n"},"content":{"rendered":"\n\n<div class=\"kk-star-ratings kksr-auto kksr-align-left kksr-valign-top\"\n    data-payload='{&quot;align&quot;:&quot;left&quot;,&quot;id&quot;:&quot;8954&quot;,&quot;slug&quot;:&quot;default&quot;,&quot;valign&quot;:&quot;top&quot;,&quot;ignore&quot;:&quot;&quot;,&quot;reference&quot;:&quot;auto&quot;,&quot;class&quot;:&quot;&quot;,&quot;count&quot;:&quot;0&quot;,&quot;legendonly&quot;:&quot;&quot;,&quot;readonly&quot;:&quot;&quot;,&quot;score&quot;:&quot;0&quot;,&quot;starsonly&quot;:&quot;&quot;,&quot;best&quot;:&quot;5&quot;,&quot;gap&quot;:&quot;6&quot;,&quot;greet&quot;:&quot;&quot;,&quot;legend&quot;:&quot;0\\\/5 - (0 votos)&quot;,&quot;size&quot;:&quot;22&quot;,&quot;title&quot;:&quot;Eid-al-Fitr, fin de Ramad\u00e1n&quot;,&quot;width&quot;:&quot;0&quot;,&quot;_legend&quot;:&quot;{score}\\\/{best} - ({count} {votes})&quot;,&quot;font_factor&quot;:&quot;1.25&quot;}'>\n            \n<div class=\"kksr-stars\">\n    \n<div class=\"kksr-stars-inactive\">\n            <div class=\"kksr-star\" data-star=\"1\" style=\"padding-right: 6px\">\n            \n\n<div class=\"kksr-icon\" style=\"width: 22px; height: 22px;\"><\/div>\n        <\/div>\n            <div class=\"kksr-star\" data-star=\"2\" style=\"padding-right: 6px\">\n            \n\n<div class=\"kksr-icon\" style=\"width: 22px; height: 22px;\"><\/div>\n        <\/div>\n            <div class=\"kksr-star\" data-star=\"3\" style=\"padding-right: 6px\">\n            \n\n<div class=\"kksr-icon\" style=\"width: 22px; height: 22px;\"><\/div>\n        <\/div>\n            <div class=\"kksr-star\" data-star=\"4\" style=\"padding-right: 6px\">\n            \n\n<div class=\"kksr-icon\" style=\"width: 22px; height: 22px;\"><\/div>\n        <\/div>\n            <div class=\"kksr-star\" data-star=\"5\" style=\"padding-right: 6px\">\n            \n\n<div class=\"kksr-icon\" style=\"width: 22px; height: 22px;\"><\/div>\n        <\/div>\n    <\/div>\n    \n<div class=\"kksr-stars-active\" style=\"width: 0px;\">\n            <div class=\"kksr-star\" style=\"padding-right: 6px\">\n            \n\n<div class=\"kksr-icon\" style=\"width: 22px; height: 22px;\"><\/div>\n        <\/div>\n            <div class=\"kksr-star\" style=\"padding-right: 6px\">\n            \n\n<div class=\"kksr-icon\" style=\"width: 22px; height: 22px;\"><\/div>\n        <\/div>\n            <div class=\"kksr-star\" style=\"padding-right: 6px\">\n            \n\n<div class=\"kksr-icon\" style=\"width: 22px; height: 22px;\"><\/div>\n        <\/div>\n            <div class=\"kksr-star\" style=\"padding-right: 6px\">\n            \n\n<div class=\"kksr-icon\" style=\"width: 22px; height: 22px;\"><\/div>\n        <\/div>\n            <div class=\"kksr-star\" style=\"padding-right: 6px\">\n            \n\n<div class=\"kksr-icon\" style=\"width: 22px; height: 22px;\"><\/div>\n        <\/div>\n    <\/div>\n<\/div>\n                \n\n<div class=\"kksr-legend\" style=\"font-size: 17.6px;\">\n            <span class=\"kksr-muted\"><\/span>\n    <\/div>\n    <\/div>\n<div id=\"attachment_8956\" class=\"wp-caption alignright\" style=\"width: 228px\"><a href=\"\/\/www.lasociedadgeografica.com\/blog\/uploads\/2015\/02\/7.-Julio-Eid-Ul-Firt-c-Farrukh.jpg\" target=\"_blank\"><img loading=\"lazy\" decoding=\"async\" class=\"Eid-al-Fitr wp-image-8956 size-medium\" title=\"Eid-al-Fitr\" src=\"\/\/www.lasociedadgeografica.com\/blog\/uploads\/2015\/02\/7.-Julio-Eid-Ul-Firt-c-Farrukh-228x300.jpg\" alt=\"Eid-al-Fitr\" width=\"228\" height=\"300\" srcset=\"https:\/\/www.lasociedadgeografica.com\/blog\/uploads\/2015\/02\/7.-Julio-Eid-Ul-Firt-c-Farrukh-228x300.jpg 228w, https:\/\/www.lasociedadgeografica.com\/blog\/uploads\/2015\/02\/7.-Julio-Eid-Ul-Firt-c-Farrukh.jpg 778w, https:\/\/www.lasociedadgeografica.com\/blog\/uploads\/2015\/02\/7.-Julio-Eid-Ul-Firt-c-Farrukh-728x958.jpg 728w, https:\/\/www.lasociedadgeografica.com\/blog\/uploads\/2015\/02\/7.-Julio-Eid-Ul-Firt-c-Farrukh-363x478.jpg 363w, https:\/\/www.lasociedadgeografica.com\/blog\/uploads\/2015\/02\/7.-Julio-Eid-Ul-Firt-c-Farrukh-462x608.jpg 462w\" sizes=\"auto, (max-width: 228px) 100vw, 228px\" \/><\/a><p class=\"wp-caption-text\">\u00a9 Farrukh<\/p><\/div>\n<h4><strong><em>Eid-al-Fitr es una fiesta nacional musulmana que celebra el Fin del Ramad\u00e1n. Este a\u00f1o 2015 se celebrar\u00e1 el d\u00eda 19 de julio.\u00a0<\/em><\/strong><\/h4>\n<p>El Eid-al-Fitr marca el final del Ramad\u00e1n y el primer d\u00eda del mes isl\u00e1mico de Shawwal. En \u00e9l los musulmanes realizan comidas en la comunidad, usan ropa nueva en desfiles y regalan dulces y juguetes a los m\u00e1s peque\u00f1os de la casa.<\/p>\n<p>Para conocer m\u00e1s fiestas en la India, consulta nuestro\u00a0<a title=\"Fiestas en la India 2015 \u2013 Calendario de fiestas de hinduismo\" href=\"https:\/\/www.lasociedadgeografica.com\/blog\/festividades\/fiestas-en-la-india-calendario-de-fiestas-de-hinduismo\/\" target=\"_blank\">calendario\u00a0de fiestas en India<\/a>.<\/p>\n<p>&nbsp;<\/p>\n","protected":false},"excerpt":{"rendered":"<p>Eid-al-Fitr es una fiesta nacional musulmana que celebra el Fin del Ramad\u00e1n. Este a\u00f1o 2015 se celebrar\u00e1 el d\u00eda 19 de julio.\u00a0 El Eid-al-Fitr marca el final del Ramad\u00e1n y el primer d\u00eda del mes &hellip;<\/p>\n","protected":false},"author":1,"featured_media":0,"comment_status":"open","ping_status":"open","sticky":false,"template":"","format":"standard","meta":{"footnotes":""},"categories":[14],"tags":[3688,3650,3660,3685,3690,3686,3496,3491,3689,3687],"class_list":["post-8954","post","type-post","status-publish","format-standard","hentry","category-sgi","tag-bayram","tag-calendario-2015-en-india","tag-calendario-de-fiestas-india-2015","tag-eid-al-fitr","tag-eid-mubarak","tag-feast-of-breaking-the-fast","tag-fiestas-musulmanas-en-india","tag-fiestas-nacionales-en-india","tag-sweet-festival","tag-the-sugar-feast"],"yoast_head":"<!-- This site is optimized with the Yoast SEO plugin v27.4 - https:\/\/yoast.com\/product\/yoast-seo-wordpress\/ -->\n<title>Eid-al-Fitr, fin de Ramad\u00e1n<\/title>\n<meta name=\"description\" content=\"Eid-al-Fitr es una fiesta nacional musulmana que celebra el Fin del Ramad\u00e1n. El Eid-al-Fitr marca tambi\u00e9n el primer d\u00eda del mes isl\u00e1mico de Shawwal. En 2015\" \/>\n<meta name=\"robots\" content=\"index, follow, max-snippet:-1, max-image-preview:large, max-video-preview:-1\" \/>\n<link rel=\"canonical\" href=\"https:\/\/www.lasociedadgeografica.com\/blog\/sgi\/eid-al-fitr-fin-de-ramadan\/\" \/>\n<meta property=\"og:locale\" content=\"es_ES\" \/>\n<meta property=\"og:type\" content=\"article\" \/>\n<meta property=\"og:title\" content=\"Eid-al-Fitr, fin de Ramad\u00e1n\" \/>\n<meta property=\"og:description\" content=\"Eid-al-Fitr es una fiesta nacional musulmana que celebra el Fin del Ramad\u00e1n. El Eid-al-Fitr marca tambi\u00e9n el primer d\u00eda del mes isl\u00e1mico de Shawwal. En 2015\" \/>\n<meta property=\"og:url\" content=\"https:\/\/www.lasociedadgeografica.com\/blog\/sgi\/eid-al-fitr-fin-de-ramadan\/\" \/>\n<meta property=\"og:site_name\" content=\"Blog de viajes a India\" \/>\n<meta property=\"article:published_time\" content=\"2015-03-02T08:00:40+00:00\" \/>\n<meta property=\"og:image\" content=\"\/\/www.lasociedadgeografica.com\/blog\/uploads\/2015\/02\/7.-Julio-Eid-Ul-Firt-c-Farrukh-228x300.jpg\" \/>\n<meta name=\"author\" content=\"SGI\" \/>\n<meta name=\"twitter:label1\" content=\"Escrito por\" \/>\n\t<meta name=\"twitter:data1\" content=\"SGI\" \/>\n<script type=\"application\/ld+json\" class=\"yoast-schema-graph\">{\"@context\":\"https:\\\/\\\/schema.org\",\"@graph\":[{\"@type\":\"Article\",\"@id\":\"https:\\\/\\\/www.lasociedadgeografica.com\\\/blog\\\/sgi\\\/eid-al-fitr-fin-de-ramadan\\\/#article\",\"isPartOf\":{\"@id\":\"https:\\\/\\\/www.lasociedadgeografica.com\\\/blog\\\/sgi\\\/eid-al-fitr-fin-de-ramadan\\\/\"},\"author\":{\"name\":\"SGI\",\"@id\":\"https:\\\/\\\/www.lasociedadgeografica.com\\\/blog\\\/#\\\/schema\\\/person\\\/4eb706084ebada5acb6f674d895232d2\"},\"headline\":\"Eid-al-Fitr, fin de Ramad\u00e1n\",\"datePublished\":\"2015-03-02T08:00:40+00:00\",\"mainEntityOfPage\":{\"@id\":\"https:\\\/\\\/www.lasociedadgeografica.com\\\/blog\\\/sgi\\\/eid-al-fitr-fin-de-ramadan\\\/\"},\"wordCount\":99,\"commentCount\":0,\"keywords\":[\"Bayram\",\"calendario 2015 en India\",\"calendario de fiestas India 2015\",\"Eid al-Fitr\",\"eid mubarak\",\"Feast of Breaking the Fast\",\"fiestas musulmanas en India\",\"fiestas nacionales en India\",\"Sweet Festival\",\"the Sugar Feast\"],\"articleSection\":[\"SGI\"],\"inLanguage\":\"es\",\"potentialAction\":[{\"@type\":\"CommentAction\",\"name\":\"Comment\",\"target\":[\"https:\\\/\\\/www.lasociedadgeografica.com\\\/blog\\\/sgi\\\/eid-al-fitr-fin-de-ramadan\\\/#respond\"]}]},{\"@type\":\"WebPage\",\"@id\":\"https:\\\/\\\/www.lasociedadgeografica.com\\\/blog\\\/sgi\\\/eid-al-fitr-fin-de-ramadan\\\/\",\"url\":\"https:\\\/\\\/www.lasociedadgeografica.com\\\/blog\\\/sgi\\\/eid-al-fitr-fin-de-ramadan\\\/\",\"name\":\"Eid-al-Fitr, fin de Ramad\u00e1n\",\"isPartOf\":{\"@id\":\"https:\\\/\\\/www.lasociedadgeografica.com\\\/blog\\\/#website\"},\"datePublished\":\"2015-03-02T08:00:40+00:00\",\"author\":{\"@id\":\"https:\\\/\\\/www.lasociedadgeografica.com\\\/blog\\\/#\\\/schema\\\/person\\\/4eb706084ebada5acb6f674d895232d2\"},\"description\":\"Eid-al-Fitr es una fiesta nacional musulmana que celebra el Fin del Ramad\u00e1n. El Eid-al-Fitr marca tambi\u00e9n el primer d\u00eda del mes isl\u00e1mico de Shawwal. En 2015\",\"breadcrumb\":{\"@id\":\"https:\\\/\\\/www.lasociedadgeografica.com\\\/blog\\\/sgi\\\/eid-al-fitr-fin-de-ramadan\\\/#breadcrumb\"},\"inLanguage\":\"es\",\"potentialAction\":[{\"@type\":\"ReadAction\",\"target\":[\"https:\\\/\\\/www.lasociedadgeografica.com\\\/blog\\\/sgi\\\/eid-al-fitr-fin-de-ramadan\\\/\"]}]},{\"@type\":\"BreadcrumbList\",\"@id\":\"https:\\\/\\\/www.lasociedadgeografica.com\\\/blog\\\/sgi\\\/eid-al-fitr-fin-de-ramadan\\\/#breadcrumb\",\"itemListElement\":[{\"@type\":\"ListItem\",\"position\":1,\"name\":\"Portada\",\"item\":\"https:\\\/\\\/www.lasociedadgeografica.com\\\/blog\\\/\"},{\"@type\":\"ListItem\",\"position\":2,\"name\":\"Eid-al-Fitr, fin de Ramad\u00e1n\"}]},{\"@type\":\"WebSite\",\"@id\":\"https:\\\/\\\/www.lasociedadgeografica.com\\\/blog\\\/#website\",\"url\":\"https:\\\/\\\/www.lasociedadgeografica.com\\\/blog\\\/\",\"name\":\"Blog de viajes a India\",\"description\":\"Un lugar para Conocer India, con may\u00fasculas. El Blog de Sociedad Geogr\u00e1fica de las Indias.\",\"potentialAction\":[{\"@type\":\"SearchAction\",\"target\":{\"@type\":\"EntryPoint\",\"urlTemplate\":\"https:\\\/\\\/www.lasociedadgeografica.com\\\/blog\\\/?s={search_term_string}\"},\"query-input\":{\"@type\":\"PropertyValueSpecification\",\"valueRequired\":true,\"valueName\":\"search_term_string\"}}],\"inLanguage\":\"es\"},{\"@type\":\"Person\",\"@id\":\"https:\\\/\\\/www.lasociedadgeografica.com\\\/blog\\\/#\\\/schema\\\/person\\\/4eb706084ebada5acb6f674d895232d2\",\"name\":\"SGI\",\"image\":{\"@type\":\"ImageObject\",\"inLanguage\":\"es\",\"@id\":\"https:\\\/\\\/secure.gravatar.com\\\/avatar\\\/3b6518b4778a72cb0cada5ad3bf7536bf8fd05c7dc636ba9c80f95598fc13469?s=96&r=g\",\"url\":\"https:\\\/\\\/secure.gravatar.com\\\/avatar\\\/3b6518b4778a72cb0cada5ad3bf7536bf8fd05c7dc636ba9c80f95598fc13469?s=96&r=g\",\"contentUrl\":\"https:\\\/\\\/secure.gravatar.com\\\/avatar\\\/3b6518b4778a72cb0cada5ad3bf7536bf8fd05c7dc636ba9c80f95598fc13469?s=96&r=g\",\"caption\":\"SGI\"},\"description\":\"Sociedad Geogr\u00e1fica de las Indias, agencia especializada en viajes exclusivos y a medida a India. https:\\\/\\\/www.lasociedadgeografica.com\",\"sameAs\":[\"https:\\\/\\\/www.lasociedadgeografica.com\"],\"url\":\"https:\\\/\\\/www.lasociedadgeografica.com\\\/blog\\\/author\\\/admin\\\/\"}]}<\/script>\n<!-- \/ Yoast SEO plugin. -->","yoast_head_json":{"title":"Eid-al-Fitr, fin de Ramad\u00e1n","description":"Eid-al-Fitr es una fiesta nacional musulmana que celebra el Fin del Ramad\u00e1n. El Eid-al-Fitr marca tambi\u00e9n el primer d\u00eda del mes isl\u00e1mico de Shawwal. En 2015","robots":{"index":"index","follow":"follow","max-snippet":"max-snippet:-1","max-image-preview":"max-image-preview:large","max-video-preview":"max-video-preview:-1"},"canonical":"https:\/\/www.lasociedadgeografica.com\/blog\/sgi\/eid-al-fitr-fin-de-ramadan\/","og_locale":"es_ES","og_type":"article","og_title":"Eid-al-Fitr, fin de Ramad\u00e1n","og_description":"Eid-al-Fitr es una fiesta nacional musulmana que celebra el Fin del Ramad\u00e1n. El Eid-al-Fitr marca tambi\u00e9n el primer d\u00eda del mes isl\u00e1mico de Shawwal. En 2015","og_url":"https:\/\/www.lasociedadgeografica.com\/blog\/sgi\/eid-al-fitr-fin-de-ramadan\/","og_site_name":"Blog de viajes a India","article_published_time":"2015-03-02T08:00:40+00:00","og_image":[{"url":"\/\/www.lasociedadgeografica.com\/blog\/uploads\/2015\/02\/7.-Julio-Eid-Ul-Firt-c-Farrukh-228x300.jpg","type":"","width":"","height":""}],"author":"SGI","twitter_misc":{"Escrito por":"SGI"},"schema":{"@context":"https:\/\/schema.org","@graph":[{"@type":"Article","@id":"https:\/\/www.lasociedadgeografica.com\/blog\/sgi\/eid-al-fitr-fin-de-ramadan\/#article","isPartOf":{"@id":"https:\/\/www.lasociedadgeografica.com\/blog\/sgi\/eid-al-fitr-fin-de-ramadan\/"},"author":{"name":"SGI","@id":"https:\/\/www.lasociedadgeografica.com\/blog\/#\/schema\/person\/4eb706084ebada5acb6f674d895232d2"},"headline":"Eid-al-Fitr, fin de Ramad\u00e1n","datePublished":"2015-03-02T08:00:40+00:00","mainEntityOfPage":{"@id":"https:\/\/www.lasociedadgeografica.com\/blog\/sgi\/eid-al-fitr-fin-de-ramadan\/"},"wordCount":99,"commentCount":0,"keywords":["Bayram","calendario 2015 en India","calendario de fiestas India 2015","Eid al-Fitr","eid mubarak","Feast of Breaking the Fast","fiestas musulmanas en India","fiestas nacionales en India","Sweet Festival","the Sugar Feast"],"articleSection":["SGI"],"inLanguage":"es","potentialAction":[{"@type":"CommentAction","name":"Comment","target":["https:\/\/www.lasociedadgeografica.com\/blog\/sgi\/eid-al-fitr-fin-de-ramadan\/#respond"]}]},{"@type":"WebPage","@id":"https:\/\/www.lasociedadgeografica.com\/blog\/sgi\/eid-al-fitr-fin-de-ramadan\/","url":"https:\/\/www.lasociedadgeografica.com\/blog\/sgi\/eid-al-fitr-fin-de-ramadan\/","name":"Eid-al-Fitr, fin de Ramad\u00e1n","isPartOf":{"@id":"https:\/\/www.lasociedadgeografica.com\/blog\/#website"},"datePublished":"2015-03-02T08:00:40+00:00","author":{"@id":"https:\/\/www.lasociedadgeografica.com\/blog\/#\/schema\/person\/4eb706084ebada5acb6f674d895232d2"},"description":"Eid-al-Fitr es una fiesta nacional musulmana que celebra el Fin del Ramad\u00e1n. El Eid-al-Fitr marca tambi\u00e9n el primer d\u00eda del mes isl\u00e1mico de Shawwal. En 2015","breadcrumb":{"@id":"https:\/\/www.lasociedadgeografica.com\/blog\/sgi\/eid-al-fitr-fin-de-ramadan\/#breadcrumb"},"inLanguage":"es","potentialAction":[{"@type":"ReadAction","target":["https:\/\/www.lasociedadgeografica.com\/blog\/sgi\/eid-al-fitr-fin-de-ramadan\/"]}]},{"@type":"BreadcrumbList","@id":"https:\/\/www.lasociedadgeografica.com\/blog\/sgi\/eid-al-fitr-fin-de-ramadan\/#breadcrumb","itemListElement":[{"@type":"ListItem","position":1,"name":"Portada","item":"https:\/\/www.lasociedadgeografica.com\/blog\/"},{"@type":"ListItem","position":2,"name":"Eid-al-Fitr, fin de Ramad\u00e1n"}]},{"@type":"WebSite","@id":"https:\/\/www.lasociedadgeografica.com\/blog\/#website","url":"https:\/\/www.lasociedadgeografica.com\/blog\/","name":"Blog de viajes a India","description":"Un lugar para Conocer India, con may\u00fasculas. El Blog de Sociedad Geogr\u00e1fica de las Indias.","potentialAction":[{"@type":"SearchAction","target":{"@type":"EntryPoint","urlTemplate":"https:\/\/www.lasociedadgeografica.com\/blog\/?s={search_term_string}"},"query-input":{"@type":"PropertyValueSpecification","valueRequired":true,"valueName":"search_term_string"}}],"inLanguage":"es"},{"@type":"Person","@id":"https:\/\/www.lasociedadgeografica.com\/blog\/#\/schema\/person\/4eb706084ebada5acb6f674d895232d2","name":"SGI","image":{"@type":"ImageObject","inLanguage":"es","@id":"https:\/\/secure.gravatar.com\/avatar\/3b6518b4778a72cb0cada5ad3bf7536bf8fd05c7dc636ba9c80f95598fc13469?s=96&r=g","url":"https:\/\/secure.gravatar.com\/avatar\/3b6518b4778a72cb0cada5ad3bf7536bf8fd05c7dc636ba9c80f95598fc13469?s=96&r=g","contentUrl":"https:\/\/secure.gravatar.com\/avatar\/3b6518b4778a72cb0cada5ad3bf7536bf8fd05c7dc636ba9c80f95598fc13469?s=96&r=g","caption":"SGI"},"description":"Sociedad Geogr\u00e1fica de las Indias, agencia especializada en viajes exclusivos y a medida a India. https:\/\/www.lasociedadgeografica.com","sameAs":["https:\/\/www.lasociedadgeografica.com"],"url":"https:\/\/www.lasociedadgeografica.com\/blog\/author\/admin\/"}]}},"_links":{"self":[{"href":"https:\/\/www.lasociedadgeografica.com\/blog\/wp-json\/wp\/v2\/posts\/8954","targetHints":{"allow":["GET"]}}],"collection":[{"href":"https:\/\/www.lasociedadgeografica.com\/blog\/wp-json\/wp\/v2\/posts"}],"about":[{"href":"https:\/\/www.lasociedadgeografica.com\/blog\/wp-json\/wp\/v2\/types\/post"}],"author":[{"embeddable":true,"href":"https:\/\/www.lasociedadgeografica.com\/blog\/wp-json\/wp\/v2\/users\/1"}],"replies":[{"embeddable":true,"href":"https:\/\/www.lasociedadgeografica.com\/blog\/wp-json\/wp\/v2\/comments?post=8954"}],"version-history":[{"count":4,"href":"https:\/\/www.lasociedadgeografica.com\/blog\/wp-json\/wp\/v2\/posts\/8954\/revisions"}],"predecessor-version":[{"id":8959,"href":"https:\/\/www.lasociedadgeografica.com\/blog\/wp-json\/wp\/v2\/posts\/8954\/revisions\/8959"}],"wp:attachment":[{"href":"https:\/\/www.lasociedadgeografica.com\/blog\/wp-json\/wp\/v2\/media?parent=8954"}],"wp:term":[{"taxonomy":"category","embeddable":true,"href":"https:\/\/www.lasociedadgeografica.com\/blog\/wp-json\/wp\/v2\/categories?post=8954"},{"taxonomy":"post_tag","embeddable":true,"href":"https:\/\/www.lasociedadgeografica.com\/blog\/wp-json\/wp\/v2\/tags?post=8954"}],"curies":[{"name":"wp","href":"https:\/\/api.w.org\/{rel}","templated":true}]}}