{"id":9283,"date":"2015-04-17T09:00:25","date_gmt":"2015-04-17T07:00:25","guid":{"rendered":"https:\/\/www.lasociedadgeografica.com\/blog\/?p=9283"},"modified":"2015-04-17T09:51:27","modified_gmt":"2015-04-17T07:51:27","slug":"sociedad-geografica-de-las-indias-en-latinoamerica","status":"publish","type":"post","link":"https:\/\/www.lasociedadgeografica.com\/blog\/sgi\/sociedad-geografica-de-las-indias-en-latinoamerica\/","title":{"rendered":"Sociedad Geogr\u00e1fica de las Indias en Latinoam\u00e9rica"},"content":{"rendered":"\n\n<div class=\"kk-star-ratings kksr-auto kksr-align-left kksr-valign-top\"\n    data-payload='{&quot;align&quot;:&quot;left&quot;,&quot;id&quot;:&quot;9283&quot;,&quot;slug&quot;:&quot;default&quot;,&quot;valign&quot;:&quot;top&quot;,&quot;ignore&quot;:&quot;&quot;,&quot;reference&quot;:&quot;auto&quot;,&quot;class&quot;:&quot;&quot;,&quot;count&quot;:&quot;1&quot;,&quot;legendonly&quot;:&quot;&quot;,&quot;readonly&quot;:&quot;&quot;,&quot;score&quot;:&quot;5&quot;,&quot;starsonly&quot;:&quot;&quot;,&quot;best&quot;:&quot;5&quot;,&quot;gap&quot;:&quot;6&quot;,&quot;greet&quot;:&quot;&quot;,&quot;legend&quot;:&quot;5\\\/5 - (1 voto)&quot;,&quot;size&quot;:&quot;22&quot;,&quot;title&quot;:&quot;Sociedad Geogr\u00e1fica de las Indias en Latinoam\u00e9rica&quot;,&quot;width&quot;:&quot;137&quot;,&quot;_legend&quot;:&quot;{score}\\\/{best} - ({count} {votes})&quot;,&quot;font_factor&quot;:&quot;1.25&quot;}'>\n            \n<div class=\"kksr-stars\">\n    \n<div class=\"kksr-stars-inactive\">\n            <div class=\"kksr-star\" data-star=\"1\" style=\"padding-right: 6px\">\n            \n\n<div class=\"kksr-icon\" style=\"width: 22px; height: 22px;\"><\/div>\n        <\/div>\n            <div class=\"kksr-star\" data-star=\"2\" style=\"padding-right: 6px\">\n            \n\n<div class=\"kksr-icon\" style=\"width: 22px; height: 22px;\"><\/div>\n        <\/div>\n            <div class=\"kksr-star\" data-star=\"3\" style=\"padding-right: 6px\">\n            \n\n<div class=\"kksr-icon\" style=\"width: 22px; height: 22px;\"><\/div>\n        <\/div>\n            <div class=\"kksr-star\" data-star=\"4\" style=\"padding-right: 6px\">\n            \n\n<div class=\"kksr-icon\" style=\"width: 22px; height: 22px;\"><\/div>\n        <\/div>\n            <div class=\"kksr-star\" data-star=\"5\" style=\"padding-right: 6px\">\n            \n\n<div class=\"kksr-icon\" style=\"width: 22px; height: 22px;\"><\/div>\n        <\/div>\n    <\/div>\n    \n<div class=\"kksr-stars-active\" style=\"width: 137px;\">\n            <div class=\"kksr-star\" style=\"padding-right: 6px\">\n            \n\n<div class=\"kksr-icon\" style=\"width: 22px; height: 22px;\"><\/div>\n        <\/div>\n            <div class=\"kksr-star\" style=\"padding-right: 6px\">\n            \n\n<div class=\"kksr-icon\" style=\"width: 22px; height: 22px;\"><\/div>\n        <\/div>\n            <div class=\"kksr-star\" style=\"padding-right: 6px\">\n            \n\n<div class=\"kksr-icon\" style=\"width: 22px; height: 22px;\"><\/div>\n        <\/div>\n            <div class=\"kksr-star\" style=\"padding-right: 6px\">\n            \n\n<div class=\"kksr-icon\" style=\"width: 22px; height: 22px;\"><\/div>\n        <\/div>\n            <div class=\"kksr-star\" style=\"padding-right: 6px\">\n            \n\n<div class=\"kksr-icon\" style=\"width: 22px; height: 22px;\"><\/div>\n        <\/div>\n    <\/div>\n<\/div>\n                \n\n<div class=\"kksr-legend\" style=\"font-size: 17.6px;\">\n            5\/5 - (1 voto)    <\/div>\n    <\/div>\n<h4 id=\"TEXTO_NOTICIA\" class=\"TEXTO_PARRAFO \" style=\"text-align: justify;\"><a href=\"http:\/\/empresaexterior.com\" target=\"_blank\">empresaexterior.com<\/a>\u00a0-el peri\u00f3dico econ\u00f3mico digital del comercio exterior en Espa\u00f1a- ha entrevistado al director de Sociedad Geogr\u00e1fica de las Indias, Pablo Pascual B\u00e9cares. En la entrevista se presenta\u00a0una forma completamente diferente de conocer la India y se habla de c\u00f3mo este tipo de viajes atrae especialmente al mundo castellanoparlante. <strong>Sociedad Geogr\u00e1fica de las Indias en Latinoam\u00e9rica<\/strong>, creciendo.<\/h4>\n<p><a href=\"\/\/www.lasociedadgeografica.com\/blog\/uploads\/2015\/04\/Logo-MAXIMA-CALIDAD.png-e1429089301446.png\" target=\"_blank\"><img loading=\"lazy\" decoding=\"async\" class=\"Sociedad Geogr\u00e1fica de las Indias en Latinoam\u00e9rica wp-image-9287 size-medium alignright\" title=\"Sociedad Geogr\u00e1fica de las Indias en Latinoam\u00e9rica\" src=\"\/\/www.lasociedadgeografica.com\/blog\/uploads\/2015\/04\/Logo-MAXIMA-CALIDAD.png-e1429089358573-300x233.png\" alt=\"Sociedad Geogr\u00e1fica de las Indias en Latinoam\u00e9rica\" width=\"300\" height=\"233\" srcset=\"https:\/\/www.lasociedadgeografica.com\/blog\/uploads\/2015\/04\/Logo-MAXIMA-CALIDAD.png-e1429089358573-300x233.png 300w, https:\/\/www.lasociedadgeografica.com\/blog\/uploads\/2015\/04\/Logo-MAXIMA-CALIDAD.png-e1429089358573-728x566.png 728w, https:\/\/www.lasociedadgeografica.com\/blog\/uploads\/2015\/04\/Logo-MAXIMA-CALIDAD.png-e1429089358573-363x282.png 363w, https:\/\/www.lasociedadgeografica.com\/blog\/uploads\/2015\/04\/Logo-MAXIMA-CALIDAD.png-e1429089358573-462x359.png 462w, https:\/\/www.lasociedadgeografica.com\/blog\/uploads\/2015\/04\/Logo-MAXIMA-CALIDAD.png-e1429089358573.png 1000w\" sizes=\"auto, (max-width: 300px) 100vw, 300px\" \/><\/a><\/p>\n<div id=\"TEXTO_NOTICIA\" class=\"TEXTO_PARRAFO \">\n<p style=\"text-align: justify;\">Con oficinas en\u00a0<strong>Espa\u00f1a<\/strong> (<strong>Madrid),\u00a0India (Agra) y Bucaramanga (Colombia)<\/strong>, la\u00a0<strong>agencia de viajes<\/strong>\u00a0especializada en India sigue creciendo y contemplando las fronteras como una oportunidad para prestar servicio a otros clientes de habla castellana. El directivo destacaba que para ellos la\u00a0<strong>internacionalizaci\u00f3n<\/strong>\u00a0fue una base <strong>imprescindible<\/strong>\u00a0 desde el inicio ya que observaron c\u00f3mo sus servicios eran tan demandados por clientela castellanoparlante de todo el mundo.<\/p>\n<p><iframe loading=\"lazy\" src=\"https:\/\/www.youtube.com\/embed\/8KbV_BNYZIc\" width=\"560\" height=\"315\" frameborder=\"0\" allowfullscreen=\"allowfullscreen\"><\/iframe><\/p>\n<\/div>\n","protected":false},"excerpt":{"rendered":"<p>empresaexterior.com\u00a0-el peri\u00f3dico econ\u00f3mico digital del comercio exterior en Espa\u00f1a- ha entrevistado al director de Sociedad Geogr\u00e1fica de las Indias, Pablo Pascual B\u00e9cares. En la entrevista se presenta\u00a0una forma completamente diferente de conocer la India y &hellip;<\/p>\n","protected":false},"author":1,"featured_media":0,"comment_status":"open","ping_status":"open","sticky":false,"template":"","format":"standard","meta":{"footnotes":""},"categories":[14],"tags":[3908,3907,3905,3909,1187,3906],"class_list":["post-9283","post","type-post","status-publish","format-standard","hentry","category-sgi","tag-agencia-de-viajes-a-india-en-bogota","tag-agencia-de-viajes-en-colombia","tag-empresa-exterior","tag-pablo-pascual-becares","tag-sociedad-geografica-de-las-indias","tag-sociedad-geografica-de-las-indias-en-latinoamerica"],"yoast_head":"<!-- This site is optimized with the Yoast SEO plugin v27.4 - https:\/\/yoast.com\/product\/yoast-seo-wordpress\/ -->\n<title>Sociedad Geogr\u00e1fica de las Indias en Latinoam\u00e9rica<\/title>\n<meta name=\"description\" content=\"Sociedad Geogr\u00e1fica de las Indias en Latinoam\u00e9rica, creciendo... Es el tema principal de la entrevista al director de la compa\u00f1\u00eda, por Empresa Exterior.\" \/>\n<meta name=\"robots\" content=\"index, follow, max-snippet:-1, max-image-preview:large, max-video-preview:-1\" \/>\n<link rel=\"canonical\" href=\"https:\/\/www.lasociedadgeografica.com\/blog\/sgi\/sociedad-geografica-de-las-indias-en-latinoamerica\/\" \/>\n<meta property=\"og:locale\" content=\"es_ES\" \/>\n<meta property=\"og:type\" content=\"article\" \/>\n<meta property=\"og:title\" content=\"Sociedad Geogr\u00e1fica de las Indias en Latinoam\u00e9rica\" \/>\n<meta property=\"og:description\" content=\"Sociedad Geogr\u00e1fica de las Indias en Latinoam\u00e9rica, creciendo... Es el tema principal de la entrevista al director de la compa\u00f1\u00eda, por Empresa Exterior.\" \/>\n<meta property=\"og:url\" content=\"https:\/\/www.lasociedadgeografica.com\/blog\/sgi\/sociedad-geografica-de-las-indias-en-latinoamerica\/\" \/>\n<meta property=\"og:site_name\" content=\"Blog de viajes a India\" \/>\n<meta property=\"article:published_time\" content=\"2015-04-17T07:00:25+00:00\" \/>\n<meta property=\"article:modified_time\" content=\"2015-04-17T07:51:27+00:00\" \/>\n<meta property=\"og:image\" content=\"\/\/www.lasociedadgeografica.com\/blog\/uploads\/2015\/04\/Logo-MAXIMA-CALIDAD.png-e1429089358573-300x233.png\" \/>\n<meta name=\"author\" content=\"SGI\" \/>\n<meta name=\"twitter:label1\" content=\"Escrito por\" \/>\n\t<meta name=\"twitter:data1\" content=\"SGI\" \/>\n\t<meta name=\"twitter:label2\" content=\"Tiempo de lectura\" \/>\n\t<meta name=\"twitter:data2\" content=\"1 minuto\" \/>\n<script type=\"application\/ld+json\" class=\"yoast-schema-graph\">{\"@context\":\"https:\\\/\\\/schema.org\",\"@graph\":[{\"@type\":\"Article\",\"@id\":\"https:\\\/\\\/www.lasociedadgeografica.com\\\/blog\\\/sgi\\\/sociedad-geografica-de-las-indias-en-latinoamerica\\\/#article\",\"isPartOf\":{\"@id\":\"https:\\\/\\\/www.lasociedadgeografica.com\\\/blog\\\/sgi\\\/sociedad-geografica-de-las-indias-en-latinoamerica\\\/\"},\"author\":{\"name\":\"SGI\",\"@id\":\"https:\\\/\\\/www.lasociedadgeografica.com\\\/blog\\\/#\\\/schema\\\/person\\\/4eb706084ebada5acb6f674d895232d2\"},\"headline\":\"Sociedad Geogr\u00e1fica de las Indias en Latinoam\u00e9rica\",\"datePublished\":\"2015-04-17T07:00:25+00:00\",\"dateModified\":\"2015-04-17T07:51:27+00:00\",\"mainEntityOfPage\":{\"@id\":\"https:\\\/\\\/www.lasociedadgeografica.com\\\/blog\\\/sgi\\\/sociedad-geografica-de-las-indias-en-latinoamerica\\\/\"},\"wordCount\":145,\"commentCount\":0,\"keywords\":[\"agencia de viajes a India en Bogot\u00e1\",\"agencia de viajes en Colombia\",\"Empresa Exterior\",\"Pablo Pascual B\u00e9cares\",\"Sociedad Geogr\u00e1fica de las Indias\",\"Sociedad Geogr\u00e1fica de las Indias en Latinoam\u00e9rica\"],\"articleSection\":[\"SGI\"],\"inLanguage\":\"es\",\"potentialAction\":[{\"@type\":\"CommentAction\",\"name\":\"Comment\",\"target\":[\"https:\\\/\\\/www.lasociedadgeografica.com\\\/blog\\\/sgi\\\/sociedad-geografica-de-las-indias-en-latinoamerica\\\/#respond\"]}]},{\"@type\":\"WebPage\",\"@id\":\"https:\\\/\\\/www.lasociedadgeografica.com\\\/blog\\\/sgi\\\/sociedad-geografica-de-las-indias-en-latinoamerica\\\/\",\"url\":\"https:\\\/\\\/www.lasociedadgeografica.com\\\/blog\\\/sgi\\\/sociedad-geografica-de-las-indias-en-latinoamerica\\\/\",\"name\":\"Sociedad Geogr\u00e1fica de las Indias en Latinoam\u00e9rica\",\"isPartOf\":{\"@id\":\"https:\\\/\\\/www.lasociedadgeografica.com\\\/blog\\\/#website\"},\"datePublished\":\"2015-04-17T07:00:25+00:00\",\"dateModified\":\"2015-04-17T07:51:27+00:00\",\"author\":{\"@id\":\"https:\\\/\\\/www.lasociedadgeografica.com\\\/blog\\\/#\\\/schema\\\/person\\\/4eb706084ebada5acb6f674d895232d2\"},\"description\":\"Sociedad Geogr\u00e1fica de las Indias en Latinoam\u00e9rica, creciendo... Es el tema principal de la entrevista al director de la compa\u00f1\u00eda, por Empresa Exterior.\",\"breadcrumb\":{\"@id\":\"https:\\\/\\\/www.lasociedadgeografica.com\\\/blog\\\/sgi\\\/sociedad-geografica-de-las-indias-en-latinoamerica\\\/#breadcrumb\"},\"inLanguage\":\"es\",\"potentialAction\":[{\"@type\":\"ReadAction\",\"target\":[\"https:\\\/\\\/www.lasociedadgeografica.com\\\/blog\\\/sgi\\\/sociedad-geografica-de-las-indias-en-latinoamerica\\\/\"]}]},{\"@type\":\"BreadcrumbList\",\"@id\":\"https:\\\/\\\/www.lasociedadgeografica.com\\\/blog\\\/sgi\\\/sociedad-geografica-de-las-indias-en-latinoamerica\\\/#breadcrumb\",\"itemListElement\":[{\"@type\":\"ListItem\",\"position\":1,\"name\":\"Portada\",\"item\":\"https:\\\/\\\/www.lasociedadgeografica.com\\\/blog\\\/\"},{\"@type\":\"ListItem\",\"position\":2,\"name\":\"Sociedad Geogr\u00e1fica de las Indias en Latinoam\u00e9rica\"}]},{\"@type\":\"WebSite\",\"@id\":\"https:\\\/\\\/www.lasociedadgeografica.com\\\/blog\\\/#website\",\"url\":\"https:\\\/\\\/www.lasociedadgeografica.com\\\/blog\\\/\",\"name\":\"Blog de viajes a India\",\"description\":\"Un lugar para Conocer India, con may\u00fasculas. El Blog de Sociedad Geogr\u00e1fica de las Indias.\",\"potentialAction\":[{\"@type\":\"SearchAction\",\"target\":{\"@type\":\"EntryPoint\",\"urlTemplate\":\"https:\\\/\\\/www.lasociedadgeografica.com\\\/blog\\\/?s={search_term_string}\"},\"query-input\":{\"@type\":\"PropertyValueSpecification\",\"valueRequired\":true,\"valueName\":\"search_term_string\"}}],\"inLanguage\":\"es\"},{\"@type\":\"Person\",\"@id\":\"https:\\\/\\\/www.lasociedadgeografica.com\\\/blog\\\/#\\\/schema\\\/person\\\/4eb706084ebada5acb6f674d895232d2\",\"name\":\"SGI\",\"image\":{\"@type\":\"ImageObject\",\"inLanguage\":\"es\",\"@id\":\"https:\\\/\\\/secure.gravatar.com\\\/avatar\\\/3b6518b4778a72cb0cada5ad3bf7536bf8fd05c7dc636ba9c80f95598fc13469?s=96&r=g\",\"url\":\"https:\\\/\\\/secure.gravatar.com\\\/avatar\\\/3b6518b4778a72cb0cada5ad3bf7536bf8fd05c7dc636ba9c80f95598fc13469?s=96&r=g\",\"contentUrl\":\"https:\\\/\\\/secure.gravatar.com\\\/avatar\\\/3b6518b4778a72cb0cada5ad3bf7536bf8fd05c7dc636ba9c80f95598fc13469?s=96&r=g\",\"caption\":\"SGI\"},\"description\":\"Sociedad Geogr\u00e1fica de las Indias, agencia especializada en viajes exclusivos y a medida a India. https:\\\/\\\/www.lasociedadgeografica.com\",\"sameAs\":[\"https:\\\/\\\/www.lasociedadgeografica.com\"],\"url\":\"https:\\\/\\\/www.lasociedadgeografica.com\\\/blog\\\/author\\\/admin\\\/\"}]}<\/script>\n<!-- \/ Yoast SEO plugin. -->","yoast_head_json":{"title":"Sociedad Geogr\u00e1fica de las Indias en Latinoam\u00e9rica","description":"Sociedad Geogr\u00e1fica de las Indias en Latinoam\u00e9rica, creciendo... Es el tema principal de la entrevista al director de la compa\u00f1\u00eda, por Empresa Exterior.","robots":{"index":"index","follow":"follow","max-snippet":"max-snippet:-1","max-image-preview":"max-image-preview:large","max-video-preview":"max-video-preview:-1"},"canonical":"https:\/\/www.lasociedadgeografica.com\/blog\/sgi\/sociedad-geografica-de-las-indias-en-latinoamerica\/","og_locale":"es_ES","og_type":"article","og_title":"Sociedad Geogr\u00e1fica de las Indias en Latinoam\u00e9rica","og_description":"Sociedad Geogr\u00e1fica de las Indias en Latinoam\u00e9rica, creciendo... Es el tema principal de la entrevista al director de la compa\u00f1\u00eda, por Empresa Exterior.","og_url":"https:\/\/www.lasociedadgeografica.com\/blog\/sgi\/sociedad-geografica-de-las-indias-en-latinoamerica\/","og_site_name":"Blog de viajes a India","article_published_time":"2015-04-17T07:00:25+00:00","article_modified_time":"2015-04-17T07:51:27+00:00","og_image":[{"url":"\/\/www.lasociedadgeografica.com\/blog\/uploads\/2015\/04\/Logo-MAXIMA-CALIDAD.png-e1429089358573-300x233.png","type":"","width":"","height":""}],"author":"SGI","twitter_misc":{"Escrito por":"SGI","Tiempo de lectura":"1 minuto"},"schema":{"@context":"https:\/\/schema.org","@graph":[{"@type":"Article","@id":"https:\/\/www.lasociedadgeografica.com\/blog\/sgi\/sociedad-geografica-de-las-indias-en-latinoamerica\/#article","isPartOf":{"@id":"https:\/\/www.lasociedadgeografica.com\/blog\/sgi\/sociedad-geografica-de-las-indias-en-latinoamerica\/"},"author":{"name":"SGI","@id":"https:\/\/www.lasociedadgeografica.com\/blog\/#\/schema\/person\/4eb706084ebada5acb6f674d895232d2"},"headline":"Sociedad Geogr\u00e1fica de las Indias en Latinoam\u00e9rica","datePublished":"2015-04-17T07:00:25+00:00","dateModified":"2015-04-17T07:51:27+00:00","mainEntityOfPage":{"@id":"https:\/\/www.lasociedadgeografica.com\/blog\/sgi\/sociedad-geografica-de-las-indias-en-latinoamerica\/"},"wordCount":145,"commentCount":0,"keywords":["agencia de viajes a India en Bogot\u00e1","agencia de viajes en Colombia","Empresa Exterior","Pablo Pascual B\u00e9cares","Sociedad Geogr\u00e1fica de las Indias","Sociedad Geogr\u00e1fica de las Indias en Latinoam\u00e9rica"],"articleSection":["SGI"],"inLanguage":"es","potentialAction":[{"@type":"CommentAction","name":"Comment","target":["https:\/\/www.lasociedadgeografica.com\/blog\/sgi\/sociedad-geografica-de-las-indias-en-latinoamerica\/#respond"]}]},{"@type":"WebPage","@id":"https:\/\/www.lasociedadgeografica.com\/blog\/sgi\/sociedad-geografica-de-las-indias-en-latinoamerica\/","url":"https:\/\/www.lasociedadgeografica.com\/blog\/sgi\/sociedad-geografica-de-las-indias-en-latinoamerica\/","name":"Sociedad Geogr\u00e1fica de las Indias en Latinoam\u00e9rica","isPartOf":{"@id":"https:\/\/www.lasociedadgeografica.com\/blog\/#website"},"datePublished":"2015-04-17T07:00:25+00:00","dateModified":"2015-04-17T07:51:27+00:00","author":{"@id":"https:\/\/www.lasociedadgeografica.com\/blog\/#\/schema\/person\/4eb706084ebada5acb6f674d895232d2"},"description":"Sociedad Geogr\u00e1fica de las Indias en Latinoam\u00e9rica, creciendo... Es el tema principal de la entrevista al director de la compa\u00f1\u00eda, por Empresa Exterior.","breadcrumb":{"@id":"https:\/\/www.lasociedadgeografica.com\/blog\/sgi\/sociedad-geografica-de-las-indias-en-latinoamerica\/#breadcrumb"},"inLanguage":"es","potentialAction":[{"@type":"ReadAction","target":["https:\/\/www.lasociedadgeografica.com\/blog\/sgi\/sociedad-geografica-de-las-indias-en-latinoamerica\/"]}]},{"@type":"BreadcrumbList","@id":"https:\/\/www.lasociedadgeografica.com\/blog\/sgi\/sociedad-geografica-de-las-indias-en-latinoamerica\/#breadcrumb","itemListElement":[{"@type":"ListItem","position":1,"name":"Portada","item":"https:\/\/www.lasociedadgeografica.com\/blog\/"},{"@type":"ListItem","position":2,"name":"Sociedad Geogr\u00e1fica de las Indias en Latinoam\u00e9rica"}]},{"@type":"WebSite","@id":"https:\/\/www.lasociedadgeografica.com\/blog\/#website","url":"https:\/\/www.lasociedadgeografica.com\/blog\/","name":"Blog de viajes a India","description":"Un lugar para Conocer India, con may\u00fasculas. El Blog de Sociedad Geogr\u00e1fica de las Indias.","potentialAction":[{"@type":"SearchAction","target":{"@type":"EntryPoint","urlTemplate":"https:\/\/www.lasociedadgeografica.com\/blog\/?s={search_term_string}"},"query-input":{"@type":"PropertyValueSpecification","valueRequired":true,"valueName":"search_term_string"}}],"inLanguage":"es"},{"@type":"Person","@id":"https:\/\/www.lasociedadgeografica.com\/blog\/#\/schema\/person\/4eb706084ebada5acb6f674d895232d2","name":"SGI","image":{"@type":"ImageObject","inLanguage":"es","@id":"https:\/\/secure.gravatar.com\/avatar\/3b6518b4778a72cb0cada5ad3bf7536bf8fd05c7dc636ba9c80f95598fc13469?s=96&r=g","url":"https:\/\/secure.gravatar.com\/avatar\/3b6518b4778a72cb0cada5ad3bf7536bf8fd05c7dc636ba9c80f95598fc13469?s=96&r=g","contentUrl":"https:\/\/secure.gravatar.com\/avatar\/3b6518b4778a72cb0cada5ad3bf7536bf8fd05c7dc636ba9c80f95598fc13469?s=96&r=g","caption":"SGI"},"description":"Sociedad Geogr\u00e1fica de las Indias, agencia especializada en viajes exclusivos y a medida a India. https:\/\/www.lasociedadgeografica.com","sameAs":["https:\/\/www.lasociedadgeografica.com"],"url":"https:\/\/www.lasociedadgeografica.com\/blog\/author\/admin\/"}]}},"_links":{"self":[{"href":"https:\/\/www.lasociedadgeografica.com\/blog\/wp-json\/wp\/v2\/posts\/9283","targetHints":{"allow":["GET"]}}],"collection":[{"href":"https:\/\/www.lasociedadgeografica.com\/blog\/wp-json\/wp\/v2\/posts"}],"about":[{"href":"https:\/\/www.lasociedadgeografica.com\/blog\/wp-json\/wp\/v2\/types\/post"}],"author":[{"embeddable":true,"href":"https:\/\/www.lasociedadgeografica.com\/blog\/wp-json\/wp\/v2\/users\/1"}],"replies":[{"embeddable":true,"href":"https:\/\/www.lasociedadgeografica.com\/blog\/wp-json\/wp\/v2\/comments?post=9283"}],"version-history":[{"count":8,"href":"https:\/\/www.lasociedadgeografica.com\/blog\/wp-json\/wp\/v2\/posts\/9283\/revisions"}],"predecessor-version":[{"id":9293,"href":"https:\/\/www.lasociedadgeografica.com\/blog\/wp-json\/wp\/v2\/posts\/9283\/revisions\/9293"}],"wp:attachment":[{"href":"https:\/\/www.lasociedadgeografica.com\/blog\/wp-json\/wp\/v2\/media?parent=9283"}],"wp:term":[{"taxonomy":"category","embeddable":true,"href":"https:\/\/www.lasociedadgeografica.com\/blog\/wp-json\/wp\/v2\/categories?post=9283"},{"taxonomy":"post_tag","embeddable":true,"href":"https:\/\/www.lasociedadgeografica.com\/blog\/wp-json\/wp\/v2\/tags?post=9283"}],"curies":[{"name":"wp","href":"https:\/\/api.w.org\/{rel}","templated":true}]}}